{"id":58747,"date":"2024-02-17T16:42:38","date_gmt":"2024-02-17T16:42:38","guid":{"rendered":"https:\/\/www.africa-press.net\/niger\/politique\/reunion-sur-levaluation-de-la-politique-operationnelle-7-30-de-la-banque-mondiale-linstitution-reaffirme-sa-volonte-de-travailler-avec-le-niger-sous-le-leadership-du-gouvernement"},"modified":"2024-02-17T17:59:09","modified_gmt":"2024-02-17T17:59:09","slug":"reunion-sur-levaluation-de-la-politique-operationnelle-7-30-de-la-banque-mondiale-linstitution-reaffirme-sa-volonte-de-travailler-avec-le-niger-sous-le-leadership-du-gouvernement","status":"publish","type":"post","link":"https:\/\/www.africa-press.net\/niger\/economie\/reunion-sur-levaluation-de-la-politique-operationnelle-7-30-de-la-banque-mondiale-linstitution-reaffirme-sa-volonte-de-travailler-avec-le-niger-sous-le-leadership-du-gouvernement","title":{"rendered":"R\u00e9union sur l\u2019\u00e9valuation de la politique op\u00e9rationnelle 7.30 de la Banque Mondiale : L\u2019Institution r\u00e9affirme sa volont\u00e9 de travailler avec le Niger sous le leadership du gouvernement"},"content":{"rendered":"<p><span style=\"color: #ff6600\"><strong>Africa-Press &#8211; Niger. <\/strong><\/span>Le Premier Ministre, Ministre de l\u2019E\u0301conomie et des Finances, M. Ali Mahaman Lamine Zeine a pre\u0301side\u0301, dans l\u2019apre\u0300s-midi du jeudi 15 fe\u0301vrier a\u0300 son cabinet, une re\u0301union d\u2019e\u0301valuation de la politique ope\u0301rationnelle 7.30 de la Banque Mondiale. La ce\u0301re\u0301monie s\u2019est de\u0301roule\u0301e en pre\u0301sence de Mme Clara Desousa, Directrice des ope\u0301rations de la Banque Mondiale pour le Mali, le Niger, le Tchad et le Burkina Faso, des membres du gouvernement ainsi que des cadres de la Banque Mondiale.<\/p>\n<p>A\u0300 cette occasion, la directrice des ope\u0301rations de la Banque Mondiale pour le Mali, le Niger, le Tchad et le Burkina Faso a indique\u0301 que depuis les e\u0301ve\u0301nements du 26 juillet, la Banque Mondiale a conduit une e\u0301valuation de la politique ope\u0301rationnelle 7.30. \u00ab Cette de\u0301le\u0301gation est venue avec la ferme volonte\u0301 et la de\u0301termination de pouvoir re\u0301soudre tous les obstacles qui restent pour une reprise totale du de\u0301veloppement d\u2019aide de la Banque Mondiale au Niger \u00bb, a-t-elle explique\u0301.<\/p>\n<p>Mme Clara Desousa a ajoute\u0301 que les ope\u0301rations de la politique ope\u0301rationnelle 7. 30 sont un processus formel de ve\u0301rification sur le terrain dans lequel certains crite\u0300res cle\u0301s sont re\u0301unis, aussi bien pour la reprise des de\u0301caissements en cours, que pour l\u2019engagement des nouveaux financements. \u00ab Cette ve\u0301rification, surtout de nature juridique, vise essentiellement a\u0300 nous assurer que nous avons les informations ne\u0301cessaires pour bien mai\u0302triser les projets en vigueur et pre\u0301parer de nouveaux projets \u00bb, a-t-elle pre\u0301cise\u0301.<\/p>\n<p>Par ailleurs, la Directrice des ope\u0301rations de la Banque Mondiale a explique\u0301 que dans le cadre de cette mission d\u2019e\u0301valuation, le Premier ministre a demande\u0301 de mettre un accent particulier sur la restructuration du portefeuille et l\u2019alignement aux nouvelles priorite\u0301s. A\u0300 cet effet, \u00ab nos e\u0301quipes et le gouvernement nige\u0301rien vont travailler ensemble pour examiner le portefeuille et le recalibrer en acce\u0301le\u0301rant la mise en \u0153uvre des projets ; nous aurons tre\u0300s rapidement beaucoup d\u2019impacts sur les populations \u00bb, a-t-elle de\u0301clare\u0301. Mme Clara Desousa a enfin re\u0301affirme\u0301 la volonte\u0301 de la Banque Mondiale a\u0300 travailler sous le leadership du gouvernement. \u00ab La Banque Mondiale est un partenaire pour vous accompagner dans la re\u0301alisation de vos priorite\u0301s \u00bb, a-t-elle conclu.<\/p>\n<p>De son co\u0302te\u0301, le Premier Ministre, Ministre de l\u2019E\u0301conomie et des Finances, M. Ali Mahaman Lamine Zeine a insiste\u0301 sur la restructuration du portefeuille pour instruire de nouveaux projets avec a\u0300 la cle\u0301 un appui budge\u0301taire que le pays voudrait avoir pour soutenir le nouveau programme qui est actuellement en gestation et ou\u0300 en phase de finition.<\/p>\n<p>\u00ab Une occasion de ce genre est importante pour qu\u2019entre partenaires, nous puissions nous dire un certain nombre de ve\u0301rite\u0301s \u00bb, a-t-il dit.<\/p>\n<p>Pour M. Ali Mahaman Lamine Zeine la banque mondiale est le premier partenaire de notre pays. \u00ab Mais nous avons de\u0301plore\u0301 que la Banque Mondiale ait pris trop de temps pour effectuer cette e\u0301valuation qui est importante pour une reprise de coope\u0301ration \u00bb, a-t-il souligne\u0301. Le Premier ministre a aussi de\u0301plore\u0301 la pre\u0301cipitation avec laquelle la Banque mondiale s\u2019est aligne\u0301e sur la batterie de sanctions primitives de\u0301cide\u0301e par la CEDEAO. \u00ab Je ne crois pas avoir rencontre\u0301 dans les textes de la Banque des mesures de ce type qui viennent soutenir les fermetures des frontie\u0300res, allant jusqu\u2019a\u0300 des sanctions sur les produits de premie\u0300re ne\u0301cessite\u0301. Cela a e\u0301te\u0301 un choc pour nous parce que nous savons ce que la banque est capable de faire il y a une quinzaine d\u2019anne\u0301es dans ce pays avec sensiblement la me\u0302me situation \u00bb, a-t-il releve\u0301.<\/p>\n<p>Le Premier ministre a reconnu les efforts de la Banque Mondiale au Niger. \u00ab En 1999, le Niger a connu une situation extre\u0302mement difficile, ce sont des arrie\u0301re\u0301s ante\u0301rieurs et exte\u0301rieurs extre\u0302mement importants dus a\u0300 une rupture de relation avec tous les partenaires. Et malgre\u0301 cela, en 2000, la Banque Mondiale est la seule institution qui a cru en notre pays en l\u2019absence des programmes avec le FMI et avec tous les autres partenaires, pour nous appuyer a\u0300 travers un de ces objectifs qui est celui d\u2019aider les pays en de\u0301tresse a\u0300 sortir de la pauvrete\u0301 \u00bb, a-t-il indique\u0301.<\/p>\n<p>&nbsp;<\/p>\n<p><strong>Pour plus d&rsquo;informations et d&rsquo;analyses sur la <a href=\"https:\/\/www.africa-press.net\/niger\">Niger<\/a>, suivez <a href=\"https:\/\/www.africa-press.net\/\">Africa-Press<\/a><\/strong><\/p>\n","protected":false},"excerpt":{"rendered":"<p>Africa-Press &#8211; Niger. Le Premier Ministre, Ministre de l\u2019E\u0301conomie et des Finances, M. Ali Mahaman Lamine Zeine a pre\u0301side\u0301, dans l\u2019apre\u0300s-midi du jeudi 15 fe\u0301vrier a\u0300 son cabinet, une re\u0301union d\u2019e\u0301valuation de la politique ope\u0301rationnelle 7.30 de la Banque Mondiale. La ce\u0301re\u0301monie s\u2019est de\u0301roule\u0301e en pre\u0301sence de Mme Clara Desousa, Directrice des ope\u0301rations de la [&hellip;]<\/p>\n","protected":false},"author":82,"featured_media":58746,"comment_status":"open","ping_status":"closed","sticky":false,"template":"","format":"standard","meta":{"footnotes":""},"categories":[3,10],"tags":[55,60,29],"class_list":["post-58747","post","type-post","status-publish","format-standard","has-post-thumbnail","hentry","category-economie","category-toutes-les-actualites","tag-africa-press","tag-africa-press-niger","tag-niger"],"yoast_head":"<!-- This site is optimized with the Yoast SEO Premium plugin v26.1 (Yoast SEO v27.0) - https:\/\/yoast.com\/product\/yoast-seo-premium-wordpress\/ -->\n<title>R\u00e9union sur l\u2019\u00e9valuation de la politique op\u00e9rationnelle 7.30 de la Banque Mondiale : L\u2019Institution r\u00e9affirme sa volont\u00e9 de travailler avec le Niger sous le leadership du gouvernement - niger<\/title>\n<meta name=\"description\" content=\"Le Premier Ministre, Ministre de l\u2019E\u0301conomie et des Finances, M. Ali Mahaman Lamine Zeine a pre\u0301side\u0301, dans l\u2019apre\u0300s-mid ...\" \/>\n<meta name=\"robots\" content=\"index, follow, max-snippet:-1, max-image-preview:large, max-video-preview:-1\" \/>\n<link rel=\"canonical\" href=\"https:\/\/www.africa-press.net\/niger\/economie\/reunion-sur-levaluation-de-la-politique-operationnelle-7-30-de-la-banque-mondiale-linstitution-reaffirme-sa-volonte-de-travailler-avec-le-niger-sous-le-leadership-du-gouvernement\" \/>\n<meta property=\"og:locale\" content=\"fr_FR\" \/>\n<meta property=\"og:type\" content=\"article\" \/>\n<meta property=\"og:title\" content=\"R\u00e9union sur l\u2019\u00e9valuation de la politique op\u00e9rationnelle 7.30 de la Banque Mondiale : L\u2019Institution r\u00e9affirme sa volont\u00e9 de travailler avec le Niger sous le leadership du gouvernement\" \/>\n<meta property=\"og:description\" content=\"Le Premier Ministre, Ministre de l\u2019E\u0301conomie et des Finances, M. Ali Mahaman Lamine Zeine a pre\u0301side\u0301, dans l\u2019apre\u0300s-mid ...\" \/>\n<meta property=\"og:url\" content=\"https:\/\/www.africa-press.net\/niger\/economie\/reunion-sur-levaluation-de-la-politique-operationnelle-7-30-de-la-banque-mondiale-linstitution-reaffirme-sa-volonte-de-travailler-avec-le-niger-sous-le-leadership-du-gouvernement\" \/>\n<meta property=\"og:site_name\" content=\"niger\" \/>\n<meta property=\"article:published_time\" content=\"2024-02-17T16:42:38+00:00\" \/>\n<meta property=\"article:modified_time\" content=\"2024-02-17T17:59:09+00:00\" \/>\n<meta property=\"og:image\" content=\"https:\/\/static.africa-press.net\/niger\/sites\/40\/2024\/02\/sm_1708179155.714206.jpg\" \/>\n\t<meta property=\"og:image:width\" content=\"720\" \/>\n\t<meta property=\"og:image:height\" content=\"480\" \/>\n\t<meta property=\"og:image:type\" content=\"image\/jpeg\" \/>\n<meta name=\"author\" content=\"cfeditorfr\" \/>\n<meta name=\"twitter:card\" content=\"summary_large_image\" \/>\n<meta name=\"twitter:label1\" content=\"\u00c9crit par\" \/>\n\t<meta name=\"twitter:data1\" content=\"cfeditorfr\" \/>\n\t<meta name=\"twitter:label2\" content=\"Dur\u00e9e de lecture estim\u00e9e\" \/>\n\t<meta name=\"twitter:data2\" content=\"4 minutes\" \/>\n<script type=\"application\/ld+json\" class=\"yoast-schema-graph\">{\"@context\":\"https:\/\/schema.org\",\"@graph\":[{\"@type\":\"Article\",\"@id\":\"https:\/\/www.africa-press.net\/niger\/economie\/reunion-sur-levaluation-de-la-politique-operationnelle-7-30-de-la-banque-mondiale-linstitution-reaffirme-sa-volonte-de-travailler-avec-le-niger-sous-le-leadership-du-gouvernement#article\",\"isPartOf\":{\"@id\":\"https:\/\/www.africa-press.net\/niger\/economie\/reunion-sur-levaluation-de-la-politique-operationnelle-7-30-de-la-banque-mondiale-linstitution-reaffirme-sa-volonte-de-travailler-avec-le-niger-sous-le-leadership-du-gouvernement\"},\"author\":{\"name\":\"cfeditorfr\",\"@id\":\"https:\/\/www.africa-press.net\/niger\/#\/schema\/person\/2b1cf3cd81a31e3cd26889ca66d677f1\"},\"headline\":\"R\u00e9union sur l\u2019\u00e9valuation de la politique op\u00e9rationnelle 7.30 de la Banque Mondiale : L\u2019Institution r\u00e9affirme sa volont\u00e9 de travailler avec le Niger sous le leadership du gouvernement\",\"datePublished\":\"2024-02-17T16:42:38+00:00\",\"dateModified\":\"2024-02-17T17:59:09+00:00\",\"mainEntityOfPage\":{\"@id\":\"https:\/\/www.africa-press.net\/niger\/economie\/reunion-sur-levaluation-de-la-politique-operationnelle-7-30-de-la-banque-mondiale-linstitution-reaffirme-sa-volonte-de-travailler-avec-le-niger-sous-le-leadership-du-gouvernement\"},\"wordCount\":783,\"commentCount\":0,\"image\":{\"@id\":\"https:\/\/www.africa-press.net\/niger\/economie\/reunion-sur-levaluation-de-la-politique-operationnelle-7-30-de-la-banque-mondiale-linstitution-reaffirme-sa-volonte-de-travailler-avec-le-niger-sous-le-leadership-du-gouvernement#primaryimage\"},\"thumbnailUrl\":\"https:\/\/static.africa-press.net\/niger\/sites\/40\/2024\/02\/sm_1708179155.714206.jpg\",\"keywords\":[\"Africa Press\",\"Africa Press-Niger\",\"Niger\"],\"articleSection\":[\"\u00c9conomie\",\"Toutes les actualit\u00e9s\"],\"inLanguage\":\"fr-FR\",\"potentialAction\":[{\"@type\":\"CommentAction\",\"name\":\"Comment\",\"target\":[\"https:\/\/www.africa-press.net\/niger\/economie\/reunion-sur-levaluation-de-la-politique-operationnelle-7-30-de-la-banque-mondiale-linstitution-reaffirme-sa-volonte-de-travailler-avec-le-niger-sous-le-leadership-du-gouvernement#respond\"]}]},{\"@type\":\"WebPage\",\"@id\":\"https:\/\/www.africa-press.net\/niger\/economie\/reunion-sur-levaluation-de-la-politique-operationnelle-7-30-de-la-banque-mondiale-linstitution-reaffirme-sa-volonte-de-travailler-avec-le-niger-sous-le-leadership-du-gouvernement\",\"url\":\"https:\/\/www.africa-press.net\/niger\/economie\/reunion-sur-levaluation-de-la-politique-operationnelle-7-30-de-la-banque-mondiale-linstitution-reaffirme-sa-volonte-de-travailler-avec-le-niger-sous-le-leadership-du-gouvernement\",\"name\":\"R\u00e9union sur l\u2019\u00e9valuation de la politique op\u00e9rationnelle 7.30 de la Banque Mondiale : L\u2019Institution r\u00e9affirme sa volont\u00e9 de travailler avec le Niger sous le leadership du gouvernement - niger\",\"isPartOf\":{\"@id\":\"https:\/\/www.africa-press.net\/niger\/#website\"},\"primaryImageOfPage\":{\"@id\":\"https:\/\/www.africa-press.net\/niger\/economie\/reunion-sur-levaluation-de-la-politique-operationnelle-7-30-de-la-banque-mondiale-linstitution-reaffirme-sa-volonte-de-travailler-avec-le-niger-sous-le-leadership-du-gouvernement#primaryimage\"},\"image\":{\"@id\":\"https:\/\/www.africa-press.net\/niger\/economie\/reunion-sur-levaluation-de-la-politique-operationnelle-7-30-de-la-banque-mondiale-linstitution-reaffirme-sa-volonte-de-travailler-avec-le-niger-sous-le-leadership-du-gouvernement#primaryimage\"},\"thumbnailUrl\":\"https:\/\/static.africa-press.net\/niger\/sites\/40\/2024\/02\/sm_1708179155.714206.jpg\",\"datePublished\":\"2024-02-17T16:42:38+00:00\",\"dateModified\":\"2024-02-17T17:59:09+00:00\",\"author\":{\"@id\":\"https:\/\/www.africa-press.net\/niger\/#\/schema\/person\/2b1cf3cd81a31e3cd26889ca66d677f1\"},\"description\":\"Le Premier Ministre, Ministre de l\u2019E\u0301conomie et des Finances, M. Ali Mahaman Lamine Zeine a pre\u0301side\u0301, dans l\u2019apre\u0300s-mid ...\",\"breadcrumb\":{\"@id\":\"https:\/\/www.africa-press.net\/niger\/economie\/reunion-sur-levaluation-de-la-politique-operationnelle-7-30-de-la-banque-mondiale-linstitution-reaffirme-sa-volonte-de-travailler-avec-le-niger-sous-le-leadership-du-gouvernement#breadcrumb\"},\"inLanguage\":\"fr-FR\",\"potentialAction\":[{\"@type\":\"ReadAction\",\"target\":[\"https:\/\/www.africa-press.net\/niger\/economie\/reunion-sur-levaluation-de-la-politique-operationnelle-7-30-de-la-banque-mondiale-linstitution-reaffirme-sa-volonte-de-travailler-avec-le-niger-sous-le-leadership-du-gouvernement\"]}]},{\"@type\":\"ImageObject\",\"inLanguage\":\"fr-FR\",\"@id\":\"https:\/\/www.africa-press.net\/niger\/economie\/reunion-sur-levaluation-de-la-politique-operationnelle-7-30-de-la-banque-mondiale-linstitution-reaffirme-sa-volonte-de-travailler-avec-le-niger-sous-le-leadership-du-gouvernement#primaryimage\",\"url\":\"https:\/\/static.africa-press.net\/niger\/sites\/40\/2024\/02\/sm_1708179155.714206.jpg\",\"contentUrl\":\"https:\/\/static.africa-press.net\/niger\/sites\/40\/2024\/02\/sm_1708179155.714206.jpg\",\"width\":720,\"height\":480,\"caption\":\"R\u00e9union sur l\u2019\u00e9valuation de la politique op\u00e9rationnelle 7.30 de la Banque Mondiale : L\u2019Institution r\u00e9affirme sa volont\u00e9 de travailler avec le Niger sous le leadership du gouvernement\"},{\"@type\":\"BreadcrumbList\",\"@id\":\"https:\/\/www.africa-press.net\/niger\/economie\/reunion-sur-levaluation-de-la-politique-operationnelle-7-30-de-la-banque-mondiale-linstitution-reaffirme-sa-volonte-de-travailler-avec-le-niger-sous-le-leadership-du-gouvernement#breadcrumb\",\"itemListElement\":[{\"@type\":\"ListItem\",\"position\":1,\"name\":\"Accueil\",\"item\":\"https:\/\/www.africa-press.net\/niger\/\"},{\"@type\":\"ListItem\",\"position\":2,\"name\":\"R\u00e9union sur l\u2019\u00e9valuation de la politique op\u00e9rationnelle 7.30 de la Banque Mondiale : L\u2019Institution r\u00e9affirme sa volont\u00e9 de travailler avec le Niger sous le leadership du gouvernement\"}]},{\"@type\":\"WebSite\",\"@id\":\"https:\/\/www.africa-press.net\/niger\/#website\",\"url\":\"https:\/\/www.africa-press.net\/niger\/\",\"name\":\"niger\",\"description\":\"Just another Africa News Agency Sites site\",\"potentialAction\":[{\"@type\":\"SearchAction\",\"target\":{\"@type\":\"EntryPoint\",\"urlTemplate\":\"https:\/\/www.africa-press.net\/niger\/?s={search_term_string}\"},\"query-input\":{\"@type\":\"PropertyValueSpecification\",\"valueRequired\":true,\"valueName\":\"search_term_string\"}}],\"inLanguage\":\"fr-FR\"},{\"@type\":\"Person\",\"@id\":\"https:\/\/www.africa-press.net\/niger\/#\/schema\/person\/2b1cf3cd81a31e3cd26889ca66d677f1\",\"name\":\"cfeditorfr\"}]}<\/script>\n<!-- \/ Yoast SEO Premium plugin. -->","yoast_head_json":{"title":"R\u00e9union sur l\u2019\u00e9valuation de la politique op\u00e9rationnelle 7.30 de la Banque Mondiale : L\u2019Institution r\u00e9affirme sa volont\u00e9 de travailler avec le Niger sous le leadership du gouvernement - niger","description":"Le Premier Ministre, Ministre de l\u2019E\u0301conomie et des Finances, M. Ali Mahaman Lamine Zeine a pre\u0301side\u0301, dans l\u2019apre\u0300s-mid ...","robots":{"index":"index","follow":"follow","max-snippet":"max-snippet:-1","max-image-preview":"max-image-preview:large","max-video-preview":"max-video-preview:-1"},"canonical":"https:\/\/www.africa-press.net\/niger\/economie\/reunion-sur-levaluation-de-la-politique-operationnelle-7-30-de-la-banque-mondiale-linstitution-reaffirme-sa-volonte-de-travailler-avec-le-niger-sous-le-leadership-du-gouvernement","og_locale":"fr_FR","og_type":"article","og_title":"R\u00e9union sur l\u2019\u00e9valuation de la politique op\u00e9rationnelle 7.30 de la Banque Mondiale : L\u2019Institution r\u00e9affirme sa volont\u00e9 de travailler avec le Niger sous le leadership du gouvernement","og_description":"Le Premier Ministre, Ministre de l\u2019E\u0301conomie et des Finances, M. Ali Mahaman Lamine Zeine a pre\u0301side\u0301, dans l\u2019apre\u0300s-mid ...","og_url":"https:\/\/www.africa-press.net\/niger\/economie\/reunion-sur-levaluation-de-la-politique-operationnelle-7-30-de-la-banque-mondiale-linstitution-reaffirme-sa-volonte-de-travailler-avec-le-niger-sous-le-leadership-du-gouvernement","og_site_name":"niger","article_published_time":"2024-02-17T16:42:38+00:00","article_modified_time":"2024-02-17T17:59:09+00:00","og_image":[{"width":720,"height":480,"url":"https:\/\/static.africa-press.net\/niger\/sites\/40\/2024\/02\/sm_1708179155.714206.jpg","type":"image\/jpeg"}],"author":"cfeditorfr","twitter_card":"summary_large_image","twitter_misc":{"\u00c9crit par":"cfeditorfr","Dur\u00e9e de lecture estim\u00e9e":"4 minutes"},"schema":{"@context":"https:\/\/schema.org","@graph":[{"@type":"Article","@id":"https:\/\/www.africa-press.net\/niger\/economie\/reunion-sur-levaluation-de-la-politique-operationnelle-7-30-de-la-banque-mondiale-linstitution-reaffirme-sa-volonte-de-travailler-avec-le-niger-sous-le-leadership-du-gouvernement#article","isPartOf":{"@id":"https:\/\/www.africa-press.net\/niger\/economie\/reunion-sur-levaluation-de-la-politique-operationnelle-7-30-de-la-banque-mondiale-linstitution-reaffirme-sa-volonte-de-travailler-avec-le-niger-sous-le-leadership-du-gouvernement"},"author":{"name":"cfeditorfr","@id":"https:\/\/www.africa-press.net\/niger\/#\/schema\/person\/2b1cf3cd81a31e3cd26889ca66d677f1"},"headline":"R\u00e9union sur l\u2019\u00e9valuation de la politique op\u00e9rationnelle 7.30 de la Banque Mondiale : L\u2019Institution r\u00e9affirme sa volont\u00e9 de travailler avec le Niger sous le leadership du gouvernement","datePublished":"2024-02-17T16:42:38+00:00","dateModified":"2024-02-17T17:59:09+00:00","mainEntityOfPage":{"@id":"https:\/\/www.africa-press.net\/niger\/economie\/reunion-sur-levaluation-de-la-politique-operationnelle-7-30-de-la-banque-mondiale-linstitution-reaffirme-sa-volonte-de-travailler-avec-le-niger-sous-le-leadership-du-gouvernement"},"wordCount":783,"commentCount":0,"image":{"@id":"https:\/\/www.africa-press.net\/niger\/economie\/reunion-sur-levaluation-de-la-politique-operationnelle-7-30-de-la-banque-mondiale-linstitution-reaffirme-sa-volonte-de-travailler-avec-le-niger-sous-le-leadership-du-gouvernement#primaryimage"},"thumbnailUrl":"https:\/\/static.africa-press.net\/niger\/sites\/40\/2024\/02\/sm_1708179155.714206.jpg","keywords":["Africa Press","Africa Press-Niger","Niger"],"articleSection":["\u00c9conomie","Toutes les actualit\u00e9s"],"inLanguage":"fr-FR","potentialAction":[{"@type":"CommentAction","name":"Comment","target":["https:\/\/www.africa-press.net\/niger\/economie\/reunion-sur-levaluation-de-la-politique-operationnelle-7-30-de-la-banque-mondiale-linstitution-reaffirme-sa-volonte-de-travailler-avec-le-niger-sous-le-leadership-du-gouvernement#respond"]}]},{"@type":"WebPage","@id":"https:\/\/www.africa-press.net\/niger\/economie\/reunion-sur-levaluation-de-la-politique-operationnelle-7-30-de-la-banque-mondiale-linstitution-reaffirme-sa-volonte-de-travailler-avec-le-niger-sous-le-leadership-du-gouvernement","url":"https:\/\/www.africa-press.net\/niger\/economie\/reunion-sur-levaluation-de-la-politique-operationnelle-7-30-de-la-banque-mondiale-linstitution-reaffirme-sa-volonte-de-travailler-avec-le-niger-sous-le-leadership-du-gouvernement","name":"R\u00e9union sur l\u2019\u00e9valuation de la politique op\u00e9rationnelle 7.30 de la Banque Mondiale : L\u2019Institution r\u00e9affirme sa volont\u00e9 de travailler avec le Niger sous le leadership du gouvernement - niger","isPartOf":{"@id":"https:\/\/www.africa-press.net\/niger\/#website"},"primaryImageOfPage":{"@id":"https:\/\/www.africa-press.net\/niger\/economie\/reunion-sur-levaluation-de-la-politique-operationnelle-7-30-de-la-banque-mondiale-linstitution-reaffirme-sa-volonte-de-travailler-avec-le-niger-sous-le-leadership-du-gouvernement#primaryimage"},"image":{"@id":"https:\/\/www.africa-press.net\/niger\/economie\/reunion-sur-levaluation-de-la-politique-operationnelle-7-30-de-la-banque-mondiale-linstitution-reaffirme-sa-volonte-de-travailler-avec-le-niger-sous-le-leadership-du-gouvernement#primaryimage"},"thumbnailUrl":"https:\/\/static.africa-press.net\/niger\/sites\/40\/2024\/02\/sm_1708179155.714206.jpg","datePublished":"2024-02-17T16:42:38+00:00","dateModified":"2024-02-17T17:59:09+00:00","author":{"@id":"https:\/\/www.africa-press.net\/niger\/#\/schema\/person\/2b1cf3cd81a31e3cd26889ca66d677f1"},"description":"Le Premier Ministre, Ministre de l\u2019E\u0301conomie et des Finances, M. Ali Mahaman Lamine Zeine a pre\u0301side\u0301, dans l\u2019apre\u0300s-mid ...","breadcrumb":{"@id":"https:\/\/www.africa-press.net\/niger\/economie\/reunion-sur-levaluation-de-la-politique-operationnelle-7-30-de-la-banque-mondiale-linstitution-reaffirme-sa-volonte-de-travailler-avec-le-niger-sous-le-leadership-du-gouvernement#breadcrumb"},"inLanguage":"fr-FR","potentialAction":[{"@type":"ReadAction","target":["https:\/\/www.africa-press.net\/niger\/economie\/reunion-sur-levaluation-de-la-politique-operationnelle-7-30-de-la-banque-mondiale-linstitution-reaffirme-sa-volonte-de-travailler-avec-le-niger-sous-le-leadership-du-gouvernement"]}]},{"@type":"ImageObject","inLanguage":"fr-FR","@id":"https:\/\/www.africa-press.net\/niger\/economie\/reunion-sur-levaluation-de-la-politique-operationnelle-7-30-de-la-banque-mondiale-linstitution-reaffirme-sa-volonte-de-travailler-avec-le-niger-sous-le-leadership-du-gouvernement#primaryimage","url":"https:\/\/static.africa-press.net\/niger\/sites\/40\/2024\/02\/sm_1708179155.714206.jpg","contentUrl":"https:\/\/static.africa-press.net\/niger\/sites\/40\/2024\/02\/sm_1708179155.714206.jpg","width":720,"height":480,"caption":"R\u00e9union sur l\u2019\u00e9valuation de la politique op\u00e9rationnelle 7.30 de la Banque Mondiale : L\u2019Institution r\u00e9affirme sa volont\u00e9 de travailler avec le Niger sous le leadership du gouvernement"},{"@type":"BreadcrumbList","@id":"https:\/\/www.africa-press.net\/niger\/economie\/reunion-sur-levaluation-de-la-politique-operationnelle-7-30-de-la-banque-mondiale-linstitution-reaffirme-sa-volonte-de-travailler-avec-le-niger-sous-le-leadership-du-gouvernement#breadcrumb","itemListElement":[{"@type":"ListItem","position":1,"name":"Accueil","item":"https:\/\/www.africa-press.net\/niger\/"},{"@type":"ListItem","position":2,"name":"R\u00e9union sur l\u2019\u00e9valuation de la politique op\u00e9rationnelle 7.30 de la Banque Mondiale : L\u2019Institution r\u00e9affirme sa volont\u00e9 de travailler avec le Niger sous le leadership du gouvernement"}]},{"@type":"WebSite","@id":"https:\/\/www.africa-press.net\/niger\/#website","url":"https:\/\/www.africa-press.net\/niger\/","name":"niger","description":"Just another Africa News Agency Sites site","potentialAction":[{"@type":"SearchAction","target":{"@type":"EntryPoint","urlTemplate":"https:\/\/www.africa-press.net\/niger\/?s={search_term_string}"},"query-input":{"@type":"PropertyValueSpecification","valueRequired":true,"valueName":"search_term_string"}}],"inLanguage":"fr-FR"},{"@type":"Person","@id":"https:\/\/www.africa-press.net\/niger\/#\/schema\/person\/2b1cf3cd81a31e3cd26889ca66d677f1","name":"cfeditorfr"}]}},"_links":{"self":[{"href":"https:\/\/www.africa-press.net\/niger\/wp-json\/wp\/v2\/posts\/58747","targetHints":{"allow":["GET"]}}],"collection":[{"href":"https:\/\/www.africa-press.net\/niger\/wp-json\/wp\/v2\/posts"}],"about":[{"href":"https:\/\/www.africa-press.net\/niger\/wp-json\/wp\/v2\/types\/post"}],"author":[{"embeddable":true,"href":"https:\/\/www.africa-press.net\/niger\/wp-json\/wp\/v2\/users\/82"}],"replies":[{"embeddable":true,"href":"https:\/\/www.africa-press.net\/niger\/wp-json\/wp\/v2\/comments?post=58747"}],"version-history":[{"count":0,"href":"https:\/\/www.africa-press.net\/niger\/wp-json\/wp\/v2\/posts\/58747\/revisions"}],"wp:featuredmedia":[{"embeddable":true,"href":"https:\/\/www.africa-press.net\/niger\/wp-json\/wp\/v2\/media\/58746"}],"wp:attachment":[{"href":"https:\/\/www.africa-press.net\/niger\/wp-json\/wp\/v2\/media?parent=58747"}],"wp:term":[{"taxonomy":"category","embeddable":true,"href":"https:\/\/www.africa-press.net\/niger\/wp-json\/wp\/v2\/categories?post=58747"},{"taxonomy":"post_tag","embeddable":true,"href":"https:\/\/www.africa-press.net\/niger\/wp-json\/wp\/v2\/tags?post=58747"}],"curies":[{"name":"wp","href":"https:\/\/api.w.org\/{rel}","templated":true}]}}