{"id":58825,"date":"2024-02-18T18:29:56","date_gmt":"2024-02-18T18:29:56","guid":{"rendered":"https:\/\/www.africa-press.net\/niger\/politique\/la-cedeao-sapprete-a-lever-les-sanctions-a-lencontre-du-niger"},"modified":"2024-02-18T18:39:05","modified_gmt":"2024-02-18T18:39:05","slug":"la-cedeao-sapprete-a-lever-les-sanctions-a-lencontre-du-niger","status":"publish","type":"post","link":"https:\/\/www.africa-press.net\/niger\/politique\/la-cedeao-sapprete-a-lever-les-sanctions-a-lencontre-du-niger","title":{"rendered":"La Cedeao s\u2019appr\u00eate \u00e0 lever les sanctions \u00e0 l\u2019encontre du Niger"},"content":{"rendered":"<p><b>Manon Laplace &#8211; Envoy\u00e9e sp\u00e9ciale \u00e0 Addis-Abeba<\/b><\/p>\n<p><span style=\"color: #ff6600\"><strong>Africa-Press &#8211; Niger. <\/strong><\/span><b>Selon les informations de Jeune Afrique, l\u2019organisation sous-re\u0301gionale le\u0300vera \u00ab prochainement \u00bb les sanctions e\u0301conomiques de\u0301cide\u0301es apre\u0300s le putsch mene\u0301 le 26 juillet 2023 par le ge\u0301ne\u0301ral Abdourahamane Tiani contre le pre\u0301sident e\u0301lu Mohamed Bazoum.<\/b><\/p>\n<p>S\u2019avance-t-on vers une sortie de crise entre les pays de l\u2019Alliance des E\u0301tats du Sahel (AES) et la Communaute\u0301 e\u0301conomique des E\u0301tats de l\u2019Afrique de l\u2019Ouest (Cedeao) ?<\/p>\n<p>Depuis le putsch de juillet 2023 au Niger, les ne\u0301gociations entre les transitions militaires sahe\u0301liennes et les me\u0301diateurs de l\u2019organisation sous-re\u0301gionale semblaient au point mort.<\/p>\n<p>A\u0300 la fin de janvier dernier, la tension est me\u0302me monte\u0301e d\u2019un cran entre les juntes de l\u2019AES, mene\u0301es par le Malien Assimi Goi\u0308ta, le Burkinabe\u0300 Ibrahim Traore\u0301 et le Nige\u0301rien Abdourahamane Tiani, et les re\u0301gimes civils ouest-africains, lorsque les premie\u0300res ont annonce\u0301 leur de\u0301part de la Cedeao.<\/p>\n<p><b>Des sanctions perc\u0327ues comme un e\u0301chec<\/b><\/p>\n<p>Cette de\u0301cision fracassante, \u00ab dangereuse \u00bb pour certains, \u00ab irre\u0301fle\u0301chie \u00bb pour d\u2019autres, aura en tout cas bouscule\u0301 les positions de la Cedeao. Pour sortir de l\u2019impasse, les chefs d\u2019E\u0301tat de l\u2019organisation sous-re\u0301gionale ont en effet de\u0301cide\u0301 de faire le premier pas a\u0300 l\u2019e\u0301gard de l\u2019AES. Selon plusieurs ministres ouest-africains sollicite\u0301s par Jeune Afrique, la Cedeao s\u2019appre\u0302te a\u0300 lever les lourdes sanctions e\u0301conomiques impose\u0301es au Niger, au lendemain du coup d\u2019E\u0301tat mene\u0301 par le ge\u0301ne\u0301ral Abdourahamane Tiani. Il s\u2019agit du seul pays de l\u2019AES qui subissait encore de telles mesures.<\/p>\n<p>L\u2019annonce devrait e\u0302tre faite avant le Ramadan, lequel doit commencer le 10 mars. \u00ab Il reste encore deux ou trois pays re\u0301calcitrants et qu\u2019il faut rassurer, mais il ne devrait pas y avoir de blocages \u00bb, fait savoir un ministre de la sous-re\u0301gion, qui espe\u0300re que ce geste sera perc\u0327u comme \u00ab une main tendue \u00bb et pourra empe\u0302cher \u00ab le de\u0301part de l\u2019AES de la Cedeao \u00bb. Selon nos informations, les E\u0301tats encore frileux craignent que cette de\u0301cision n\u2019apparaisse comme une manie\u0300re de \u00ab ce\u0301der au chantage. \u00bb<\/p>\n<p>\u00ab Les sanctions n\u2019ont pas e\u0301te\u0301 impose\u0301es dans le but de durer. Elles devaient permettre d\u2019enrayer rapidement la vague de coups d\u2019E\u0301tat, et au Niger, de re\u0301tablir le pre\u0301sident Mohamed Bazoum dans ses fonctions. Or, cela n\u2019a pas fonctionne\u0301, et en tant que responsables politiques, il est donc de notre devoir de remettre en cause cette de\u0301cision \u00bb, affirme un autre ministre ouest-africain afin de justifier la leve\u0301e prochaine des sanctions.<\/p>\n<p><b>Un \u00ab gendarme de la de\u0301mocratie \u00bb tre\u0300s conteste\u0301<\/b><\/p>\n<p>A\u0300 la suite de l\u2019annonce du retrait des pays de l\u2019AES, les pre\u0301sidents de l\u2019organisation se sont penche\u0301s sur la question des sanctions a\u0300 l\u2019occasion de diffe\u0301rents entretiens bilate\u0301raux. Ils ont e\u0301galement charge\u0301 leurs ministres des Affaires e\u0301trange\u0300res d\u2019e\u0301tudier cette question, notamment lors de la session extraordinaire de la Cedeao, qui s\u2019est tenue le 8 fe\u0301vrier a\u0300 Abuja.<\/p>\n<p>Plonge\u0301e dans une crise politique sans pre\u0301ce\u0301dent, la Cedeao a e\u0301galement inscrit a\u0300 son agenda une re\u0301flexion autour de son avenir. Initialement pense\u0301e comme un organe d\u2019inte\u0301gration e\u0301conomique, elle a reve\u0302tu un aspect plus politique a\u0300 partir des anne\u0301es 1990. D\u2019abord salue\u0301e, son action en tant que \u00ab gendarme de la de\u0301mocratie \u00bb est plus que jamais conteste\u0301 dans la re\u0301gion. De quoi la remettre en cause totalement ? \u00ab Il faudra ouvrir le de\u0301bat \u00bb, conce\u0300de un ministre de la re\u0301gion.<\/p>\n<p><b>Source: JeuneAfrique<\/b><\/p>\n<p><strong>Pour plus d&rsquo;informations et d&rsquo;analyses sur la <a href=\"https:\/\/www.africa-press.net\/niger\">Niger<\/a>, suivez <a href=\"https:\/\/www.africa-press.net\/\">Africa-Press<\/a><\/strong><\/p>\n","protected":false},"excerpt":{"rendered":"<p>Manon Laplace &#8211; Envoy\u00e9e sp\u00e9ciale \u00e0 Addis-Abeba Africa-Press &#8211; Niger. Selon les informations de Jeune Afrique, l\u2019organisation sous-re\u0301gionale le\u0300vera \u00ab prochainement \u00bb les sanctions e\u0301conomiques de\u0301cide\u0301es apre\u0300s le putsch mene\u0301 le 26 juillet 2023 par le ge\u0301ne\u0301ral Abdourahamane Tiani contre le pre\u0301sident e\u0301lu Mohamed Bazoum. S\u2019avance-t-on vers une sortie de crise entre les pays de [&hellip;]<\/p>\n","protected":false},"author":82,"featured_media":58824,"comment_status":"open","ping_status":"closed","sticky":false,"template":"","format":"standard","meta":{"footnotes":""},"categories":[2,73,20,10],"tags":[55,60,29],"class_list":["post-58825","post","type-post","status-publish","format-standard","has-post-thumbnail","hentry","category-politique","category-to-homepage","category-top-nouvelles","category-toutes-les-actualites","tag-africa-press","tag-africa-press-niger","tag-niger"],"yoast_head":"<!-- This site is optimized with the Yoast SEO Premium plugin v26.1 (Yoast SEO v27.0) - https:\/\/yoast.com\/product\/yoast-seo-premium-wordpress\/ -->\n<title>La Cedeao s\u2019appr\u00eate \u00e0 lever les sanctions \u00e0 l\u2019encontre du Niger - niger<\/title>\n<meta name=\"description\" content=\"Selon les informations de Jeune Afrique, l\u2019organisation sous-re\u0301gionale le\u0300vera \u00ab prochainement \u00bb les sanctions e\u0301con ...\" \/>\n<meta name=\"robots\" content=\"index, follow, max-snippet:-1, max-image-preview:large, max-video-preview:-1\" \/>\n<link rel=\"canonical\" href=\"https:\/\/www.africa-press.net\/niger\/politique\/la-cedeao-sapprete-a-lever-les-sanctions-a-lencontre-du-niger\" \/>\n<meta property=\"og:locale\" content=\"fr_FR\" \/>\n<meta property=\"og:type\" content=\"article\" \/>\n<meta property=\"og:title\" content=\"La Cedeao s\u2019appr\u00eate \u00e0 lever les sanctions \u00e0 l\u2019encontre du Niger\" \/>\n<meta property=\"og:description\" content=\"Selon les informations de Jeune Afrique, l\u2019organisation sous-re\u0301gionale le\u0300vera \u00ab prochainement \u00bb les sanctions e\u0301con ...\" \/>\n<meta property=\"og:url\" content=\"https:\/\/www.africa-press.net\/niger\/politique\/la-cedeao-sapprete-a-lever-les-sanctions-a-lencontre-du-niger\" \/>\n<meta property=\"og:site_name\" content=\"niger\" \/>\n<meta property=\"article:published_time\" content=\"2024-02-18T18:29:56+00:00\" \/>\n<meta property=\"article:modified_time\" content=\"2024-02-18T18:39:05+00:00\" \/>\n<meta property=\"og:image\" content=\"https:\/\/static.africa-press.net\/niger\/sites\/40\/2024\/02\/sm_1708268874.331742.jpg\" \/>\n\t<meta property=\"og:image:width\" content=\"1280\" \/>\n\t<meta property=\"og:image:height\" content=\"720\" \/>\n\t<meta property=\"og:image:type\" content=\"image\/jpeg\" \/>\n<meta name=\"author\" content=\"cfeditorfr\" \/>\n<meta name=\"twitter:card\" content=\"summary_large_image\" \/>\n<meta name=\"twitter:label1\" content=\"\u00c9crit par\" \/>\n\t<meta name=\"twitter:data1\" content=\"cfeditorfr\" \/>\n\t<meta name=\"twitter:label2\" content=\"Dur\u00e9e de lecture estim\u00e9e\" \/>\n\t<meta name=\"twitter:data2\" content=\"3 minutes\" \/>\n<script type=\"application\/ld+json\" class=\"yoast-schema-graph\">{\"@context\":\"https:\/\/schema.org\",\"@graph\":[{\"@type\":\"Article\",\"@id\":\"https:\/\/www.africa-press.net\/niger\/politique\/la-cedeao-sapprete-a-lever-les-sanctions-a-lencontre-du-niger#article\",\"isPartOf\":{\"@id\":\"https:\/\/www.africa-press.net\/niger\/politique\/la-cedeao-sapprete-a-lever-les-sanctions-a-lencontre-du-niger\"},\"author\":{\"name\":\"cfeditorfr\",\"@id\":\"https:\/\/www.africa-press.net\/niger\/#\/schema\/person\/2b1cf3cd81a31e3cd26889ca66d677f1\"},\"headline\":\"La Cedeao s\u2019appr\u00eate \u00e0 lever les sanctions \u00e0 l\u2019encontre du Niger\",\"datePublished\":\"2024-02-18T18:29:56+00:00\",\"dateModified\":\"2024-02-18T18:39:05+00:00\",\"mainEntityOfPage\":{\"@id\":\"https:\/\/www.africa-press.net\/niger\/politique\/la-cedeao-sapprete-a-lever-les-sanctions-a-lencontre-du-niger\"},\"wordCount\":668,\"commentCount\":0,\"image\":{\"@id\":\"https:\/\/www.africa-press.net\/niger\/politique\/la-cedeao-sapprete-a-lever-les-sanctions-a-lencontre-du-niger#primaryimage\"},\"thumbnailUrl\":\"https:\/\/static.africa-press.net\/niger\/sites\/40\/2024\/02\/sm_1708268874.331742.jpg\",\"keywords\":[\"Africa Press\",\"Africa Press-Niger\",\"Niger\"],\"articleSection\":[\"Politique\",\"to-homepage\",\"Top Nouvelles\",\"Toutes les actualit\u00e9s\"],\"inLanguage\":\"fr-FR\",\"potentialAction\":[{\"@type\":\"CommentAction\",\"name\":\"Comment\",\"target\":[\"https:\/\/www.africa-press.net\/niger\/politique\/la-cedeao-sapprete-a-lever-les-sanctions-a-lencontre-du-niger#respond\"]}]},{\"@type\":\"WebPage\",\"@id\":\"https:\/\/www.africa-press.net\/niger\/politique\/la-cedeao-sapprete-a-lever-les-sanctions-a-lencontre-du-niger\",\"url\":\"https:\/\/www.africa-press.net\/niger\/politique\/la-cedeao-sapprete-a-lever-les-sanctions-a-lencontre-du-niger\",\"name\":\"La Cedeao s\u2019appr\u00eate \u00e0 lever les sanctions \u00e0 l\u2019encontre du Niger - niger\",\"isPartOf\":{\"@id\":\"https:\/\/www.africa-press.net\/niger\/#website\"},\"primaryImageOfPage\":{\"@id\":\"https:\/\/www.africa-press.net\/niger\/politique\/la-cedeao-sapprete-a-lever-les-sanctions-a-lencontre-du-niger#primaryimage\"},\"image\":{\"@id\":\"https:\/\/www.africa-press.net\/niger\/politique\/la-cedeao-sapprete-a-lever-les-sanctions-a-lencontre-du-niger#primaryimage\"},\"thumbnailUrl\":\"https:\/\/static.africa-press.net\/niger\/sites\/40\/2024\/02\/sm_1708268874.331742.jpg\",\"datePublished\":\"2024-02-18T18:29:56+00:00\",\"dateModified\":\"2024-02-18T18:39:05+00:00\",\"author\":{\"@id\":\"https:\/\/www.africa-press.net\/niger\/#\/schema\/person\/2b1cf3cd81a31e3cd26889ca66d677f1\"},\"description\":\"Selon les informations de Jeune Afrique, l\u2019organisation sous-re\u0301gionale le\u0300vera \u00ab prochainement \u00bb les sanctions e\u0301con ...\",\"breadcrumb\":{\"@id\":\"https:\/\/www.africa-press.net\/niger\/politique\/la-cedeao-sapprete-a-lever-les-sanctions-a-lencontre-du-niger#breadcrumb\"},\"inLanguage\":\"fr-FR\",\"potentialAction\":[{\"@type\":\"ReadAction\",\"target\":[\"https:\/\/www.africa-press.net\/niger\/politique\/la-cedeao-sapprete-a-lever-les-sanctions-a-lencontre-du-niger\"]}]},{\"@type\":\"ImageObject\",\"inLanguage\":\"fr-FR\",\"@id\":\"https:\/\/www.africa-press.net\/niger\/politique\/la-cedeao-sapprete-a-lever-les-sanctions-a-lencontre-du-niger#primaryimage\",\"url\":\"https:\/\/static.africa-press.net\/niger\/sites\/40\/2024\/02\/sm_1708268874.331742.jpg\",\"contentUrl\":\"https:\/\/static.africa-press.net\/niger\/sites\/40\/2024\/02\/sm_1708268874.331742.jpg\",\"width\":1280,\"height\":720,\"caption\":\"La Cedeao s\u2019appr\u00eate \u00e0 lever les sanctions \u00e0 l\u2019encontre du Niger\"},{\"@type\":\"BreadcrumbList\",\"@id\":\"https:\/\/www.africa-press.net\/niger\/politique\/la-cedeao-sapprete-a-lever-les-sanctions-a-lencontre-du-niger#breadcrumb\",\"itemListElement\":[{\"@type\":\"ListItem\",\"position\":1,\"name\":\"Accueil\",\"item\":\"https:\/\/www.africa-press.net\/niger\/\"},{\"@type\":\"ListItem\",\"position\":2,\"name\":\"La Cedeao s\u2019appr\u00eate \u00e0 lever les sanctions \u00e0 l\u2019encontre du Niger\"}]},{\"@type\":\"WebSite\",\"@id\":\"https:\/\/www.africa-press.net\/niger\/#website\",\"url\":\"https:\/\/www.africa-press.net\/niger\/\",\"name\":\"niger\",\"description\":\"Just another Africa News Agency Sites site\",\"potentialAction\":[{\"@type\":\"SearchAction\",\"target\":{\"@type\":\"EntryPoint\",\"urlTemplate\":\"https:\/\/www.africa-press.net\/niger\/?s={search_term_string}\"},\"query-input\":{\"@type\":\"PropertyValueSpecification\",\"valueRequired\":true,\"valueName\":\"search_term_string\"}}],\"inLanguage\":\"fr-FR\"},{\"@type\":\"Person\",\"@id\":\"https:\/\/www.africa-press.net\/niger\/#\/schema\/person\/2b1cf3cd81a31e3cd26889ca66d677f1\",\"name\":\"cfeditorfr\"}]}<\/script>\n<!-- \/ Yoast SEO Premium plugin. -->","yoast_head_json":{"title":"La Cedeao s\u2019appr\u00eate \u00e0 lever les sanctions \u00e0 l\u2019encontre du Niger - niger","description":"Selon les informations de Jeune Afrique, l\u2019organisation sous-re\u0301gionale le\u0300vera \u00ab prochainement \u00bb les sanctions e\u0301con ...","robots":{"index":"index","follow":"follow","max-snippet":"max-snippet:-1","max-image-preview":"max-image-preview:large","max-video-preview":"max-video-preview:-1"},"canonical":"https:\/\/www.africa-press.net\/niger\/politique\/la-cedeao-sapprete-a-lever-les-sanctions-a-lencontre-du-niger","og_locale":"fr_FR","og_type":"article","og_title":"La Cedeao s\u2019appr\u00eate \u00e0 lever les sanctions \u00e0 l\u2019encontre du Niger","og_description":"Selon les informations de Jeune Afrique, l\u2019organisation sous-re\u0301gionale le\u0300vera \u00ab prochainement \u00bb les sanctions e\u0301con ...","og_url":"https:\/\/www.africa-press.net\/niger\/politique\/la-cedeao-sapprete-a-lever-les-sanctions-a-lencontre-du-niger","og_site_name":"niger","article_published_time":"2024-02-18T18:29:56+00:00","article_modified_time":"2024-02-18T18:39:05+00:00","og_image":[{"width":1280,"height":720,"url":"https:\/\/static.africa-press.net\/niger\/sites\/40\/2024\/02\/sm_1708268874.331742.jpg","type":"image\/jpeg"}],"author":"cfeditorfr","twitter_card":"summary_large_image","twitter_misc":{"\u00c9crit par":"cfeditorfr","Dur\u00e9e de lecture estim\u00e9e":"3 minutes"},"schema":{"@context":"https:\/\/schema.org","@graph":[{"@type":"Article","@id":"https:\/\/www.africa-press.net\/niger\/politique\/la-cedeao-sapprete-a-lever-les-sanctions-a-lencontre-du-niger#article","isPartOf":{"@id":"https:\/\/www.africa-press.net\/niger\/politique\/la-cedeao-sapprete-a-lever-les-sanctions-a-lencontre-du-niger"},"author":{"name":"cfeditorfr","@id":"https:\/\/www.africa-press.net\/niger\/#\/schema\/person\/2b1cf3cd81a31e3cd26889ca66d677f1"},"headline":"La Cedeao s\u2019appr\u00eate \u00e0 lever les sanctions \u00e0 l\u2019encontre du Niger","datePublished":"2024-02-18T18:29:56+00:00","dateModified":"2024-02-18T18:39:05+00:00","mainEntityOfPage":{"@id":"https:\/\/www.africa-press.net\/niger\/politique\/la-cedeao-sapprete-a-lever-les-sanctions-a-lencontre-du-niger"},"wordCount":668,"commentCount":0,"image":{"@id":"https:\/\/www.africa-press.net\/niger\/politique\/la-cedeao-sapprete-a-lever-les-sanctions-a-lencontre-du-niger#primaryimage"},"thumbnailUrl":"https:\/\/static.africa-press.net\/niger\/sites\/40\/2024\/02\/sm_1708268874.331742.jpg","keywords":["Africa Press","Africa Press-Niger","Niger"],"articleSection":["Politique","to-homepage","Top Nouvelles","Toutes les actualit\u00e9s"],"inLanguage":"fr-FR","potentialAction":[{"@type":"CommentAction","name":"Comment","target":["https:\/\/www.africa-press.net\/niger\/politique\/la-cedeao-sapprete-a-lever-les-sanctions-a-lencontre-du-niger#respond"]}]},{"@type":"WebPage","@id":"https:\/\/www.africa-press.net\/niger\/politique\/la-cedeao-sapprete-a-lever-les-sanctions-a-lencontre-du-niger","url":"https:\/\/www.africa-press.net\/niger\/politique\/la-cedeao-sapprete-a-lever-les-sanctions-a-lencontre-du-niger","name":"La Cedeao s\u2019appr\u00eate \u00e0 lever les sanctions \u00e0 l\u2019encontre du Niger - niger","isPartOf":{"@id":"https:\/\/www.africa-press.net\/niger\/#website"},"primaryImageOfPage":{"@id":"https:\/\/www.africa-press.net\/niger\/politique\/la-cedeao-sapprete-a-lever-les-sanctions-a-lencontre-du-niger#primaryimage"},"image":{"@id":"https:\/\/www.africa-press.net\/niger\/politique\/la-cedeao-sapprete-a-lever-les-sanctions-a-lencontre-du-niger#primaryimage"},"thumbnailUrl":"https:\/\/static.africa-press.net\/niger\/sites\/40\/2024\/02\/sm_1708268874.331742.jpg","datePublished":"2024-02-18T18:29:56+00:00","dateModified":"2024-02-18T18:39:05+00:00","author":{"@id":"https:\/\/www.africa-press.net\/niger\/#\/schema\/person\/2b1cf3cd81a31e3cd26889ca66d677f1"},"description":"Selon les informations de Jeune Afrique, l\u2019organisation sous-re\u0301gionale le\u0300vera \u00ab prochainement \u00bb les sanctions e\u0301con ...","breadcrumb":{"@id":"https:\/\/www.africa-press.net\/niger\/politique\/la-cedeao-sapprete-a-lever-les-sanctions-a-lencontre-du-niger#breadcrumb"},"inLanguage":"fr-FR","potentialAction":[{"@type":"ReadAction","target":["https:\/\/www.africa-press.net\/niger\/politique\/la-cedeao-sapprete-a-lever-les-sanctions-a-lencontre-du-niger"]}]},{"@type":"ImageObject","inLanguage":"fr-FR","@id":"https:\/\/www.africa-press.net\/niger\/politique\/la-cedeao-sapprete-a-lever-les-sanctions-a-lencontre-du-niger#primaryimage","url":"https:\/\/static.africa-press.net\/niger\/sites\/40\/2024\/02\/sm_1708268874.331742.jpg","contentUrl":"https:\/\/static.africa-press.net\/niger\/sites\/40\/2024\/02\/sm_1708268874.331742.jpg","width":1280,"height":720,"caption":"La Cedeao s\u2019appr\u00eate \u00e0 lever les sanctions \u00e0 l\u2019encontre du Niger"},{"@type":"BreadcrumbList","@id":"https:\/\/www.africa-press.net\/niger\/politique\/la-cedeao-sapprete-a-lever-les-sanctions-a-lencontre-du-niger#breadcrumb","itemListElement":[{"@type":"ListItem","position":1,"name":"Accueil","item":"https:\/\/www.africa-press.net\/niger\/"},{"@type":"ListItem","position":2,"name":"La Cedeao s\u2019appr\u00eate \u00e0 lever les sanctions \u00e0 l\u2019encontre du Niger"}]},{"@type":"WebSite","@id":"https:\/\/www.africa-press.net\/niger\/#website","url":"https:\/\/www.africa-press.net\/niger\/","name":"niger","description":"Just another Africa News Agency Sites site","potentialAction":[{"@type":"SearchAction","target":{"@type":"EntryPoint","urlTemplate":"https:\/\/www.africa-press.net\/niger\/?s={search_term_string}"},"query-input":{"@type":"PropertyValueSpecification","valueRequired":true,"valueName":"search_term_string"}}],"inLanguage":"fr-FR"},{"@type":"Person","@id":"https:\/\/www.africa-press.net\/niger\/#\/schema\/person\/2b1cf3cd81a31e3cd26889ca66d677f1","name":"cfeditorfr"}]}},"_links":{"self":[{"href":"https:\/\/www.africa-press.net\/niger\/wp-json\/wp\/v2\/posts\/58825","targetHints":{"allow":["GET"]}}],"collection":[{"href":"https:\/\/www.africa-press.net\/niger\/wp-json\/wp\/v2\/posts"}],"about":[{"href":"https:\/\/www.africa-press.net\/niger\/wp-json\/wp\/v2\/types\/post"}],"author":[{"embeddable":true,"href":"https:\/\/www.africa-press.net\/niger\/wp-json\/wp\/v2\/users\/82"}],"replies":[{"embeddable":true,"href":"https:\/\/www.africa-press.net\/niger\/wp-json\/wp\/v2\/comments?post=58825"}],"version-history":[{"count":0,"href":"https:\/\/www.africa-press.net\/niger\/wp-json\/wp\/v2\/posts\/58825\/revisions"}],"wp:featuredmedia":[{"embeddable":true,"href":"https:\/\/www.africa-press.net\/niger\/wp-json\/wp\/v2\/media\/58824"}],"wp:attachment":[{"href":"https:\/\/www.africa-press.net\/niger\/wp-json\/wp\/v2\/media?parent=58825"}],"wp:term":[{"taxonomy":"category","embeddable":true,"href":"https:\/\/www.africa-press.net\/niger\/wp-json\/wp\/v2\/categories?post=58825"},{"taxonomy":"post_tag","embeddable":true,"href":"https:\/\/www.africa-press.net\/niger\/wp-json\/wp\/v2\/tags?post=58825"}],"curies":[{"name":"wp","href":"https:\/\/api.w.org\/{rel}","templated":true}]}}