{"id":58844,"date":"2024-02-19T19:22:50","date_gmt":"2024-02-19T19:22:50","guid":{"rendered":"https:\/\/www.africa-press.net\/niger\/politique\/le-gouverneur-dagadez-appelle-les-fds-de-la-zone-de-defense-n2-a-plus-de-cohesion"},"modified":"2024-02-21T06:37:26","modified_gmt":"2024-02-21T06:37:26","slug":"le-gouverneur-dagadez-appelle-les-fds-de-la-zone-de-defense-n2-a-plus-de-cohesion","status":"publish","type":"post","link":"https:\/\/www.africa-press.net\/niger\/toutes-les-actualites\/le-gouverneur-dagadez-appelle-les-fds-de-la-zone-de-defense-n2-a-plus-de-cohesion","title":{"rendered":"Le Gouverneur d\u2019Agadez appelle les FDS de la Zone de D\u00e9fense N\u00b02 \u00e0 plus de coh\u00e9sion"},"content":{"rendered":"<p><span style=\"color: #ff6600\"><strong>Africa-Press &#8211; Niger. <\/strong><\/span><b>Le Gouverneur de la Re\u0301gion d\u2019Agadez, le Ge\u0301ne\u0301ral de Brigade Ibra Boulama Issa a pre\u0301side\u0301, le vendredi 16 fe\u0301vrier dernier, l\u2019ouverture de la Saison Sportive des Forces de De\u0301fense et de Se\u0301curite\u0301 de la Zone de De\u0301fense N\u00b02 au Stade Re\u0301gional d\u2019Agadez. Cette activite\u0301 a e\u0301te\u0301 sanctionne\u0301e par un match d\u2019ouverture qui a oppose\u0301 les officiers aux hommes de rang. C\u2019e\u0301tait en pre\u0301sence des diffe\u0301rents responsables des FDS de la Re\u0301gion.<\/b><\/p>\n<p>Avant de se retrouver au Stade Re\u0301gional d\u2019Agadez, l\u2019ensemble des Forces de De\u0301fense et de Se\u0301curite\u0301 se sont regroupe\u0301es de\u0300s 6 heures du matin, au Rond-point la Concorde d\u2019Agadez, autour de leurs responsables avec en te\u0302te le premier responsable de la Re\u0301gion, le Ge\u0301ne\u0301ral de Brigade Ibra Boulama Issa pour un cross. Sur cette distance de 2 km, une quarantaine de minutes a suffi pour rallier le stade re\u0301gional ou\u0300 s\u2019est de\u0301roule\u0301e la ce\u0301re\u0301monie d\u2019ouverture de la Saison. Sur place, il y a eu la monte\u0301e des couleurs sous le clairon d\u2019un de\u0301tachement de la musique des FAN de la Zone de De\u0301fense N\u00b02.<\/p>\n<p>Chaque anne\u0301e, ce rituel est organise\u0301 au niveau des Forces Arme\u0301es Nige\u0301riennes pour le lancement des diffe\u0301rentes activite\u0301s sportives qui se de\u0301rouleront sur l\u2019anne\u0301e.<\/p>\n<p>Dans l\u2019allocution qu\u2019il a prononce\u0301 lors de l\u2019ouverture de cette saison, le Gouverneur a rappele\u0301 a\u0300 l\u2019ensemble des FDS l\u2019importance d\u2019une telle activite\u0301 pour les forces de de\u0301fense et de se\u0301curite\u0301. \u00ab Ces activite\u0301s ont trait a\u0300 l\u2019athle\u0301tisme, le parcours de Combattant, le triathlon, le pentathlon etc&#8230; A chaque occasion, ces diffe\u0301rentes e\u0301preuves concernent l\u2019ensemble des Forces des De\u0301fense et de Se\u0301curite\u0301. Je pense que c\u2019est le lieu d\u2019appeler toutes les Forces de De\u0301fense et de Se\u0301curite\u0301 a\u0300 plus de cohe\u0301sion entre elles. Ces moments de sport et de convivialite\u0301 doivent e\u0302tre exploite\u0301s pour renforcer la cohe\u0301sion. Et vous n\u2019e\u0302tes pas sans savoir que notre objectif aujourd\u2019hui c\u2019est de sauvegarder notre territoire national, et notre pays a besoin de l\u2019ensemble de ses fils. Ces diffe\u0301rentes e\u0301preuves physiques constituent aussi une occasion pour les forces de de\u0301fense et de se\u0301curite\u0301 de pouvoir trier les bons e\u0301le\u0301ments pour les compe\u0301titions nationales et internationales. C\u2019est pour vous dire toute l\u2019importance qu\u2019il faut attacher a\u0300 ces saisons sportives \u00bb, a de\u0301clare\u0301 le Ge\u0301ne\u0301ral de Brigade Ibra Boulama Issa.<\/p>\n<p>Il faut noter que le match d\u2019ouverture qui a oppose\u0301 les officiers aux hommes du rang s\u2019est solde\u0301 sur un score de 2 buts partout.<\/p>\n<p>&nbsp;<\/p>\n<p><strong>Pour plus d&rsquo;informations et d&rsquo;analyses sur la <a href=\"https:\/\/www.africa-press.net\/niger\">Niger<\/a>, suivez <a href=\"https:\/\/www.africa-press.net\/\">Africa-Press<\/a><\/strong><\/p>\n","protected":false},"excerpt":{"rendered":"<p>Africa-Press &#8211; Niger. Le Gouverneur de la Re\u0301gion d\u2019Agadez, le Ge\u0301ne\u0301ral de Brigade Ibra Boulama Issa a pre\u0301side\u0301, le vendredi 16 fe\u0301vrier dernier, l\u2019ouverture de la Saison Sportive des Forces de De\u0301fense et de Se\u0301curite\u0301 de la Zone de De\u0301fense N\u00b02 au Stade Re\u0301gional d\u2019Agadez. Cette activite\u0301 a e\u0301te\u0301 sanctionne\u0301e par un match d\u2019ouverture qui [&hellip;]<\/p>\n","protected":false},"author":82,"featured_media":58843,"comment_status":"open","ping_status":"closed","sticky":false,"template":"","format":"standard","meta":{"footnotes":""},"categories":[21,10],"tags":[55,60,29],"class_list":["post-58844","post","type-post","status-publish","format-standard","has-post-thumbnail","hentry","category-communaute","category-toutes-les-actualites","tag-africa-press","tag-africa-press-niger","tag-niger"],"yoast_head":"<!-- This site is optimized with the Yoast SEO Premium plugin v26.1 (Yoast SEO v27.0) - https:\/\/yoast.com\/product\/yoast-seo-premium-wordpress\/ -->\n<title>Le Gouverneur d\u2019Agadez appelle les FDS de la Zone de D\u00e9fense N\u00b02 \u00e0 plus de coh\u00e9sion - niger<\/title>\n<meta name=\"description\" content=\"Le Gouverneur de la Re\u0301gion d\u2019Agadez, le Ge\u0301ne\u0301ral de Brigade Ibra Boulama Issa a pre\u0301side\u0301, le vendredi 16 fe\u0301vrier ...\" \/>\n<meta name=\"robots\" content=\"index, follow, max-snippet:-1, max-image-preview:large, max-video-preview:-1\" \/>\n<link rel=\"canonical\" href=\"https:\/\/www.africa-press.net\/niger\/toutes-les-actualites\/le-gouverneur-dagadez-appelle-les-fds-de-la-zone-de-defense-n2-a-plus-de-cohesion\" \/>\n<meta property=\"og:locale\" content=\"fr_FR\" \/>\n<meta property=\"og:type\" content=\"article\" \/>\n<meta property=\"og:title\" content=\"Le Gouverneur d\u2019Agadez appelle les FDS de la Zone de D\u00e9fense N\u00b02 \u00e0 plus de coh\u00e9sion\" \/>\n<meta property=\"og:description\" content=\"Le Gouverneur de la Re\u0301gion d\u2019Agadez, le Ge\u0301ne\u0301ral de Brigade Ibra Boulama Issa a pre\u0301side\u0301, le vendredi 16 fe\u0301vrier ...\" \/>\n<meta property=\"og:url\" content=\"https:\/\/www.africa-press.net\/niger\/toutes-les-actualites\/le-gouverneur-dagadez-appelle-les-fds-de-la-zone-de-defense-n2-a-plus-de-cohesion\" \/>\n<meta property=\"og:site_name\" content=\"niger\" \/>\n<meta property=\"article:published_time\" content=\"2024-02-19T19:22:50+00:00\" \/>\n<meta property=\"article:modified_time\" content=\"2024-02-21T06:37:26+00:00\" \/>\n<meta property=\"og:image\" content=\"https:\/\/static.africa-press.net\/niger\/sites\/40\/2024\/02\/sm_1708359982.989389.jpg\" \/>\n\t<meta property=\"og:image:width\" content=\"1024\" \/>\n\t<meta property=\"og:image:height\" content=\"683\" \/>\n\t<meta property=\"og:image:type\" content=\"image\/jpeg\" \/>\n<meta name=\"author\" content=\"cfeditorfr\" \/>\n<meta name=\"twitter:card\" content=\"summary_large_image\" \/>\n<meta name=\"twitter:label1\" content=\"\u00c9crit par\" \/>\n\t<meta name=\"twitter:data1\" content=\"cfeditorfr\" \/>\n\t<meta name=\"twitter:label2\" content=\"Dur\u00e9e de lecture estim\u00e9e\" \/>\n\t<meta name=\"twitter:data2\" content=\"3 minutes\" \/>\n<script type=\"application\/ld+json\" class=\"yoast-schema-graph\">{\"@context\":\"https:\/\/schema.org\",\"@graph\":[{\"@type\":\"Article\",\"@id\":\"https:\/\/www.africa-press.net\/niger\/toutes-les-actualites\/le-gouverneur-dagadez-appelle-les-fds-de-la-zone-de-defense-n2-a-plus-de-cohesion#article\",\"isPartOf\":{\"@id\":\"https:\/\/www.africa-press.net\/niger\/toutes-les-actualites\/le-gouverneur-dagadez-appelle-les-fds-de-la-zone-de-defense-n2-a-plus-de-cohesion\"},\"author\":{\"name\":\"cfeditorfr\",\"@id\":\"https:\/\/www.africa-press.net\/niger\/#\/schema\/person\/2b1cf3cd81a31e3cd26889ca66d677f1\"},\"headline\":\"Le Gouverneur d\u2019Agadez appelle les FDS de la Zone de D\u00e9fense N\u00b02 \u00e0 plus de coh\u00e9sion\",\"datePublished\":\"2024-02-19T19:22:50+00:00\",\"dateModified\":\"2024-02-21T06:37:26+00:00\",\"mainEntityOfPage\":{\"@id\":\"https:\/\/www.africa-press.net\/niger\/toutes-les-actualites\/le-gouverneur-dagadez-appelle-les-fds-de-la-zone-de-defense-n2-a-plus-de-cohesion\"},\"wordCount\":521,\"commentCount\":0,\"image\":{\"@id\":\"https:\/\/www.africa-press.net\/niger\/toutes-les-actualites\/le-gouverneur-dagadez-appelle-les-fds-de-la-zone-de-defense-n2-a-plus-de-cohesion#primaryimage\"},\"thumbnailUrl\":\"https:\/\/static.africa-press.net\/niger\/sites\/40\/2024\/02\/sm_1708359982.989389.jpg\",\"keywords\":[\"Africa Press\",\"Africa Press-Niger\",\"Niger\"],\"articleSection\":[\"Communaut\u00e9\",\"Toutes les actualit\u00e9s\"],\"inLanguage\":\"fr-FR\",\"potentialAction\":[{\"@type\":\"CommentAction\",\"name\":\"Comment\",\"target\":[\"https:\/\/www.africa-press.net\/niger\/toutes-les-actualites\/le-gouverneur-dagadez-appelle-les-fds-de-la-zone-de-defense-n2-a-plus-de-cohesion#respond\"]}]},{\"@type\":\"WebPage\",\"@id\":\"https:\/\/www.africa-press.net\/niger\/toutes-les-actualites\/le-gouverneur-dagadez-appelle-les-fds-de-la-zone-de-defense-n2-a-plus-de-cohesion\",\"url\":\"https:\/\/www.africa-press.net\/niger\/toutes-les-actualites\/le-gouverneur-dagadez-appelle-les-fds-de-la-zone-de-defense-n2-a-plus-de-cohesion\",\"name\":\"Le Gouverneur d\u2019Agadez appelle les FDS de la Zone de D\u00e9fense N\u00b02 \u00e0 plus de coh\u00e9sion - niger\",\"isPartOf\":{\"@id\":\"https:\/\/www.africa-press.net\/niger\/#website\"},\"primaryImageOfPage\":{\"@id\":\"https:\/\/www.africa-press.net\/niger\/toutes-les-actualites\/le-gouverneur-dagadez-appelle-les-fds-de-la-zone-de-defense-n2-a-plus-de-cohesion#primaryimage\"},\"image\":{\"@id\":\"https:\/\/www.africa-press.net\/niger\/toutes-les-actualites\/le-gouverneur-dagadez-appelle-les-fds-de-la-zone-de-defense-n2-a-plus-de-cohesion#primaryimage\"},\"thumbnailUrl\":\"https:\/\/static.africa-press.net\/niger\/sites\/40\/2024\/02\/sm_1708359982.989389.jpg\",\"datePublished\":\"2024-02-19T19:22:50+00:00\",\"dateModified\":\"2024-02-21T06:37:26+00:00\",\"author\":{\"@id\":\"https:\/\/www.africa-press.net\/niger\/#\/schema\/person\/2b1cf3cd81a31e3cd26889ca66d677f1\"},\"description\":\"Le Gouverneur de la Re\u0301gion d\u2019Agadez, le Ge\u0301ne\u0301ral de Brigade Ibra Boulama Issa a pre\u0301side\u0301, le vendredi 16 fe\u0301vrier ...\",\"breadcrumb\":{\"@id\":\"https:\/\/www.africa-press.net\/niger\/toutes-les-actualites\/le-gouverneur-dagadez-appelle-les-fds-de-la-zone-de-defense-n2-a-plus-de-cohesion#breadcrumb\"},\"inLanguage\":\"fr-FR\",\"potentialAction\":[{\"@type\":\"ReadAction\",\"target\":[\"https:\/\/www.africa-press.net\/niger\/toutes-les-actualites\/le-gouverneur-dagadez-appelle-les-fds-de-la-zone-de-defense-n2-a-plus-de-cohesion\"]}]},{\"@type\":\"ImageObject\",\"inLanguage\":\"fr-FR\",\"@id\":\"https:\/\/www.africa-press.net\/niger\/toutes-les-actualites\/le-gouverneur-dagadez-appelle-les-fds-de-la-zone-de-defense-n2-a-plus-de-cohesion#primaryimage\",\"url\":\"https:\/\/static.africa-press.net\/niger\/sites\/40\/2024\/02\/sm_1708359982.989389.jpg\",\"contentUrl\":\"https:\/\/static.africa-press.net\/niger\/sites\/40\/2024\/02\/sm_1708359982.989389.jpg\",\"width\":1024,\"height\":683,\"caption\":\"Le Gouverneur d\u2019Agadez appelle les FDS de la Zone de D\u00e9fense N\u00b02 \u00e0 plus de coh\u00e9sion\"},{\"@type\":\"BreadcrumbList\",\"@id\":\"https:\/\/www.africa-press.net\/niger\/toutes-les-actualites\/le-gouverneur-dagadez-appelle-les-fds-de-la-zone-de-defense-n2-a-plus-de-cohesion#breadcrumb\",\"itemListElement\":[{\"@type\":\"ListItem\",\"position\":1,\"name\":\"Accueil\",\"item\":\"https:\/\/www.africa-press.net\/niger\/\"},{\"@type\":\"ListItem\",\"position\":2,\"name\":\"Le Gouverneur d\u2019Agadez appelle les FDS de la Zone de D\u00e9fense N\u00b02 \u00e0 plus de coh\u00e9sion\"}]},{\"@type\":\"WebSite\",\"@id\":\"https:\/\/www.africa-press.net\/niger\/#website\",\"url\":\"https:\/\/www.africa-press.net\/niger\/\",\"name\":\"niger\",\"description\":\"Just another Africa News Agency Sites site\",\"potentialAction\":[{\"@type\":\"SearchAction\",\"target\":{\"@type\":\"EntryPoint\",\"urlTemplate\":\"https:\/\/www.africa-press.net\/niger\/?s={search_term_string}\"},\"query-input\":{\"@type\":\"PropertyValueSpecification\",\"valueRequired\":true,\"valueName\":\"search_term_string\"}}],\"inLanguage\":\"fr-FR\"},{\"@type\":\"Person\",\"@id\":\"https:\/\/www.africa-press.net\/niger\/#\/schema\/person\/2b1cf3cd81a31e3cd26889ca66d677f1\",\"name\":\"cfeditorfr\"}]}<\/script>\n<!-- \/ Yoast SEO Premium plugin. -->","yoast_head_json":{"title":"Le Gouverneur d\u2019Agadez appelle les FDS de la Zone de D\u00e9fense N\u00b02 \u00e0 plus de coh\u00e9sion - niger","description":"Le Gouverneur de la Re\u0301gion d\u2019Agadez, le Ge\u0301ne\u0301ral de Brigade Ibra Boulama Issa a pre\u0301side\u0301, le vendredi 16 fe\u0301vrier ...","robots":{"index":"index","follow":"follow","max-snippet":"max-snippet:-1","max-image-preview":"max-image-preview:large","max-video-preview":"max-video-preview:-1"},"canonical":"https:\/\/www.africa-press.net\/niger\/toutes-les-actualites\/le-gouverneur-dagadez-appelle-les-fds-de-la-zone-de-defense-n2-a-plus-de-cohesion","og_locale":"fr_FR","og_type":"article","og_title":"Le Gouverneur d\u2019Agadez appelle les FDS de la Zone de D\u00e9fense N\u00b02 \u00e0 plus de coh\u00e9sion","og_description":"Le Gouverneur de la Re\u0301gion d\u2019Agadez, le Ge\u0301ne\u0301ral de Brigade Ibra Boulama Issa a pre\u0301side\u0301, le vendredi 16 fe\u0301vrier ...","og_url":"https:\/\/www.africa-press.net\/niger\/toutes-les-actualites\/le-gouverneur-dagadez-appelle-les-fds-de-la-zone-de-defense-n2-a-plus-de-cohesion","og_site_name":"niger","article_published_time":"2024-02-19T19:22:50+00:00","article_modified_time":"2024-02-21T06:37:26+00:00","og_image":[{"width":1024,"height":683,"url":"https:\/\/static.africa-press.net\/niger\/sites\/40\/2024\/02\/sm_1708359982.989389.jpg","type":"image\/jpeg"}],"author":"cfeditorfr","twitter_card":"summary_large_image","twitter_misc":{"\u00c9crit par":"cfeditorfr","Dur\u00e9e de lecture estim\u00e9e":"3 minutes"},"schema":{"@context":"https:\/\/schema.org","@graph":[{"@type":"Article","@id":"https:\/\/www.africa-press.net\/niger\/toutes-les-actualites\/le-gouverneur-dagadez-appelle-les-fds-de-la-zone-de-defense-n2-a-plus-de-cohesion#article","isPartOf":{"@id":"https:\/\/www.africa-press.net\/niger\/toutes-les-actualites\/le-gouverneur-dagadez-appelle-les-fds-de-la-zone-de-defense-n2-a-plus-de-cohesion"},"author":{"name":"cfeditorfr","@id":"https:\/\/www.africa-press.net\/niger\/#\/schema\/person\/2b1cf3cd81a31e3cd26889ca66d677f1"},"headline":"Le Gouverneur d\u2019Agadez appelle les FDS de la Zone de D\u00e9fense N\u00b02 \u00e0 plus de coh\u00e9sion","datePublished":"2024-02-19T19:22:50+00:00","dateModified":"2024-02-21T06:37:26+00:00","mainEntityOfPage":{"@id":"https:\/\/www.africa-press.net\/niger\/toutes-les-actualites\/le-gouverneur-dagadez-appelle-les-fds-de-la-zone-de-defense-n2-a-plus-de-cohesion"},"wordCount":521,"commentCount":0,"image":{"@id":"https:\/\/www.africa-press.net\/niger\/toutes-les-actualites\/le-gouverneur-dagadez-appelle-les-fds-de-la-zone-de-defense-n2-a-plus-de-cohesion#primaryimage"},"thumbnailUrl":"https:\/\/static.africa-press.net\/niger\/sites\/40\/2024\/02\/sm_1708359982.989389.jpg","keywords":["Africa Press","Africa Press-Niger","Niger"],"articleSection":["Communaut\u00e9","Toutes les actualit\u00e9s"],"inLanguage":"fr-FR","potentialAction":[{"@type":"CommentAction","name":"Comment","target":["https:\/\/www.africa-press.net\/niger\/toutes-les-actualites\/le-gouverneur-dagadez-appelle-les-fds-de-la-zone-de-defense-n2-a-plus-de-cohesion#respond"]}]},{"@type":"WebPage","@id":"https:\/\/www.africa-press.net\/niger\/toutes-les-actualites\/le-gouverneur-dagadez-appelle-les-fds-de-la-zone-de-defense-n2-a-plus-de-cohesion","url":"https:\/\/www.africa-press.net\/niger\/toutes-les-actualites\/le-gouverneur-dagadez-appelle-les-fds-de-la-zone-de-defense-n2-a-plus-de-cohesion","name":"Le Gouverneur d\u2019Agadez appelle les FDS de la Zone de D\u00e9fense N\u00b02 \u00e0 plus de coh\u00e9sion - niger","isPartOf":{"@id":"https:\/\/www.africa-press.net\/niger\/#website"},"primaryImageOfPage":{"@id":"https:\/\/www.africa-press.net\/niger\/toutes-les-actualites\/le-gouverneur-dagadez-appelle-les-fds-de-la-zone-de-defense-n2-a-plus-de-cohesion#primaryimage"},"image":{"@id":"https:\/\/www.africa-press.net\/niger\/toutes-les-actualites\/le-gouverneur-dagadez-appelle-les-fds-de-la-zone-de-defense-n2-a-plus-de-cohesion#primaryimage"},"thumbnailUrl":"https:\/\/static.africa-press.net\/niger\/sites\/40\/2024\/02\/sm_1708359982.989389.jpg","datePublished":"2024-02-19T19:22:50+00:00","dateModified":"2024-02-21T06:37:26+00:00","author":{"@id":"https:\/\/www.africa-press.net\/niger\/#\/schema\/person\/2b1cf3cd81a31e3cd26889ca66d677f1"},"description":"Le Gouverneur de la Re\u0301gion d\u2019Agadez, le Ge\u0301ne\u0301ral de Brigade Ibra Boulama Issa a pre\u0301side\u0301, le vendredi 16 fe\u0301vrier ...","breadcrumb":{"@id":"https:\/\/www.africa-press.net\/niger\/toutes-les-actualites\/le-gouverneur-dagadez-appelle-les-fds-de-la-zone-de-defense-n2-a-plus-de-cohesion#breadcrumb"},"inLanguage":"fr-FR","potentialAction":[{"@type":"ReadAction","target":["https:\/\/www.africa-press.net\/niger\/toutes-les-actualites\/le-gouverneur-dagadez-appelle-les-fds-de-la-zone-de-defense-n2-a-plus-de-cohesion"]}]},{"@type":"ImageObject","inLanguage":"fr-FR","@id":"https:\/\/www.africa-press.net\/niger\/toutes-les-actualites\/le-gouverneur-dagadez-appelle-les-fds-de-la-zone-de-defense-n2-a-plus-de-cohesion#primaryimage","url":"https:\/\/static.africa-press.net\/niger\/sites\/40\/2024\/02\/sm_1708359982.989389.jpg","contentUrl":"https:\/\/static.africa-press.net\/niger\/sites\/40\/2024\/02\/sm_1708359982.989389.jpg","width":1024,"height":683,"caption":"Le Gouverneur d\u2019Agadez appelle les FDS de la Zone de D\u00e9fense N\u00b02 \u00e0 plus de coh\u00e9sion"},{"@type":"BreadcrumbList","@id":"https:\/\/www.africa-press.net\/niger\/toutes-les-actualites\/le-gouverneur-dagadez-appelle-les-fds-de-la-zone-de-defense-n2-a-plus-de-cohesion#breadcrumb","itemListElement":[{"@type":"ListItem","position":1,"name":"Accueil","item":"https:\/\/www.africa-press.net\/niger\/"},{"@type":"ListItem","position":2,"name":"Le Gouverneur d\u2019Agadez appelle les FDS de la Zone de D\u00e9fense N\u00b02 \u00e0 plus de coh\u00e9sion"}]},{"@type":"WebSite","@id":"https:\/\/www.africa-press.net\/niger\/#website","url":"https:\/\/www.africa-press.net\/niger\/","name":"niger","description":"Just another Africa News Agency Sites site","potentialAction":[{"@type":"SearchAction","target":{"@type":"EntryPoint","urlTemplate":"https:\/\/www.africa-press.net\/niger\/?s={search_term_string}"},"query-input":{"@type":"PropertyValueSpecification","valueRequired":true,"valueName":"search_term_string"}}],"inLanguage":"fr-FR"},{"@type":"Person","@id":"https:\/\/www.africa-press.net\/niger\/#\/schema\/person\/2b1cf3cd81a31e3cd26889ca66d677f1","name":"cfeditorfr"}]}},"_links":{"self":[{"href":"https:\/\/www.africa-press.net\/niger\/wp-json\/wp\/v2\/posts\/58844","targetHints":{"allow":["GET"]}}],"collection":[{"href":"https:\/\/www.africa-press.net\/niger\/wp-json\/wp\/v2\/posts"}],"about":[{"href":"https:\/\/www.africa-press.net\/niger\/wp-json\/wp\/v2\/types\/post"}],"author":[{"embeddable":true,"href":"https:\/\/www.africa-press.net\/niger\/wp-json\/wp\/v2\/users\/82"}],"replies":[{"embeddable":true,"href":"https:\/\/www.africa-press.net\/niger\/wp-json\/wp\/v2\/comments?post=58844"}],"version-history":[{"count":0,"href":"https:\/\/www.africa-press.net\/niger\/wp-json\/wp\/v2\/posts\/58844\/revisions"}],"wp:featuredmedia":[{"embeddable":true,"href":"https:\/\/www.africa-press.net\/niger\/wp-json\/wp\/v2\/media\/58843"}],"wp:attachment":[{"href":"https:\/\/www.africa-press.net\/niger\/wp-json\/wp\/v2\/media?parent=58844"}],"wp:term":[{"taxonomy":"category","embeddable":true,"href":"https:\/\/www.africa-press.net\/niger\/wp-json\/wp\/v2\/categories?post=58844"},{"taxonomy":"post_tag","embeddable":true,"href":"https:\/\/www.africa-press.net\/niger\/wp-json\/wp\/v2\/tags?post=58844"}],"curies":[{"name":"wp","href":"https:\/\/api.w.org\/{rel}","templated":true}]}}