{"id":58846,"date":"2024-02-19T19:23:18","date_gmt":"2024-02-19T19:23:18","guid":{"rendered":"https:\/\/www.africa-press.net\/niger\/politique\/agadez-le-gouverneur-receptionne-des-contributions-au-fonds-de-solidarite-pour-la-sauvegarde-de-la-patrie"},"modified":"2024-02-21T06:38:16","modified_gmt":"2024-02-21T06:38:16","slug":"agadez-le-gouverneur-receptionne-des-contributions-au-fonds-de-solidarite-pour-la-sauvegarde-de-la-patrie","status":"publish","type":"post","link":"https:\/\/www.africa-press.net\/niger\/toutes-les-actualites\/agadez-le-gouverneur-receptionne-des-contributions-au-fonds-de-solidarite-pour-la-sauvegarde-de-la-patrie","title":{"rendered":"Agadez : Le Gouverneur r\u00e9ceptionne des contributions au Fonds de Solidarit\u00e9 pour la Sauvegarde de la Patrie"},"content":{"rendered":"<p><span style=\"color: #ff6600\"><strong>Africa-Press &#8211; Niger. <\/strong><\/span><b>Le Gouverneur de la re\u0301gion d\u2019Agadez, le Ge\u0301ne\u0301ral de Brigade Ibra Boulama Issa, a re\u0301ceptionne\u0301 le jeudi 15 fe\u0301vrier 2024, des contributions destine\u0301es au Fonds de Solidarite\u0301 pour la Sauvegarde de la Patrie (FSSP). La ce\u0301re\u0301monie s\u2019est de\u0301roule\u0301e au gouvernorat en pre\u0301sence de plusieurs personnalite\u0301s civiles et militaires, ainsi que des membres du noyau re\u0301gional d\u2019information et de sensibilisation sur le FSSP.<\/b><\/p>\n<p>Les contributions rec\u0327ues viennent des huissiers de la re\u0301gion d\u2019Agadez, des ressortissants des villages environnants d\u2019Attri et du Syndicat des transporteurs de marchandises. C\u2019est ainsi que les huissiers ont remis une contribution de 300.000 FCFA, le syndicat des transporteurs de marchandises 150.000 FCFA et les ressortissants des villages environnant d\u2019Attri 398.000 FCFA. Cette dernie\u0300re contribution a e\u0301te\u0301 juste une annonce au cours de cette ce\u0301re\u0301monie, en guise d\u2019information, parce que la somme avait de\u0301ja\u0300 e\u0301te\u0301 remise au Pre\u0301fet d\u2019Arlit qui est charge\u0301 de la transmettre a\u0300 la tre\u0301sorerie re\u0301gionale.<\/p>\n<p>Apre\u0300s la remise de leurs contributions, ces donateurs ont exprime\u0301 au gouverneur leur disponibilite\u0301 et leur engagement a\u0300 contribuer a\u0300 la mobilisation de leurs membres pour une adhe\u0301sion totale aux ide\u0301aux du CNSP. A son tour le gouverneur s\u2019est re\u0301joui de cet acte patriotique de la population de la re\u0301gion d\u2019Agadez qui continue a\u0300 soutenir le CNSP et les autorite\u0301s de la transition. Le Ge\u0301ne\u0301ral de Brigade Ibra Boulama Issa a saisi l\u2019opportunite\u0301 pour transmettre a\u0300 ces contributeurs les salutations et les remerciements du Pre\u0301sident du Conseil National pour la Sauvegarde de la Patrie (CNSP), Chef de l\u2019E\u0301tat, le Ge\u0301ne\u0301ral de Brigade Abdourahamane Tiani et ceux du Premier Ministre M Ali Mahaman Lamine Zeine. Le Ge\u0301ne\u0301ral de Brigade Ibra Boulama Issa a aussi saisi cette occasion pour rappeler les objectifs de ce fonds, visant a\u0300 renforcer les capacite\u0301s ope\u0301rationnelles des forces de de\u0301fense et de se\u0301curite\u0301, a\u0300 soutenir les familles des e\u0301le\u0301ments des FDS tombe\u0301s sur le champ d\u2019honneur et les populations de\u0301place\u0301es des zones d\u2019inse\u0301curite\u0301.<\/p>\n<p>&nbsp;<\/p>\n<p><strong>Pour plus d&rsquo;informations et d&rsquo;analyses sur la <a href=\"https:\/\/www.africa-press.net\/niger\">Niger<\/a>, suivez <a href=\"https:\/\/www.africa-press.net\/\">Africa-Press<\/a><\/strong><\/p>\n","protected":false},"excerpt":{"rendered":"<p>Africa-Press &#8211; Niger. Le Gouverneur de la re\u0301gion d\u2019Agadez, le Ge\u0301ne\u0301ral de Brigade Ibra Boulama Issa, a re\u0301ceptionne\u0301 le jeudi 15 fe\u0301vrier 2024, des contributions destine\u0301es au Fonds de Solidarite\u0301 pour la Sauvegarde de la Patrie (FSSP). La ce\u0301re\u0301monie s\u2019est de\u0301roule\u0301e au gouvernorat en pre\u0301sence de plusieurs personnalite\u0301s civiles et militaires, ainsi que des membres [&hellip;]<\/p>\n","protected":false},"author":82,"featured_media":58845,"comment_status":"open","ping_status":"closed","sticky":false,"template":"","format":"standard","meta":{"footnotes":""},"categories":[21,10],"tags":[55,60,29],"class_list":["post-58846","post","type-post","status-publish","format-standard","has-post-thumbnail","hentry","category-communaute","category-toutes-les-actualites","tag-africa-press","tag-africa-press-niger","tag-niger"],"yoast_head":"<!-- This site is optimized with the Yoast SEO Premium plugin v26.1 (Yoast SEO v27.0) - https:\/\/yoast.com\/product\/yoast-seo-premium-wordpress\/ -->\n<title>Agadez : Le Gouverneur r\u00e9ceptionne des contributions au Fonds de Solidarit\u00e9 pour la Sauvegarde de la Patrie - niger<\/title>\n<meta name=\"description\" content=\"Le Gouverneur de la re\u0301gion d\u2019Agadez, le Ge\u0301ne\u0301ral de Brigade Ibra Boulama Issa, a re\u0301ceptionne\u0301 le jeudi 15 fe\u0301vrier ...\" \/>\n<meta name=\"robots\" content=\"index, follow, max-snippet:-1, max-image-preview:large, max-video-preview:-1\" \/>\n<link rel=\"canonical\" href=\"https:\/\/www.africa-press.net\/niger\/toutes-les-actualites\/agadez-le-gouverneur-receptionne-des-contributions-au-fonds-de-solidarite-pour-la-sauvegarde-de-la-patrie\" \/>\n<meta property=\"og:locale\" content=\"fr_FR\" \/>\n<meta property=\"og:type\" content=\"article\" \/>\n<meta property=\"og:title\" content=\"Agadez : Le Gouverneur r\u00e9ceptionne des contributions au Fonds de Solidarit\u00e9 pour la Sauvegarde de la Patrie\" \/>\n<meta property=\"og:description\" content=\"Le Gouverneur de la re\u0301gion d\u2019Agadez, le Ge\u0301ne\u0301ral de Brigade Ibra Boulama Issa, a re\u0301ceptionne\u0301 le jeudi 15 fe\u0301vrier ...\" \/>\n<meta property=\"og:url\" content=\"https:\/\/www.africa-press.net\/niger\/toutes-les-actualites\/agadez-le-gouverneur-receptionne-des-contributions-au-fonds-de-solidarite-pour-la-sauvegarde-de-la-patrie\" \/>\n<meta property=\"og:site_name\" content=\"niger\" \/>\n<meta property=\"article:published_time\" content=\"2024-02-19T19:23:18+00:00\" \/>\n<meta property=\"article:modified_time\" content=\"2024-02-21T06:38:16+00:00\" \/>\n<meta property=\"og:image\" content=\"https:\/\/static.africa-press.net\/niger\/sites\/40\/2024\/02\/sm_1708360013.818182.jpg\" \/>\n\t<meta property=\"og:image:width\" content=\"1024\" \/>\n\t<meta property=\"og:image:height\" content=\"683\" \/>\n\t<meta property=\"og:image:type\" content=\"image\/jpeg\" \/>\n<meta name=\"author\" content=\"cfeditorfr\" \/>\n<meta name=\"twitter:card\" content=\"summary_large_image\" \/>\n<meta name=\"twitter:label1\" content=\"\u00c9crit par\" \/>\n\t<meta name=\"twitter:data1\" content=\"cfeditorfr\" \/>\n\t<meta name=\"twitter:label2\" content=\"Dur\u00e9e de lecture estim\u00e9e\" \/>\n\t<meta name=\"twitter:data2\" content=\"2 minutes\" \/>\n<script type=\"application\/ld+json\" class=\"yoast-schema-graph\">{\"@context\":\"https:\/\/schema.org\",\"@graph\":[{\"@type\":\"Article\",\"@id\":\"https:\/\/www.africa-press.net\/niger\/toutes-les-actualites\/agadez-le-gouverneur-receptionne-des-contributions-au-fonds-de-solidarite-pour-la-sauvegarde-de-la-patrie#article\",\"isPartOf\":{\"@id\":\"https:\/\/www.africa-press.net\/niger\/toutes-les-actualites\/agadez-le-gouverneur-receptionne-des-contributions-au-fonds-de-solidarite-pour-la-sauvegarde-de-la-patrie\"},\"author\":{\"name\":\"cfeditorfr\",\"@id\":\"https:\/\/www.africa-press.net\/niger\/#\/schema\/person\/2b1cf3cd81a31e3cd26889ca66d677f1\"},\"headline\":\"Agadez : Le Gouverneur r\u00e9ceptionne des contributions au Fonds de Solidarit\u00e9 pour la Sauvegarde de la Patrie\",\"datePublished\":\"2024-02-19T19:23:18+00:00\",\"dateModified\":\"2024-02-21T06:38:16+00:00\",\"mainEntityOfPage\":{\"@id\":\"https:\/\/www.africa-press.net\/niger\/toutes-les-actualites\/agadez-le-gouverneur-receptionne-des-contributions-au-fonds-de-solidarite-pour-la-sauvegarde-de-la-patrie\"},\"wordCount\":408,\"commentCount\":0,\"image\":{\"@id\":\"https:\/\/www.africa-press.net\/niger\/toutes-les-actualites\/agadez-le-gouverneur-receptionne-des-contributions-au-fonds-de-solidarite-pour-la-sauvegarde-de-la-patrie#primaryimage\"},\"thumbnailUrl\":\"https:\/\/static.africa-press.net\/niger\/sites\/40\/2024\/02\/sm_1708360013.818182.jpg\",\"keywords\":[\"Africa Press\",\"Africa Press-Niger\",\"Niger\"],\"articleSection\":[\"Communaut\u00e9\",\"Toutes les actualit\u00e9s\"],\"inLanguage\":\"fr-FR\",\"potentialAction\":[{\"@type\":\"CommentAction\",\"name\":\"Comment\",\"target\":[\"https:\/\/www.africa-press.net\/niger\/toutes-les-actualites\/agadez-le-gouverneur-receptionne-des-contributions-au-fonds-de-solidarite-pour-la-sauvegarde-de-la-patrie#respond\"]}]},{\"@type\":\"WebPage\",\"@id\":\"https:\/\/www.africa-press.net\/niger\/toutes-les-actualites\/agadez-le-gouverneur-receptionne-des-contributions-au-fonds-de-solidarite-pour-la-sauvegarde-de-la-patrie\",\"url\":\"https:\/\/www.africa-press.net\/niger\/toutes-les-actualites\/agadez-le-gouverneur-receptionne-des-contributions-au-fonds-de-solidarite-pour-la-sauvegarde-de-la-patrie\",\"name\":\"Agadez : Le Gouverneur r\u00e9ceptionne des contributions au Fonds de Solidarit\u00e9 pour la Sauvegarde de la Patrie - niger\",\"isPartOf\":{\"@id\":\"https:\/\/www.africa-press.net\/niger\/#website\"},\"primaryImageOfPage\":{\"@id\":\"https:\/\/www.africa-press.net\/niger\/toutes-les-actualites\/agadez-le-gouverneur-receptionne-des-contributions-au-fonds-de-solidarite-pour-la-sauvegarde-de-la-patrie#primaryimage\"},\"image\":{\"@id\":\"https:\/\/www.africa-press.net\/niger\/toutes-les-actualites\/agadez-le-gouverneur-receptionne-des-contributions-au-fonds-de-solidarite-pour-la-sauvegarde-de-la-patrie#primaryimage\"},\"thumbnailUrl\":\"https:\/\/static.africa-press.net\/niger\/sites\/40\/2024\/02\/sm_1708360013.818182.jpg\",\"datePublished\":\"2024-02-19T19:23:18+00:00\",\"dateModified\":\"2024-02-21T06:38:16+00:00\",\"author\":{\"@id\":\"https:\/\/www.africa-press.net\/niger\/#\/schema\/person\/2b1cf3cd81a31e3cd26889ca66d677f1\"},\"description\":\"Le Gouverneur de la re\u0301gion d\u2019Agadez, le Ge\u0301ne\u0301ral de Brigade Ibra Boulama Issa, a re\u0301ceptionne\u0301 le jeudi 15 fe\u0301vrier ...\",\"breadcrumb\":{\"@id\":\"https:\/\/www.africa-press.net\/niger\/toutes-les-actualites\/agadez-le-gouverneur-receptionne-des-contributions-au-fonds-de-solidarite-pour-la-sauvegarde-de-la-patrie#breadcrumb\"},\"inLanguage\":\"fr-FR\",\"potentialAction\":[{\"@type\":\"ReadAction\",\"target\":[\"https:\/\/www.africa-press.net\/niger\/toutes-les-actualites\/agadez-le-gouverneur-receptionne-des-contributions-au-fonds-de-solidarite-pour-la-sauvegarde-de-la-patrie\"]}]},{\"@type\":\"ImageObject\",\"inLanguage\":\"fr-FR\",\"@id\":\"https:\/\/www.africa-press.net\/niger\/toutes-les-actualites\/agadez-le-gouverneur-receptionne-des-contributions-au-fonds-de-solidarite-pour-la-sauvegarde-de-la-patrie#primaryimage\",\"url\":\"https:\/\/static.africa-press.net\/niger\/sites\/40\/2024\/02\/sm_1708360013.818182.jpg\",\"contentUrl\":\"https:\/\/static.africa-press.net\/niger\/sites\/40\/2024\/02\/sm_1708360013.818182.jpg\",\"width\":1024,\"height\":683,\"caption\":\"Agadez : Le Gouverneur r\u00e9ceptionne des contributions au Fonds de Solidarit\u00e9 pour la Sauvegarde de la Patrie\"},{\"@type\":\"BreadcrumbList\",\"@id\":\"https:\/\/www.africa-press.net\/niger\/toutes-les-actualites\/agadez-le-gouverneur-receptionne-des-contributions-au-fonds-de-solidarite-pour-la-sauvegarde-de-la-patrie#breadcrumb\",\"itemListElement\":[{\"@type\":\"ListItem\",\"position\":1,\"name\":\"Accueil\",\"item\":\"https:\/\/www.africa-press.net\/niger\/\"},{\"@type\":\"ListItem\",\"position\":2,\"name\":\"Agadez : Le Gouverneur r\u00e9ceptionne des contributions au Fonds de Solidarit\u00e9 pour la Sauvegarde de la Patrie\"}]},{\"@type\":\"WebSite\",\"@id\":\"https:\/\/www.africa-press.net\/niger\/#website\",\"url\":\"https:\/\/www.africa-press.net\/niger\/\",\"name\":\"niger\",\"description\":\"Just another Africa News Agency Sites site\",\"potentialAction\":[{\"@type\":\"SearchAction\",\"target\":{\"@type\":\"EntryPoint\",\"urlTemplate\":\"https:\/\/www.africa-press.net\/niger\/?s={search_term_string}\"},\"query-input\":{\"@type\":\"PropertyValueSpecification\",\"valueRequired\":true,\"valueName\":\"search_term_string\"}}],\"inLanguage\":\"fr-FR\"},{\"@type\":\"Person\",\"@id\":\"https:\/\/www.africa-press.net\/niger\/#\/schema\/person\/2b1cf3cd81a31e3cd26889ca66d677f1\",\"name\":\"cfeditorfr\"}]}<\/script>\n<!-- \/ Yoast SEO Premium plugin. -->","yoast_head_json":{"title":"Agadez : Le Gouverneur r\u00e9ceptionne des contributions au Fonds de Solidarit\u00e9 pour la Sauvegarde de la Patrie - niger","description":"Le Gouverneur de la re\u0301gion d\u2019Agadez, le Ge\u0301ne\u0301ral de Brigade Ibra Boulama Issa, a re\u0301ceptionne\u0301 le jeudi 15 fe\u0301vrier ...","robots":{"index":"index","follow":"follow","max-snippet":"max-snippet:-1","max-image-preview":"max-image-preview:large","max-video-preview":"max-video-preview:-1"},"canonical":"https:\/\/www.africa-press.net\/niger\/toutes-les-actualites\/agadez-le-gouverneur-receptionne-des-contributions-au-fonds-de-solidarite-pour-la-sauvegarde-de-la-patrie","og_locale":"fr_FR","og_type":"article","og_title":"Agadez : Le Gouverneur r\u00e9ceptionne des contributions au Fonds de Solidarit\u00e9 pour la Sauvegarde de la Patrie","og_description":"Le Gouverneur de la re\u0301gion d\u2019Agadez, le Ge\u0301ne\u0301ral de Brigade Ibra Boulama Issa, a re\u0301ceptionne\u0301 le jeudi 15 fe\u0301vrier ...","og_url":"https:\/\/www.africa-press.net\/niger\/toutes-les-actualites\/agadez-le-gouverneur-receptionne-des-contributions-au-fonds-de-solidarite-pour-la-sauvegarde-de-la-patrie","og_site_name":"niger","article_published_time":"2024-02-19T19:23:18+00:00","article_modified_time":"2024-02-21T06:38:16+00:00","og_image":[{"width":1024,"height":683,"url":"https:\/\/static.africa-press.net\/niger\/sites\/40\/2024\/02\/sm_1708360013.818182.jpg","type":"image\/jpeg"}],"author":"cfeditorfr","twitter_card":"summary_large_image","twitter_misc":{"\u00c9crit par":"cfeditorfr","Dur\u00e9e de lecture estim\u00e9e":"2 minutes"},"schema":{"@context":"https:\/\/schema.org","@graph":[{"@type":"Article","@id":"https:\/\/www.africa-press.net\/niger\/toutes-les-actualites\/agadez-le-gouverneur-receptionne-des-contributions-au-fonds-de-solidarite-pour-la-sauvegarde-de-la-patrie#article","isPartOf":{"@id":"https:\/\/www.africa-press.net\/niger\/toutes-les-actualites\/agadez-le-gouverneur-receptionne-des-contributions-au-fonds-de-solidarite-pour-la-sauvegarde-de-la-patrie"},"author":{"name":"cfeditorfr","@id":"https:\/\/www.africa-press.net\/niger\/#\/schema\/person\/2b1cf3cd81a31e3cd26889ca66d677f1"},"headline":"Agadez : Le Gouverneur r\u00e9ceptionne des contributions au Fonds de Solidarit\u00e9 pour la Sauvegarde de la Patrie","datePublished":"2024-02-19T19:23:18+00:00","dateModified":"2024-02-21T06:38:16+00:00","mainEntityOfPage":{"@id":"https:\/\/www.africa-press.net\/niger\/toutes-les-actualites\/agadez-le-gouverneur-receptionne-des-contributions-au-fonds-de-solidarite-pour-la-sauvegarde-de-la-patrie"},"wordCount":408,"commentCount":0,"image":{"@id":"https:\/\/www.africa-press.net\/niger\/toutes-les-actualites\/agadez-le-gouverneur-receptionne-des-contributions-au-fonds-de-solidarite-pour-la-sauvegarde-de-la-patrie#primaryimage"},"thumbnailUrl":"https:\/\/static.africa-press.net\/niger\/sites\/40\/2024\/02\/sm_1708360013.818182.jpg","keywords":["Africa Press","Africa Press-Niger","Niger"],"articleSection":["Communaut\u00e9","Toutes les actualit\u00e9s"],"inLanguage":"fr-FR","potentialAction":[{"@type":"CommentAction","name":"Comment","target":["https:\/\/www.africa-press.net\/niger\/toutes-les-actualites\/agadez-le-gouverneur-receptionne-des-contributions-au-fonds-de-solidarite-pour-la-sauvegarde-de-la-patrie#respond"]}]},{"@type":"WebPage","@id":"https:\/\/www.africa-press.net\/niger\/toutes-les-actualites\/agadez-le-gouverneur-receptionne-des-contributions-au-fonds-de-solidarite-pour-la-sauvegarde-de-la-patrie","url":"https:\/\/www.africa-press.net\/niger\/toutes-les-actualites\/agadez-le-gouverneur-receptionne-des-contributions-au-fonds-de-solidarite-pour-la-sauvegarde-de-la-patrie","name":"Agadez : Le Gouverneur r\u00e9ceptionne des contributions au Fonds de Solidarit\u00e9 pour la Sauvegarde de la Patrie - niger","isPartOf":{"@id":"https:\/\/www.africa-press.net\/niger\/#website"},"primaryImageOfPage":{"@id":"https:\/\/www.africa-press.net\/niger\/toutes-les-actualites\/agadez-le-gouverneur-receptionne-des-contributions-au-fonds-de-solidarite-pour-la-sauvegarde-de-la-patrie#primaryimage"},"image":{"@id":"https:\/\/www.africa-press.net\/niger\/toutes-les-actualites\/agadez-le-gouverneur-receptionne-des-contributions-au-fonds-de-solidarite-pour-la-sauvegarde-de-la-patrie#primaryimage"},"thumbnailUrl":"https:\/\/static.africa-press.net\/niger\/sites\/40\/2024\/02\/sm_1708360013.818182.jpg","datePublished":"2024-02-19T19:23:18+00:00","dateModified":"2024-02-21T06:38:16+00:00","author":{"@id":"https:\/\/www.africa-press.net\/niger\/#\/schema\/person\/2b1cf3cd81a31e3cd26889ca66d677f1"},"description":"Le Gouverneur de la re\u0301gion d\u2019Agadez, le Ge\u0301ne\u0301ral de Brigade Ibra Boulama Issa, a re\u0301ceptionne\u0301 le jeudi 15 fe\u0301vrier ...","breadcrumb":{"@id":"https:\/\/www.africa-press.net\/niger\/toutes-les-actualites\/agadez-le-gouverneur-receptionne-des-contributions-au-fonds-de-solidarite-pour-la-sauvegarde-de-la-patrie#breadcrumb"},"inLanguage":"fr-FR","potentialAction":[{"@type":"ReadAction","target":["https:\/\/www.africa-press.net\/niger\/toutes-les-actualites\/agadez-le-gouverneur-receptionne-des-contributions-au-fonds-de-solidarite-pour-la-sauvegarde-de-la-patrie"]}]},{"@type":"ImageObject","inLanguage":"fr-FR","@id":"https:\/\/www.africa-press.net\/niger\/toutes-les-actualites\/agadez-le-gouverneur-receptionne-des-contributions-au-fonds-de-solidarite-pour-la-sauvegarde-de-la-patrie#primaryimage","url":"https:\/\/static.africa-press.net\/niger\/sites\/40\/2024\/02\/sm_1708360013.818182.jpg","contentUrl":"https:\/\/static.africa-press.net\/niger\/sites\/40\/2024\/02\/sm_1708360013.818182.jpg","width":1024,"height":683,"caption":"Agadez : Le Gouverneur r\u00e9ceptionne des contributions au Fonds de Solidarit\u00e9 pour la Sauvegarde de la Patrie"},{"@type":"BreadcrumbList","@id":"https:\/\/www.africa-press.net\/niger\/toutes-les-actualites\/agadez-le-gouverneur-receptionne-des-contributions-au-fonds-de-solidarite-pour-la-sauvegarde-de-la-patrie#breadcrumb","itemListElement":[{"@type":"ListItem","position":1,"name":"Accueil","item":"https:\/\/www.africa-press.net\/niger\/"},{"@type":"ListItem","position":2,"name":"Agadez : Le Gouverneur r\u00e9ceptionne des contributions au Fonds de Solidarit\u00e9 pour la Sauvegarde de la Patrie"}]},{"@type":"WebSite","@id":"https:\/\/www.africa-press.net\/niger\/#website","url":"https:\/\/www.africa-press.net\/niger\/","name":"niger","description":"Just another Africa News Agency Sites site","potentialAction":[{"@type":"SearchAction","target":{"@type":"EntryPoint","urlTemplate":"https:\/\/www.africa-press.net\/niger\/?s={search_term_string}"},"query-input":{"@type":"PropertyValueSpecification","valueRequired":true,"valueName":"search_term_string"}}],"inLanguage":"fr-FR"},{"@type":"Person","@id":"https:\/\/www.africa-press.net\/niger\/#\/schema\/person\/2b1cf3cd81a31e3cd26889ca66d677f1","name":"cfeditorfr"}]}},"_links":{"self":[{"href":"https:\/\/www.africa-press.net\/niger\/wp-json\/wp\/v2\/posts\/58846","targetHints":{"allow":["GET"]}}],"collection":[{"href":"https:\/\/www.africa-press.net\/niger\/wp-json\/wp\/v2\/posts"}],"about":[{"href":"https:\/\/www.africa-press.net\/niger\/wp-json\/wp\/v2\/types\/post"}],"author":[{"embeddable":true,"href":"https:\/\/www.africa-press.net\/niger\/wp-json\/wp\/v2\/users\/82"}],"replies":[{"embeddable":true,"href":"https:\/\/www.africa-press.net\/niger\/wp-json\/wp\/v2\/comments?post=58846"}],"version-history":[{"count":0,"href":"https:\/\/www.africa-press.net\/niger\/wp-json\/wp\/v2\/posts\/58846\/revisions"}],"wp:featuredmedia":[{"embeddable":true,"href":"https:\/\/www.africa-press.net\/niger\/wp-json\/wp\/v2\/media\/58845"}],"wp:attachment":[{"href":"https:\/\/www.africa-press.net\/niger\/wp-json\/wp\/v2\/media?parent=58846"}],"wp:term":[{"taxonomy":"category","embeddable":true,"href":"https:\/\/www.africa-press.net\/niger\/wp-json\/wp\/v2\/categories?post=58846"},{"taxonomy":"post_tag","embeddable":true,"href":"https:\/\/www.africa-press.net\/niger\/wp-json\/wp\/v2\/tags?post=58846"}],"curies":[{"name":"wp","href":"https:\/\/api.w.org\/{rel}","templated":true}]}}