{"id":58854,"date":"2024-02-19T19:24:19","date_gmt":"2024-02-19T19:24:19","guid":{"rendered":"https:\/\/www.africa-press.net\/niger\/politique\/reunion-des-ministres-de-laes-a-ouagadougou-la-marche-vers-la-creation-de-la-confederation-burkina-mali-niger-est-entamee-2"},"modified":"2024-02-21T06:40:54","modified_gmt":"2024-02-21T06:40:54","slug":"reunion-des-ministres-de-laes-a-ouagadougou-la-marche-vers-la-creation-de-la-confederation-burkina-mali-niger-est-entamee-2","status":"publish","type":"post","link":"https:\/\/www.africa-press.net\/niger\/politique\/reunion-des-ministres-de-laes-a-ouagadougou-la-marche-vers-la-creation-de-la-confederation-burkina-mali-niger-est-entamee-2","title":{"rendered":"R\u00e9union des ministres de l\u2019AES \u00e0 Ouagadougou : La marche vers la cr\u00e9ation de la Conf\u00e9d\u00e9ration Burkina-Mali-Niger est entam\u00e9e"},"content":{"rendered":"<p><span style=\"color: #ff6600\"><strong>Africa-Press &#8211; Niger. <\/strong><\/span>Les ministres de l\u2019Alliance des E\u0301tats du Sahel (AES) se sont re\u0301unis, ce jeudi 15 fe\u0301vrier 2024 a\u0300 Ouagadougou, pour discuter principalement de la re\u0301vision de la Charte de l\u2019AES et de la cre\u0301ation d\u2019une confe\u0301de\u0301ration entre le Burkina, le Mali et le Niger.<\/p>\n<p>Initialement pre\u0301vue pour se tenir dans la salle de confe\u0301rences du ministe\u0300re des Affaires e\u0301trange\u0300res, de la Coope\u0301ration re\u0301gionale et des Burkinabe\u0300 de l\u2019exte\u0301rieur a\u0300 partir de 9 h, la rencontre a e\u0301te\u0301 ramene\u0301e, la veille, au sie\u0300ge de l\u2019Autorite\u0301 pour le De\u0301veloppement Inte\u0301gre\u0301 des Etats du Liptako-Gourma (ALG) sise a\u0300 quelques encablures ouest du premier lieu et repousse\u0301e a\u0300 10h. A l\u2019heure indique\u0301e, une annonce rame\u0300ne la rencontre a\u0300 l\u2019endroit de de\u0301part pour un de\u0301but des travaux fixe\u0301s a\u0300 11h30 (la salle de l\u2019ALG e\u0301tant visiblement exigue\u0308). Finalement, c\u2019est a\u0300 12h30 que les chefs de de\u0301le\u0301gations font leur entre\u0301e dans cette salle de confe\u0301rence du ministe\u0300re en charge de la coope\u0301ration, synonyme de l\u2019ouverture officielle des travaux.<\/p>\n<p>Il s\u2019agissait pour les ministres d\u2019examiner les conclusions de la rencontre des hauts fonctionnaires (experts), 12 au 14 fe\u0301vrier, aux fins de pre\u0301parer le sommet des trois chefs d\u2019E\u0301tat de l\u2019AES.<\/p>\n<p>Apre\u0300s une journe\u0301e d\u2019e\u0301changes entre les trois de\u0301le\u0301gations, avec une parenthe\u0300se de visite au pre\u0301sident de la Transition, capitaine Ibrahim Traore\u0301, la clo\u0302ture, annonce\u0301e pour 17h, a lieu finalement a\u0300 21h20. Elle est marque\u0301e par la lecture du releve\u0301 des conclusions de la re\u0301union, le de\u0301voilement d\u2019une motion de soutien au peuple du Niger, le discours du ministre d\u2019E\u0301tat, ministre de la de\u0301fense nationale et des anciens combattants du Burkina, le ge\u0301ne\u0301ral de brigade Kassoum Coulibaly.<\/p>\n<p>Des conclusions des travaux, on retient qu\u2019en ce qui concerne la Charte de l\u2019AES, les ministres n\u2019ont pas juge\u0301 ne\u0301cessaire de proce\u0301der a\u0300 sa re\u0301vision. Cependant, tenant compte des re\u0301fe\u0301rences faites au traite\u0301 re\u0301vise\u0301 de la CEDEAO dans la charte et au retrait sans de\u0301lai des trois pays de cette organisation, les ministres ont convenu que le traite\u0301 portant cre\u0301ation de la Confe\u0301de\u0301ration prenne acte dudit retrait.<\/p>\n<p>Sur le traite\u0301 portant cre\u0301ation de la Confe\u0301de\u0301ration de l\u2019AES, les ministres ont releve\u0301 la ne\u0301cessite\u0301 de fonder le traite\u0301 de la Confe\u0301de\u0301ration sur les re\u0301fe\u0301rences historiques et propres aux peuples du Sahel. Ils ont, en outre, fait l\u2019option de l\u2019architecture institutionnelle le\u0301ge\u0300re comprenant la session du colle\u0300ge des chefs d\u2019E\u0301tat, les sessions du Conseil des ministres et les sessions des repre\u0301sentants du parlement.<\/p>\n<p>Les ministres ont fait des recommandations relatives a\u0300 l\u2019e\u0301laboration d\u2019une feuille de route de la Confe\u0301de\u0301ration des E\u0301tats du Sahel ; l\u2019acce\u0301le\u0301ration de l\u2019e\u0301laboration de la charte graphique de l\u2019AES ; l\u2019e\u0301laboration dans de meilleurs de\u0301lais des projets et protocole additionnel relatifs a\u0300 la re\u0301partition et aux compe\u0301tences entre la Confe\u0301de\u0301ration et les E\u0301tats. Aussi recommandent-ils l\u2019e\u0301laboration dans l\u2019urgence d\u2019un projet de protocole additionnel relatif a\u0300 la libre circulation des personnes et des biens, a\u0300 la de\u0301fense et a\u0300 la se\u0301curite\u0301 pour faire face aux implications lie\u0301es au retrait des E\u0301tats de l\u2019AES de la CEDEAO ; la mise en place d\u2019un cadre de concertations en vue de ge\u0301rer les implications lie\u0301es au retrait sans de\u0301lai de la CEDEAO ; l\u2019identification des partenaires strate\u0301giques. Les ministres ont, en outre, condamne\u0301 \u00ab la confiscation ille\u0301gale et ille\u0301gitime des avoirs du Niger par l\u2019UEMOA a\u0300 travers la BCEAO \u00bb avant d\u2019exprimer leur solidarite\u0301 au gouvernement et au peuple nige\u0301riens et d\u2019exiger la restitution sans de\u0301lai desdits avoirs.<\/p>\n<p><strong>Pour plus d&rsquo;informations et d&rsquo;analyses sur la <a href=\"https:\/\/www.africa-press.net\/niger\">Niger<\/a>, suivez <a href=\"https:\/\/www.africa-press.net\/\">Africa-Press<\/a><\/strong><\/p>\n","protected":false},"excerpt":{"rendered":"<p>Africa-Press &#8211; Niger. Les ministres de l\u2019Alliance des E\u0301tats du Sahel (AES) se sont re\u0301unis, ce jeudi 15 fe\u0301vrier 2024 a\u0300 Ouagadougou, pour discuter principalement de la re\u0301vision de la Charte de l\u2019AES et de la cre\u0301ation d\u2019une confe\u0301de\u0301ration entre le Burkina, le Mali et le Niger. Initialement pre\u0301vue pour se tenir dans la salle [&hellip;]<\/p>\n","protected":false},"author":82,"featured_media":58853,"comment_status":"open","ping_status":"closed","sticky":false,"template":"","format":"standard","meta":{"footnotes":""},"categories":[2,10],"tags":[55,60,29],"class_list":["post-58854","post","type-post","status-publish","format-standard","has-post-thumbnail","hentry","category-politique","category-toutes-les-actualites","tag-africa-press","tag-africa-press-niger","tag-niger"],"yoast_head":"<!-- This site is optimized with the Yoast SEO Premium plugin v26.1 (Yoast SEO v27.0) - https:\/\/yoast.com\/product\/yoast-seo-premium-wordpress\/ -->\n<title>R\u00e9union des ministres de l\u2019AES \u00e0 Ouagadougou : La marche vers la cr\u00e9ation de la Conf\u00e9d\u00e9ration Burkina-Mali-Niger est entam\u00e9e - niger<\/title>\n<meta name=\"description\" content=\"Les ministres de l\u2019Alliance des E\u0301tats du Sahel (AES) se sont re\u0301unis, ce jeudi 15 fe\u0301vrier 2024 a\u0300 Ouagadougou, pour di ...\" \/>\n<meta name=\"robots\" content=\"index, follow, max-snippet:-1, max-image-preview:large, max-video-preview:-1\" \/>\n<link rel=\"canonical\" href=\"https:\/\/www.africa-press.net\/niger\/politique\/reunion-des-ministres-de-laes-a-ouagadougou-la-marche-vers-la-creation-de-la-confederation-burkina-mali-niger-est-entamee-2\" \/>\n<meta property=\"og:locale\" content=\"fr_FR\" \/>\n<meta property=\"og:type\" content=\"article\" \/>\n<meta property=\"og:title\" content=\"R\u00e9union des ministres de l\u2019AES \u00e0 Ouagadougou : La marche vers la cr\u00e9ation de la Conf\u00e9d\u00e9ration Burkina-Mali-Niger est entam\u00e9e\" \/>\n<meta property=\"og:description\" content=\"Les ministres de l\u2019Alliance des E\u0301tats du Sahel (AES) se sont re\u0301unis, ce jeudi 15 fe\u0301vrier 2024 a\u0300 Ouagadougou, pour di ...\" \/>\n<meta property=\"og:url\" content=\"https:\/\/www.africa-press.net\/niger\/politique\/reunion-des-ministres-de-laes-a-ouagadougou-la-marche-vers-la-creation-de-la-confederation-burkina-mali-niger-est-entamee-2\" \/>\n<meta property=\"og:site_name\" content=\"niger\" \/>\n<meta property=\"article:published_time\" content=\"2024-02-19T19:24:19+00:00\" \/>\n<meta property=\"article:modified_time\" content=\"2024-02-21T06:40:54+00:00\" \/>\n<meta property=\"og:image\" content=\"https:\/\/static.africa-press.net\/niger\/sites\/40\/2024\/02\/sm_1708360109.956526.jpg\" \/>\n\t<meta property=\"og:image:width\" content=\"720\" \/>\n\t<meta property=\"og:image:height\" content=\"376\" \/>\n\t<meta property=\"og:image:type\" content=\"image\/jpeg\" \/>\n<meta name=\"author\" content=\"cfeditorfr\" \/>\n<meta name=\"twitter:card\" content=\"summary_large_image\" \/>\n<meta name=\"twitter:label1\" content=\"\u00c9crit par\" \/>\n\t<meta name=\"twitter:data1\" content=\"cfeditorfr\" \/>\n\t<meta name=\"twitter:label2\" content=\"Dur\u00e9e de lecture estim\u00e9e\" \/>\n\t<meta name=\"twitter:data2\" content=\"4 minutes\" \/>\n<script type=\"application\/ld+json\" class=\"yoast-schema-graph\">{\"@context\":\"https:\/\/schema.org\",\"@graph\":[{\"@type\":\"Article\",\"@id\":\"https:\/\/www.africa-press.net\/niger\/politique\/reunion-des-ministres-de-laes-a-ouagadougou-la-marche-vers-la-creation-de-la-confederation-burkina-mali-niger-est-entamee-2#article\",\"isPartOf\":{\"@id\":\"https:\/\/www.africa-press.net\/niger\/politique\/reunion-des-ministres-de-laes-a-ouagadougou-la-marche-vers-la-creation-de-la-confederation-burkina-mali-niger-est-entamee-2\"},\"author\":{\"name\":\"cfeditorfr\",\"@id\":\"https:\/\/www.africa-press.net\/niger\/#\/schema\/person\/2b1cf3cd81a31e3cd26889ca66d677f1\"},\"headline\":\"R\u00e9union des ministres de l\u2019AES \u00e0 Ouagadougou : La marche vers la cr\u00e9ation de la Conf\u00e9d\u00e9ration Burkina-Mali-Niger est entam\u00e9e\",\"datePublished\":\"2024-02-19T19:24:19+00:00\",\"dateModified\":\"2024-02-21T06:40:54+00:00\",\"mainEntityOfPage\":{\"@id\":\"https:\/\/www.africa-press.net\/niger\/politique\/reunion-des-ministres-de-laes-a-ouagadougou-la-marche-vers-la-creation-de-la-confederation-burkina-mali-niger-est-entamee-2\"},\"wordCount\":733,\"commentCount\":0,\"image\":{\"@id\":\"https:\/\/www.africa-press.net\/niger\/politique\/reunion-des-ministres-de-laes-a-ouagadougou-la-marche-vers-la-creation-de-la-confederation-burkina-mali-niger-est-entamee-2#primaryimage\"},\"thumbnailUrl\":\"https:\/\/static.africa-press.net\/niger\/sites\/40\/2024\/02\/sm_1708360109.956526.jpg\",\"keywords\":[\"Africa Press\",\"Africa Press-Niger\",\"Niger\"],\"articleSection\":[\"Politique\",\"Toutes les actualit\u00e9s\"],\"inLanguage\":\"fr-FR\",\"potentialAction\":[{\"@type\":\"CommentAction\",\"name\":\"Comment\",\"target\":[\"https:\/\/www.africa-press.net\/niger\/politique\/reunion-des-ministres-de-laes-a-ouagadougou-la-marche-vers-la-creation-de-la-confederation-burkina-mali-niger-est-entamee-2#respond\"]}]},{\"@type\":\"WebPage\",\"@id\":\"https:\/\/www.africa-press.net\/niger\/politique\/reunion-des-ministres-de-laes-a-ouagadougou-la-marche-vers-la-creation-de-la-confederation-burkina-mali-niger-est-entamee-2\",\"url\":\"https:\/\/www.africa-press.net\/niger\/politique\/reunion-des-ministres-de-laes-a-ouagadougou-la-marche-vers-la-creation-de-la-confederation-burkina-mali-niger-est-entamee-2\",\"name\":\"R\u00e9union des ministres de l\u2019AES \u00e0 Ouagadougou : La marche vers la cr\u00e9ation de la Conf\u00e9d\u00e9ration Burkina-Mali-Niger est entam\u00e9e - niger\",\"isPartOf\":{\"@id\":\"https:\/\/www.africa-press.net\/niger\/#website\"},\"primaryImageOfPage\":{\"@id\":\"https:\/\/www.africa-press.net\/niger\/politique\/reunion-des-ministres-de-laes-a-ouagadougou-la-marche-vers-la-creation-de-la-confederation-burkina-mali-niger-est-entamee-2#primaryimage\"},\"image\":{\"@id\":\"https:\/\/www.africa-press.net\/niger\/politique\/reunion-des-ministres-de-laes-a-ouagadougou-la-marche-vers-la-creation-de-la-confederation-burkina-mali-niger-est-entamee-2#primaryimage\"},\"thumbnailUrl\":\"https:\/\/static.africa-press.net\/niger\/sites\/40\/2024\/02\/sm_1708360109.956526.jpg\",\"datePublished\":\"2024-02-19T19:24:19+00:00\",\"dateModified\":\"2024-02-21T06:40:54+00:00\",\"author\":{\"@id\":\"https:\/\/www.africa-press.net\/niger\/#\/schema\/person\/2b1cf3cd81a31e3cd26889ca66d677f1\"},\"description\":\"Les ministres de l\u2019Alliance des E\u0301tats du Sahel (AES) se sont re\u0301unis, ce jeudi 15 fe\u0301vrier 2024 a\u0300 Ouagadougou, pour di ...\",\"breadcrumb\":{\"@id\":\"https:\/\/www.africa-press.net\/niger\/politique\/reunion-des-ministres-de-laes-a-ouagadougou-la-marche-vers-la-creation-de-la-confederation-burkina-mali-niger-est-entamee-2#breadcrumb\"},\"inLanguage\":\"fr-FR\",\"potentialAction\":[{\"@type\":\"ReadAction\",\"target\":[\"https:\/\/www.africa-press.net\/niger\/politique\/reunion-des-ministres-de-laes-a-ouagadougou-la-marche-vers-la-creation-de-la-confederation-burkina-mali-niger-est-entamee-2\"]}]},{\"@type\":\"ImageObject\",\"inLanguage\":\"fr-FR\",\"@id\":\"https:\/\/www.africa-press.net\/niger\/politique\/reunion-des-ministres-de-laes-a-ouagadougou-la-marche-vers-la-creation-de-la-confederation-burkina-mali-niger-est-entamee-2#primaryimage\",\"url\":\"https:\/\/static.africa-press.net\/niger\/sites\/40\/2024\/02\/sm_1708360109.956526.jpg\",\"contentUrl\":\"https:\/\/static.africa-press.net\/niger\/sites\/40\/2024\/02\/sm_1708360109.956526.jpg\",\"width\":720,\"height\":376,\"caption\":\"R\u00e9union des ministres de l\u2019AES \u00e0 Ouagadougou : La marche vers la cr\u00e9ation de la Conf\u00e9d\u00e9ration Burkina-Mali-Niger est entam\u00e9e\"},{\"@type\":\"BreadcrumbList\",\"@id\":\"https:\/\/www.africa-press.net\/niger\/politique\/reunion-des-ministres-de-laes-a-ouagadougou-la-marche-vers-la-creation-de-la-confederation-burkina-mali-niger-est-entamee-2#breadcrumb\",\"itemListElement\":[{\"@type\":\"ListItem\",\"position\":1,\"name\":\"Accueil\",\"item\":\"https:\/\/www.africa-press.net\/niger\/\"},{\"@type\":\"ListItem\",\"position\":2,\"name\":\"R\u00e9union des ministres de l\u2019AES \u00e0 Ouagadougou : La marche vers la cr\u00e9ation de la Conf\u00e9d\u00e9ration Burkina-Mali-Niger est entam\u00e9e\"}]},{\"@type\":\"WebSite\",\"@id\":\"https:\/\/www.africa-press.net\/niger\/#website\",\"url\":\"https:\/\/www.africa-press.net\/niger\/\",\"name\":\"niger\",\"description\":\"Just another Africa News Agency Sites site\",\"potentialAction\":[{\"@type\":\"SearchAction\",\"target\":{\"@type\":\"EntryPoint\",\"urlTemplate\":\"https:\/\/www.africa-press.net\/niger\/?s={search_term_string}\"},\"query-input\":{\"@type\":\"PropertyValueSpecification\",\"valueRequired\":true,\"valueName\":\"search_term_string\"}}],\"inLanguage\":\"fr-FR\"},{\"@type\":\"Person\",\"@id\":\"https:\/\/www.africa-press.net\/niger\/#\/schema\/person\/2b1cf3cd81a31e3cd26889ca66d677f1\",\"name\":\"cfeditorfr\"}]}<\/script>\n<!-- \/ Yoast SEO Premium plugin. -->","yoast_head_json":{"title":"R\u00e9union des ministres de l\u2019AES \u00e0 Ouagadougou : La marche vers la cr\u00e9ation de la Conf\u00e9d\u00e9ration Burkina-Mali-Niger est entam\u00e9e - niger","description":"Les ministres de l\u2019Alliance des E\u0301tats du Sahel (AES) se sont re\u0301unis, ce jeudi 15 fe\u0301vrier 2024 a\u0300 Ouagadougou, pour di ...","robots":{"index":"index","follow":"follow","max-snippet":"max-snippet:-1","max-image-preview":"max-image-preview:large","max-video-preview":"max-video-preview:-1"},"canonical":"https:\/\/www.africa-press.net\/niger\/politique\/reunion-des-ministres-de-laes-a-ouagadougou-la-marche-vers-la-creation-de-la-confederation-burkina-mali-niger-est-entamee-2","og_locale":"fr_FR","og_type":"article","og_title":"R\u00e9union des ministres de l\u2019AES \u00e0 Ouagadougou : La marche vers la cr\u00e9ation de la Conf\u00e9d\u00e9ration Burkina-Mali-Niger est entam\u00e9e","og_description":"Les ministres de l\u2019Alliance des E\u0301tats du Sahel (AES) se sont re\u0301unis, ce jeudi 15 fe\u0301vrier 2024 a\u0300 Ouagadougou, pour di ...","og_url":"https:\/\/www.africa-press.net\/niger\/politique\/reunion-des-ministres-de-laes-a-ouagadougou-la-marche-vers-la-creation-de-la-confederation-burkina-mali-niger-est-entamee-2","og_site_name":"niger","article_published_time":"2024-02-19T19:24:19+00:00","article_modified_time":"2024-02-21T06:40:54+00:00","og_image":[{"width":720,"height":376,"url":"https:\/\/static.africa-press.net\/niger\/sites\/40\/2024\/02\/sm_1708360109.956526.jpg","type":"image\/jpeg"}],"author":"cfeditorfr","twitter_card":"summary_large_image","twitter_misc":{"\u00c9crit par":"cfeditorfr","Dur\u00e9e de lecture estim\u00e9e":"4 minutes"},"schema":{"@context":"https:\/\/schema.org","@graph":[{"@type":"Article","@id":"https:\/\/www.africa-press.net\/niger\/politique\/reunion-des-ministres-de-laes-a-ouagadougou-la-marche-vers-la-creation-de-la-confederation-burkina-mali-niger-est-entamee-2#article","isPartOf":{"@id":"https:\/\/www.africa-press.net\/niger\/politique\/reunion-des-ministres-de-laes-a-ouagadougou-la-marche-vers-la-creation-de-la-confederation-burkina-mali-niger-est-entamee-2"},"author":{"name":"cfeditorfr","@id":"https:\/\/www.africa-press.net\/niger\/#\/schema\/person\/2b1cf3cd81a31e3cd26889ca66d677f1"},"headline":"R\u00e9union des ministres de l\u2019AES \u00e0 Ouagadougou : La marche vers la cr\u00e9ation de la Conf\u00e9d\u00e9ration Burkina-Mali-Niger est entam\u00e9e","datePublished":"2024-02-19T19:24:19+00:00","dateModified":"2024-02-21T06:40:54+00:00","mainEntityOfPage":{"@id":"https:\/\/www.africa-press.net\/niger\/politique\/reunion-des-ministres-de-laes-a-ouagadougou-la-marche-vers-la-creation-de-la-confederation-burkina-mali-niger-est-entamee-2"},"wordCount":733,"commentCount":0,"image":{"@id":"https:\/\/www.africa-press.net\/niger\/politique\/reunion-des-ministres-de-laes-a-ouagadougou-la-marche-vers-la-creation-de-la-confederation-burkina-mali-niger-est-entamee-2#primaryimage"},"thumbnailUrl":"https:\/\/static.africa-press.net\/niger\/sites\/40\/2024\/02\/sm_1708360109.956526.jpg","keywords":["Africa Press","Africa Press-Niger","Niger"],"articleSection":["Politique","Toutes les actualit\u00e9s"],"inLanguage":"fr-FR","potentialAction":[{"@type":"CommentAction","name":"Comment","target":["https:\/\/www.africa-press.net\/niger\/politique\/reunion-des-ministres-de-laes-a-ouagadougou-la-marche-vers-la-creation-de-la-confederation-burkina-mali-niger-est-entamee-2#respond"]}]},{"@type":"WebPage","@id":"https:\/\/www.africa-press.net\/niger\/politique\/reunion-des-ministres-de-laes-a-ouagadougou-la-marche-vers-la-creation-de-la-confederation-burkina-mali-niger-est-entamee-2","url":"https:\/\/www.africa-press.net\/niger\/politique\/reunion-des-ministres-de-laes-a-ouagadougou-la-marche-vers-la-creation-de-la-confederation-burkina-mali-niger-est-entamee-2","name":"R\u00e9union des ministres de l\u2019AES \u00e0 Ouagadougou : La marche vers la cr\u00e9ation de la Conf\u00e9d\u00e9ration Burkina-Mali-Niger est entam\u00e9e - niger","isPartOf":{"@id":"https:\/\/www.africa-press.net\/niger\/#website"},"primaryImageOfPage":{"@id":"https:\/\/www.africa-press.net\/niger\/politique\/reunion-des-ministres-de-laes-a-ouagadougou-la-marche-vers-la-creation-de-la-confederation-burkina-mali-niger-est-entamee-2#primaryimage"},"image":{"@id":"https:\/\/www.africa-press.net\/niger\/politique\/reunion-des-ministres-de-laes-a-ouagadougou-la-marche-vers-la-creation-de-la-confederation-burkina-mali-niger-est-entamee-2#primaryimage"},"thumbnailUrl":"https:\/\/static.africa-press.net\/niger\/sites\/40\/2024\/02\/sm_1708360109.956526.jpg","datePublished":"2024-02-19T19:24:19+00:00","dateModified":"2024-02-21T06:40:54+00:00","author":{"@id":"https:\/\/www.africa-press.net\/niger\/#\/schema\/person\/2b1cf3cd81a31e3cd26889ca66d677f1"},"description":"Les ministres de l\u2019Alliance des E\u0301tats du Sahel (AES) se sont re\u0301unis, ce jeudi 15 fe\u0301vrier 2024 a\u0300 Ouagadougou, pour di ...","breadcrumb":{"@id":"https:\/\/www.africa-press.net\/niger\/politique\/reunion-des-ministres-de-laes-a-ouagadougou-la-marche-vers-la-creation-de-la-confederation-burkina-mali-niger-est-entamee-2#breadcrumb"},"inLanguage":"fr-FR","potentialAction":[{"@type":"ReadAction","target":["https:\/\/www.africa-press.net\/niger\/politique\/reunion-des-ministres-de-laes-a-ouagadougou-la-marche-vers-la-creation-de-la-confederation-burkina-mali-niger-est-entamee-2"]}]},{"@type":"ImageObject","inLanguage":"fr-FR","@id":"https:\/\/www.africa-press.net\/niger\/politique\/reunion-des-ministres-de-laes-a-ouagadougou-la-marche-vers-la-creation-de-la-confederation-burkina-mali-niger-est-entamee-2#primaryimage","url":"https:\/\/static.africa-press.net\/niger\/sites\/40\/2024\/02\/sm_1708360109.956526.jpg","contentUrl":"https:\/\/static.africa-press.net\/niger\/sites\/40\/2024\/02\/sm_1708360109.956526.jpg","width":720,"height":376,"caption":"R\u00e9union des ministres de l\u2019AES \u00e0 Ouagadougou : La marche vers la cr\u00e9ation de la Conf\u00e9d\u00e9ration Burkina-Mali-Niger est entam\u00e9e"},{"@type":"BreadcrumbList","@id":"https:\/\/www.africa-press.net\/niger\/politique\/reunion-des-ministres-de-laes-a-ouagadougou-la-marche-vers-la-creation-de-la-confederation-burkina-mali-niger-est-entamee-2#breadcrumb","itemListElement":[{"@type":"ListItem","position":1,"name":"Accueil","item":"https:\/\/www.africa-press.net\/niger\/"},{"@type":"ListItem","position":2,"name":"R\u00e9union des ministres de l\u2019AES \u00e0 Ouagadougou : La marche vers la cr\u00e9ation de la Conf\u00e9d\u00e9ration Burkina-Mali-Niger est entam\u00e9e"}]},{"@type":"WebSite","@id":"https:\/\/www.africa-press.net\/niger\/#website","url":"https:\/\/www.africa-press.net\/niger\/","name":"niger","description":"Just another Africa News Agency Sites site","potentialAction":[{"@type":"SearchAction","target":{"@type":"EntryPoint","urlTemplate":"https:\/\/www.africa-press.net\/niger\/?s={search_term_string}"},"query-input":{"@type":"PropertyValueSpecification","valueRequired":true,"valueName":"search_term_string"}}],"inLanguage":"fr-FR"},{"@type":"Person","@id":"https:\/\/www.africa-press.net\/niger\/#\/schema\/person\/2b1cf3cd81a31e3cd26889ca66d677f1","name":"cfeditorfr"}]}},"_links":{"self":[{"href":"https:\/\/www.africa-press.net\/niger\/wp-json\/wp\/v2\/posts\/58854","targetHints":{"allow":["GET"]}}],"collection":[{"href":"https:\/\/www.africa-press.net\/niger\/wp-json\/wp\/v2\/posts"}],"about":[{"href":"https:\/\/www.africa-press.net\/niger\/wp-json\/wp\/v2\/types\/post"}],"author":[{"embeddable":true,"href":"https:\/\/www.africa-press.net\/niger\/wp-json\/wp\/v2\/users\/82"}],"replies":[{"embeddable":true,"href":"https:\/\/www.africa-press.net\/niger\/wp-json\/wp\/v2\/comments?post=58854"}],"version-history":[{"count":0,"href":"https:\/\/www.africa-press.net\/niger\/wp-json\/wp\/v2\/posts\/58854\/revisions"}],"wp:featuredmedia":[{"embeddable":true,"href":"https:\/\/www.africa-press.net\/niger\/wp-json\/wp\/v2\/media\/58853"}],"wp:attachment":[{"href":"https:\/\/www.africa-press.net\/niger\/wp-json\/wp\/v2\/media?parent=58854"}],"wp:term":[{"taxonomy":"category","embeddable":true,"href":"https:\/\/www.africa-press.net\/niger\/wp-json\/wp\/v2\/categories?post=58854"},{"taxonomy":"post_tag","embeddable":true,"href":"https:\/\/www.africa-press.net\/niger\/wp-json\/wp\/v2\/tags?post=58854"}],"curies":[{"name":"wp","href":"https:\/\/api.w.org\/{rel}","templated":true}]}}