{"id":58856,"date":"2024-02-19T19:25:45","date_gmt":"2024-02-19T19:25:45","guid":{"rendered":"https:\/\/www.africa-press.net\/niger\/politique\/installation-du-comite-dorganisation-de-la-foire-des-industries-culturelles-du-niger-pour-une-organisation-efficace-des-activites-de-la-ficni-2024"},"modified":"2024-02-21T06:41:25","modified_gmt":"2024-02-21T06:41:25","slug":"installation-du-comite-dorganisation-de-la-foire-des-industries-culturelles-du-niger-pour-une-organisation-efficace-des-activites-de-la-ficni-2024","status":"publish","type":"post","link":"https:\/\/www.africa-press.net\/niger\/culture-et-art\/installation-du-comite-dorganisation-de-la-foire-des-industries-culturelles-du-niger-pour-une-organisation-efficace-des-activites-de-la-ficni-2024","title":{"rendered":"Installation du Comit\u00e9 d\u2019Organisation de la Foire des Industries Culturelles du Niger : Pour une organisation efficace des activit\u00e9s de la FICNI 2024"},"content":{"rendered":"<p><span style=\"color: #ff6600\"><strong>Africa-Press &#8211; Niger. <\/strong><\/span><b>Le Secre\u0301taire Ge\u0301ne\u0301ral du Ministe\u0300re de la Jeunesse, des Sports, des Arts et de la Culture, M. Mohamadou Abdoulaye a pre\u0301side\u0301 le jeudi 15 fe\u0301vrier 2024, la ce\u0301re\u0301monie d\u2019installation du Comite\u0301 Technique d\u2019Organisation de la 3e\u0300me e\u0301dition de la Foire des Industries Culturelles du Niger (FICNI) a\u0300 Niamey. Ce comite\u0301, compose\u0301 d\u2019une cellule de coordination et de huit (8) commissions techniques a pour mission la pre\u0301paration et l\u2019organisation mate\u0301rielle et technique de la FICNI. L\u2019e\u0301dition de cette anne\u0301e qui se tiendra du 17 au 23 Mai 2024 a\u0300 Niamey est place\u0301e sous le the\u0300me \u00ab Les Industries Culturelles au service de la souverainete\u0301 e\u0301conomique du Sahel \u00bb.<\/b><\/p>\n<p>Cette e\u0301dition aura le me\u0301rite d\u2019associer les pays membres de l\u2019Alliance des E\u0301tats du Sahel qui seront invite\u0301s pour, non seulement assister aux diffe\u0301rentes activite\u0301s mais aussi, mate\u0301rialiser l\u2019e\u0301lan de rapprochement dans les domaines des arts et de la culture.<\/p>\n<p>A\u0300 l\u2019ouverture des travaux, le Secre\u0301taire Ge\u0301ne\u0301ral du Ministe\u0300re de la Jeunesse, des Sports, des Arts et de la Culture a indique\u0301 que cet e\u0301ve\u0301nement constitue un barome\u0300tre qui permettra d\u2019appre\u0301cier avec plus d\u2019objectivite\u0301 le niveau de cre\u0301ation dans toutes les filie\u0300res culturelles. Il a e\u0301galement mis l\u2019accent sur les ressources a\u0300 de\u0301ployer pour la re\u0301ussite effective de l\u2019e\u0301ve\u0301nement au regard des priorite\u0301s du domaine culturel. Cette foire, a-t-il poursuivi, cadre parfaitement avec les orientations et les attributions du ministe\u0300re de la Jeunesse, des Sports, des Arts et de la Culture. \u00ab Je suis instruit d\u2019assurer la promotion et le de\u0301veloppement des entreprises et industries culturelles \u00bb, a ajoute\u0301 M. Mohamadou Abdoulaye.<\/p>\n<p>Aussi, le Secre\u0301taire Ge\u0301ne\u0301ral a rappele\u0301 l\u2019importance des industries culturelles dans le de\u0301veloppement socio-e\u0301conomique du Niger, les devoirs assigne\u0301s aux membres du comite\u0301 afin de mettre en place tous les e\u0301le\u0301ments ne\u0301cessaires pour la mate\u0301rialisation de cette 3e\u0300me e\u0301dition. Il a releve\u0301 les crite\u0300res qui ont sous-tendu les choix des membres du comite\u0301. \u00ab Le choix a e\u0301te\u0301 motive\u0301 par les valeurs intrinse\u0300ques que vous incarnez, votre de\u0301vouement a\u0300 la cause culturelle nationale ainsi que les exploits que vous avez re\u0301alise\u0301s dans le passe\u0301 \u00bb, a-t-il dit.<\/p>\n<p>Le comite\u0301 est compose\u0301 d\u2019une cellule de coordination charge\u0301e de de\u0301finir les orientations de la foire, d\u2019assurer l\u2019administration de la manifestation, notamment le secre\u0301tariat, de mobiliser et de\u0301ployer la logistique ne\u0301cessaire au bon de\u0301roulement de la foire, de coordonner les activite\u0301s des commissions, d\u2019e\u0301laborer le programme ge\u0301ne\u0301ral de la foire, d\u2019ordonner les de\u0301penses, etc.<\/p>\n<p>Quant aux huit commissions techniques, elles sont charge\u0301es de traiter toutes les questions lie\u0301es aux the\u0301matiques de la se\u0301lection des produits, la sce\u0301nographie, l\u2019animation des stands, les visites guide\u0301es, la signale\u0301tique des stands, la logistique des exposants et la production des pie\u0300ces justificatives relatives aux fonds mis a\u0300 sa disposition.<\/p>\n<p>&nbsp;<\/p>\n<p><strong>Pour plus d&rsquo;informations et d&rsquo;analyses sur la <a href=\"https:\/\/www.africa-press.net\/niger\">Niger<\/a>, suivez <a href=\"https:\/\/www.africa-press.net\/\">Africa-Press<\/a><\/strong><\/p>\n","protected":false},"excerpt":{"rendered":"<p>Africa-Press &#8211; Niger. Le Secre\u0301taire Ge\u0301ne\u0301ral du Ministe\u0300re de la Jeunesse, des Sports, des Arts et de la Culture, M. Mohamadou Abdoulaye a pre\u0301side\u0301 le jeudi 15 fe\u0301vrier 2024, la ce\u0301re\u0301monie d\u2019installation du Comite\u0301 Technique d\u2019Organisation de la 3e\u0300me e\u0301dition de la Foire des Industries Culturelles du Niger (FICNI) a\u0300 Niamey. Ce comite\u0301, compose\u0301 d\u2019une [&hellip;]<\/p>\n","protected":false},"author":82,"featured_media":58855,"comment_status":"open","ping_status":"closed","sticky":false,"template":"","format":"standard","meta":{"footnotes":""},"categories":[5,10],"tags":[55,60,29],"class_list":["post-58856","post","type-post","status-publish","format-standard","has-post-thumbnail","hentry","category-culture-et-art","category-toutes-les-actualites","tag-africa-press","tag-africa-press-niger","tag-niger"],"yoast_head":"<!-- This site is optimized with the Yoast SEO Premium plugin v26.1 (Yoast SEO v27.0) - https:\/\/yoast.com\/product\/yoast-seo-premium-wordpress\/ -->\n<title>Installation du Comit\u00e9 d\u2019Organisation de la Foire des Industries Culturelles du Niger : Pour une organisation efficace des activit\u00e9s de la FICNI 2024 - niger<\/title>\n<meta name=\"description\" content=\"Le Secre\u0301taire Ge\u0301ne\u0301ral du Ministe\u0300re de la Jeunesse, des Sports, des Arts et de la Culture, M. Mohamadou Abdoulaye ...\" \/>\n<meta name=\"robots\" content=\"index, follow, max-snippet:-1, max-image-preview:large, max-video-preview:-1\" \/>\n<link rel=\"canonical\" href=\"https:\/\/www.africa-press.net\/niger\/culture-et-art\/installation-du-comite-dorganisation-de-la-foire-des-industries-culturelles-du-niger-pour-une-organisation-efficace-des-activites-de-la-ficni-2024\" \/>\n<meta property=\"og:locale\" content=\"fr_FR\" \/>\n<meta property=\"og:type\" content=\"article\" \/>\n<meta property=\"og:title\" content=\"Installation du Comit\u00e9 d\u2019Organisation de la Foire des Industries Culturelles du Niger : Pour une organisation efficace des activit\u00e9s de la FICNI 2024\" \/>\n<meta property=\"og:description\" content=\"Le Secre\u0301taire Ge\u0301ne\u0301ral du Ministe\u0300re de la Jeunesse, des Sports, des Arts et de la Culture, M. Mohamadou Abdoulaye ...\" \/>\n<meta property=\"og:url\" content=\"https:\/\/www.africa-press.net\/niger\/culture-et-art\/installation-du-comite-dorganisation-de-la-foire-des-industries-culturelles-du-niger-pour-une-organisation-efficace-des-activites-de-la-ficni-2024\" \/>\n<meta property=\"og:site_name\" content=\"niger\" \/>\n<meta property=\"article:published_time\" content=\"2024-02-19T19:25:45+00:00\" \/>\n<meta property=\"article:modified_time\" content=\"2024-02-21T06:41:25+00:00\" \/>\n<meta property=\"og:image\" content=\"https:\/\/static.africa-press.net\/niger\/sites\/40\/2024\/02\/sm_1708360128.371436.jpg\" \/>\n\t<meta property=\"og:image:width\" content=\"1024\" \/>\n\t<meta property=\"og:image:height\" content=\"683\" \/>\n\t<meta property=\"og:image:type\" content=\"image\/jpeg\" \/>\n<meta name=\"author\" content=\"cfeditorfr\" \/>\n<meta name=\"twitter:card\" content=\"summary_large_image\" \/>\n<meta name=\"twitter:label1\" content=\"\u00c9crit par\" \/>\n\t<meta name=\"twitter:data1\" content=\"cfeditorfr\" \/>\n\t<meta name=\"twitter:label2\" content=\"Dur\u00e9e de lecture estim\u00e9e\" \/>\n\t<meta name=\"twitter:data2\" content=\"3 minutes\" \/>\n<script type=\"application\/ld+json\" class=\"yoast-schema-graph\">{\"@context\":\"https:\/\/schema.org\",\"@graph\":[{\"@type\":\"Article\",\"@id\":\"https:\/\/www.africa-press.net\/niger\/culture-et-art\/installation-du-comite-dorganisation-de-la-foire-des-industries-culturelles-du-niger-pour-une-organisation-efficace-des-activites-de-la-ficni-2024#article\",\"isPartOf\":{\"@id\":\"https:\/\/www.africa-press.net\/niger\/culture-et-art\/installation-du-comite-dorganisation-de-la-foire-des-industries-culturelles-du-niger-pour-une-organisation-efficace-des-activites-de-la-ficni-2024\"},\"author\":{\"name\":\"cfeditorfr\",\"@id\":\"https:\/\/www.africa-press.net\/niger\/#\/schema\/person\/2b1cf3cd81a31e3cd26889ca66d677f1\"},\"headline\":\"Installation du Comit\u00e9 d\u2019Organisation de la Foire des Industries Culturelles du Niger : Pour une organisation efficace des activit\u00e9s de la FICNI 2024\",\"datePublished\":\"2024-02-19T19:25:45+00:00\",\"dateModified\":\"2024-02-21T06:41:25+00:00\",\"mainEntityOfPage\":{\"@id\":\"https:\/\/www.africa-press.net\/niger\/culture-et-art\/installation-du-comite-dorganisation-de-la-foire-des-industries-culturelles-du-niger-pour-une-organisation-efficace-des-activites-de-la-ficni-2024\"},\"wordCount\":578,\"commentCount\":0,\"image\":{\"@id\":\"https:\/\/www.africa-press.net\/niger\/culture-et-art\/installation-du-comite-dorganisation-de-la-foire-des-industries-culturelles-du-niger-pour-une-organisation-efficace-des-activites-de-la-ficni-2024#primaryimage\"},\"thumbnailUrl\":\"https:\/\/static.africa-press.net\/niger\/sites\/40\/2024\/02\/sm_1708360128.371436.jpg\",\"keywords\":[\"Africa Press\",\"Africa Press-Niger\",\"Niger\"],\"articleSection\":[\"Culture et Art\",\"Toutes les actualit\u00e9s\"],\"inLanguage\":\"fr-FR\",\"potentialAction\":[{\"@type\":\"CommentAction\",\"name\":\"Comment\",\"target\":[\"https:\/\/www.africa-press.net\/niger\/culture-et-art\/installation-du-comite-dorganisation-de-la-foire-des-industries-culturelles-du-niger-pour-une-organisation-efficace-des-activites-de-la-ficni-2024#respond\"]}]},{\"@type\":\"WebPage\",\"@id\":\"https:\/\/www.africa-press.net\/niger\/culture-et-art\/installation-du-comite-dorganisation-de-la-foire-des-industries-culturelles-du-niger-pour-une-organisation-efficace-des-activites-de-la-ficni-2024\",\"url\":\"https:\/\/www.africa-press.net\/niger\/culture-et-art\/installation-du-comite-dorganisation-de-la-foire-des-industries-culturelles-du-niger-pour-une-organisation-efficace-des-activites-de-la-ficni-2024\",\"name\":\"Installation du Comit\u00e9 d\u2019Organisation de la Foire des Industries Culturelles du Niger : Pour une organisation efficace des activit\u00e9s de la FICNI 2024 - niger\",\"isPartOf\":{\"@id\":\"https:\/\/www.africa-press.net\/niger\/#website\"},\"primaryImageOfPage\":{\"@id\":\"https:\/\/www.africa-press.net\/niger\/culture-et-art\/installation-du-comite-dorganisation-de-la-foire-des-industries-culturelles-du-niger-pour-une-organisation-efficace-des-activites-de-la-ficni-2024#primaryimage\"},\"image\":{\"@id\":\"https:\/\/www.africa-press.net\/niger\/culture-et-art\/installation-du-comite-dorganisation-de-la-foire-des-industries-culturelles-du-niger-pour-une-organisation-efficace-des-activites-de-la-ficni-2024#primaryimage\"},\"thumbnailUrl\":\"https:\/\/static.africa-press.net\/niger\/sites\/40\/2024\/02\/sm_1708360128.371436.jpg\",\"datePublished\":\"2024-02-19T19:25:45+00:00\",\"dateModified\":\"2024-02-21T06:41:25+00:00\",\"author\":{\"@id\":\"https:\/\/www.africa-press.net\/niger\/#\/schema\/person\/2b1cf3cd81a31e3cd26889ca66d677f1\"},\"description\":\"Le Secre\u0301taire Ge\u0301ne\u0301ral du Ministe\u0300re de la Jeunesse, des Sports, des Arts et de la Culture, M. Mohamadou Abdoulaye ...\",\"breadcrumb\":{\"@id\":\"https:\/\/www.africa-press.net\/niger\/culture-et-art\/installation-du-comite-dorganisation-de-la-foire-des-industries-culturelles-du-niger-pour-une-organisation-efficace-des-activites-de-la-ficni-2024#breadcrumb\"},\"inLanguage\":\"fr-FR\",\"potentialAction\":[{\"@type\":\"ReadAction\",\"target\":[\"https:\/\/www.africa-press.net\/niger\/culture-et-art\/installation-du-comite-dorganisation-de-la-foire-des-industries-culturelles-du-niger-pour-une-organisation-efficace-des-activites-de-la-ficni-2024\"]}]},{\"@type\":\"ImageObject\",\"inLanguage\":\"fr-FR\",\"@id\":\"https:\/\/www.africa-press.net\/niger\/culture-et-art\/installation-du-comite-dorganisation-de-la-foire-des-industries-culturelles-du-niger-pour-une-organisation-efficace-des-activites-de-la-ficni-2024#primaryimage\",\"url\":\"https:\/\/static.africa-press.net\/niger\/sites\/40\/2024\/02\/sm_1708360128.371436.jpg\",\"contentUrl\":\"https:\/\/static.africa-press.net\/niger\/sites\/40\/2024\/02\/sm_1708360128.371436.jpg\",\"width\":1024,\"height\":683,\"caption\":\"Installation du Comit\u00e9 d\u2019Organisation de la Foire des Industries Culturelles du Niger : Pour une organisation efficace des activit\u00e9s de la FICNI 2024\"},{\"@type\":\"BreadcrumbList\",\"@id\":\"https:\/\/www.africa-press.net\/niger\/culture-et-art\/installation-du-comite-dorganisation-de-la-foire-des-industries-culturelles-du-niger-pour-une-organisation-efficace-des-activites-de-la-ficni-2024#breadcrumb\",\"itemListElement\":[{\"@type\":\"ListItem\",\"position\":1,\"name\":\"Accueil\",\"item\":\"https:\/\/www.africa-press.net\/niger\/\"},{\"@type\":\"ListItem\",\"position\":2,\"name\":\"Installation du Comit\u00e9 d\u2019Organisation de la Foire des Industries Culturelles du Niger : Pour une organisation efficace des activit\u00e9s de la FICNI 2024\"}]},{\"@type\":\"WebSite\",\"@id\":\"https:\/\/www.africa-press.net\/niger\/#website\",\"url\":\"https:\/\/www.africa-press.net\/niger\/\",\"name\":\"niger\",\"description\":\"Just another Africa News Agency Sites site\",\"potentialAction\":[{\"@type\":\"SearchAction\",\"target\":{\"@type\":\"EntryPoint\",\"urlTemplate\":\"https:\/\/www.africa-press.net\/niger\/?s={search_term_string}\"},\"query-input\":{\"@type\":\"PropertyValueSpecification\",\"valueRequired\":true,\"valueName\":\"search_term_string\"}}],\"inLanguage\":\"fr-FR\"},{\"@type\":\"Person\",\"@id\":\"https:\/\/www.africa-press.net\/niger\/#\/schema\/person\/2b1cf3cd81a31e3cd26889ca66d677f1\",\"name\":\"cfeditorfr\"}]}<\/script>\n<!-- \/ Yoast SEO Premium plugin. -->","yoast_head_json":{"title":"Installation du Comit\u00e9 d\u2019Organisation de la Foire des Industries Culturelles du Niger : Pour une organisation efficace des activit\u00e9s de la FICNI 2024 - niger","description":"Le Secre\u0301taire Ge\u0301ne\u0301ral du Ministe\u0300re de la Jeunesse, des Sports, des Arts et de la Culture, M. Mohamadou Abdoulaye ...","robots":{"index":"index","follow":"follow","max-snippet":"max-snippet:-1","max-image-preview":"max-image-preview:large","max-video-preview":"max-video-preview:-1"},"canonical":"https:\/\/www.africa-press.net\/niger\/culture-et-art\/installation-du-comite-dorganisation-de-la-foire-des-industries-culturelles-du-niger-pour-une-organisation-efficace-des-activites-de-la-ficni-2024","og_locale":"fr_FR","og_type":"article","og_title":"Installation du Comit\u00e9 d\u2019Organisation de la Foire des Industries Culturelles du Niger : Pour une organisation efficace des activit\u00e9s de la FICNI 2024","og_description":"Le Secre\u0301taire Ge\u0301ne\u0301ral du Ministe\u0300re de la Jeunesse, des Sports, des Arts et de la Culture, M. Mohamadou Abdoulaye ...","og_url":"https:\/\/www.africa-press.net\/niger\/culture-et-art\/installation-du-comite-dorganisation-de-la-foire-des-industries-culturelles-du-niger-pour-une-organisation-efficace-des-activites-de-la-ficni-2024","og_site_name":"niger","article_published_time":"2024-02-19T19:25:45+00:00","article_modified_time":"2024-02-21T06:41:25+00:00","og_image":[{"width":1024,"height":683,"url":"https:\/\/static.africa-press.net\/niger\/sites\/40\/2024\/02\/sm_1708360128.371436.jpg","type":"image\/jpeg"}],"author":"cfeditorfr","twitter_card":"summary_large_image","twitter_misc":{"\u00c9crit par":"cfeditorfr","Dur\u00e9e de lecture estim\u00e9e":"3 minutes"},"schema":{"@context":"https:\/\/schema.org","@graph":[{"@type":"Article","@id":"https:\/\/www.africa-press.net\/niger\/culture-et-art\/installation-du-comite-dorganisation-de-la-foire-des-industries-culturelles-du-niger-pour-une-organisation-efficace-des-activites-de-la-ficni-2024#article","isPartOf":{"@id":"https:\/\/www.africa-press.net\/niger\/culture-et-art\/installation-du-comite-dorganisation-de-la-foire-des-industries-culturelles-du-niger-pour-une-organisation-efficace-des-activites-de-la-ficni-2024"},"author":{"name":"cfeditorfr","@id":"https:\/\/www.africa-press.net\/niger\/#\/schema\/person\/2b1cf3cd81a31e3cd26889ca66d677f1"},"headline":"Installation du Comit\u00e9 d\u2019Organisation de la Foire des Industries Culturelles du Niger : Pour une organisation efficace des activit\u00e9s de la FICNI 2024","datePublished":"2024-02-19T19:25:45+00:00","dateModified":"2024-02-21T06:41:25+00:00","mainEntityOfPage":{"@id":"https:\/\/www.africa-press.net\/niger\/culture-et-art\/installation-du-comite-dorganisation-de-la-foire-des-industries-culturelles-du-niger-pour-une-organisation-efficace-des-activites-de-la-ficni-2024"},"wordCount":578,"commentCount":0,"image":{"@id":"https:\/\/www.africa-press.net\/niger\/culture-et-art\/installation-du-comite-dorganisation-de-la-foire-des-industries-culturelles-du-niger-pour-une-organisation-efficace-des-activites-de-la-ficni-2024#primaryimage"},"thumbnailUrl":"https:\/\/static.africa-press.net\/niger\/sites\/40\/2024\/02\/sm_1708360128.371436.jpg","keywords":["Africa Press","Africa Press-Niger","Niger"],"articleSection":["Culture et Art","Toutes les actualit\u00e9s"],"inLanguage":"fr-FR","potentialAction":[{"@type":"CommentAction","name":"Comment","target":["https:\/\/www.africa-press.net\/niger\/culture-et-art\/installation-du-comite-dorganisation-de-la-foire-des-industries-culturelles-du-niger-pour-une-organisation-efficace-des-activites-de-la-ficni-2024#respond"]}]},{"@type":"WebPage","@id":"https:\/\/www.africa-press.net\/niger\/culture-et-art\/installation-du-comite-dorganisation-de-la-foire-des-industries-culturelles-du-niger-pour-une-organisation-efficace-des-activites-de-la-ficni-2024","url":"https:\/\/www.africa-press.net\/niger\/culture-et-art\/installation-du-comite-dorganisation-de-la-foire-des-industries-culturelles-du-niger-pour-une-organisation-efficace-des-activites-de-la-ficni-2024","name":"Installation du Comit\u00e9 d\u2019Organisation de la Foire des Industries Culturelles du Niger : Pour une organisation efficace des activit\u00e9s de la FICNI 2024 - niger","isPartOf":{"@id":"https:\/\/www.africa-press.net\/niger\/#website"},"primaryImageOfPage":{"@id":"https:\/\/www.africa-press.net\/niger\/culture-et-art\/installation-du-comite-dorganisation-de-la-foire-des-industries-culturelles-du-niger-pour-une-organisation-efficace-des-activites-de-la-ficni-2024#primaryimage"},"image":{"@id":"https:\/\/www.africa-press.net\/niger\/culture-et-art\/installation-du-comite-dorganisation-de-la-foire-des-industries-culturelles-du-niger-pour-une-organisation-efficace-des-activites-de-la-ficni-2024#primaryimage"},"thumbnailUrl":"https:\/\/static.africa-press.net\/niger\/sites\/40\/2024\/02\/sm_1708360128.371436.jpg","datePublished":"2024-02-19T19:25:45+00:00","dateModified":"2024-02-21T06:41:25+00:00","author":{"@id":"https:\/\/www.africa-press.net\/niger\/#\/schema\/person\/2b1cf3cd81a31e3cd26889ca66d677f1"},"description":"Le Secre\u0301taire Ge\u0301ne\u0301ral du Ministe\u0300re de la Jeunesse, des Sports, des Arts et de la Culture, M. Mohamadou Abdoulaye ...","breadcrumb":{"@id":"https:\/\/www.africa-press.net\/niger\/culture-et-art\/installation-du-comite-dorganisation-de-la-foire-des-industries-culturelles-du-niger-pour-une-organisation-efficace-des-activites-de-la-ficni-2024#breadcrumb"},"inLanguage":"fr-FR","potentialAction":[{"@type":"ReadAction","target":["https:\/\/www.africa-press.net\/niger\/culture-et-art\/installation-du-comite-dorganisation-de-la-foire-des-industries-culturelles-du-niger-pour-une-organisation-efficace-des-activites-de-la-ficni-2024"]}]},{"@type":"ImageObject","inLanguage":"fr-FR","@id":"https:\/\/www.africa-press.net\/niger\/culture-et-art\/installation-du-comite-dorganisation-de-la-foire-des-industries-culturelles-du-niger-pour-une-organisation-efficace-des-activites-de-la-ficni-2024#primaryimage","url":"https:\/\/static.africa-press.net\/niger\/sites\/40\/2024\/02\/sm_1708360128.371436.jpg","contentUrl":"https:\/\/static.africa-press.net\/niger\/sites\/40\/2024\/02\/sm_1708360128.371436.jpg","width":1024,"height":683,"caption":"Installation du Comit\u00e9 d\u2019Organisation de la Foire des Industries Culturelles du Niger : Pour une organisation efficace des activit\u00e9s de la FICNI 2024"},{"@type":"BreadcrumbList","@id":"https:\/\/www.africa-press.net\/niger\/culture-et-art\/installation-du-comite-dorganisation-de-la-foire-des-industries-culturelles-du-niger-pour-une-organisation-efficace-des-activites-de-la-ficni-2024#breadcrumb","itemListElement":[{"@type":"ListItem","position":1,"name":"Accueil","item":"https:\/\/www.africa-press.net\/niger\/"},{"@type":"ListItem","position":2,"name":"Installation du Comit\u00e9 d\u2019Organisation de la Foire des Industries Culturelles du Niger : Pour une organisation efficace des activit\u00e9s de la FICNI 2024"}]},{"@type":"WebSite","@id":"https:\/\/www.africa-press.net\/niger\/#website","url":"https:\/\/www.africa-press.net\/niger\/","name":"niger","description":"Just another Africa News Agency Sites site","potentialAction":[{"@type":"SearchAction","target":{"@type":"EntryPoint","urlTemplate":"https:\/\/www.africa-press.net\/niger\/?s={search_term_string}"},"query-input":{"@type":"PropertyValueSpecification","valueRequired":true,"valueName":"search_term_string"}}],"inLanguage":"fr-FR"},{"@type":"Person","@id":"https:\/\/www.africa-press.net\/niger\/#\/schema\/person\/2b1cf3cd81a31e3cd26889ca66d677f1","name":"cfeditorfr"}]}},"_links":{"self":[{"href":"https:\/\/www.africa-press.net\/niger\/wp-json\/wp\/v2\/posts\/58856","targetHints":{"allow":["GET"]}}],"collection":[{"href":"https:\/\/www.africa-press.net\/niger\/wp-json\/wp\/v2\/posts"}],"about":[{"href":"https:\/\/www.africa-press.net\/niger\/wp-json\/wp\/v2\/types\/post"}],"author":[{"embeddable":true,"href":"https:\/\/www.africa-press.net\/niger\/wp-json\/wp\/v2\/users\/82"}],"replies":[{"embeddable":true,"href":"https:\/\/www.africa-press.net\/niger\/wp-json\/wp\/v2\/comments?post=58856"}],"version-history":[{"count":0,"href":"https:\/\/www.africa-press.net\/niger\/wp-json\/wp\/v2\/posts\/58856\/revisions"}],"wp:featuredmedia":[{"embeddable":true,"href":"https:\/\/www.africa-press.net\/niger\/wp-json\/wp\/v2\/media\/58855"}],"wp:attachment":[{"href":"https:\/\/www.africa-press.net\/niger\/wp-json\/wp\/v2\/media?parent=58856"}],"wp:term":[{"taxonomy":"category","embeddable":true,"href":"https:\/\/www.africa-press.net\/niger\/wp-json\/wp\/v2\/categories?post=58856"},{"taxonomy":"post_tag","embeddable":true,"href":"https:\/\/www.africa-press.net\/niger\/wp-json\/wp\/v2\/tags?post=58856"}],"curies":[{"name":"wp","href":"https:\/\/api.w.org\/{rel}","templated":true}]}}