{"id":58916,"date":"2024-02-21T06:40:33","date_gmt":"2024-02-21T06:40:33","guid":{"rendered":"https:\/\/www.africa-press.net\/niger\/politique\/les-portes-de-la-cedeao-restent-ouvertes-aux-pays-du-sahel-selon-omar-alieu-touray"},"modified":"2024-02-21T16:45:40","modified_gmt":"2024-02-21T16:45:40","slug":"les-portes-de-la-cedeao-restent-ouvertes-aux-pays-du-sahel-selon-omar-alieu-touray","status":"publish","type":"post","link":"https:\/\/www.africa-press.net\/niger\/dossiers\/les-portes-de-la-cedeao-restent-ouvertes-aux-pays-du-sahel-selon-omar-alieu-touray","title":{"rendered":"\u00ab Les portes de la Cedeao restent ouvertes aux pays du Sahel \u00bb, selon Omar Alieu Touray"},"content":{"rendered":"<p><b>Manon Laplace &#8211; Envoy\u00e9e sp\u00e9ciale \u00e0 Addis-Abeba<\/b><\/p>\n<p><span style=\"color: #ff6600\"><strong>Africa-Press &#8211; Niger. <\/strong><\/span><b>Alors que la Communaute\u0301 e\u0301conomique des E\u0301tats de l\u2019Afrique de l\u2019Ouest traverse une crise ine\u0301dite, le pre\u0301sident de la Commission de l\u2019organisation se veut optimiste au sujet du de\u0301part annonce\u0301 du Mali, du Burkina Faso et du Niger.<\/b><\/p>\n<p>Jamais l\u2019organisation sous-re\u0301gionale n\u2019avait, a\u0300 ce point, e\u0301te\u0301 dans la tourmente. Plus critique\u0301e que jamais, la Communaute\u0301 e\u0301conomique des E\u0301tats d\u2019Afrique de l\u2019Ouest (Cedeao) fait aujourd\u2019hui face au de\u0301part annonce\u0301 de trois de ses membres fondateurs, ce qui repre\u0301sente la sortie de quelque 70 millions de citoyens de l\u2019espace communautaire. Si les pays de l\u2019Alliance des E\u0301tats du Sahel (AES) \u2013 le Mali, le Burkina Faso et le Niger \u2013, ont re\u0301affirme\u0301 le caracte\u0300re \u00ab irre\u0301versible \u00bb de leur de\u0301cision, le Gambien Oumar Alieu Touray, a\u0300 la te\u0302te de la Commission de la Cedeao, veut croire a\u0300 une sortie de crise.<\/p>\n<p>Ne\u0301gociations avec les juntes sahe\u0301liennes, crise politique au Se\u0301ne\u0301gal, de\u0301fiance des populations ouest-africaines: en marge du 37e sommet de l\u2019Union africaine, auquel il participait, Oumar Alieu Touray revient, pour Jeune Afrique, sur les soubresauts qui agitent l\u2019espace communautaire ouest-africain.<\/p>\n<p><b>Jeune Afrique: Les pays de l\u2019AES ont re\u0301cemment annonce\u0301 leur volonte\u0301 de quitter la Cedeao. Est-ce a\u0300 dire que toutes les me\u0301diations en cours, pour la leve\u0301e des sanctions, l\u2019e\u0301tablissement d\u2019un chronogramme e\u0301lectoral, ou la libe\u0301ration de Mohamed Bazoum sont abandonne\u0301es ?<\/b><\/p>\n<p>Oumar Alieu Touray: Le 8 fe\u0301vrier, les missions de me\u0301diation et le Conseil de se\u0301curite\u0301 de la Cedeao se sont re\u0301unis au niveau ministe\u0301riel. La Cedeao a de\u0301cide\u0301, a\u0300 cette occasion, de garder sa porte ouverte a\u0300 ces trois pays. La Cedeao est une organisation qui va au-dela\u0300 des gouvernements. C\u2019est une communaute\u0301 de citoyens, une communaute\u0301 de personnes. C\u2019est pourquoi, malgre\u0301 les malentendus, nos portes resteront ouvertes et nous continuerons ce que nous avons commence\u0301.<\/p>\n<p><b>Avez-vous le sentiment que les pays de l\u2019AES sont ouverts a\u0300 une ne\u0301gociation pour rester au sein de la Cedeao ?<\/b><\/p>\n<p>Nous poursuivrons le dialogue et je ne vois pas pourquoi nous ne pourrions pas discuter. Rien n\u2019indique que nos fre\u0300res du Mali, du Burkina Faso et du Niger ne sont pas sensibles a\u0300 nos mains tendues. Nous sommes donc tre\u0300s optimistes.<\/p>\n<p><b>Si le processus est mene\u0301 a\u0300 son terme, un de\u0301part de l\u2019AES aurait des re\u0301percussions e\u0301conomiques conside\u0301rables. Des ne\u0301gociations sont-elles de\u0301ja\u0300 en cours afin de convenir d\u2019accords commerciaux ou relatifs a\u0300 la circulation des personnes ?<\/b><\/p>\n<p>Comme je l\u2019ai dit, nous appartenons toujours a\u0300 une seule communaute\u0301 et nous sommes conscients du fait que les peuples ouest-africains veulent l\u2019unite\u0301. Nous voulons tout faire pour ne pas se\u0301parer ces peuples, nos peuples, qui jouissent de la libre circulation, qui be\u0301ne\u0301ficient d\u2019un certain nombre de re\u0301alisations, comme le commerce intercommunautaire au sein du marche\u0301 commun. Ce sont la\u0300 des acquis dont tous les citoyens de la Cedeao doivent pouvoir continuer a\u0300 be\u0301ne\u0301ficier.<\/p>\n<p><b>L\u2019avenir politique de la Cedeao semble plus que jamais menace\u0301. Craignez-vous que l\u2019on se dirige vers deux blocs antagonistes: les civils contre les militaires ?<\/b><\/p>\n<p>Non, je ne vois pas d\u2019antagonisme ici. Mon avis est que la division, en toute circonstance, nous rend plus faible. Aucun d\u2019entre nous, ni les trois pays [de l\u2019AES] ni les autres E\u0301tats membres de la Cedeao, ne sortiraient gagnants d\u2019une telle se\u0301paration. Notre communaute\u0301 a tout a\u0300 gagner a\u0300 rester unie et nous comptons travailler en ce sens.<\/p>\n<p><b>Le report de l\u2019e\u0301lection pre\u0301sidentielle au Se\u0301ne\u0301gal, retoque\u0301 par le Conseil constitutionnel se\u0301ne\u0301galais, a mis a\u0300 mal la stabilite\u0301 politique du pays et pourrait avoir des conse\u0301quences dans toute la re\u0301gion. E\u0301tait-ce, selon vous, une erreur politique ?<\/b><\/p>\n<p>Le Conseil constitutionnel s\u2019est prononce\u0301 sur la question. Il ne s\u2019agit donc pas de dire si c\u2019est une erreur ou non. Le Conseil constitutionnel a de\u0301cide\u0301 que ce qui e\u0301tait propose\u0301 n\u2019e\u0301tait pas conforme a\u0300 la Constitution et la pre\u0301sidence se\u0301ne\u0301galaise a publie\u0301 une de\u0301claration affirmant qu\u2019elle prenait note de la de\u0301cision du Conseil et qu\u2019elle s\u2019y conformerait. C\u2019est ce qui importe de\u0301sormais.<\/p>\n<p>Pour autant, Macky Sall n\u2019a toujours pas propose\u0301 de date pour le scrutin&#8230;<\/p>\n<p>Le Se\u0301ne\u0301gal est un mode\u0300le de de\u0301mocratie, non seulement en Afrique de l\u2019Ouest mais aussi sur l\u2019ensemble du continent. Le pre\u0301sident Macky Sall a re\u0301affirme\u0301 son attachement aux institutions, je suis certain qu\u2019il agira en conse\u0301quence.<\/p>\n<p><b>Apre\u0300s le coup d\u2019E\u0301tat au Niger, la Cedeao s\u2019est dite pre\u0302te a\u0300 employer tous les moyens ne\u0301cessaires pour re\u0301tablir Mohamed Bazoum, y compris l\u2019option militaire. Apre\u0300s l\u2019e\u0301chec des ne\u0301gociations, qu\u2019est-ce qui l\u2019a pousse\u0301 a\u0300 reculer ?<\/b><\/p>\n<p>Notre objectif dans l\u2019ensemble de la sous-re\u0301gion reste l\u2019ordre constitutionnel, tout simplement parce que c\u2019est ce que pre\u0301voient nos re\u0300gles communautaires. Les sanctions qui ont e\u0301te\u0301 de\u0301cide\u0301es de\u0301coulent des traite\u0301s et des instruments auxquels tous les membres ont souscrits. Y compris les trois pays en transition. [Concernant les autres moyens envisage\u0301s] avec le temps, nous avons re\u0301alise\u0301 qu\u2019une approche diffe\u0301rente pourrait e\u0302tre be\u0301ne\u0301fique.<\/p>\n<p>Il semble justement y avoir une de\u0301fiance grandissante des populations a\u0300 l\u2019e\u0301gard des re\u0300gles communautaires que vous e\u0301voquez. Certains estiment qu\u2019elles sont applique\u0301es selon un deux poids, deux mesures&#8230;<\/p>\n<p>Je pense que les populations d\u2019Afrique de l\u2019Ouest sont attache\u0301es a\u0300 la de\u0301mocratie participative. La Cedeao ne fait que mettre en \u0153uvre les instruments qui garantissent la mise en place de gouvernements responsables, qui viennent au pouvoir par le biais de cette de\u0301mocratie participative. Je ne pense donc pas que nous assistions a\u0300 une grande division entre les citoyens et les gouvernements sur cette question.<\/p>\n<p>Ce a\u0300 quoi nous assistons, c\u2019est une de\u0301sinformation grandissante sur le sujet. C\u2019est un re\u0301el proble\u0300me. Nous devons donc tous y e\u0302tre attentifs, car elle donne une impression qui ne correspond pas vraiment a\u0300 la re\u0301alite\u0301.<\/p>\n<p><b>Source: JeuneAfrique<\/b><\/p>\n<p><strong>Pour plus d&rsquo;informations et d&rsquo;analyses sur la <a href=\"https:\/\/www.africa-press.net\/niger\">Niger<\/a>, suivez <a href=\"https:\/\/www.africa-press.net\/\">Africa-Press<\/a><\/strong><\/p>\n","protected":false},"excerpt":{"rendered":"<p>Manon Laplace &#8211; Envoy\u00e9e sp\u00e9ciale \u00e0 Addis-Abeba Africa-Press &#8211; Niger. Alors que la Communaute\u0301 e\u0301conomique des E\u0301tats de l\u2019Afrique de l\u2019Ouest traverse une crise ine\u0301dite, le pre\u0301sident de la Commission de l\u2019organisation se veut optimiste au sujet du de\u0301part annonce\u0301 du Mali, du Burkina Faso et du Niger. Jamais l\u2019organisation sous-re\u0301gionale n\u2019avait, a\u0300 ce point, [&hellip;]<\/p>\n","protected":false},"author":82,"featured_media":58914,"comment_status":"open","ping_status":"closed","sticky":false,"template":"","format":"standard","meta":{"footnotes":""},"categories":[7,20,10],"tags":[55,60,29],"class_list":["post-58916","post","type-post","status-publish","format-standard","has-post-thumbnail","hentry","category-dossiers","category-top-nouvelles","category-toutes-les-actualites","tag-africa-press","tag-africa-press-niger","tag-niger"],"yoast_head":"<!-- This site is optimized with the Yoast SEO Premium plugin v26.1 (Yoast SEO v27.0) - https:\/\/yoast.com\/product\/yoast-seo-premium-wordpress\/ -->\n<title>\u00ab Les portes de la Cedeao restent ouvertes aux pays du Sahel \u00bb, selon Omar Alieu Touray - niger<\/title>\n<meta name=\"description\" content=\"Alors que la Communaute\u0301 e\u0301conomique des E\u0301tats de l\u2019Afrique de l\u2019Ouest traverse une crise ine\u0301dite, le pre\u0301sident de ...\" \/>\n<meta name=\"robots\" content=\"index, follow, max-snippet:-1, max-image-preview:large, max-video-preview:-1\" \/>\n<link rel=\"canonical\" href=\"https:\/\/www.africa-press.net\/niger\/dossiers\/les-portes-de-la-cedeao-restent-ouvertes-aux-pays-du-sahel-selon-omar-alieu-touray\" \/>\n<meta property=\"og:locale\" content=\"fr_FR\" \/>\n<meta property=\"og:type\" content=\"article\" \/>\n<meta property=\"og:title\" content=\"\u00ab Les portes de la Cedeao restent ouvertes aux pays du Sahel \u00bb, selon Omar Alieu Touray\" \/>\n<meta property=\"og:description\" content=\"Alors que la Communaute\u0301 e\u0301conomique des E\u0301tats de l\u2019Afrique de l\u2019Ouest traverse une crise ine\u0301dite, le pre\u0301sident de ...\" \/>\n<meta property=\"og:url\" content=\"https:\/\/www.africa-press.net\/niger\/dossiers\/les-portes-de-la-cedeao-restent-ouvertes-aux-pays-du-sahel-selon-omar-alieu-touray\" \/>\n<meta property=\"og:site_name\" content=\"niger\" \/>\n<meta property=\"article:published_time\" content=\"2024-02-21T06:40:33+00:00\" \/>\n<meta property=\"article:modified_time\" content=\"2024-02-21T16:45:40+00:00\" \/>\n<meta property=\"og:image\" content=\"https:\/\/static.africa-press.net\/niger\/sites\/40\/2024\/02\/sm_1708486109.967652.jpg\" \/>\n\t<meta property=\"og:image:width\" content=\"1280\" \/>\n\t<meta property=\"og:image:height\" content=\"720\" \/>\n\t<meta property=\"og:image:type\" content=\"image\/jpeg\" \/>\n<meta name=\"author\" content=\"cfeditorfr\" \/>\n<meta name=\"twitter:card\" content=\"summary_large_image\" \/>\n<meta name=\"twitter:label1\" content=\"\u00c9crit par\" \/>\n\t<meta name=\"twitter:data1\" content=\"cfeditorfr\" \/>\n\t<meta name=\"twitter:label2\" content=\"Dur\u00e9e de lecture estim\u00e9e\" \/>\n\t<meta name=\"twitter:data2\" content=\"6 minutes\" \/>\n<script type=\"application\/ld+json\" class=\"yoast-schema-graph\">{\"@context\":\"https:\/\/schema.org\",\"@graph\":[{\"@type\":\"Article\",\"@id\":\"https:\/\/www.africa-press.net\/niger\/dossiers\/les-portes-de-la-cedeao-restent-ouvertes-aux-pays-du-sahel-selon-omar-alieu-touray#article\",\"isPartOf\":{\"@id\":\"https:\/\/www.africa-press.net\/niger\/dossiers\/les-portes-de-la-cedeao-restent-ouvertes-aux-pays-du-sahel-selon-omar-alieu-touray\"},\"author\":{\"name\":\"cfeditorfr\",\"@id\":\"https:\/\/www.africa-press.net\/niger\/#\/schema\/person\/2b1cf3cd81a31e3cd26889ca66d677f1\"},\"headline\":\"\u00ab Les portes de la Cedeao restent ouvertes aux pays du Sahel \u00bb, selon Omar Alieu Touray\",\"datePublished\":\"2024-02-21T06:40:33+00:00\",\"dateModified\":\"2024-02-21T16:45:40+00:00\",\"mainEntityOfPage\":{\"@id\":\"https:\/\/www.africa-press.net\/niger\/dossiers\/les-portes-de-la-cedeao-restent-ouvertes-aux-pays-du-sahel-selon-omar-alieu-touray\"},\"wordCount\":1131,\"commentCount\":0,\"image\":{\"@id\":\"https:\/\/www.africa-press.net\/niger\/dossiers\/les-portes-de-la-cedeao-restent-ouvertes-aux-pays-du-sahel-selon-omar-alieu-touray#primaryimage\"},\"thumbnailUrl\":\"https:\/\/static.africa-press.net\/niger\/sites\/40\/2024\/02\/sm_1708486109.967652.jpg\",\"keywords\":[\"Africa Press\",\"Africa Press-Niger\",\"Niger\"],\"articleSection\":[\"Dossiers\",\"Top Nouvelles\",\"Toutes les actualit\u00e9s\"],\"inLanguage\":\"fr-FR\",\"potentialAction\":[{\"@type\":\"CommentAction\",\"name\":\"Comment\",\"target\":[\"https:\/\/www.africa-press.net\/niger\/dossiers\/les-portes-de-la-cedeao-restent-ouvertes-aux-pays-du-sahel-selon-omar-alieu-touray#respond\"]}]},{\"@type\":\"WebPage\",\"@id\":\"https:\/\/www.africa-press.net\/niger\/dossiers\/les-portes-de-la-cedeao-restent-ouvertes-aux-pays-du-sahel-selon-omar-alieu-touray\",\"url\":\"https:\/\/www.africa-press.net\/niger\/dossiers\/les-portes-de-la-cedeao-restent-ouvertes-aux-pays-du-sahel-selon-omar-alieu-touray\",\"name\":\"\u00ab Les portes de la Cedeao restent ouvertes aux pays du Sahel \u00bb, selon Omar Alieu Touray - niger\",\"isPartOf\":{\"@id\":\"https:\/\/www.africa-press.net\/niger\/#website\"},\"primaryImageOfPage\":{\"@id\":\"https:\/\/www.africa-press.net\/niger\/dossiers\/les-portes-de-la-cedeao-restent-ouvertes-aux-pays-du-sahel-selon-omar-alieu-touray#primaryimage\"},\"image\":{\"@id\":\"https:\/\/www.africa-press.net\/niger\/dossiers\/les-portes-de-la-cedeao-restent-ouvertes-aux-pays-du-sahel-selon-omar-alieu-touray#primaryimage\"},\"thumbnailUrl\":\"https:\/\/static.africa-press.net\/niger\/sites\/40\/2024\/02\/sm_1708486109.967652.jpg\",\"datePublished\":\"2024-02-21T06:40:33+00:00\",\"dateModified\":\"2024-02-21T16:45:40+00:00\",\"author\":{\"@id\":\"https:\/\/www.africa-press.net\/niger\/#\/schema\/person\/2b1cf3cd81a31e3cd26889ca66d677f1\"},\"description\":\"Alors que la Communaute\u0301 e\u0301conomique des E\u0301tats de l\u2019Afrique de l\u2019Ouest traverse une crise ine\u0301dite, le pre\u0301sident de ...\",\"breadcrumb\":{\"@id\":\"https:\/\/www.africa-press.net\/niger\/dossiers\/les-portes-de-la-cedeao-restent-ouvertes-aux-pays-du-sahel-selon-omar-alieu-touray#breadcrumb\"},\"inLanguage\":\"fr-FR\",\"potentialAction\":[{\"@type\":\"ReadAction\",\"target\":[\"https:\/\/www.africa-press.net\/niger\/dossiers\/les-portes-de-la-cedeao-restent-ouvertes-aux-pays-du-sahel-selon-omar-alieu-touray\"]}]},{\"@type\":\"ImageObject\",\"inLanguage\":\"fr-FR\",\"@id\":\"https:\/\/www.africa-press.net\/niger\/dossiers\/les-portes-de-la-cedeao-restent-ouvertes-aux-pays-du-sahel-selon-omar-alieu-touray#primaryimage\",\"url\":\"https:\/\/static.africa-press.net\/niger\/sites\/40\/2024\/02\/sm_1708486109.967652.jpg\",\"contentUrl\":\"https:\/\/static.africa-press.net\/niger\/sites\/40\/2024\/02\/sm_1708486109.967652.jpg\",\"width\":1280,\"height\":720,\"caption\":\"\u00ab Les portes de la Cedeao restent ouvertes aux pays du Sahel \u00bb, selon Omar Alieu Touray\"},{\"@type\":\"BreadcrumbList\",\"@id\":\"https:\/\/www.africa-press.net\/niger\/dossiers\/les-portes-de-la-cedeao-restent-ouvertes-aux-pays-du-sahel-selon-omar-alieu-touray#breadcrumb\",\"itemListElement\":[{\"@type\":\"ListItem\",\"position\":1,\"name\":\"Accueil\",\"item\":\"https:\/\/www.africa-press.net\/niger\/\"},{\"@type\":\"ListItem\",\"position\":2,\"name\":\"\u00ab Les portes de la Cedeao restent ouvertes aux pays du Sahel \u00bb, selon Omar Alieu Touray\"}]},{\"@type\":\"WebSite\",\"@id\":\"https:\/\/www.africa-press.net\/niger\/#website\",\"url\":\"https:\/\/www.africa-press.net\/niger\/\",\"name\":\"niger\",\"description\":\"Just another Africa News Agency Sites site\",\"potentialAction\":[{\"@type\":\"SearchAction\",\"target\":{\"@type\":\"EntryPoint\",\"urlTemplate\":\"https:\/\/www.africa-press.net\/niger\/?s={search_term_string}\"},\"query-input\":{\"@type\":\"PropertyValueSpecification\",\"valueRequired\":true,\"valueName\":\"search_term_string\"}}],\"inLanguage\":\"fr-FR\"},{\"@type\":\"Person\",\"@id\":\"https:\/\/www.africa-press.net\/niger\/#\/schema\/person\/2b1cf3cd81a31e3cd26889ca66d677f1\",\"name\":\"cfeditorfr\"}]}<\/script>\n<!-- \/ Yoast SEO Premium plugin. -->","yoast_head_json":{"title":"\u00ab Les portes de la Cedeao restent ouvertes aux pays du Sahel \u00bb, selon Omar Alieu Touray - niger","description":"Alors que la Communaute\u0301 e\u0301conomique des E\u0301tats de l\u2019Afrique de l\u2019Ouest traverse une crise ine\u0301dite, le pre\u0301sident de ...","robots":{"index":"index","follow":"follow","max-snippet":"max-snippet:-1","max-image-preview":"max-image-preview:large","max-video-preview":"max-video-preview:-1"},"canonical":"https:\/\/www.africa-press.net\/niger\/dossiers\/les-portes-de-la-cedeao-restent-ouvertes-aux-pays-du-sahel-selon-omar-alieu-touray","og_locale":"fr_FR","og_type":"article","og_title":"\u00ab Les portes de la Cedeao restent ouvertes aux pays du Sahel \u00bb, selon Omar Alieu Touray","og_description":"Alors que la Communaute\u0301 e\u0301conomique des E\u0301tats de l\u2019Afrique de l\u2019Ouest traverse une crise ine\u0301dite, le pre\u0301sident de ...","og_url":"https:\/\/www.africa-press.net\/niger\/dossiers\/les-portes-de-la-cedeao-restent-ouvertes-aux-pays-du-sahel-selon-omar-alieu-touray","og_site_name":"niger","article_published_time":"2024-02-21T06:40:33+00:00","article_modified_time":"2024-02-21T16:45:40+00:00","og_image":[{"width":1280,"height":720,"url":"https:\/\/static.africa-press.net\/niger\/sites\/40\/2024\/02\/sm_1708486109.967652.jpg","type":"image\/jpeg"}],"author":"cfeditorfr","twitter_card":"summary_large_image","twitter_misc":{"\u00c9crit par":"cfeditorfr","Dur\u00e9e de lecture estim\u00e9e":"6 minutes"},"schema":{"@context":"https:\/\/schema.org","@graph":[{"@type":"Article","@id":"https:\/\/www.africa-press.net\/niger\/dossiers\/les-portes-de-la-cedeao-restent-ouvertes-aux-pays-du-sahel-selon-omar-alieu-touray#article","isPartOf":{"@id":"https:\/\/www.africa-press.net\/niger\/dossiers\/les-portes-de-la-cedeao-restent-ouvertes-aux-pays-du-sahel-selon-omar-alieu-touray"},"author":{"name":"cfeditorfr","@id":"https:\/\/www.africa-press.net\/niger\/#\/schema\/person\/2b1cf3cd81a31e3cd26889ca66d677f1"},"headline":"\u00ab Les portes de la Cedeao restent ouvertes aux pays du Sahel \u00bb, selon Omar Alieu Touray","datePublished":"2024-02-21T06:40:33+00:00","dateModified":"2024-02-21T16:45:40+00:00","mainEntityOfPage":{"@id":"https:\/\/www.africa-press.net\/niger\/dossiers\/les-portes-de-la-cedeao-restent-ouvertes-aux-pays-du-sahel-selon-omar-alieu-touray"},"wordCount":1131,"commentCount":0,"image":{"@id":"https:\/\/www.africa-press.net\/niger\/dossiers\/les-portes-de-la-cedeao-restent-ouvertes-aux-pays-du-sahel-selon-omar-alieu-touray#primaryimage"},"thumbnailUrl":"https:\/\/static.africa-press.net\/niger\/sites\/40\/2024\/02\/sm_1708486109.967652.jpg","keywords":["Africa Press","Africa Press-Niger","Niger"],"articleSection":["Dossiers","Top Nouvelles","Toutes les actualit\u00e9s"],"inLanguage":"fr-FR","potentialAction":[{"@type":"CommentAction","name":"Comment","target":["https:\/\/www.africa-press.net\/niger\/dossiers\/les-portes-de-la-cedeao-restent-ouvertes-aux-pays-du-sahel-selon-omar-alieu-touray#respond"]}]},{"@type":"WebPage","@id":"https:\/\/www.africa-press.net\/niger\/dossiers\/les-portes-de-la-cedeao-restent-ouvertes-aux-pays-du-sahel-selon-omar-alieu-touray","url":"https:\/\/www.africa-press.net\/niger\/dossiers\/les-portes-de-la-cedeao-restent-ouvertes-aux-pays-du-sahel-selon-omar-alieu-touray","name":"\u00ab Les portes de la Cedeao restent ouvertes aux pays du Sahel \u00bb, selon Omar Alieu Touray - niger","isPartOf":{"@id":"https:\/\/www.africa-press.net\/niger\/#website"},"primaryImageOfPage":{"@id":"https:\/\/www.africa-press.net\/niger\/dossiers\/les-portes-de-la-cedeao-restent-ouvertes-aux-pays-du-sahel-selon-omar-alieu-touray#primaryimage"},"image":{"@id":"https:\/\/www.africa-press.net\/niger\/dossiers\/les-portes-de-la-cedeao-restent-ouvertes-aux-pays-du-sahel-selon-omar-alieu-touray#primaryimage"},"thumbnailUrl":"https:\/\/static.africa-press.net\/niger\/sites\/40\/2024\/02\/sm_1708486109.967652.jpg","datePublished":"2024-02-21T06:40:33+00:00","dateModified":"2024-02-21T16:45:40+00:00","author":{"@id":"https:\/\/www.africa-press.net\/niger\/#\/schema\/person\/2b1cf3cd81a31e3cd26889ca66d677f1"},"description":"Alors que la Communaute\u0301 e\u0301conomique des E\u0301tats de l\u2019Afrique de l\u2019Ouest traverse une crise ine\u0301dite, le pre\u0301sident de ...","breadcrumb":{"@id":"https:\/\/www.africa-press.net\/niger\/dossiers\/les-portes-de-la-cedeao-restent-ouvertes-aux-pays-du-sahel-selon-omar-alieu-touray#breadcrumb"},"inLanguage":"fr-FR","potentialAction":[{"@type":"ReadAction","target":["https:\/\/www.africa-press.net\/niger\/dossiers\/les-portes-de-la-cedeao-restent-ouvertes-aux-pays-du-sahel-selon-omar-alieu-touray"]}]},{"@type":"ImageObject","inLanguage":"fr-FR","@id":"https:\/\/www.africa-press.net\/niger\/dossiers\/les-portes-de-la-cedeao-restent-ouvertes-aux-pays-du-sahel-selon-omar-alieu-touray#primaryimage","url":"https:\/\/static.africa-press.net\/niger\/sites\/40\/2024\/02\/sm_1708486109.967652.jpg","contentUrl":"https:\/\/static.africa-press.net\/niger\/sites\/40\/2024\/02\/sm_1708486109.967652.jpg","width":1280,"height":720,"caption":"\u00ab Les portes de la Cedeao restent ouvertes aux pays du Sahel \u00bb, selon Omar Alieu Touray"},{"@type":"BreadcrumbList","@id":"https:\/\/www.africa-press.net\/niger\/dossiers\/les-portes-de-la-cedeao-restent-ouvertes-aux-pays-du-sahel-selon-omar-alieu-touray#breadcrumb","itemListElement":[{"@type":"ListItem","position":1,"name":"Accueil","item":"https:\/\/www.africa-press.net\/niger\/"},{"@type":"ListItem","position":2,"name":"\u00ab Les portes de la Cedeao restent ouvertes aux pays du Sahel \u00bb, selon Omar Alieu Touray"}]},{"@type":"WebSite","@id":"https:\/\/www.africa-press.net\/niger\/#website","url":"https:\/\/www.africa-press.net\/niger\/","name":"niger","description":"Just another Africa News Agency Sites site","potentialAction":[{"@type":"SearchAction","target":{"@type":"EntryPoint","urlTemplate":"https:\/\/www.africa-press.net\/niger\/?s={search_term_string}"},"query-input":{"@type":"PropertyValueSpecification","valueRequired":true,"valueName":"search_term_string"}}],"inLanguage":"fr-FR"},{"@type":"Person","@id":"https:\/\/www.africa-press.net\/niger\/#\/schema\/person\/2b1cf3cd81a31e3cd26889ca66d677f1","name":"cfeditorfr"}]}},"_links":{"self":[{"href":"https:\/\/www.africa-press.net\/niger\/wp-json\/wp\/v2\/posts\/58916","targetHints":{"allow":["GET"]}}],"collection":[{"href":"https:\/\/www.africa-press.net\/niger\/wp-json\/wp\/v2\/posts"}],"about":[{"href":"https:\/\/www.africa-press.net\/niger\/wp-json\/wp\/v2\/types\/post"}],"author":[{"embeddable":true,"href":"https:\/\/www.africa-press.net\/niger\/wp-json\/wp\/v2\/users\/82"}],"replies":[{"embeddable":true,"href":"https:\/\/www.africa-press.net\/niger\/wp-json\/wp\/v2\/comments?post=58916"}],"version-history":[{"count":0,"href":"https:\/\/www.africa-press.net\/niger\/wp-json\/wp\/v2\/posts\/58916\/revisions"}],"wp:featuredmedia":[{"embeddable":true,"href":"https:\/\/www.africa-press.net\/niger\/wp-json\/wp\/v2\/media\/58914"}],"wp:attachment":[{"href":"https:\/\/www.africa-press.net\/niger\/wp-json\/wp\/v2\/media?parent=58916"}],"wp:term":[{"taxonomy":"category","embeddable":true,"href":"https:\/\/www.africa-press.net\/niger\/wp-json\/wp\/v2\/categories?post=58916"},{"taxonomy":"post_tag","embeddable":true,"href":"https:\/\/www.africa-press.net\/niger\/wp-json\/wp\/v2\/tags?post=58916"}],"curies":[{"name":"wp","href":"https:\/\/api.w.org\/{rel}","templated":true}]}}