{"id":58939,"date":"2024-02-21T17:53:19","date_gmt":"2024-02-21T17:53:19","guid":{"rendered":"https:\/\/www.africa-press.net\/niger\/politique\/retrait-du-niger-de-la-cedeao-le-president-de-la-transition-explique-les-raisons"},"modified":"2024-02-21T18:35:23","modified_gmt":"2024-02-21T18:35:23","slug":"retrait-du-niger-de-la-cedeao-le-president-de-la-transition-explique-les-raisons","status":"publish","type":"post","link":"https:\/\/www.africa-press.net\/niger\/politique\/retrait-du-niger-de-la-cedeao-le-president-de-la-transition-explique-les-raisons","title":{"rendered":"RETRAIT DU NIGER DE LA CEDEAO : LE PR\u00c9SIDENT DE LA TRANSITION EXPLIQUE LES RAISONS"},"content":{"rendered":"<p><span style=\"color: #ff6600\"><strong>Africa-Press &#8211; Niger. <\/strong><\/span>Le de\u0301bat autour du retrait du Niger de la Communaute\u0301 e\u0301conomique des Etats de l\u2019Afrique de l\u2019Ouest (CEDEAO) est de\u0301sormais tranche\u0301 avec la sortie me\u0301diatique du pre\u0301sident du CNSP, en date du dimanche 11 fe\u0301vrier dernier sur la te\u0301le\u0301vision nationale.<\/p>\n<p>Dans cet entretien, le Chef de l\u2019Etat, le ge\u0301ne\u0301ral Abdourahamane Tiani a expose\u0301 les principales raisons ayant conduit les nouvelles autorite\u0301s du pays a\u0300 de\u0301cider de la sortie du Niger de l\u2019organisation communautaire. En effet, trois raisons ont milite\u0301 au choix de cette de\u0301cision, selon le Chef de l\u2019Etat.<\/p>\n<p>\u00ab La premie\u0300re raison est d\u2019ordre se\u0301curitaire \u00bb, a-t-il dit, avant de rappeler que la CEDEAO e\u0301tait sur un plan d\u2019une agression militaire contre le Niger. Dans cette perspective, dira le ge\u0301ne\u0301ral Tiani, \u00ab le Niger ne peut plus rester dans une organisation qui projette une grave attaque militaire sur son territoire avec les conse\u0301quences dramatiques sur la population civile \u00bb.<\/p>\n<p>La deuxie\u0300me raison, a-t-il souligne\u0301, est \u00ab e\u0301thique et morale \u00bb, renvoyant aux lourdes sanctions inflige\u0301es sur le Niger par la CEDEAO et ce, de\u0300s les premiers jours ayant suivi les e\u0301ve\u0301nements du 26 juillet 2023.<\/p>\n<p>Le Niger a e\u0301te\u0301 de\u0301pourvu de tous, jusqu\u2019aux produits me\u0301dicaux de premie\u0300re ne\u0301cessite\u0301. Des sanctions qui, selon le pre\u0301sident Tiani, \u00ab causent des souffrances insupportables a\u0300 la population, alors qu\u2019elles n\u2019ont jamais e\u0301te\u0301 inflige\u0301es a\u0300 aucun autre pays avant le Niger et qu\u2019elles ne sont pre\u0301vues par aucun texte fondateur de la CEDEAO \u00bb.<\/p>\n<p>Pour le Chef de l\u2019Etat, \u00ab les mesures prises contre le Niger reposent sur une modification de l\u2019esprit de la CEDEAO avec l\u2019introduction en juillet 1991 du principe de la de\u0301claration politique, disposition insuffle\u0301e par la France dans le prolongement du discours de la Baule \u00bb. Et s\u2019agissant de la troisie\u0300me raison, a renche\u0301ri le pre\u0301sident de la transition, \u00ab elle est e\u0301conomique, parce que le Niger ne peut pas continuer a\u0300 rester dans une organisation qui le maintient dans un embargo total, alors que le sens me\u0302me de la CEDEAO est l\u2019inte\u0301gration e\u0301conomique et la recherche de la prospe\u0301rite\u0301 au sein de l\u2019espace communautaire \u00bb.<\/p>\n<p>De\u0300s lors, s\u2019est-il interroge\u0301, \u00ab comment devons-nous rester dans une organisation ou\u0300 l\u2019on est maintenu dans un embargo complet avec, y compris, le gel des avoirs du pays aupre\u0300s de la BCEAO qui a choisi elle aussi, de confisquer les ressources financie\u0300res du Niger ? \u00bb. Ce sont-la\u0300, les trois raisons principales qui justifient ainsi la sortie du Niger de la CEDEAO.<\/p>\n<p>Cette dernie\u0300re, \u00ab envisageait une ope\u0301ration militaire au Niger avec la monte\u0301e en puissance des de\u0301tachements militaires de certains Etats, notamment le Nigeria, la Co\u0302te d\u2019ivoire et le Se\u0301ne\u0301gal et le soutien technique et tactique de la France, pour chasser les militaires ayant pris le pouvoir et re\u0301tablir le pre\u0301sident Bazoum dans ses fonctions \u00bb, a davantage explique\u0301 le ge\u0301ne\u0301ral Tiani. C\u2019est donc en toute logique, a-t-il dit, que cette de\u0301cision de sortie CEDEAO a e\u0301te\u0301 prise, assortie notamment de la clause avec \u00ab effet imme\u0301diat \u00bb \u00bb.<\/p>\n<p>Une des conse\u0301quences de cette de\u0301cision, est que depuis le 28 janvier dernier, jour de la de\u0301cision de sortie de cette organisation, \u00ab le Niger n\u2019est plus un Etat membre de la CEDEAO \u00bb, que \u00ab les clauses politiques ne s\u2019imposant plus au Niger, car la CEDEAO n\u2019a plus aucune base pour diligenter une action sur le Niger \u00bb, indique-t-il. De\u0300s lors, toute action militaire sur le Niger ne peut que reve\u0302tir que \u00ab les formes d\u2019une agression militaire des forces e\u0301trange\u0300res sur notre pays \u00bb, a pre\u0301vu le Chef de l\u2019Etat.<\/p>\n<p>S\u2019agissant de deux autres raisons, a dit le pre\u0301sident Tiani, \u00ab il faut dire qu\u2019elles ne changent rien a\u0300 la vie du pays et de la situation actuelle de nos populations \u00bb, tout en rappelant que \u00ab pour des conside\u0301rations e\u0301thique et morale, c\u2019est depuis 1991 que le Niger aurait du\u0302 quitter la CEDEAO du fait que l\u2019institution s\u2019est de\u0301tourne\u0301e de sa mission originelle et s\u2019est fourvoye\u0301e dans des questions de politique inte\u0301rieure avec l\u2019adoption de la de\u0301claration politique, alors que les pe\u0300res fondateurs n\u2019ont donne\u0301 a\u0300 leur organisation qu\u2019un mission d\u2019inte\u0301gration e\u0301conomique \u00bb.<\/p>\n<p>Aujourd\u2019hui que le Niger ait quitte\u0301 la CEDEAO, que devient alors cet embargo qui lui a e\u0301te\u0301 impose\u0301 ? Ces sanctions devaient-elles tombe\u0301es d\u2019elles-me\u0302mes ? Doit-on aussi s\u2019attendre apre\u0300s cette sortie de la CEDEAO que le Niger quitte aussi l\u2019UEMOA ? Des questions pour lesquelles le peuple nige\u0301rien reste suspendu.<\/p>\n<p><strong>Pour plus d&rsquo;informations et d&rsquo;analyses sur la <a href=\"https:\/\/www.africa-press.net\/niger\">Niger<\/a>, suivez <a href=\"https:\/\/www.africa-press.net\/\">Africa-Press<\/a><\/strong><\/p>\n","protected":false},"excerpt":{"rendered":"<p>Africa-Press &#8211; Niger. Le de\u0301bat autour du retrait du Niger de la Communaute\u0301 e\u0301conomique des Etats de l\u2019Afrique de l\u2019Ouest (CEDEAO) est de\u0301sormais tranche\u0301 avec la sortie me\u0301diatique du pre\u0301sident du CNSP, en date du dimanche 11 fe\u0301vrier dernier sur la te\u0301le\u0301vision nationale. Dans cet entretien, le Chef de l\u2019Etat, le ge\u0301ne\u0301ral Abdourahamane Tiani a [&hellip;]<\/p>\n","protected":false},"author":82,"featured_media":58938,"comment_status":"open","ping_status":"closed","sticky":false,"template":"","format":"standard","meta":{"footnotes":""},"categories":[2,10],"tags":[55,60,29],"class_list":["post-58939","post","type-post","status-publish","format-standard","has-post-thumbnail","hentry","category-politique","category-toutes-les-actualites","tag-africa-press","tag-africa-press-niger","tag-niger"],"yoast_head":"<!-- This site is optimized with the Yoast SEO Premium plugin v26.1 (Yoast SEO v27.0) - https:\/\/yoast.com\/product\/yoast-seo-premium-wordpress\/ -->\n<title>RETRAIT DU NIGER DE LA CEDEAO : LE PR\u00c9SIDENT DE LA TRANSITION EXPLIQUE LES RAISONS - niger<\/title>\n<meta name=\"description\" content=\"Le de\u0301bat autour du retrait du Niger de la Communaute\u0301 e\u0301conomique des Etats de l\u2019Afrique de l\u2019Ouest (CEDEAO) est de\u0301sor ...\" \/>\n<meta name=\"robots\" content=\"index, follow, max-snippet:-1, max-image-preview:large, max-video-preview:-1\" \/>\n<link rel=\"canonical\" href=\"https:\/\/www.africa-press.net\/niger\/politique\/retrait-du-niger-de-la-cedeao-le-president-de-la-transition-explique-les-raisons\" \/>\n<meta property=\"og:locale\" content=\"fr_FR\" \/>\n<meta property=\"og:type\" content=\"article\" \/>\n<meta property=\"og:title\" content=\"RETRAIT DU NIGER DE LA CEDEAO : LE PR\u00c9SIDENT DE LA TRANSITION EXPLIQUE LES RAISONS\" \/>\n<meta property=\"og:description\" content=\"Le de\u0301bat autour du retrait du Niger de la Communaute\u0301 e\u0301conomique des Etats de l\u2019Afrique de l\u2019Ouest (CEDEAO) est de\u0301sor ...\" \/>\n<meta property=\"og:url\" content=\"https:\/\/www.africa-press.net\/niger\/politique\/retrait-du-niger-de-la-cedeao-le-president-de-la-transition-explique-les-raisons\" \/>\n<meta property=\"og:site_name\" content=\"niger\" \/>\n<meta property=\"article:published_time\" content=\"2024-02-21T17:53:19+00:00\" \/>\n<meta property=\"article:modified_time\" content=\"2024-02-21T18:35:23+00:00\" \/>\n<meta property=\"og:image\" content=\"https:\/\/static.africa-press.net\/niger\/sites\/40\/2024\/02\/sm_1708527573.566573.jpg\" \/>\n\t<meta property=\"og:image:width\" content=\"750\" \/>\n\t<meta property=\"og:image:height\" content=\"450\" \/>\n\t<meta property=\"og:image:type\" content=\"image\/jpeg\" \/>\n<meta name=\"author\" content=\"cfeditorfr\" \/>\n<meta name=\"twitter:card\" content=\"summary_large_image\" \/>\n<meta name=\"twitter:label1\" content=\"\u00c9crit par\" \/>\n\t<meta name=\"twitter:data1\" content=\"cfeditorfr\" \/>\n\t<meta name=\"twitter:label2\" content=\"Dur\u00e9e de lecture estim\u00e9e\" \/>\n\t<meta name=\"twitter:data2\" content=\"4 minutes\" \/>\n<script type=\"application\/ld+json\" class=\"yoast-schema-graph\">{\"@context\":\"https:\/\/schema.org\",\"@graph\":[{\"@type\":\"Article\",\"@id\":\"https:\/\/www.africa-press.net\/niger\/politique\/retrait-du-niger-de-la-cedeao-le-president-de-la-transition-explique-les-raisons#article\",\"isPartOf\":{\"@id\":\"https:\/\/www.africa-press.net\/niger\/politique\/retrait-du-niger-de-la-cedeao-le-president-de-la-transition-explique-les-raisons\"},\"author\":{\"name\":\"cfeditorfr\",\"@id\":\"https:\/\/www.africa-press.net\/niger\/#\/schema\/person\/2b1cf3cd81a31e3cd26889ca66d677f1\"},\"headline\":\"RETRAIT DU NIGER DE LA CEDEAO : LE PR\u00c9SIDENT DE LA TRANSITION EXPLIQUE LES RAISONS\",\"datePublished\":\"2024-02-21T17:53:19+00:00\",\"dateModified\":\"2024-02-21T18:35:23+00:00\",\"mainEntityOfPage\":{\"@id\":\"https:\/\/www.africa-press.net\/niger\/politique\/retrait-du-niger-de-la-cedeao-le-president-de-la-transition-explique-les-raisons\"},\"wordCount\":848,\"commentCount\":0,\"image\":{\"@id\":\"https:\/\/www.africa-press.net\/niger\/politique\/retrait-du-niger-de-la-cedeao-le-president-de-la-transition-explique-les-raisons#primaryimage\"},\"thumbnailUrl\":\"https:\/\/static.africa-press.net\/niger\/sites\/40\/2024\/02\/sm_1708527573.566573.jpg\",\"keywords\":[\"Africa Press\",\"Africa Press-Niger\",\"Niger\"],\"articleSection\":[\"Politique\",\"Toutes les actualit\u00e9s\"],\"inLanguage\":\"fr-FR\",\"potentialAction\":[{\"@type\":\"CommentAction\",\"name\":\"Comment\",\"target\":[\"https:\/\/www.africa-press.net\/niger\/politique\/retrait-du-niger-de-la-cedeao-le-president-de-la-transition-explique-les-raisons#respond\"]}]},{\"@type\":\"WebPage\",\"@id\":\"https:\/\/www.africa-press.net\/niger\/politique\/retrait-du-niger-de-la-cedeao-le-president-de-la-transition-explique-les-raisons\",\"url\":\"https:\/\/www.africa-press.net\/niger\/politique\/retrait-du-niger-de-la-cedeao-le-president-de-la-transition-explique-les-raisons\",\"name\":\"RETRAIT DU NIGER DE LA CEDEAO : LE PR\u00c9SIDENT DE LA TRANSITION EXPLIQUE LES RAISONS - niger\",\"isPartOf\":{\"@id\":\"https:\/\/www.africa-press.net\/niger\/#website\"},\"primaryImageOfPage\":{\"@id\":\"https:\/\/www.africa-press.net\/niger\/politique\/retrait-du-niger-de-la-cedeao-le-president-de-la-transition-explique-les-raisons#primaryimage\"},\"image\":{\"@id\":\"https:\/\/www.africa-press.net\/niger\/politique\/retrait-du-niger-de-la-cedeao-le-president-de-la-transition-explique-les-raisons#primaryimage\"},\"thumbnailUrl\":\"https:\/\/static.africa-press.net\/niger\/sites\/40\/2024\/02\/sm_1708527573.566573.jpg\",\"datePublished\":\"2024-02-21T17:53:19+00:00\",\"dateModified\":\"2024-02-21T18:35:23+00:00\",\"author\":{\"@id\":\"https:\/\/www.africa-press.net\/niger\/#\/schema\/person\/2b1cf3cd81a31e3cd26889ca66d677f1\"},\"description\":\"Le de\u0301bat autour du retrait du Niger de la Communaute\u0301 e\u0301conomique des Etats de l\u2019Afrique de l\u2019Ouest (CEDEAO) est de\u0301sor ...\",\"breadcrumb\":{\"@id\":\"https:\/\/www.africa-press.net\/niger\/politique\/retrait-du-niger-de-la-cedeao-le-president-de-la-transition-explique-les-raisons#breadcrumb\"},\"inLanguage\":\"fr-FR\",\"potentialAction\":[{\"@type\":\"ReadAction\",\"target\":[\"https:\/\/www.africa-press.net\/niger\/politique\/retrait-du-niger-de-la-cedeao-le-president-de-la-transition-explique-les-raisons\"]}]},{\"@type\":\"ImageObject\",\"inLanguage\":\"fr-FR\",\"@id\":\"https:\/\/www.africa-press.net\/niger\/politique\/retrait-du-niger-de-la-cedeao-le-president-de-la-transition-explique-les-raisons#primaryimage\",\"url\":\"https:\/\/static.africa-press.net\/niger\/sites\/40\/2024\/02\/sm_1708527573.566573.jpg\",\"contentUrl\":\"https:\/\/static.africa-press.net\/niger\/sites\/40\/2024\/02\/sm_1708527573.566573.jpg\",\"width\":750,\"height\":450,\"caption\":\"RETRAIT DU NIGER DE LA CEDEAO : LE PR\u00c9SIDENT DE LA TRANSITION EXPLIQUE LES RAISONS\"},{\"@type\":\"BreadcrumbList\",\"@id\":\"https:\/\/www.africa-press.net\/niger\/politique\/retrait-du-niger-de-la-cedeao-le-president-de-la-transition-explique-les-raisons#breadcrumb\",\"itemListElement\":[{\"@type\":\"ListItem\",\"position\":1,\"name\":\"Accueil\",\"item\":\"https:\/\/www.africa-press.net\/niger\/\"},{\"@type\":\"ListItem\",\"position\":2,\"name\":\"RETRAIT DU NIGER DE LA CEDEAO : LE PR\u00c9SIDENT DE LA TRANSITION EXPLIQUE LES RAISONS\"}]},{\"@type\":\"WebSite\",\"@id\":\"https:\/\/www.africa-press.net\/niger\/#website\",\"url\":\"https:\/\/www.africa-press.net\/niger\/\",\"name\":\"niger\",\"description\":\"Just another Africa News Agency Sites site\",\"potentialAction\":[{\"@type\":\"SearchAction\",\"target\":{\"@type\":\"EntryPoint\",\"urlTemplate\":\"https:\/\/www.africa-press.net\/niger\/?s={search_term_string}\"},\"query-input\":{\"@type\":\"PropertyValueSpecification\",\"valueRequired\":true,\"valueName\":\"search_term_string\"}}],\"inLanguage\":\"fr-FR\"},{\"@type\":\"Person\",\"@id\":\"https:\/\/www.africa-press.net\/niger\/#\/schema\/person\/2b1cf3cd81a31e3cd26889ca66d677f1\",\"name\":\"cfeditorfr\"}]}<\/script>\n<!-- \/ Yoast SEO Premium plugin. -->","yoast_head_json":{"title":"RETRAIT DU NIGER DE LA CEDEAO : LE PR\u00c9SIDENT DE LA TRANSITION EXPLIQUE LES RAISONS - niger","description":"Le de\u0301bat autour du retrait du Niger de la Communaute\u0301 e\u0301conomique des Etats de l\u2019Afrique de l\u2019Ouest (CEDEAO) est de\u0301sor ...","robots":{"index":"index","follow":"follow","max-snippet":"max-snippet:-1","max-image-preview":"max-image-preview:large","max-video-preview":"max-video-preview:-1"},"canonical":"https:\/\/www.africa-press.net\/niger\/politique\/retrait-du-niger-de-la-cedeao-le-president-de-la-transition-explique-les-raisons","og_locale":"fr_FR","og_type":"article","og_title":"RETRAIT DU NIGER DE LA CEDEAO : LE PR\u00c9SIDENT DE LA TRANSITION EXPLIQUE LES RAISONS","og_description":"Le de\u0301bat autour du retrait du Niger de la Communaute\u0301 e\u0301conomique des Etats de l\u2019Afrique de l\u2019Ouest (CEDEAO) est de\u0301sor ...","og_url":"https:\/\/www.africa-press.net\/niger\/politique\/retrait-du-niger-de-la-cedeao-le-president-de-la-transition-explique-les-raisons","og_site_name":"niger","article_published_time":"2024-02-21T17:53:19+00:00","article_modified_time":"2024-02-21T18:35:23+00:00","og_image":[{"width":750,"height":450,"url":"https:\/\/static.africa-press.net\/niger\/sites\/40\/2024\/02\/sm_1708527573.566573.jpg","type":"image\/jpeg"}],"author":"cfeditorfr","twitter_card":"summary_large_image","twitter_misc":{"\u00c9crit par":"cfeditorfr","Dur\u00e9e de lecture estim\u00e9e":"4 minutes"},"schema":{"@context":"https:\/\/schema.org","@graph":[{"@type":"Article","@id":"https:\/\/www.africa-press.net\/niger\/politique\/retrait-du-niger-de-la-cedeao-le-president-de-la-transition-explique-les-raisons#article","isPartOf":{"@id":"https:\/\/www.africa-press.net\/niger\/politique\/retrait-du-niger-de-la-cedeao-le-president-de-la-transition-explique-les-raisons"},"author":{"name":"cfeditorfr","@id":"https:\/\/www.africa-press.net\/niger\/#\/schema\/person\/2b1cf3cd81a31e3cd26889ca66d677f1"},"headline":"RETRAIT DU NIGER DE LA CEDEAO : LE PR\u00c9SIDENT DE LA TRANSITION EXPLIQUE LES RAISONS","datePublished":"2024-02-21T17:53:19+00:00","dateModified":"2024-02-21T18:35:23+00:00","mainEntityOfPage":{"@id":"https:\/\/www.africa-press.net\/niger\/politique\/retrait-du-niger-de-la-cedeao-le-president-de-la-transition-explique-les-raisons"},"wordCount":848,"commentCount":0,"image":{"@id":"https:\/\/www.africa-press.net\/niger\/politique\/retrait-du-niger-de-la-cedeao-le-president-de-la-transition-explique-les-raisons#primaryimage"},"thumbnailUrl":"https:\/\/static.africa-press.net\/niger\/sites\/40\/2024\/02\/sm_1708527573.566573.jpg","keywords":["Africa Press","Africa Press-Niger","Niger"],"articleSection":["Politique","Toutes les actualit\u00e9s"],"inLanguage":"fr-FR","potentialAction":[{"@type":"CommentAction","name":"Comment","target":["https:\/\/www.africa-press.net\/niger\/politique\/retrait-du-niger-de-la-cedeao-le-president-de-la-transition-explique-les-raisons#respond"]}]},{"@type":"WebPage","@id":"https:\/\/www.africa-press.net\/niger\/politique\/retrait-du-niger-de-la-cedeao-le-president-de-la-transition-explique-les-raisons","url":"https:\/\/www.africa-press.net\/niger\/politique\/retrait-du-niger-de-la-cedeao-le-president-de-la-transition-explique-les-raisons","name":"RETRAIT DU NIGER DE LA CEDEAO : LE PR\u00c9SIDENT DE LA TRANSITION EXPLIQUE LES RAISONS - niger","isPartOf":{"@id":"https:\/\/www.africa-press.net\/niger\/#website"},"primaryImageOfPage":{"@id":"https:\/\/www.africa-press.net\/niger\/politique\/retrait-du-niger-de-la-cedeao-le-president-de-la-transition-explique-les-raisons#primaryimage"},"image":{"@id":"https:\/\/www.africa-press.net\/niger\/politique\/retrait-du-niger-de-la-cedeao-le-president-de-la-transition-explique-les-raisons#primaryimage"},"thumbnailUrl":"https:\/\/static.africa-press.net\/niger\/sites\/40\/2024\/02\/sm_1708527573.566573.jpg","datePublished":"2024-02-21T17:53:19+00:00","dateModified":"2024-02-21T18:35:23+00:00","author":{"@id":"https:\/\/www.africa-press.net\/niger\/#\/schema\/person\/2b1cf3cd81a31e3cd26889ca66d677f1"},"description":"Le de\u0301bat autour du retrait du Niger de la Communaute\u0301 e\u0301conomique des Etats de l\u2019Afrique de l\u2019Ouest (CEDEAO) est de\u0301sor ...","breadcrumb":{"@id":"https:\/\/www.africa-press.net\/niger\/politique\/retrait-du-niger-de-la-cedeao-le-president-de-la-transition-explique-les-raisons#breadcrumb"},"inLanguage":"fr-FR","potentialAction":[{"@type":"ReadAction","target":["https:\/\/www.africa-press.net\/niger\/politique\/retrait-du-niger-de-la-cedeao-le-president-de-la-transition-explique-les-raisons"]}]},{"@type":"ImageObject","inLanguage":"fr-FR","@id":"https:\/\/www.africa-press.net\/niger\/politique\/retrait-du-niger-de-la-cedeao-le-president-de-la-transition-explique-les-raisons#primaryimage","url":"https:\/\/static.africa-press.net\/niger\/sites\/40\/2024\/02\/sm_1708527573.566573.jpg","contentUrl":"https:\/\/static.africa-press.net\/niger\/sites\/40\/2024\/02\/sm_1708527573.566573.jpg","width":750,"height":450,"caption":"RETRAIT DU NIGER DE LA CEDEAO : LE PR\u00c9SIDENT DE LA TRANSITION EXPLIQUE LES RAISONS"},{"@type":"BreadcrumbList","@id":"https:\/\/www.africa-press.net\/niger\/politique\/retrait-du-niger-de-la-cedeao-le-president-de-la-transition-explique-les-raisons#breadcrumb","itemListElement":[{"@type":"ListItem","position":1,"name":"Accueil","item":"https:\/\/www.africa-press.net\/niger\/"},{"@type":"ListItem","position":2,"name":"RETRAIT DU NIGER DE LA CEDEAO : LE PR\u00c9SIDENT DE LA TRANSITION EXPLIQUE LES RAISONS"}]},{"@type":"WebSite","@id":"https:\/\/www.africa-press.net\/niger\/#website","url":"https:\/\/www.africa-press.net\/niger\/","name":"niger","description":"Just another Africa News Agency Sites site","potentialAction":[{"@type":"SearchAction","target":{"@type":"EntryPoint","urlTemplate":"https:\/\/www.africa-press.net\/niger\/?s={search_term_string}"},"query-input":{"@type":"PropertyValueSpecification","valueRequired":true,"valueName":"search_term_string"}}],"inLanguage":"fr-FR"},{"@type":"Person","@id":"https:\/\/www.africa-press.net\/niger\/#\/schema\/person\/2b1cf3cd81a31e3cd26889ca66d677f1","name":"cfeditorfr"}]}},"_links":{"self":[{"href":"https:\/\/www.africa-press.net\/niger\/wp-json\/wp\/v2\/posts\/58939","targetHints":{"allow":["GET"]}}],"collection":[{"href":"https:\/\/www.africa-press.net\/niger\/wp-json\/wp\/v2\/posts"}],"about":[{"href":"https:\/\/www.africa-press.net\/niger\/wp-json\/wp\/v2\/types\/post"}],"author":[{"embeddable":true,"href":"https:\/\/www.africa-press.net\/niger\/wp-json\/wp\/v2\/users\/82"}],"replies":[{"embeddable":true,"href":"https:\/\/www.africa-press.net\/niger\/wp-json\/wp\/v2\/comments?post=58939"}],"version-history":[{"count":0,"href":"https:\/\/www.africa-press.net\/niger\/wp-json\/wp\/v2\/posts\/58939\/revisions"}],"wp:featuredmedia":[{"embeddable":true,"href":"https:\/\/www.africa-press.net\/niger\/wp-json\/wp\/v2\/media\/58938"}],"wp:attachment":[{"href":"https:\/\/www.africa-press.net\/niger\/wp-json\/wp\/v2\/media?parent=58939"}],"wp:term":[{"taxonomy":"category","embeddable":true,"href":"https:\/\/www.africa-press.net\/niger\/wp-json\/wp\/v2\/categories?post=58939"},{"taxonomy":"post_tag","embeddable":true,"href":"https:\/\/www.africa-press.net\/niger\/wp-json\/wp\/v2\/tags?post=58939"}],"curies":[{"name":"wp","href":"https:\/\/api.w.org\/{rel}","templated":true}]}}