{"id":58941,"date":"2024-02-21T17:58:09","date_gmt":"2024-02-21T17:58:09","guid":{"rendered":"https:\/\/www.africa-press.net\/niger\/politique\/sanction-de-la-cedeao-eddie-komboigo-invite-a-lever-les-sanctions-contre-le-niger"},"modified":"2024-02-21T18:37:33","modified_gmt":"2024-02-21T18:37:33","slug":"sanction-de-la-cedeao-eddie-komboigo-invite-a-lever-les-sanctions-contre-le-niger","status":"publish","type":"post","link":"https:\/\/www.africa-press.net\/niger\/politique\/sanction-de-la-cedeao-eddie-komboigo-invite-a-lever-les-sanctions-contre-le-niger","title":{"rendered":"Sanction de la CEDEAO : Eddie KOMBOIGO invite \u00e0 lever \u00ab les sanctions contre le Niger \u00bb"},"content":{"rendered":"<p><span style=\"color: #ff6600\"><strong>Africa-Press &#8211; Niger. <\/strong><\/span>Le 26 juillet 2023, l\u2019arme\u0301e Nige\u0301rienne a mis fin au pouvoir du pre\u0301sident Mohamed Bazoum. Quelques jours plus tard, la Communaute\u0301 E\u0301conomique des E\u0301tats de l\u2019Afrique de l\u2019Ouest (CEDEAO) a pris des sanctions tre\u0300s se\u0301ve\u0300res contre le Niger.<\/p>\n<p>Ces sanctions furent entre autres la fermeture de toutes les frontie\u0300res terrestres et ae\u0301riennes avec le Niger, la suspension des transactions financie\u0300res avec les institutions financie\u0300res du pays un embargo sur les produits de grande consommation et ce jusqu\u2019au re\u0301tablissement de Mohamed Bazoum comme pre\u0301sident du pays. Au-dela\u0300 de ces mesures coercitives, une intervention militaire avait e\u0301te\u0301 envisage\u0301e.<\/p>\n<p>Cependant, si les sanctions prises e\u0301taient dissuasives et visaient a\u0300 un retour de l\u2019ordre constitutionnel au Niger, les conse\u0301quences sont sans communes mesures sur les populations nige\u0301riennes a\u0300 qui ces sanctions sont impose\u0301es rendant ainsi les conditions de vies intenables.<\/p>\n<p>Aussi, comme un effet boomerang, force est de constater que ces sanctions ont e\u0301galement des conse\u0301quences e\u0301conomiques et financie\u0300res ne\u0301fastes sur les pays du littoral ouest-africains qui connaissent une baisse drastique de leurs activite\u0301s portuaires.<\/p>\n<p><b>Lors de mon dernier se\u0301jour au Niger et qui a dure\u0301 quatre-vingt-seize heures en ce mois de fe\u0301vrier 2024, j\u2019ai pu toucher du doigt le quotidien des nige\u0301riens et des ressortissants des autres pays qui y vivent et a mesure\u0301 l\u2019ampleur de ces sanctions sur des populations de\u0301sempare\u0301es. Elles vivent dans un de\u0301nuement total, avec des conditions de vies tre\u0300s difficiles dans les limites du supportable.<\/b><br \/>\n<b>C\u2019est pourquoi, nous lanc\u0327ons solennellement un cri de c\u0153ur aux chefs d\u2019E\u0301tats de la CEDEAO, devant se re\u0301unir le 24 fe\u0301vrier 2024, de se pencher sur le cas du Niger afin de lever purement et simplement toutes les sanctions prises a\u0300 l\u2019encontre dudit pays dans l\u2019objectif de soulager les populations meurtries, subissant de\u0301ja\u0300 les conse\u0301quences humaines, humanitaires et e\u0301conomiques de\u0301plorables de cette guerre la\u0302che et perfide impose\u0301e par les groupes arme\u0301s terroristes.<\/b><\/p>\n<p>Il vous souviendra que depuis 2018, le CDP n\u2019a eu de cesse d\u2019interpeller, a\u0300 travers des communique\u0301s et des confe\u0301rences de presse, la communaute\u0301 internationale (Organisation des Nations Unies, Union Africaine, Union Europe\u0301enne, CEDEAO etc.) et les partenaires techniques et financiers, multilate\u0301raux et bilate\u0301raux d\u2019apporter leur soutien re\u0301el aux pays en proie aux attaques terroristes pour vaincre cette hydre autrice de nos malheurs. Ces appels n\u2019ont malheureusement pas e\u0301te\u0301 entendus tels que souhaite\u0301s.<\/p>\n<p>Lever les sanctions contre le Niger sera perc\u0327u comme un signe de la grandeur d\u2019esprit et de solidarite\u0301 retrouve\u0301e pour le bien-e\u0302tre des populations car cela permettra au peuple nige\u0301rien ainsi qu\u2019aux ressortissants des autres pays qui y vivent de retrouver des conditions de vie plus de\u0301centes.<\/p>\n<p>Aussi, une telle de\u0301cision de la CEDEAO permettra sans aucun doute, d\u2019apaiser les esprits de re\u0301volte (tout de me\u0302me le\u0301gitimement compre\u0301hensibles), source de discorde et de division de l\u2019organisation sous re\u0301gionale.<\/p>\n<p>Enfin, nous invitons les E\u0301tats membres de la CEDEAO a\u0300 intensifier le dialogue avec les pays membres de l\u2019Alliance des E\u0301tats du Sahel (AES) pour sauvegarder les inte\u0301re\u0302ts supe\u0301rieurs des peuples de la sous-re\u0301gion.<\/p>\n<p><strong>Pour plus d&rsquo;informations et d&rsquo;analyses sur la <a href=\"https:\/\/www.africa-press.net\/niger\">Niger<\/a>, suivez <a href=\"https:\/\/www.africa-press.net\/\">Africa-Press<\/a><\/strong><\/p>\n","protected":false},"excerpt":{"rendered":"<p>Africa-Press &#8211; Niger. Le 26 juillet 2023, l\u2019arme\u0301e Nige\u0301rienne a mis fin au pouvoir du pre\u0301sident Mohamed Bazoum. Quelques jours plus tard, la Communaute\u0301 E\u0301conomique des E\u0301tats de l\u2019Afrique de l\u2019Ouest (CEDEAO) a pris des sanctions tre\u0300s se\u0301ve\u0300res contre le Niger. Ces sanctions furent entre autres la fermeture de toutes les frontie\u0300res terrestres et ae\u0301riennes [&hellip;]<\/p>\n","protected":false},"author":82,"featured_media":58940,"comment_status":"open","ping_status":"closed","sticky":false,"template":"","format":"standard","meta":{"footnotes":""},"categories":[2,20,10],"tags":[55,60,29],"class_list":["post-58941","post","type-post","status-publish","format-standard","has-post-thumbnail","hentry","category-politique","category-top-nouvelles","category-toutes-les-actualites","tag-africa-press","tag-africa-press-niger","tag-niger"],"yoast_head":"<!-- This site is optimized with the Yoast SEO Premium plugin v26.1 (Yoast SEO v27.0) - https:\/\/yoast.com\/product\/yoast-seo-premium-wordpress\/ -->\n<title>Sanction de la CEDEAO : Eddie KOMBOIGO invite \u00e0 lever \u00ab les sanctions contre le Niger \u00bb - niger<\/title>\n<meta name=\"description\" content=\"Le 26 juillet 2023, l\u2019arme\u0301e Nige\u0301rienne a mis fin au pouvoir du pre\u0301sident Mohamed Bazoum. Quelques jours plus tard, la ...\" \/>\n<meta name=\"robots\" content=\"index, follow, max-snippet:-1, max-image-preview:large, max-video-preview:-1\" \/>\n<link rel=\"canonical\" href=\"https:\/\/www.africa-press.net\/niger\/politique\/sanction-de-la-cedeao-eddie-komboigo-invite-a-lever-les-sanctions-contre-le-niger\" \/>\n<meta property=\"og:locale\" content=\"fr_FR\" \/>\n<meta property=\"og:type\" content=\"article\" \/>\n<meta property=\"og:title\" content=\"Sanction de la CEDEAO : Eddie KOMBOIGO invite \u00e0 lever \u00ab les sanctions contre le Niger \u00bb\" \/>\n<meta property=\"og:description\" content=\"Le 26 juillet 2023, l\u2019arme\u0301e Nige\u0301rienne a mis fin au pouvoir du pre\u0301sident Mohamed Bazoum. Quelques jours plus tard, la ...\" \/>\n<meta property=\"og:url\" content=\"https:\/\/www.africa-press.net\/niger\/politique\/sanction-de-la-cedeao-eddie-komboigo-invite-a-lever-les-sanctions-contre-le-niger\" \/>\n<meta property=\"og:site_name\" content=\"niger\" \/>\n<meta property=\"article:published_time\" content=\"2024-02-21T17:58:09+00:00\" \/>\n<meta property=\"article:modified_time\" content=\"2024-02-21T18:37:33+00:00\" \/>\n<meta property=\"og:image\" content=\"https:\/\/static.africa-press.net\/niger\/sites\/40\/2024\/02\/sm_1708527674.774875.jpg\" \/>\n\t<meta property=\"og:image:width\" content=\"1280\" \/>\n\t<meta property=\"og:image:height\" content=\"720\" \/>\n\t<meta property=\"og:image:type\" content=\"image\/jpeg\" \/>\n<meta name=\"author\" content=\"cfeditorfr\" \/>\n<meta name=\"twitter:card\" content=\"summary_large_image\" \/>\n<meta name=\"twitter:label1\" content=\"\u00c9crit par\" \/>\n\t<meta name=\"twitter:data1\" content=\"cfeditorfr\" \/>\n\t<meta name=\"twitter:label2\" content=\"Dur\u00e9e de lecture estim\u00e9e\" \/>\n\t<meta name=\"twitter:data2\" content=\"3 minutes\" \/>\n<script type=\"application\/ld+json\" class=\"yoast-schema-graph\">{\"@context\":\"https:\/\/schema.org\",\"@graph\":[{\"@type\":\"Article\",\"@id\":\"https:\/\/www.africa-press.net\/niger\/politique\/sanction-de-la-cedeao-eddie-komboigo-invite-a-lever-les-sanctions-contre-le-niger#article\",\"isPartOf\":{\"@id\":\"https:\/\/www.africa-press.net\/niger\/politique\/sanction-de-la-cedeao-eddie-komboigo-invite-a-lever-les-sanctions-contre-le-niger\"},\"author\":{\"name\":\"cfeditorfr\",\"@id\":\"https:\/\/www.africa-press.net\/niger\/#\/schema\/person\/2b1cf3cd81a31e3cd26889ca66d677f1\"},\"headline\":\"Sanction de la CEDEAO : Eddie KOMBOIGO invite \u00e0 lever \u00ab les sanctions contre le Niger \u00bb\",\"datePublished\":\"2024-02-21T17:58:09+00:00\",\"dateModified\":\"2024-02-21T18:37:33+00:00\",\"mainEntityOfPage\":{\"@id\":\"https:\/\/www.africa-press.net\/niger\/politique\/sanction-de-la-cedeao-eddie-komboigo-invite-a-lever-les-sanctions-contre-le-niger\"},\"wordCount\":606,\"commentCount\":0,\"image\":{\"@id\":\"https:\/\/www.africa-press.net\/niger\/politique\/sanction-de-la-cedeao-eddie-komboigo-invite-a-lever-les-sanctions-contre-le-niger#primaryimage\"},\"thumbnailUrl\":\"https:\/\/static.africa-press.net\/niger\/sites\/40\/2024\/02\/sm_1708527674.774875.jpg\",\"keywords\":[\"Africa Press\",\"Africa Press-Niger\",\"Niger\"],\"articleSection\":[\"Politique\",\"Top Nouvelles\",\"Toutes les actualit\u00e9s\"],\"inLanguage\":\"fr-FR\",\"potentialAction\":[{\"@type\":\"CommentAction\",\"name\":\"Comment\",\"target\":[\"https:\/\/www.africa-press.net\/niger\/politique\/sanction-de-la-cedeao-eddie-komboigo-invite-a-lever-les-sanctions-contre-le-niger#respond\"]}]},{\"@type\":\"WebPage\",\"@id\":\"https:\/\/www.africa-press.net\/niger\/politique\/sanction-de-la-cedeao-eddie-komboigo-invite-a-lever-les-sanctions-contre-le-niger\",\"url\":\"https:\/\/www.africa-press.net\/niger\/politique\/sanction-de-la-cedeao-eddie-komboigo-invite-a-lever-les-sanctions-contre-le-niger\",\"name\":\"Sanction de la CEDEAO : Eddie KOMBOIGO invite \u00e0 lever \u00ab les sanctions contre le Niger \u00bb - niger\",\"isPartOf\":{\"@id\":\"https:\/\/www.africa-press.net\/niger\/#website\"},\"primaryImageOfPage\":{\"@id\":\"https:\/\/www.africa-press.net\/niger\/politique\/sanction-de-la-cedeao-eddie-komboigo-invite-a-lever-les-sanctions-contre-le-niger#primaryimage\"},\"image\":{\"@id\":\"https:\/\/www.africa-press.net\/niger\/politique\/sanction-de-la-cedeao-eddie-komboigo-invite-a-lever-les-sanctions-contre-le-niger#primaryimage\"},\"thumbnailUrl\":\"https:\/\/static.africa-press.net\/niger\/sites\/40\/2024\/02\/sm_1708527674.774875.jpg\",\"datePublished\":\"2024-02-21T17:58:09+00:00\",\"dateModified\":\"2024-02-21T18:37:33+00:00\",\"author\":{\"@id\":\"https:\/\/www.africa-press.net\/niger\/#\/schema\/person\/2b1cf3cd81a31e3cd26889ca66d677f1\"},\"description\":\"Le 26 juillet 2023, l\u2019arme\u0301e Nige\u0301rienne a mis fin au pouvoir du pre\u0301sident Mohamed Bazoum. Quelques jours plus tard, la ...\",\"breadcrumb\":{\"@id\":\"https:\/\/www.africa-press.net\/niger\/politique\/sanction-de-la-cedeao-eddie-komboigo-invite-a-lever-les-sanctions-contre-le-niger#breadcrumb\"},\"inLanguage\":\"fr-FR\",\"potentialAction\":[{\"@type\":\"ReadAction\",\"target\":[\"https:\/\/www.africa-press.net\/niger\/politique\/sanction-de-la-cedeao-eddie-komboigo-invite-a-lever-les-sanctions-contre-le-niger\"]}]},{\"@type\":\"ImageObject\",\"inLanguage\":\"fr-FR\",\"@id\":\"https:\/\/www.africa-press.net\/niger\/politique\/sanction-de-la-cedeao-eddie-komboigo-invite-a-lever-les-sanctions-contre-le-niger#primaryimage\",\"url\":\"https:\/\/static.africa-press.net\/niger\/sites\/40\/2024\/02\/sm_1708527674.774875.jpg\",\"contentUrl\":\"https:\/\/static.africa-press.net\/niger\/sites\/40\/2024\/02\/sm_1708527674.774875.jpg\",\"width\":1280,\"height\":720,\"caption\":\"Sanction de la CEDEAO : Eddie KOMBOIGO invite \u00e0 lever \u00ab les sanctions contre le Niger \u00bb\"},{\"@type\":\"BreadcrumbList\",\"@id\":\"https:\/\/www.africa-press.net\/niger\/politique\/sanction-de-la-cedeao-eddie-komboigo-invite-a-lever-les-sanctions-contre-le-niger#breadcrumb\",\"itemListElement\":[{\"@type\":\"ListItem\",\"position\":1,\"name\":\"Accueil\",\"item\":\"https:\/\/www.africa-press.net\/niger\/\"},{\"@type\":\"ListItem\",\"position\":2,\"name\":\"Sanction de la CEDEAO : Eddie KOMBOIGO invite \u00e0 lever \u00ab les sanctions contre le Niger \u00bb\"}]},{\"@type\":\"WebSite\",\"@id\":\"https:\/\/www.africa-press.net\/niger\/#website\",\"url\":\"https:\/\/www.africa-press.net\/niger\/\",\"name\":\"niger\",\"description\":\"Just another Africa News Agency Sites site\",\"potentialAction\":[{\"@type\":\"SearchAction\",\"target\":{\"@type\":\"EntryPoint\",\"urlTemplate\":\"https:\/\/www.africa-press.net\/niger\/?s={search_term_string}\"},\"query-input\":{\"@type\":\"PropertyValueSpecification\",\"valueRequired\":true,\"valueName\":\"search_term_string\"}}],\"inLanguage\":\"fr-FR\"},{\"@type\":\"Person\",\"@id\":\"https:\/\/www.africa-press.net\/niger\/#\/schema\/person\/2b1cf3cd81a31e3cd26889ca66d677f1\",\"name\":\"cfeditorfr\"}]}<\/script>\n<!-- \/ Yoast SEO Premium plugin. -->","yoast_head_json":{"title":"Sanction de la CEDEAO : Eddie KOMBOIGO invite \u00e0 lever \u00ab les sanctions contre le Niger \u00bb - niger","description":"Le 26 juillet 2023, l\u2019arme\u0301e Nige\u0301rienne a mis fin au pouvoir du pre\u0301sident Mohamed Bazoum. Quelques jours plus tard, la ...","robots":{"index":"index","follow":"follow","max-snippet":"max-snippet:-1","max-image-preview":"max-image-preview:large","max-video-preview":"max-video-preview:-1"},"canonical":"https:\/\/www.africa-press.net\/niger\/politique\/sanction-de-la-cedeao-eddie-komboigo-invite-a-lever-les-sanctions-contre-le-niger","og_locale":"fr_FR","og_type":"article","og_title":"Sanction de la CEDEAO : Eddie KOMBOIGO invite \u00e0 lever \u00ab les sanctions contre le Niger \u00bb","og_description":"Le 26 juillet 2023, l\u2019arme\u0301e Nige\u0301rienne a mis fin au pouvoir du pre\u0301sident Mohamed Bazoum. Quelques jours plus tard, la ...","og_url":"https:\/\/www.africa-press.net\/niger\/politique\/sanction-de-la-cedeao-eddie-komboigo-invite-a-lever-les-sanctions-contre-le-niger","og_site_name":"niger","article_published_time":"2024-02-21T17:58:09+00:00","article_modified_time":"2024-02-21T18:37:33+00:00","og_image":[{"width":1280,"height":720,"url":"https:\/\/static.africa-press.net\/niger\/sites\/40\/2024\/02\/sm_1708527674.774875.jpg","type":"image\/jpeg"}],"author":"cfeditorfr","twitter_card":"summary_large_image","twitter_misc":{"\u00c9crit par":"cfeditorfr","Dur\u00e9e de lecture estim\u00e9e":"3 minutes"},"schema":{"@context":"https:\/\/schema.org","@graph":[{"@type":"Article","@id":"https:\/\/www.africa-press.net\/niger\/politique\/sanction-de-la-cedeao-eddie-komboigo-invite-a-lever-les-sanctions-contre-le-niger#article","isPartOf":{"@id":"https:\/\/www.africa-press.net\/niger\/politique\/sanction-de-la-cedeao-eddie-komboigo-invite-a-lever-les-sanctions-contre-le-niger"},"author":{"name":"cfeditorfr","@id":"https:\/\/www.africa-press.net\/niger\/#\/schema\/person\/2b1cf3cd81a31e3cd26889ca66d677f1"},"headline":"Sanction de la CEDEAO : Eddie KOMBOIGO invite \u00e0 lever \u00ab les sanctions contre le Niger \u00bb","datePublished":"2024-02-21T17:58:09+00:00","dateModified":"2024-02-21T18:37:33+00:00","mainEntityOfPage":{"@id":"https:\/\/www.africa-press.net\/niger\/politique\/sanction-de-la-cedeao-eddie-komboigo-invite-a-lever-les-sanctions-contre-le-niger"},"wordCount":606,"commentCount":0,"image":{"@id":"https:\/\/www.africa-press.net\/niger\/politique\/sanction-de-la-cedeao-eddie-komboigo-invite-a-lever-les-sanctions-contre-le-niger#primaryimage"},"thumbnailUrl":"https:\/\/static.africa-press.net\/niger\/sites\/40\/2024\/02\/sm_1708527674.774875.jpg","keywords":["Africa Press","Africa Press-Niger","Niger"],"articleSection":["Politique","Top Nouvelles","Toutes les actualit\u00e9s"],"inLanguage":"fr-FR","potentialAction":[{"@type":"CommentAction","name":"Comment","target":["https:\/\/www.africa-press.net\/niger\/politique\/sanction-de-la-cedeao-eddie-komboigo-invite-a-lever-les-sanctions-contre-le-niger#respond"]}]},{"@type":"WebPage","@id":"https:\/\/www.africa-press.net\/niger\/politique\/sanction-de-la-cedeao-eddie-komboigo-invite-a-lever-les-sanctions-contre-le-niger","url":"https:\/\/www.africa-press.net\/niger\/politique\/sanction-de-la-cedeao-eddie-komboigo-invite-a-lever-les-sanctions-contre-le-niger","name":"Sanction de la CEDEAO : Eddie KOMBOIGO invite \u00e0 lever \u00ab les sanctions contre le Niger \u00bb - niger","isPartOf":{"@id":"https:\/\/www.africa-press.net\/niger\/#website"},"primaryImageOfPage":{"@id":"https:\/\/www.africa-press.net\/niger\/politique\/sanction-de-la-cedeao-eddie-komboigo-invite-a-lever-les-sanctions-contre-le-niger#primaryimage"},"image":{"@id":"https:\/\/www.africa-press.net\/niger\/politique\/sanction-de-la-cedeao-eddie-komboigo-invite-a-lever-les-sanctions-contre-le-niger#primaryimage"},"thumbnailUrl":"https:\/\/static.africa-press.net\/niger\/sites\/40\/2024\/02\/sm_1708527674.774875.jpg","datePublished":"2024-02-21T17:58:09+00:00","dateModified":"2024-02-21T18:37:33+00:00","author":{"@id":"https:\/\/www.africa-press.net\/niger\/#\/schema\/person\/2b1cf3cd81a31e3cd26889ca66d677f1"},"description":"Le 26 juillet 2023, l\u2019arme\u0301e Nige\u0301rienne a mis fin au pouvoir du pre\u0301sident Mohamed Bazoum. Quelques jours plus tard, la ...","breadcrumb":{"@id":"https:\/\/www.africa-press.net\/niger\/politique\/sanction-de-la-cedeao-eddie-komboigo-invite-a-lever-les-sanctions-contre-le-niger#breadcrumb"},"inLanguage":"fr-FR","potentialAction":[{"@type":"ReadAction","target":["https:\/\/www.africa-press.net\/niger\/politique\/sanction-de-la-cedeao-eddie-komboigo-invite-a-lever-les-sanctions-contre-le-niger"]}]},{"@type":"ImageObject","inLanguage":"fr-FR","@id":"https:\/\/www.africa-press.net\/niger\/politique\/sanction-de-la-cedeao-eddie-komboigo-invite-a-lever-les-sanctions-contre-le-niger#primaryimage","url":"https:\/\/static.africa-press.net\/niger\/sites\/40\/2024\/02\/sm_1708527674.774875.jpg","contentUrl":"https:\/\/static.africa-press.net\/niger\/sites\/40\/2024\/02\/sm_1708527674.774875.jpg","width":1280,"height":720,"caption":"Sanction de la CEDEAO : Eddie KOMBOIGO invite \u00e0 lever \u00ab les sanctions contre le Niger \u00bb"},{"@type":"BreadcrumbList","@id":"https:\/\/www.africa-press.net\/niger\/politique\/sanction-de-la-cedeao-eddie-komboigo-invite-a-lever-les-sanctions-contre-le-niger#breadcrumb","itemListElement":[{"@type":"ListItem","position":1,"name":"Accueil","item":"https:\/\/www.africa-press.net\/niger\/"},{"@type":"ListItem","position":2,"name":"Sanction de la CEDEAO : Eddie KOMBOIGO invite \u00e0 lever \u00ab les sanctions contre le Niger \u00bb"}]},{"@type":"WebSite","@id":"https:\/\/www.africa-press.net\/niger\/#website","url":"https:\/\/www.africa-press.net\/niger\/","name":"niger","description":"Just another Africa News Agency Sites site","potentialAction":[{"@type":"SearchAction","target":{"@type":"EntryPoint","urlTemplate":"https:\/\/www.africa-press.net\/niger\/?s={search_term_string}"},"query-input":{"@type":"PropertyValueSpecification","valueRequired":true,"valueName":"search_term_string"}}],"inLanguage":"fr-FR"},{"@type":"Person","@id":"https:\/\/www.africa-press.net\/niger\/#\/schema\/person\/2b1cf3cd81a31e3cd26889ca66d677f1","name":"cfeditorfr"}]}},"_links":{"self":[{"href":"https:\/\/www.africa-press.net\/niger\/wp-json\/wp\/v2\/posts\/58941","targetHints":{"allow":["GET"]}}],"collection":[{"href":"https:\/\/www.africa-press.net\/niger\/wp-json\/wp\/v2\/posts"}],"about":[{"href":"https:\/\/www.africa-press.net\/niger\/wp-json\/wp\/v2\/types\/post"}],"author":[{"embeddable":true,"href":"https:\/\/www.africa-press.net\/niger\/wp-json\/wp\/v2\/users\/82"}],"replies":[{"embeddable":true,"href":"https:\/\/www.africa-press.net\/niger\/wp-json\/wp\/v2\/comments?post=58941"}],"version-history":[{"count":0,"href":"https:\/\/www.africa-press.net\/niger\/wp-json\/wp\/v2\/posts\/58941\/revisions"}],"wp:featuredmedia":[{"embeddable":true,"href":"https:\/\/www.africa-press.net\/niger\/wp-json\/wp\/v2\/media\/58940"}],"wp:attachment":[{"href":"https:\/\/www.africa-press.net\/niger\/wp-json\/wp\/v2\/media?parent=58941"}],"wp:term":[{"taxonomy":"category","embeddable":true,"href":"https:\/\/www.africa-press.net\/niger\/wp-json\/wp\/v2\/categories?post=58941"},{"taxonomy":"post_tag","embeddable":true,"href":"https:\/\/www.africa-press.net\/niger\/wp-json\/wp\/v2\/tags?post=58941"}],"curies":[{"name":"wp","href":"https:\/\/api.w.org\/{rel}","templated":true}]}}