{"id":58948,"date":"2024-02-21T17:29:10","date_gmt":"2024-02-21T17:29:10","guid":{"rendered":"https:\/\/www.africa-press.net\/niger\/politique\/sahel-vers-une-confederation-entre-le-mali-le-burkina-et-le-niger"},"modified":"2024-02-21T18:42:36","modified_gmt":"2024-02-21T18:42:36","slug":"sahel-vers-une-confederation-entre-le-mali-le-burkina-et-le-niger","status":"publish","type":"post","link":"https:\/\/www.africa-press.net\/niger\/politique\/sahel-vers-une-confederation-entre-le-mali-le-burkina-et-le-niger","title":{"rendered":"Sahel : Vers une conf\u00e9d\u00e9ration entre le Mali, le Burkina et le Niger ?"},"content":{"rendered":"<p><span style=\"color: #ff6600\"><strong>Africa-Press &#8211; Niger. <\/strong><\/span>Les ministres de l\u2019Alliance des E\u0301tats du Sahel (AES) se sont re\u0301unis a\u0300 Ouagadougou le 15 fe\u0301vrier pour avancer sur le projet de confe\u0301de\u0301ration entre le Mali, le Burkina Faso et le Niger. L\u2019objectif de cette rencontre e\u0301tait de peaufiner les documents qui seront soumis aux chefs d\u2019E\u0301tat lors de leur prochaine confe\u0301rence.<\/p>\n<p>La Charte de l\u2019AES n\u2019a pas e\u0301te\u0301 modifie\u0301e, mais le Traite\u0301 de la Confe\u0301de\u0301ration tiendra compte du retrait de l\u2019organisation de la CEDEAO. La structure institutionnelle de la future confe\u0301de\u0301ration s\u2019inspirera des traditions historiques du Sahel et comprendra des sommets des chefs d\u2019E\u0301tat, des conseils des ministres et des sessions des repre\u0301sentants des parlements.<\/p>\n<p>Le proble\u0300me de l\u2019Autorite\u0301 du Liptako Gourma sera discute\u0301 lors du prochain sommet des chefs d\u2019E\u0301tat. Les ministres ont e\u0301galement valide\u0301 la charte graphique de l\u2019AES et ont recommande\u0301 plusieurs actions urgentes, notamment:<\/p>\n<p>E\u0301laboration d\u2019un plan d\u2019action pour la Confe\u0301de\u0301ration<\/p>\n<p>Acce\u0301le\u0301ration de la cre\u0301ation de la charte graphique<\/p>\n<p>Pre\u0301paration des projets et protocoles additionnels sur la re\u0301partition des compe\u0301tences<\/p>\n<p>Mise en place d\u2019un cadre de concertation pour ge\u0301rer le retrait de la CEDEAO<\/p>\n<p>De\u0301finition de partenaires strate\u0301giques<\/p>\n<p>Les ministres ont condamne\u0301 la saisie des avoirs du Niger par l\u2019UEMOA et ont exige\u0301 leur restitution imme\u0301diate.<\/p>\n<p>La re\u0301union de Ouagadougou repre\u0301sente une e\u0301tape importante dans le projet de confe\u0301de\u0301ration entre le Mali, le Burkina Faso et le Niger. Cette nouvelle alliance pourrait permettre aux pays du Sahel de mieux relever les de\u0301fis se\u0301curitaires, e\u0301conomiques et sociaux auxquels ils font face.<\/p>\n<p><strong>Pour plus d&rsquo;informations et d&rsquo;analyses sur la <a href=\"https:\/\/www.africa-press.net\/niger\">Niger<\/a>, suivez <a href=\"https:\/\/www.africa-press.net\/\">Africa-Press<\/a><\/strong><\/p>\n","protected":false},"excerpt":{"rendered":"<p>Africa-Press &#8211; Niger. Les ministres de l\u2019Alliance des E\u0301tats du Sahel (AES) se sont re\u0301unis a\u0300 Ouagadougou le 15 fe\u0301vrier pour avancer sur le projet de confe\u0301de\u0301ration entre le Mali, le Burkina Faso et le Niger. L\u2019objectif de cette rencontre e\u0301tait de peaufiner les documents qui seront soumis aux chefs d\u2019E\u0301tat lors de leur prochaine [&hellip;]<\/p>\n","protected":false},"author":82,"featured_media":58947,"comment_status":"open","ping_status":"closed","sticky":false,"template":"","format":"standard","meta":{"footnotes":""},"categories":[2,10],"tags":[55,60,29],"class_list":["post-58948","post","type-post","status-publish","format-standard","has-post-thumbnail","hentry","category-politique","category-toutes-les-actualites","tag-africa-press","tag-africa-press-niger","tag-niger"],"yoast_head":"<!-- This site is optimized with the Yoast SEO Premium plugin v26.1 (Yoast SEO v27.0) - https:\/\/yoast.com\/product\/yoast-seo-premium-wordpress\/ -->\n<title>Sahel : Vers une conf\u00e9d\u00e9ration entre le Mali, le Burkina et le Niger ? - niger<\/title>\n<meta name=\"description\" content=\"Les ministres de l\u2019Alliance des E\u0301tats du Sahel (AES) se sont re\u0301unis a\u0300 Ouagadougou le 15 fe\u0301vrier pour avancer sur le ...\" \/>\n<meta name=\"robots\" content=\"index, follow, max-snippet:-1, max-image-preview:large, max-video-preview:-1\" \/>\n<link rel=\"canonical\" href=\"https:\/\/www.africa-press.net\/niger\/politique\/sahel-vers-une-confederation-entre-le-mali-le-burkina-et-le-niger\" \/>\n<meta property=\"og:locale\" content=\"fr_FR\" \/>\n<meta property=\"og:type\" content=\"article\" \/>\n<meta property=\"og:title\" content=\"Sahel : Vers une conf\u00e9d\u00e9ration entre le Mali, le Burkina et le Niger ?\" \/>\n<meta property=\"og:description\" content=\"Les ministres de l\u2019Alliance des E\u0301tats du Sahel (AES) se sont re\u0301unis a\u0300 Ouagadougou le 15 fe\u0301vrier pour avancer sur le ...\" \/>\n<meta property=\"og:url\" content=\"https:\/\/www.africa-press.net\/niger\/politique\/sahel-vers-une-confederation-entre-le-mali-le-burkina-et-le-niger\" \/>\n<meta property=\"og:site_name\" content=\"niger\" \/>\n<meta property=\"article:published_time\" content=\"2024-02-21T17:29:10+00:00\" \/>\n<meta property=\"article:modified_time\" content=\"2024-02-21T18:42:36+00:00\" \/>\n<meta property=\"og:image\" content=\"https:\/\/static.africa-press.net\/niger\/sites\/40\/2024\/02\/sm_1708528041.284247.jpg\" \/>\n\t<meta property=\"og:image:width\" content=\"1536\" \/>\n\t<meta property=\"og:image:height\" content=\"983\" \/>\n\t<meta property=\"og:image:type\" content=\"image\/jpeg\" \/>\n<meta name=\"author\" content=\"cfeditorfr\" \/>\n<meta name=\"twitter:card\" content=\"summary_large_image\" \/>\n<meta name=\"twitter:label1\" content=\"\u00c9crit par\" \/>\n\t<meta name=\"twitter:data1\" content=\"cfeditorfr\" \/>\n\t<meta name=\"twitter:label2\" content=\"Dur\u00e9e de lecture estim\u00e9e\" \/>\n\t<meta name=\"twitter:data2\" content=\"2 minutes\" \/>\n<script type=\"application\/ld+json\" class=\"yoast-schema-graph\">{\"@context\":\"https:\/\/schema.org\",\"@graph\":[{\"@type\":\"Article\",\"@id\":\"https:\/\/www.africa-press.net\/niger\/politique\/sahel-vers-une-confederation-entre-le-mali-le-burkina-et-le-niger#article\",\"isPartOf\":{\"@id\":\"https:\/\/www.africa-press.net\/niger\/politique\/sahel-vers-une-confederation-entre-le-mali-le-burkina-et-le-niger\"},\"author\":{\"name\":\"cfeditorfr\",\"@id\":\"https:\/\/www.africa-press.net\/niger\/#\/schema\/person\/2b1cf3cd81a31e3cd26889ca66d677f1\"},\"headline\":\"Sahel : Vers une conf\u00e9d\u00e9ration entre le Mali, le Burkina et le Niger ?\",\"datePublished\":\"2024-02-21T17:29:10+00:00\",\"dateModified\":\"2024-02-21T18:42:36+00:00\",\"mainEntityOfPage\":{\"@id\":\"https:\/\/www.africa-press.net\/niger\/politique\/sahel-vers-une-confederation-entre-le-mali-le-burkina-et-le-niger\"},\"wordCount\":329,\"commentCount\":0,\"image\":{\"@id\":\"https:\/\/www.africa-press.net\/niger\/politique\/sahel-vers-une-confederation-entre-le-mali-le-burkina-et-le-niger#primaryimage\"},\"thumbnailUrl\":\"https:\/\/static.africa-press.net\/niger\/sites\/40\/2024\/02\/sm_1708528041.284247.jpg\",\"keywords\":[\"Africa Press\",\"Africa Press-Niger\",\"Niger\"],\"articleSection\":[\"Politique\",\"Toutes les actualit\u00e9s\"],\"inLanguage\":\"fr-FR\",\"potentialAction\":[{\"@type\":\"CommentAction\",\"name\":\"Comment\",\"target\":[\"https:\/\/www.africa-press.net\/niger\/politique\/sahel-vers-une-confederation-entre-le-mali-le-burkina-et-le-niger#respond\"]}]},{\"@type\":\"WebPage\",\"@id\":\"https:\/\/www.africa-press.net\/niger\/politique\/sahel-vers-une-confederation-entre-le-mali-le-burkina-et-le-niger\",\"url\":\"https:\/\/www.africa-press.net\/niger\/politique\/sahel-vers-une-confederation-entre-le-mali-le-burkina-et-le-niger\",\"name\":\"Sahel : Vers une conf\u00e9d\u00e9ration entre le Mali, le Burkina et le Niger ? - niger\",\"isPartOf\":{\"@id\":\"https:\/\/www.africa-press.net\/niger\/#website\"},\"primaryImageOfPage\":{\"@id\":\"https:\/\/www.africa-press.net\/niger\/politique\/sahel-vers-une-confederation-entre-le-mali-le-burkina-et-le-niger#primaryimage\"},\"image\":{\"@id\":\"https:\/\/www.africa-press.net\/niger\/politique\/sahel-vers-une-confederation-entre-le-mali-le-burkina-et-le-niger#primaryimage\"},\"thumbnailUrl\":\"https:\/\/static.africa-press.net\/niger\/sites\/40\/2024\/02\/sm_1708528041.284247.jpg\",\"datePublished\":\"2024-02-21T17:29:10+00:00\",\"dateModified\":\"2024-02-21T18:42:36+00:00\",\"author\":{\"@id\":\"https:\/\/www.africa-press.net\/niger\/#\/schema\/person\/2b1cf3cd81a31e3cd26889ca66d677f1\"},\"description\":\"Les ministres de l\u2019Alliance des E\u0301tats du Sahel (AES) se sont re\u0301unis a\u0300 Ouagadougou le 15 fe\u0301vrier pour avancer sur le ...\",\"breadcrumb\":{\"@id\":\"https:\/\/www.africa-press.net\/niger\/politique\/sahel-vers-une-confederation-entre-le-mali-le-burkina-et-le-niger#breadcrumb\"},\"inLanguage\":\"fr-FR\",\"potentialAction\":[{\"@type\":\"ReadAction\",\"target\":[\"https:\/\/www.africa-press.net\/niger\/politique\/sahel-vers-une-confederation-entre-le-mali-le-burkina-et-le-niger\"]}]},{\"@type\":\"ImageObject\",\"inLanguage\":\"fr-FR\",\"@id\":\"https:\/\/www.africa-press.net\/niger\/politique\/sahel-vers-une-confederation-entre-le-mali-le-burkina-et-le-niger#primaryimage\",\"url\":\"https:\/\/static.africa-press.net\/niger\/sites\/40\/2024\/02\/sm_1708528041.284247.jpg\",\"contentUrl\":\"https:\/\/static.africa-press.net\/niger\/sites\/40\/2024\/02\/sm_1708528041.284247.jpg\",\"width\":1536,\"height\":983,\"caption\":\"Sahel : Vers une conf\u00e9d\u00e9ration entre le Mali, le Burkina et le Niger ?\"},{\"@type\":\"BreadcrumbList\",\"@id\":\"https:\/\/www.africa-press.net\/niger\/politique\/sahel-vers-une-confederation-entre-le-mali-le-burkina-et-le-niger#breadcrumb\",\"itemListElement\":[{\"@type\":\"ListItem\",\"position\":1,\"name\":\"Accueil\",\"item\":\"https:\/\/www.africa-press.net\/niger\/\"},{\"@type\":\"ListItem\",\"position\":2,\"name\":\"Sahel : Vers une conf\u00e9d\u00e9ration entre le Mali, le Burkina et le Niger ?\"}]},{\"@type\":\"WebSite\",\"@id\":\"https:\/\/www.africa-press.net\/niger\/#website\",\"url\":\"https:\/\/www.africa-press.net\/niger\/\",\"name\":\"niger\",\"description\":\"Just another Africa News Agency Sites site\",\"potentialAction\":[{\"@type\":\"SearchAction\",\"target\":{\"@type\":\"EntryPoint\",\"urlTemplate\":\"https:\/\/www.africa-press.net\/niger\/?s={search_term_string}\"},\"query-input\":{\"@type\":\"PropertyValueSpecification\",\"valueRequired\":true,\"valueName\":\"search_term_string\"}}],\"inLanguage\":\"fr-FR\"},{\"@type\":\"Person\",\"@id\":\"https:\/\/www.africa-press.net\/niger\/#\/schema\/person\/2b1cf3cd81a31e3cd26889ca66d677f1\",\"name\":\"cfeditorfr\"}]}<\/script>\n<!-- \/ Yoast SEO Premium plugin. -->","yoast_head_json":{"title":"Sahel : Vers une conf\u00e9d\u00e9ration entre le Mali, le Burkina et le Niger ? - niger","description":"Les ministres de l\u2019Alliance des E\u0301tats du Sahel (AES) se sont re\u0301unis a\u0300 Ouagadougou le 15 fe\u0301vrier pour avancer sur le ...","robots":{"index":"index","follow":"follow","max-snippet":"max-snippet:-1","max-image-preview":"max-image-preview:large","max-video-preview":"max-video-preview:-1"},"canonical":"https:\/\/www.africa-press.net\/niger\/politique\/sahel-vers-une-confederation-entre-le-mali-le-burkina-et-le-niger","og_locale":"fr_FR","og_type":"article","og_title":"Sahel : Vers une conf\u00e9d\u00e9ration entre le Mali, le Burkina et le Niger ?","og_description":"Les ministres de l\u2019Alliance des E\u0301tats du Sahel (AES) se sont re\u0301unis a\u0300 Ouagadougou le 15 fe\u0301vrier pour avancer sur le ...","og_url":"https:\/\/www.africa-press.net\/niger\/politique\/sahel-vers-une-confederation-entre-le-mali-le-burkina-et-le-niger","og_site_name":"niger","article_published_time":"2024-02-21T17:29:10+00:00","article_modified_time":"2024-02-21T18:42:36+00:00","og_image":[{"width":1536,"height":983,"url":"https:\/\/static.africa-press.net\/niger\/sites\/40\/2024\/02\/sm_1708528041.284247.jpg","type":"image\/jpeg"}],"author":"cfeditorfr","twitter_card":"summary_large_image","twitter_misc":{"\u00c9crit par":"cfeditorfr","Dur\u00e9e de lecture estim\u00e9e":"2 minutes"},"schema":{"@context":"https:\/\/schema.org","@graph":[{"@type":"Article","@id":"https:\/\/www.africa-press.net\/niger\/politique\/sahel-vers-une-confederation-entre-le-mali-le-burkina-et-le-niger#article","isPartOf":{"@id":"https:\/\/www.africa-press.net\/niger\/politique\/sahel-vers-une-confederation-entre-le-mali-le-burkina-et-le-niger"},"author":{"name":"cfeditorfr","@id":"https:\/\/www.africa-press.net\/niger\/#\/schema\/person\/2b1cf3cd81a31e3cd26889ca66d677f1"},"headline":"Sahel : Vers une conf\u00e9d\u00e9ration entre le Mali, le Burkina et le Niger ?","datePublished":"2024-02-21T17:29:10+00:00","dateModified":"2024-02-21T18:42:36+00:00","mainEntityOfPage":{"@id":"https:\/\/www.africa-press.net\/niger\/politique\/sahel-vers-une-confederation-entre-le-mali-le-burkina-et-le-niger"},"wordCount":329,"commentCount":0,"image":{"@id":"https:\/\/www.africa-press.net\/niger\/politique\/sahel-vers-une-confederation-entre-le-mali-le-burkina-et-le-niger#primaryimage"},"thumbnailUrl":"https:\/\/static.africa-press.net\/niger\/sites\/40\/2024\/02\/sm_1708528041.284247.jpg","keywords":["Africa Press","Africa Press-Niger","Niger"],"articleSection":["Politique","Toutes les actualit\u00e9s"],"inLanguage":"fr-FR","potentialAction":[{"@type":"CommentAction","name":"Comment","target":["https:\/\/www.africa-press.net\/niger\/politique\/sahel-vers-une-confederation-entre-le-mali-le-burkina-et-le-niger#respond"]}]},{"@type":"WebPage","@id":"https:\/\/www.africa-press.net\/niger\/politique\/sahel-vers-une-confederation-entre-le-mali-le-burkina-et-le-niger","url":"https:\/\/www.africa-press.net\/niger\/politique\/sahel-vers-une-confederation-entre-le-mali-le-burkina-et-le-niger","name":"Sahel : Vers une conf\u00e9d\u00e9ration entre le Mali, le Burkina et le Niger ? - niger","isPartOf":{"@id":"https:\/\/www.africa-press.net\/niger\/#website"},"primaryImageOfPage":{"@id":"https:\/\/www.africa-press.net\/niger\/politique\/sahel-vers-une-confederation-entre-le-mali-le-burkina-et-le-niger#primaryimage"},"image":{"@id":"https:\/\/www.africa-press.net\/niger\/politique\/sahel-vers-une-confederation-entre-le-mali-le-burkina-et-le-niger#primaryimage"},"thumbnailUrl":"https:\/\/static.africa-press.net\/niger\/sites\/40\/2024\/02\/sm_1708528041.284247.jpg","datePublished":"2024-02-21T17:29:10+00:00","dateModified":"2024-02-21T18:42:36+00:00","author":{"@id":"https:\/\/www.africa-press.net\/niger\/#\/schema\/person\/2b1cf3cd81a31e3cd26889ca66d677f1"},"description":"Les ministres de l\u2019Alliance des E\u0301tats du Sahel (AES) se sont re\u0301unis a\u0300 Ouagadougou le 15 fe\u0301vrier pour avancer sur le ...","breadcrumb":{"@id":"https:\/\/www.africa-press.net\/niger\/politique\/sahel-vers-une-confederation-entre-le-mali-le-burkina-et-le-niger#breadcrumb"},"inLanguage":"fr-FR","potentialAction":[{"@type":"ReadAction","target":["https:\/\/www.africa-press.net\/niger\/politique\/sahel-vers-une-confederation-entre-le-mali-le-burkina-et-le-niger"]}]},{"@type":"ImageObject","inLanguage":"fr-FR","@id":"https:\/\/www.africa-press.net\/niger\/politique\/sahel-vers-une-confederation-entre-le-mali-le-burkina-et-le-niger#primaryimage","url":"https:\/\/static.africa-press.net\/niger\/sites\/40\/2024\/02\/sm_1708528041.284247.jpg","contentUrl":"https:\/\/static.africa-press.net\/niger\/sites\/40\/2024\/02\/sm_1708528041.284247.jpg","width":1536,"height":983,"caption":"Sahel : Vers une conf\u00e9d\u00e9ration entre le Mali, le Burkina et le Niger ?"},{"@type":"BreadcrumbList","@id":"https:\/\/www.africa-press.net\/niger\/politique\/sahel-vers-une-confederation-entre-le-mali-le-burkina-et-le-niger#breadcrumb","itemListElement":[{"@type":"ListItem","position":1,"name":"Accueil","item":"https:\/\/www.africa-press.net\/niger\/"},{"@type":"ListItem","position":2,"name":"Sahel : Vers une conf\u00e9d\u00e9ration entre le Mali, le Burkina et le Niger ?"}]},{"@type":"WebSite","@id":"https:\/\/www.africa-press.net\/niger\/#website","url":"https:\/\/www.africa-press.net\/niger\/","name":"niger","description":"Just another Africa News Agency Sites site","potentialAction":[{"@type":"SearchAction","target":{"@type":"EntryPoint","urlTemplate":"https:\/\/www.africa-press.net\/niger\/?s={search_term_string}"},"query-input":{"@type":"PropertyValueSpecification","valueRequired":true,"valueName":"search_term_string"}}],"inLanguage":"fr-FR"},{"@type":"Person","@id":"https:\/\/www.africa-press.net\/niger\/#\/schema\/person\/2b1cf3cd81a31e3cd26889ca66d677f1","name":"cfeditorfr"}]}},"_links":{"self":[{"href":"https:\/\/www.africa-press.net\/niger\/wp-json\/wp\/v2\/posts\/58948","targetHints":{"allow":["GET"]}}],"collection":[{"href":"https:\/\/www.africa-press.net\/niger\/wp-json\/wp\/v2\/posts"}],"about":[{"href":"https:\/\/www.africa-press.net\/niger\/wp-json\/wp\/v2\/types\/post"}],"author":[{"embeddable":true,"href":"https:\/\/www.africa-press.net\/niger\/wp-json\/wp\/v2\/users\/82"}],"replies":[{"embeddable":true,"href":"https:\/\/www.africa-press.net\/niger\/wp-json\/wp\/v2\/comments?post=58948"}],"version-history":[{"count":0,"href":"https:\/\/www.africa-press.net\/niger\/wp-json\/wp\/v2\/posts\/58948\/revisions"}],"wp:featuredmedia":[{"embeddable":true,"href":"https:\/\/www.africa-press.net\/niger\/wp-json\/wp\/v2\/media\/58947"}],"wp:attachment":[{"href":"https:\/\/www.africa-press.net\/niger\/wp-json\/wp\/v2\/media?parent=58948"}],"wp:term":[{"taxonomy":"category","embeddable":true,"href":"https:\/\/www.africa-press.net\/niger\/wp-json\/wp\/v2\/categories?post=58948"},{"taxonomy":"post_tag","embeddable":true,"href":"https:\/\/www.africa-press.net\/niger\/wp-json\/wp\/v2\/tags?post=58948"}],"curies":[{"name":"wp","href":"https:\/\/api.w.org\/{rel}","templated":true}]}}