{"id":58974,"date":"2024-02-22T18:42:24","date_gmt":"2024-02-22T18:42:24","guid":{"rendered":"https:\/\/www.africa-press.net\/niger\/politique\/au-cabinet-du-premier-ministre-m-ali-mahaman-lamine-zeine-recoit-le-vice-ministre-iranien-charge-des-affaires-economiques"},"modified":"2024-02-22T18:42:24","modified_gmt":"2024-02-22T18:42:24","slug":"au-cabinet-du-premier-ministre-m-ali-mahaman-lamine-zeine-recoit-le-vice-ministre-iranien-charge-des-affaires-economiques","status":"publish","type":"post","link":"https:\/\/www.africa-press.net\/niger\/politique\/au-cabinet-du-premier-ministre-m-ali-mahaman-lamine-zeine-recoit-le-vice-ministre-iranien-charge-des-affaires-economiques","title":{"rendered":"Au cabinet du Premier ministre : M. Ali Mahaman Lamine Zeine re\u00e7oit le Vice-ministre iranien charg\u00e9 des Affaires Economiques"},"content":{"rendered":"<p><span style=\"color: #ff6600\"><strong>Africa-Press &#8211; Niger. <\/strong><\/span>Le Premier ministre, ministre de l\u2019E\u0301conomie et des Finances, M. Ali Mahaman Lamine Zeine a accorde\u0301, hier mercredi 21 fe\u0301vrier 2024, une audience au Vice-ministre iranien charge\u0301 des Affaires Economiques Dr Mehdi Safari. Au cours de cet entretien, les deux personnalite\u0301s ont e\u0301change\u0301 sur des questions d\u2019inte\u0301re\u0302t comme l\u2019e\u0301nergie, l\u2019agriculture et les transports.<\/p>\n<p>A\u0300 l\u2019issue de cette audience, le Vice-ministre iranien charge\u0301 des Affaires Economiques a explique\u0301 que durant son se\u0301jour en terre nige\u0301rienne, il a pris part a\u0300 plusieurs re\u0301unions avec les autorite\u0301s nige\u0301riennes dans diffe\u0301rents domaines. Au cours de ces entretiens avec les responsables du pays, plusieurs pre\u0301occupations ont e\u0301te\u0301 souleve\u0301es notamment dans le domaine de l\u2019e\u0301nergie, de l\u2019e\u0301lectricite\u0301, des me\u0301dicaments, des e\u0301quipements, du transport (ferroviaire, ae\u0301rien et terrestre), ainsi que dans l\u2019agriculture. \u00ab C\u2019est pourquoi, pour e\u0301valuer la capacite\u0301 du Niger dans la production de la viande, nous avons pense\u0301 avoir le me\u0301canisme qui nous permettrait d\u2019apporter la viande nige\u0301rienne vers l\u2019Iran. Notre pays a aussi du potentiel et de la capacite\u0301 dans de nombreux domaines notamment le secteur me\u0301dical avec la biotechnologie et la nanotechnologie \u00bb a indique\u0301 Dr Mehdi Safari.<\/p>\n<p>\u00ab Les Iraniens sont pre\u0302ts a\u0300 coope\u0301rer avec les Nige\u0301riens, en utilisant leurs expe\u0301riences. J\u2019ai eu un rendez-vous avec les ministres de de l\u2019Urbanisme et de l\u2019Habitat, du Transport et de l\u2019Equipements ; il est convenu que des projets soient exe\u0301cute\u0301s par des experts iraniens. Ils seront mis en exe\u0301cution de manie\u0300re mutuelle mais la priorite\u0301 pour la population nige\u0301rienne demeure la question de l\u2019e\u0301nergie et de l\u2019e\u0301lectricite\u0301. Nous allons commencer l\u2019installation de certaines centrales, nous espe\u0301rons que le peuple nige\u0301rien va expe\u0301rimenter les effets au mois de Ramadan \u00bb, a conclu le Vice-ministre iranien charge\u0301 des Affaires E\u0301conomique.<\/p>\n<p><strong>Pour plus d&rsquo;informations et d&rsquo;analyses sur la <a href=\"https:\/\/www.africa-press.net\/niger\">Niger<\/a>, suivez <a href=\"https:\/\/www.africa-press.net\/\">Africa-Press<\/a><\/strong><\/p>\n","protected":false},"excerpt":{"rendered":"<p>Africa-Press &#8211; Niger. Le Premier ministre, ministre de l\u2019E\u0301conomie et des Finances, M. Ali Mahaman Lamine Zeine a accorde\u0301, hier mercredi 21 fe\u0301vrier 2024, une audience au Vice-ministre iranien charge\u0301 des Affaires Economiques Dr Mehdi Safari. Au cours de cet entretien, les deux personnalite\u0301s ont e\u0301change\u0301 sur des questions d\u2019inte\u0301re\u0302t comme l\u2019e\u0301nergie, l\u2019agriculture et les [&hellip;]<\/p>\n","protected":false},"author":82,"featured_media":58972,"comment_status":"open","ping_status":"closed","sticky":false,"template":"","format":"standard","meta":{"footnotes":""},"categories":[2,20,10],"tags":[55,60,29],"class_list":["post-58974","post","type-post","status-publish","format-standard","has-post-thumbnail","hentry","category-politique","category-top-nouvelles","category-toutes-les-actualites","tag-africa-press","tag-africa-press-niger","tag-niger"],"yoast_head":"<!-- This site is optimized with the Yoast SEO Premium plugin v26.1 (Yoast SEO v27.0) - https:\/\/yoast.com\/product\/yoast-seo-premium-wordpress\/ -->\n<title>Au cabinet du Premier ministre : M. Ali Mahaman Lamine Zeine re\u00e7oit le Vice-ministre iranien charg\u00e9 des Affaires Economiques - niger<\/title>\n<meta name=\"robots\" content=\"index, follow, max-snippet:-1, max-image-preview:large, max-video-preview:-1\" \/>\n<link rel=\"canonical\" href=\"https:\/\/www.africa-press.net\/niger\/politique\/au-cabinet-du-premier-ministre-m-ali-mahaman-lamine-zeine-recoit-le-vice-ministre-iranien-charge-des-affaires-economiques\" \/>\n<meta property=\"og:locale\" content=\"fr_FR\" \/>\n<meta property=\"og:type\" content=\"article\" \/>\n<meta property=\"og:title\" content=\"Au cabinet du Premier ministre : M. Ali Mahaman Lamine Zeine re\u00e7oit le Vice-ministre iranien charg\u00e9 des Affaires Economiques\" \/>\n<meta property=\"og:description\" content=\"Africa-Press &#8211; Niger. Le Premier ministre, ministre de l\u2019E\u0301conomie et des Finances, M. Ali Mahaman Lamine Zeine a accorde\u0301, hier mercredi 21 fe\u0301vrier 2024, une audience au Vice-ministre iranien charge\u0301 des Affaires Economiques Dr Mehdi Safari. Au cours de cet entretien, les deux personnalite\u0301s ont e\u0301change\u0301 sur des questions d\u2019inte\u0301re\u0302t comme l\u2019e\u0301nergie, l\u2019agriculture et les [&hellip;]\" \/>\n<meta property=\"og:url\" content=\"https:\/\/www.africa-press.net\/niger\/politique\/au-cabinet-du-premier-ministre-m-ali-mahaman-lamine-zeine-recoit-le-vice-ministre-iranien-charge-des-affaires-economiques\" \/>\n<meta property=\"og:site_name\" content=\"niger\" \/>\n<meta property=\"article:published_time\" content=\"2024-02-22T18:42:24+00:00\" \/>\n<meta name=\"author\" content=\"cfeditorfr\" \/>\n<meta name=\"twitter:card\" content=\"summary_large_image\" \/>\n<meta name=\"twitter:label1\" content=\"\u00c9crit par\" \/>\n\t<meta name=\"twitter:data1\" content=\"cfeditorfr\" \/>\n\t<meta name=\"twitter:label2\" content=\"Dur\u00e9e de lecture estim\u00e9e\" \/>\n\t<meta name=\"twitter:data2\" content=\"2 minutes\" \/>\n<script type=\"application\/ld+json\" class=\"yoast-schema-graph\">{\"@context\":\"https:\/\/schema.org\",\"@graph\":[{\"@type\":\"Article\",\"@id\":\"https:\/\/www.africa-press.net\/niger\/politique\/au-cabinet-du-premier-ministre-m-ali-mahaman-lamine-zeine-recoit-le-vice-ministre-iranien-charge-des-affaires-economiques#article\",\"isPartOf\":{\"@id\":\"https:\/\/www.africa-press.net\/niger\/politique\/au-cabinet-du-premier-ministre-m-ali-mahaman-lamine-zeine-recoit-le-vice-ministre-iranien-charge-des-affaires-economiques\"},\"author\":{\"name\":\"cfeditorfr\",\"@id\":\"https:\/\/www.africa-press.net\/niger\/#\/schema\/person\/2b1cf3cd81a31e3cd26889ca66d677f1\"},\"headline\":\"Au cabinet du Premier ministre : M. Ali Mahaman Lamine Zeine re\u00e7oit le Vice-ministre iranien charg\u00e9 des Affaires Economiques\",\"datePublished\":\"2024-02-22T18:42:24+00:00\",\"mainEntityOfPage\":{\"@id\":\"https:\/\/www.africa-press.net\/niger\/politique\/au-cabinet-du-premier-ministre-m-ali-mahaman-lamine-zeine-recoit-le-vice-ministre-iranien-charge-des-affaires-economiques\"},\"wordCount\":369,\"commentCount\":0,\"image\":{\"@id\":\"https:\/\/www.africa-press.net\/niger\/politique\/au-cabinet-du-premier-ministre-m-ali-mahaman-lamine-zeine-recoit-le-vice-ministre-iranien-charge-des-affaires-economiques#primaryimage\"},\"thumbnailUrl\":\"https:\/\/static.africa-press.net\/niger\/sites\/40\/2024\/02\/sm_1708615484.398899.jpg\",\"keywords\":[\"Africa Press\",\"Africa Press-Niger\",\"Niger\"],\"articleSection\":[\"Politique\",\"Top Nouvelles\",\"Toutes les actualit\u00e9s\"],\"inLanguage\":\"fr-FR\",\"potentialAction\":[{\"@type\":\"CommentAction\",\"name\":\"Comment\",\"target\":[\"https:\/\/www.africa-press.net\/niger\/politique\/au-cabinet-du-premier-ministre-m-ali-mahaman-lamine-zeine-recoit-le-vice-ministre-iranien-charge-des-affaires-economiques#respond\"]}]},{\"@type\":\"WebPage\",\"@id\":\"https:\/\/www.africa-press.net\/niger\/politique\/au-cabinet-du-premier-ministre-m-ali-mahaman-lamine-zeine-recoit-le-vice-ministre-iranien-charge-des-affaires-economiques\",\"url\":\"https:\/\/www.africa-press.net\/niger\/politique\/au-cabinet-du-premier-ministre-m-ali-mahaman-lamine-zeine-recoit-le-vice-ministre-iranien-charge-des-affaires-economiques\",\"name\":\"Au cabinet du Premier ministre : M. Ali Mahaman Lamine Zeine re\u00e7oit le Vice-ministre iranien charg\u00e9 des Affaires Economiques - niger\",\"isPartOf\":{\"@id\":\"https:\/\/www.africa-press.net\/niger\/#website\"},\"primaryImageOfPage\":{\"@id\":\"https:\/\/www.africa-press.net\/niger\/politique\/au-cabinet-du-premier-ministre-m-ali-mahaman-lamine-zeine-recoit-le-vice-ministre-iranien-charge-des-affaires-economiques#primaryimage\"},\"image\":{\"@id\":\"https:\/\/www.africa-press.net\/niger\/politique\/au-cabinet-du-premier-ministre-m-ali-mahaman-lamine-zeine-recoit-le-vice-ministre-iranien-charge-des-affaires-economiques#primaryimage\"},\"thumbnailUrl\":\"https:\/\/static.africa-press.net\/niger\/sites\/40\/2024\/02\/sm_1708615484.398899.jpg\",\"datePublished\":\"2024-02-22T18:42:24+00:00\",\"author\":{\"@id\":\"https:\/\/www.africa-press.net\/niger\/#\/schema\/person\/2b1cf3cd81a31e3cd26889ca66d677f1\"},\"breadcrumb\":{\"@id\":\"https:\/\/www.africa-press.net\/niger\/politique\/au-cabinet-du-premier-ministre-m-ali-mahaman-lamine-zeine-recoit-le-vice-ministre-iranien-charge-des-affaires-economiques#breadcrumb\"},\"inLanguage\":\"fr-FR\",\"potentialAction\":[{\"@type\":\"ReadAction\",\"target\":[\"https:\/\/www.africa-press.net\/niger\/politique\/au-cabinet-du-premier-ministre-m-ali-mahaman-lamine-zeine-recoit-le-vice-ministre-iranien-charge-des-affaires-economiques\"]}]},{\"@type\":\"ImageObject\",\"inLanguage\":\"fr-FR\",\"@id\":\"https:\/\/www.africa-press.net\/niger\/politique\/au-cabinet-du-premier-ministre-m-ali-mahaman-lamine-zeine-recoit-le-vice-ministre-iranien-charge-des-affaires-economiques#primaryimage\",\"url\":\"https:\/\/static.africa-press.net\/niger\/sites\/40\/2024\/02\/sm_1708615484.398899.jpg\",\"contentUrl\":\"https:\/\/static.africa-press.net\/niger\/sites\/40\/2024\/02\/sm_1708615484.398899.jpg\",\"width\":1024,\"height\":683,\"caption\":\"Au cabinet du Premier ministre : M. Ali Mahaman Lamine Zeine re\u00e7oit le Vice-ministre iranien charg\u00e9 des Affaires Economiques\"},{\"@type\":\"BreadcrumbList\",\"@id\":\"https:\/\/www.africa-press.net\/niger\/politique\/au-cabinet-du-premier-ministre-m-ali-mahaman-lamine-zeine-recoit-le-vice-ministre-iranien-charge-des-affaires-economiques#breadcrumb\",\"itemListElement\":[{\"@type\":\"ListItem\",\"position\":1,\"name\":\"Accueil\",\"item\":\"https:\/\/www.africa-press.net\/niger\/\"},{\"@type\":\"ListItem\",\"position\":2,\"name\":\"Au cabinet du Premier ministre : M. Ali Mahaman Lamine Zeine re\u00e7oit le Vice-ministre iranien charg\u00e9 des Affaires Economiques\"}]},{\"@type\":\"WebSite\",\"@id\":\"https:\/\/www.africa-press.net\/niger\/#website\",\"url\":\"https:\/\/www.africa-press.net\/niger\/\",\"name\":\"niger\",\"description\":\"Just another Africa News Agency Sites site\",\"potentialAction\":[{\"@type\":\"SearchAction\",\"target\":{\"@type\":\"EntryPoint\",\"urlTemplate\":\"https:\/\/www.africa-press.net\/niger\/?s={search_term_string}\"},\"query-input\":{\"@type\":\"PropertyValueSpecification\",\"valueRequired\":true,\"valueName\":\"search_term_string\"}}],\"inLanguage\":\"fr-FR\"},{\"@type\":\"Person\",\"@id\":\"https:\/\/www.africa-press.net\/niger\/#\/schema\/person\/2b1cf3cd81a31e3cd26889ca66d677f1\",\"name\":\"cfeditorfr\"}]}<\/script>\n<!-- \/ Yoast SEO Premium plugin. -->","yoast_head_json":{"title":"Au cabinet du Premier ministre : M. Ali Mahaman Lamine Zeine re\u00e7oit le Vice-ministre iranien charg\u00e9 des Affaires Economiques - niger","robots":{"index":"index","follow":"follow","max-snippet":"max-snippet:-1","max-image-preview":"max-image-preview:large","max-video-preview":"max-video-preview:-1"},"canonical":"https:\/\/www.africa-press.net\/niger\/politique\/au-cabinet-du-premier-ministre-m-ali-mahaman-lamine-zeine-recoit-le-vice-ministre-iranien-charge-des-affaires-economiques","og_locale":"fr_FR","og_type":"article","og_title":"Au cabinet du Premier ministre : M. Ali Mahaman Lamine Zeine re\u00e7oit le Vice-ministre iranien charg\u00e9 des Affaires Economiques","og_description":"Africa-Press &#8211; Niger. Le Premier ministre, ministre de l\u2019E\u0301conomie et des Finances, M. Ali Mahaman Lamine Zeine a accorde\u0301, hier mercredi 21 fe\u0301vrier 2024, une audience au Vice-ministre iranien charge\u0301 des Affaires Economiques Dr Mehdi Safari. Au cours de cet entretien, les deux personnalite\u0301s ont e\u0301change\u0301 sur des questions d\u2019inte\u0301re\u0302t comme l\u2019e\u0301nergie, l\u2019agriculture et les [&hellip;]","og_url":"https:\/\/www.africa-press.net\/niger\/politique\/au-cabinet-du-premier-ministre-m-ali-mahaman-lamine-zeine-recoit-le-vice-ministre-iranien-charge-des-affaires-economiques","og_site_name":"niger","article_published_time":"2024-02-22T18:42:24+00:00","author":"cfeditorfr","twitter_card":"summary_large_image","twitter_misc":{"\u00c9crit par":"cfeditorfr","Dur\u00e9e de lecture estim\u00e9e":"2 minutes"},"schema":{"@context":"https:\/\/schema.org","@graph":[{"@type":"Article","@id":"https:\/\/www.africa-press.net\/niger\/politique\/au-cabinet-du-premier-ministre-m-ali-mahaman-lamine-zeine-recoit-le-vice-ministre-iranien-charge-des-affaires-economiques#article","isPartOf":{"@id":"https:\/\/www.africa-press.net\/niger\/politique\/au-cabinet-du-premier-ministre-m-ali-mahaman-lamine-zeine-recoit-le-vice-ministre-iranien-charge-des-affaires-economiques"},"author":{"name":"cfeditorfr","@id":"https:\/\/www.africa-press.net\/niger\/#\/schema\/person\/2b1cf3cd81a31e3cd26889ca66d677f1"},"headline":"Au cabinet du Premier ministre : M. Ali Mahaman Lamine Zeine re\u00e7oit le Vice-ministre iranien charg\u00e9 des Affaires Economiques","datePublished":"2024-02-22T18:42:24+00:00","mainEntityOfPage":{"@id":"https:\/\/www.africa-press.net\/niger\/politique\/au-cabinet-du-premier-ministre-m-ali-mahaman-lamine-zeine-recoit-le-vice-ministre-iranien-charge-des-affaires-economiques"},"wordCount":369,"commentCount":0,"image":{"@id":"https:\/\/www.africa-press.net\/niger\/politique\/au-cabinet-du-premier-ministre-m-ali-mahaman-lamine-zeine-recoit-le-vice-ministre-iranien-charge-des-affaires-economiques#primaryimage"},"thumbnailUrl":"https:\/\/static.africa-press.net\/niger\/sites\/40\/2024\/02\/sm_1708615484.398899.jpg","keywords":["Africa Press","Africa Press-Niger","Niger"],"articleSection":["Politique","Top Nouvelles","Toutes les actualit\u00e9s"],"inLanguage":"fr-FR","potentialAction":[{"@type":"CommentAction","name":"Comment","target":["https:\/\/www.africa-press.net\/niger\/politique\/au-cabinet-du-premier-ministre-m-ali-mahaman-lamine-zeine-recoit-le-vice-ministre-iranien-charge-des-affaires-economiques#respond"]}]},{"@type":"WebPage","@id":"https:\/\/www.africa-press.net\/niger\/politique\/au-cabinet-du-premier-ministre-m-ali-mahaman-lamine-zeine-recoit-le-vice-ministre-iranien-charge-des-affaires-economiques","url":"https:\/\/www.africa-press.net\/niger\/politique\/au-cabinet-du-premier-ministre-m-ali-mahaman-lamine-zeine-recoit-le-vice-ministre-iranien-charge-des-affaires-economiques","name":"Au cabinet du Premier ministre : M. Ali Mahaman Lamine Zeine re\u00e7oit le Vice-ministre iranien charg\u00e9 des Affaires Economiques - niger","isPartOf":{"@id":"https:\/\/www.africa-press.net\/niger\/#website"},"primaryImageOfPage":{"@id":"https:\/\/www.africa-press.net\/niger\/politique\/au-cabinet-du-premier-ministre-m-ali-mahaman-lamine-zeine-recoit-le-vice-ministre-iranien-charge-des-affaires-economiques#primaryimage"},"image":{"@id":"https:\/\/www.africa-press.net\/niger\/politique\/au-cabinet-du-premier-ministre-m-ali-mahaman-lamine-zeine-recoit-le-vice-ministre-iranien-charge-des-affaires-economiques#primaryimage"},"thumbnailUrl":"https:\/\/static.africa-press.net\/niger\/sites\/40\/2024\/02\/sm_1708615484.398899.jpg","datePublished":"2024-02-22T18:42:24+00:00","author":{"@id":"https:\/\/www.africa-press.net\/niger\/#\/schema\/person\/2b1cf3cd81a31e3cd26889ca66d677f1"},"breadcrumb":{"@id":"https:\/\/www.africa-press.net\/niger\/politique\/au-cabinet-du-premier-ministre-m-ali-mahaman-lamine-zeine-recoit-le-vice-ministre-iranien-charge-des-affaires-economiques#breadcrumb"},"inLanguage":"fr-FR","potentialAction":[{"@type":"ReadAction","target":["https:\/\/www.africa-press.net\/niger\/politique\/au-cabinet-du-premier-ministre-m-ali-mahaman-lamine-zeine-recoit-le-vice-ministre-iranien-charge-des-affaires-economiques"]}]},{"@type":"ImageObject","inLanguage":"fr-FR","@id":"https:\/\/www.africa-press.net\/niger\/politique\/au-cabinet-du-premier-ministre-m-ali-mahaman-lamine-zeine-recoit-le-vice-ministre-iranien-charge-des-affaires-economiques#primaryimage","url":"https:\/\/static.africa-press.net\/niger\/sites\/40\/2024\/02\/sm_1708615484.398899.jpg","contentUrl":"https:\/\/static.africa-press.net\/niger\/sites\/40\/2024\/02\/sm_1708615484.398899.jpg","width":1024,"height":683,"caption":"Au cabinet du Premier ministre : M. Ali Mahaman Lamine Zeine re\u00e7oit le Vice-ministre iranien charg\u00e9 des Affaires Economiques"},{"@type":"BreadcrumbList","@id":"https:\/\/www.africa-press.net\/niger\/politique\/au-cabinet-du-premier-ministre-m-ali-mahaman-lamine-zeine-recoit-le-vice-ministre-iranien-charge-des-affaires-economiques#breadcrumb","itemListElement":[{"@type":"ListItem","position":1,"name":"Accueil","item":"https:\/\/www.africa-press.net\/niger\/"},{"@type":"ListItem","position":2,"name":"Au cabinet du Premier ministre : M. Ali Mahaman Lamine Zeine re\u00e7oit le Vice-ministre iranien charg\u00e9 des Affaires Economiques"}]},{"@type":"WebSite","@id":"https:\/\/www.africa-press.net\/niger\/#website","url":"https:\/\/www.africa-press.net\/niger\/","name":"niger","description":"Just another Africa News Agency Sites site","potentialAction":[{"@type":"SearchAction","target":{"@type":"EntryPoint","urlTemplate":"https:\/\/www.africa-press.net\/niger\/?s={search_term_string}"},"query-input":{"@type":"PropertyValueSpecification","valueRequired":true,"valueName":"search_term_string"}}],"inLanguage":"fr-FR"},{"@type":"Person","@id":"https:\/\/www.africa-press.net\/niger\/#\/schema\/person\/2b1cf3cd81a31e3cd26889ca66d677f1","name":"cfeditorfr"}]}},"_links":{"self":[{"href":"https:\/\/www.africa-press.net\/niger\/wp-json\/wp\/v2\/posts\/58974","targetHints":{"allow":["GET"]}}],"collection":[{"href":"https:\/\/www.africa-press.net\/niger\/wp-json\/wp\/v2\/posts"}],"about":[{"href":"https:\/\/www.africa-press.net\/niger\/wp-json\/wp\/v2\/types\/post"}],"author":[{"embeddable":true,"href":"https:\/\/www.africa-press.net\/niger\/wp-json\/wp\/v2\/users\/82"}],"replies":[{"embeddable":true,"href":"https:\/\/www.africa-press.net\/niger\/wp-json\/wp\/v2\/comments?post=58974"}],"version-history":[{"count":0,"href":"https:\/\/www.africa-press.net\/niger\/wp-json\/wp\/v2\/posts\/58974\/revisions"}],"wp:featuredmedia":[{"embeddable":true,"href":"https:\/\/www.africa-press.net\/niger\/wp-json\/wp\/v2\/media\/58972"}],"wp:attachment":[{"href":"https:\/\/www.africa-press.net\/niger\/wp-json\/wp\/v2\/media?parent=58974"}],"wp:term":[{"taxonomy":"category","embeddable":true,"href":"https:\/\/www.africa-press.net\/niger\/wp-json\/wp\/v2\/categories?post=58974"},{"taxonomy":"post_tag","embeddable":true,"href":"https:\/\/www.africa-press.net\/niger\/wp-json\/wp\/v2\/tags?post=58974"}],"curies":[{"name":"wp","href":"https:\/\/api.w.org\/{rel}","templated":true}]}}