{"id":58976,"date":"2024-02-22T18:43:46","date_gmt":"2024-02-22T18:43:46","guid":{"rendered":"https:\/\/www.africa-press.net\/niger\/politique\/12eme-conference-extraordinaire-des-ministres-de-linformation-de-loci-a-istanbul-le-ministre-de-la-communication-du-niger-rencontre-son-homologue-turc"},"modified":"2024-02-22T18:59:17","modified_gmt":"2024-02-22T18:59:17","slug":"12eme-conference-extraordinaire-des-ministres-de-linformation-de-loci-a-istanbul-le-ministre-de-la-communication-du-niger-rencontre-son-homologue-turc","status":"publish","type":"post","link":"https:\/\/www.africa-press.net\/niger\/politique\/12eme-conference-extraordinaire-des-ministres-de-linformation-de-loci-a-istanbul-le-ministre-de-la-communication-du-niger-rencontre-son-homologue-turc","title":{"rendered":"12\u00e8me conf\u00e9rence extraordinaire des ministres de l\u2019information de l\u2019OCI \u00e0 Istanbul : Le ministre de la communication du Niger rencontre son homologue turc"},"content":{"rendered":"<p><span style=\"color: #ff6600\"><strong>Africa-Press &#8211; Niger. <\/strong><\/span>En marge des travaux de la 12e\u0300me confe\u0301rence extraordinaire des ministres de l\u2019information des pays membres de l\u2019organisation de la coope\u0301ration islamique (OCI) a\u0300 Istanbul en Tu\u0308rkiye, le Ministre nige\u0301rien de la communication, Raliou Sidi Mohamed s\u2019est entretenu, ce jeudi 22 fe\u0301vrier 2024, avec le Vice-Ministre des Transports et des infrastructures de la Tu\u0308rkiye, Charge\u0301 des Te\u0301le\u0301communications Omer Fatih Sayan.<\/p>\n<p>Au cours de cette rencontre plusieurs projets d&rsquo;inte\u0301re\u0302ts communs ont e\u0301te\u0301 e\u0301voque\u0301s par les deux parties a\u0300 savoir le projet de modernisation de NIGER TE\u0301LE\u0301COMS avec l&rsquo;installation de plus de 1000 sites en te\u0301le\u0301phonie mobile 4G qui devaient e\u0302tre de\u0301ploye\u0301s par la Socie\u0301te\u0301 Turque ULAK qui est un fabriquant des e\u0301quipements de te\u0301le\u0301communications, en partenariat avec la Socie\u0301te\u0301 AACID, la coope\u0301ration dans le domaine de la Re\u0301gulation des te\u0301le\u0301communications par le renouvellement du me\u0301morandum entre les re\u0301gulateurs des deux pays, avec comme objectif le renforcement des capacite\u0301s de contro\u0302le et de monotoring de l\u2019ARCEP et la coope\u0301ration dans le domaine de la communication et de la couverture de re\u0301seaux par la fourniture des services satellitaires de retransmission et de collecte des donne\u0301es.<\/p>\n<p>Dans le but de raffermir les liens de coope\u0301ration avec la Turkiye et la concre\u0301tisation de ces diffe\u0301rents projets, le Ministre Mr. Raliou Sidi Mohamed a invite\u0301 son homologue Turc a\u0300 visiter le Niger., demande qu\u2019il a accepte\u0301e avec plaisir.<\/p>\n<p>Les deux personnalite\u0301s ont, a\u0300 cette occasion, salue\u0301 l\u2019excellence des relations de fraternite\u0301 et de respect mutuel qui unissent le Niger et la Tu\u0308rkiye.<\/p>\n<p>Notons que la rencontre s\u2019est de\u0301roule\u0301e en pre\u0301sence du Directeur Ge\u0301ne\u0301ral de l\u2019ULAK, Monsieur Rusen Komurco, de la Directrice Ge\u0301ne\u0301rale de AACID, Mme Hala Hassan Imam et du Conseiller Technique du Ministre du Niger, Monsieur Abdoulkarim Soumaila.<\/p>\n<p>Une visite guide\u0301e au bureau de l\u2019ULAK a sanctionne\u0301 cette rencontre, indique-t-on.<\/p>\n<p><strong>Pour plus d&rsquo;informations et d&rsquo;analyses sur la <a href=\"https:\/\/www.africa-press.net\/niger\">Niger<\/a>, suivez <a href=\"https:\/\/www.africa-press.net\/\">Africa-Press<\/a><\/strong><\/p>\n","protected":false},"excerpt":{"rendered":"<p>Africa-Press &#8211; Niger. En marge des travaux de la 12e\u0300me confe\u0301rence extraordinaire des ministres de l\u2019information des pays membres de l\u2019organisation de la coope\u0301ration islamique (OCI) a\u0300 Istanbul en Tu\u0308rkiye, le Ministre nige\u0301rien de la communication, Raliou Sidi Mohamed s\u2019est entretenu, ce jeudi 22 fe\u0301vrier 2024, avec le Vice-Ministre des Transports et des infrastructures de [&hellip;]<\/p>\n","protected":false},"author":82,"featured_media":58975,"comment_status":"open","ping_status":"closed","sticky":false,"template":"","format":"standard","meta":{"footnotes":""},"categories":[2,10],"tags":[55,60,29],"class_list":["post-58976","post","type-post","status-publish","format-standard","has-post-thumbnail","hentry","category-politique","category-toutes-les-actualites","tag-africa-press","tag-africa-press-niger","tag-niger"],"yoast_head":"<!-- This site is optimized with the Yoast SEO Premium plugin v26.1 (Yoast SEO v27.0) - https:\/\/yoast.com\/product\/yoast-seo-premium-wordpress\/ -->\n<title>12\u00e8me conf\u00e9rence extraordinaire des ministres de l\u2019information de l\u2019OCI \u00e0 Istanbul : Le ministre de la communication du Niger rencontre son homologue turc - niger<\/title>\n<meta name=\"description\" content=\"En marge des travaux de la 12e\u0300me confe\u0301rence extraordinaire des ministres de l\u2019information des pays membres de l\u2019organi ...\" \/>\n<meta name=\"robots\" content=\"index, follow, max-snippet:-1, max-image-preview:large, max-video-preview:-1\" \/>\n<link rel=\"canonical\" href=\"https:\/\/www.africa-press.net\/niger\/politique\/12eme-conference-extraordinaire-des-ministres-de-linformation-de-loci-a-istanbul-le-ministre-de-la-communication-du-niger-rencontre-son-homologue-turc\" \/>\n<meta property=\"og:locale\" content=\"fr_FR\" \/>\n<meta property=\"og:type\" content=\"article\" \/>\n<meta property=\"og:title\" content=\"12\u00e8me conf\u00e9rence extraordinaire des ministres de l\u2019information de l\u2019OCI \u00e0 Istanbul : Le ministre de la communication du Niger rencontre son homologue turc\" \/>\n<meta property=\"og:description\" content=\"En marge des travaux de la 12e\u0300me confe\u0301rence extraordinaire des ministres de l\u2019information des pays membres de l\u2019organi ...\" \/>\n<meta property=\"og:url\" content=\"https:\/\/www.africa-press.net\/niger\/politique\/12eme-conference-extraordinaire-des-ministres-de-linformation-de-loci-a-istanbul-le-ministre-de-la-communication-du-niger-rencontre-son-homologue-turc\" \/>\n<meta property=\"og:site_name\" content=\"niger\" \/>\n<meta property=\"article:published_time\" content=\"2024-02-22T18:43:46+00:00\" \/>\n<meta property=\"article:modified_time\" content=\"2024-02-22T18:59:17+00:00\" \/>\n<meta property=\"og:image\" content=\"https:\/\/static.africa-press.net\/niger\/sites\/40\/2024\/02\/sm_1708615554.570734.jpg\" \/>\n\t<meta property=\"og:image:width\" content=\"1600\" \/>\n\t<meta property=\"og:image:height\" content=\"1200\" \/>\n\t<meta property=\"og:image:type\" content=\"image\/jpeg\" \/>\n<meta name=\"author\" content=\"cfeditorfr\" \/>\n<meta name=\"twitter:card\" content=\"summary_large_image\" \/>\n<meta name=\"twitter:label1\" content=\"\u00c9crit par\" \/>\n\t<meta name=\"twitter:data1\" content=\"cfeditorfr\" \/>\n\t<meta name=\"twitter:label2\" content=\"Dur\u00e9e de lecture estim\u00e9e\" \/>\n\t<meta name=\"twitter:data2\" content=\"2 minutes\" \/>\n<script type=\"application\/ld+json\" class=\"yoast-schema-graph\">{\"@context\":\"https:\/\/schema.org\",\"@graph\":[{\"@type\":\"Article\",\"@id\":\"https:\/\/www.africa-press.net\/niger\/politique\/12eme-conference-extraordinaire-des-ministres-de-linformation-de-loci-a-istanbul-le-ministre-de-la-communication-du-niger-rencontre-son-homologue-turc#article\",\"isPartOf\":{\"@id\":\"https:\/\/www.africa-press.net\/niger\/politique\/12eme-conference-extraordinaire-des-ministres-de-linformation-de-loci-a-istanbul-le-ministre-de-la-communication-du-niger-rencontre-son-homologue-turc\"},\"author\":{\"name\":\"cfeditorfr\",\"@id\":\"https:\/\/www.africa-press.net\/niger\/#\/schema\/person\/2b1cf3cd81a31e3cd26889ca66d677f1\"},\"headline\":\"12\u00e8me conf\u00e9rence extraordinaire des ministres de l\u2019information de l\u2019OCI \u00e0 Istanbul : Le ministre de la communication du Niger rencontre son homologue turc\",\"datePublished\":\"2024-02-22T18:43:46+00:00\",\"dateModified\":\"2024-02-22T18:59:17+00:00\",\"mainEntityOfPage\":{\"@id\":\"https:\/\/www.africa-press.net\/niger\/politique\/12eme-conference-extraordinaire-des-ministres-de-linformation-de-loci-a-istanbul-le-ministre-de-la-communication-du-niger-rencontre-son-homologue-turc\"},\"wordCount\":393,\"commentCount\":0,\"image\":{\"@id\":\"https:\/\/www.africa-press.net\/niger\/politique\/12eme-conference-extraordinaire-des-ministres-de-linformation-de-loci-a-istanbul-le-ministre-de-la-communication-du-niger-rencontre-son-homologue-turc#primaryimage\"},\"thumbnailUrl\":\"https:\/\/static.africa-press.net\/niger\/sites\/40\/2024\/02\/sm_1708615554.570734.jpg\",\"keywords\":[\"Africa Press\",\"Africa Press-Niger\",\"Niger\"],\"articleSection\":[\"Politique\",\"Toutes les actualit\u00e9s\"],\"inLanguage\":\"fr-FR\",\"potentialAction\":[{\"@type\":\"CommentAction\",\"name\":\"Comment\",\"target\":[\"https:\/\/www.africa-press.net\/niger\/politique\/12eme-conference-extraordinaire-des-ministres-de-linformation-de-loci-a-istanbul-le-ministre-de-la-communication-du-niger-rencontre-son-homologue-turc#respond\"]}]},{\"@type\":\"WebPage\",\"@id\":\"https:\/\/www.africa-press.net\/niger\/politique\/12eme-conference-extraordinaire-des-ministres-de-linformation-de-loci-a-istanbul-le-ministre-de-la-communication-du-niger-rencontre-son-homologue-turc\",\"url\":\"https:\/\/www.africa-press.net\/niger\/politique\/12eme-conference-extraordinaire-des-ministres-de-linformation-de-loci-a-istanbul-le-ministre-de-la-communication-du-niger-rencontre-son-homologue-turc\",\"name\":\"12\u00e8me conf\u00e9rence extraordinaire des ministres de l\u2019information de l\u2019OCI \u00e0 Istanbul : Le ministre de la communication du Niger rencontre son homologue turc - niger\",\"isPartOf\":{\"@id\":\"https:\/\/www.africa-press.net\/niger\/#website\"},\"primaryImageOfPage\":{\"@id\":\"https:\/\/www.africa-press.net\/niger\/politique\/12eme-conference-extraordinaire-des-ministres-de-linformation-de-loci-a-istanbul-le-ministre-de-la-communication-du-niger-rencontre-son-homologue-turc#primaryimage\"},\"image\":{\"@id\":\"https:\/\/www.africa-press.net\/niger\/politique\/12eme-conference-extraordinaire-des-ministres-de-linformation-de-loci-a-istanbul-le-ministre-de-la-communication-du-niger-rencontre-son-homologue-turc#primaryimage\"},\"thumbnailUrl\":\"https:\/\/static.africa-press.net\/niger\/sites\/40\/2024\/02\/sm_1708615554.570734.jpg\",\"datePublished\":\"2024-02-22T18:43:46+00:00\",\"dateModified\":\"2024-02-22T18:59:17+00:00\",\"author\":{\"@id\":\"https:\/\/www.africa-press.net\/niger\/#\/schema\/person\/2b1cf3cd81a31e3cd26889ca66d677f1\"},\"description\":\"En marge des travaux de la 12e\u0300me confe\u0301rence extraordinaire des ministres de l\u2019information des pays membres de l\u2019organi ...\",\"breadcrumb\":{\"@id\":\"https:\/\/www.africa-press.net\/niger\/politique\/12eme-conference-extraordinaire-des-ministres-de-linformation-de-loci-a-istanbul-le-ministre-de-la-communication-du-niger-rencontre-son-homologue-turc#breadcrumb\"},\"inLanguage\":\"fr-FR\",\"potentialAction\":[{\"@type\":\"ReadAction\",\"target\":[\"https:\/\/www.africa-press.net\/niger\/politique\/12eme-conference-extraordinaire-des-ministres-de-linformation-de-loci-a-istanbul-le-ministre-de-la-communication-du-niger-rencontre-son-homologue-turc\"]}]},{\"@type\":\"ImageObject\",\"inLanguage\":\"fr-FR\",\"@id\":\"https:\/\/www.africa-press.net\/niger\/politique\/12eme-conference-extraordinaire-des-ministres-de-linformation-de-loci-a-istanbul-le-ministre-de-la-communication-du-niger-rencontre-son-homologue-turc#primaryimage\",\"url\":\"https:\/\/static.africa-press.net\/niger\/sites\/40\/2024\/02\/sm_1708615554.570734.jpg\",\"contentUrl\":\"https:\/\/static.africa-press.net\/niger\/sites\/40\/2024\/02\/sm_1708615554.570734.jpg\",\"width\":1600,\"height\":1200,\"caption\":\"12\u00e8me conf\u00e9rence extraordinaire des ministres de l\u2019information de l\u2019OCI \u00e0 Istanbul : Le ministre de la communication du Niger rencontre son homologue turc\"},{\"@type\":\"BreadcrumbList\",\"@id\":\"https:\/\/www.africa-press.net\/niger\/politique\/12eme-conference-extraordinaire-des-ministres-de-linformation-de-loci-a-istanbul-le-ministre-de-la-communication-du-niger-rencontre-son-homologue-turc#breadcrumb\",\"itemListElement\":[{\"@type\":\"ListItem\",\"position\":1,\"name\":\"Accueil\",\"item\":\"https:\/\/www.africa-press.net\/niger\/\"},{\"@type\":\"ListItem\",\"position\":2,\"name\":\"12\u00e8me conf\u00e9rence extraordinaire des ministres de l\u2019information de l\u2019OCI \u00e0 Istanbul : Le ministre de la communication du Niger rencontre son homologue turc\"}]},{\"@type\":\"WebSite\",\"@id\":\"https:\/\/www.africa-press.net\/niger\/#website\",\"url\":\"https:\/\/www.africa-press.net\/niger\/\",\"name\":\"niger\",\"description\":\"Just another Africa News Agency Sites site\",\"potentialAction\":[{\"@type\":\"SearchAction\",\"target\":{\"@type\":\"EntryPoint\",\"urlTemplate\":\"https:\/\/www.africa-press.net\/niger\/?s={search_term_string}\"},\"query-input\":{\"@type\":\"PropertyValueSpecification\",\"valueRequired\":true,\"valueName\":\"search_term_string\"}}],\"inLanguage\":\"fr-FR\"},{\"@type\":\"Person\",\"@id\":\"https:\/\/www.africa-press.net\/niger\/#\/schema\/person\/2b1cf3cd81a31e3cd26889ca66d677f1\",\"name\":\"cfeditorfr\"}]}<\/script>\n<!-- \/ Yoast SEO Premium plugin. -->","yoast_head_json":{"title":"12\u00e8me conf\u00e9rence extraordinaire des ministres de l\u2019information de l\u2019OCI \u00e0 Istanbul : Le ministre de la communication du Niger rencontre son homologue turc - niger","description":"En marge des travaux de la 12e\u0300me confe\u0301rence extraordinaire des ministres de l\u2019information des pays membres de l\u2019organi ...","robots":{"index":"index","follow":"follow","max-snippet":"max-snippet:-1","max-image-preview":"max-image-preview:large","max-video-preview":"max-video-preview:-1"},"canonical":"https:\/\/www.africa-press.net\/niger\/politique\/12eme-conference-extraordinaire-des-ministres-de-linformation-de-loci-a-istanbul-le-ministre-de-la-communication-du-niger-rencontre-son-homologue-turc","og_locale":"fr_FR","og_type":"article","og_title":"12\u00e8me conf\u00e9rence extraordinaire des ministres de l\u2019information de l\u2019OCI \u00e0 Istanbul : Le ministre de la communication du Niger rencontre son homologue turc","og_description":"En marge des travaux de la 12e\u0300me confe\u0301rence extraordinaire des ministres de l\u2019information des pays membres de l\u2019organi ...","og_url":"https:\/\/www.africa-press.net\/niger\/politique\/12eme-conference-extraordinaire-des-ministres-de-linformation-de-loci-a-istanbul-le-ministre-de-la-communication-du-niger-rencontre-son-homologue-turc","og_site_name":"niger","article_published_time":"2024-02-22T18:43:46+00:00","article_modified_time":"2024-02-22T18:59:17+00:00","og_image":[{"width":1600,"height":1200,"url":"https:\/\/static.africa-press.net\/niger\/sites\/40\/2024\/02\/sm_1708615554.570734.jpg","type":"image\/jpeg"}],"author":"cfeditorfr","twitter_card":"summary_large_image","twitter_misc":{"\u00c9crit par":"cfeditorfr","Dur\u00e9e de lecture estim\u00e9e":"2 minutes"},"schema":{"@context":"https:\/\/schema.org","@graph":[{"@type":"Article","@id":"https:\/\/www.africa-press.net\/niger\/politique\/12eme-conference-extraordinaire-des-ministres-de-linformation-de-loci-a-istanbul-le-ministre-de-la-communication-du-niger-rencontre-son-homologue-turc#article","isPartOf":{"@id":"https:\/\/www.africa-press.net\/niger\/politique\/12eme-conference-extraordinaire-des-ministres-de-linformation-de-loci-a-istanbul-le-ministre-de-la-communication-du-niger-rencontre-son-homologue-turc"},"author":{"name":"cfeditorfr","@id":"https:\/\/www.africa-press.net\/niger\/#\/schema\/person\/2b1cf3cd81a31e3cd26889ca66d677f1"},"headline":"12\u00e8me conf\u00e9rence extraordinaire des ministres de l\u2019information de l\u2019OCI \u00e0 Istanbul : Le ministre de la communication du Niger rencontre son homologue turc","datePublished":"2024-02-22T18:43:46+00:00","dateModified":"2024-02-22T18:59:17+00:00","mainEntityOfPage":{"@id":"https:\/\/www.africa-press.net\/niger\/politique\/12eme-conference-extraordinaire-des-ministres-de-linformation-de-loci-a-istanbul-le-ministre-de-la-communication-du-niger-rencontre-son-homologue-turc"},"wordCount":393,"commentCount":0,"image":{"@id":"https:\/\/www.africa-press.net\/niger\/politique\/12eme-conference-extraordinaire-des-ministres-de-linformation-de-loci-a-istanbul-le-ministre-de-la-communication-du-niger-rencontre-son-homologue-turc#primaryimage"},"thumbnailUrl":"https:\/\/static.africa-press.net\/niger\/sites\/40\/2024\/02\/sm_1708615554.570734.jpg","keywords":["Africa Press","Africa Press-Niger","Niger"],"articleSection":["Politique","Toutes les actualit\u00e9s"],"inLanguage":"fr-FR","potentialAction":[{"@type":"CommentAction","name":"Comment","target":["https:\/\/www.africa-press.net\/niger\/politique\/12eme-conference-extraordinaire-des-ministres-de-linformation-de-loci-a-istanbul-le-ministre-de-la-communication-du-niger-rencontre-son-homologue-turc#respond"]}]},{"@type":"WebPage","@id":"https:\/\/www.africa-press.net\/niger\/politique\/12eme-conference-extraordinaire-des-ministres-de-linformation-de-loci-a-istanbul-le-ministre-de-la-communication-du-niger-rencontre-son-homologue-turc","url":"https:\/\/www.africa-press.net\/niger\/politique\/12eme-conference-extraordinaire-des-ministres-de-linformation-de-loci-a-istanbul-le-ministre-de-la-communication-du-niger-rencontre-son-homologue-turc","name":"12\u00e8me conf\u00e9rence extraordinaire des ministres de l\u2019information de l\u2019OCI \u00e0 Istanbul : Le ministre de la communication du Niger rencontre son homologue turc - niger","isPartOf":{"@id":"https:\/\/www.africa-press.net\/niger\/#website"},"primaryImageOfPage":{"@id":"https:\/\/www.africa-press.net\/niger\/politique\/12eme-conference-extraordinaire-des-ministres-de-linformation-de-loci-a-istanbul-le-ministre-de-la-communication-du-niger-rencontre-son-homologue-turc#primaryimage"},"image":{"@id":"https:\/\/www.africa-press.net\/niger\/politique\/12eme-conference-extraordinaire-des-ministres-de-linformation-de-loci-a-istanbul-le-ministre-de-la-communication-du-niger-rencontre-son-homologue-turc#primaryimage"},"thumbnailUrl":"https:\/\/static.africa-press.net\/niger\/sites\/40\/2024\/02\/sm_1708615554.570734.jpg","datePublished":"2024-02-22T18:43:46+00:00","dateModified":"2024-02-22T18:59:17+00:00","author":{"@id":"https:\/\/www.africa-press.net\/niger\/#\/schema\/person\/2b1cf3cd81a31e3cd26889ca66d677f1"},"description":"En marge des travaux de la 12e\u0300me confe\u0301rence extraordinaire des ministres de l\u2019information des pays membres de l\u2019organi ...","breadcrumb":{"@id":"https:\/\/www.africa-press.net\/niger\/politique\/12eme-conference-extraordinaire-des-ministres-de-linformation-de-loci-a-istanbul-le-ministre-de-la-communication-du-niger-rencontre-son-homologue-turc#breadcrumb"},"inLanguage":"fr-FR","potentialAction":[{"@type":"ReadAction","target":["https:\/\/www.africa-press.net\/niger\/politique\/12eme-conference-extraordinaire-des-ministres-de-linformation-de-loci-a-istanbul-le-ministre-de-la-communication-du-niger-rencontre-son-homologue-turc"]}]},{"@type":"ImageObject","inLanguage":"fr-FR","@id":"https:\/\/www.africa-press.net\/niger\/politique\/12eme-conference-extraordinaire-des-ministres-de-linformation-de-loci-a-istanbul-le-ministre-de-la-communication-du-niger-rencontre-son-homologue-turc#primaryimage","url":"https:\/\/static.africa-press.net\/niger\/sites\/40\/2024\/02\/sm_1708615554.570734.jpg","contentUrl":"https:\/\/static.africa-press.net\/niger\/sites\/40\/2024\/02\/sm_1708615554.570734.jpg","width":1600,"height":1200,"caption":"12\u00e8me conf\u00e9rence extraordinaire des ministres de l\u2019information de l\u2019OCI \u00e0 Istanbul : Le ministre de la communication du Niger rencontre son homologue turc"},{"@type":"BreadcrumbList","@id":"https:\/\/www.africa-press.net\/niger\/politique\/12eme-conference-extraordinaire-des-ministres-de-linformation-de-loci-a-istanbul-le-ministre-de-la-communication-du-niger-rencontre-son-homologue-turc#breadcrumb","itemListElement":[{"@type":"ListItem","position":1,"name":"Accueil","item":"https:\/\/www.africa-press.net\/niger\/"},{"@type":"ListItem","position":2,"name":"12\u00e8me conf\u00e9rence extraordinaire des ministres de l\u2019information de l\u2019OCI \u00e0 Istanbul : Le ministre de la communication du Niger rencontre son homologue turc"}]},{"@type":"WebSite","@id":"https:\/\/www.africa-press.net\/niger\/#website","url":"https:\/\/www.africa-press.net\/niger\/","name":"niger","description":"Just another Africa News Agency Sites site","potentialAction":[{"@type":"SearchAction","target":{"@type":"EntryPoint","urlTemplate":"https:\/\/www.africa-press.net\/niger\/?s={search_term_string}"},"query-input":{"@type":"PropertyValueSpecification","valueRequired":true,"valueName":"search_term_string"}}],"inLanguage":"fr-FR"},{"@type":"Person","@id":"https:\/\/www.africa-press.net\/niger\/#\/schema\/person\/2b1cf3cd81a31e3cd26889ca66d677f1","name":"cfeditorfr"}]}},"_links":{"self":[{"href":"https:\/\/www.africa-press.net\/niger\/wp-json\/wp\/v2\/posts\/58976","targetHints":{"allow":["GET"]}}],"collection":[{"href":"https:\/\/www.africa-press.net\/niger\/wp-json\/wp\/v2\/posts"}],"about":[{"href":"https:\/\/www.africa-press.net\/niger\/wp-json\/wp\/v2\/types\/post"}],"author":[{"embeddable":true,"href":"https:\/\/www.africa-press.net\/niger\/wp-json\/wp\/v2\/users\/82"}],"replies":[{"embeddable":true,"href":"https:\/\/www.africa-press.net\/niger\/wp-json\/wp\/v2\/comments?post=58976"}],"version-history":[{"count":0,"href":"https:\/\/www.africa-press.net\/niger\/wp-json\/wp\/v2\/posts\/58976\/revisions"}],"wp:featuredmedia":[{"embeddable":true,"href":"https:\/\/www.africa-press.net\/niger\/wp-json\/wp\/v2\/media\/58975"}],"wp:attachment":[{"href":"https:\/\/www.africa-press.net\/niger\/wp-json\/wp\/v2\/media?parent=58976"}],"wp:term":[{"taxonomy":"category","embeddable":true,"href":"https:\/\/www.africa-press.net\/niger\/wp-json\/wp\/v2\/categories?post=58976"},{"taxonomy":"post_tag","embeddable":true,"href":"https:\/\/www.africa-press.net\/niger\/wp-json\/wp\/v2\/tags?post=58976"}],"curies":[{"name":"wp","href":"https:\/\/api.w.org\/{rel}","templated":true}]}}