{"id":58988,"date":"2024-02-22T18:34:54","date_gmt":"2024-02-22T18:34:54","guid":{"rendered":"https:\/\/www.africa-press.net\/niger\/politique\/lex-president-mahamadou-issoufou-compte-porter-plainte-contre-lambassadeur-de-france"},"modified":"2024-02-22T19:17:42","modified_gmt":"2024-02-22T19:17:42","slug":"lex-president-mahamadou-issoufou-compte-porter-plainte-contre-lambassadeur-de-france","status":"publish","type":"post","link":"https:\/\/www.africa-press.net\/niger\/politique\/lex-president-mahamadou-issoufou-compte-porter-plainte-contre-lambassadeur-de-france","title":{"rendered":"l\u2019ex-pr\u00e9sident Mahamadou Issoufou compte porter plainte contre l\u2019ambassadeur de France"},"content":{"rendered":"<p><span style=\"color: #ff6600\"><strong>Africa-Press &#8211; Niger. <\/strong><\/span>Devant la commission de la de\u0301fense de l\u2019Assemble\u0301e nationale, Sylvain Itte\u0301 avait de\u0301nonce\u0301 \u00ab l\u2019implication directe \u00bb de l\u2019ancien chef de l\u2019Etat dans le putsch perpe\u0301tre\u0301 le 26 juillet contre son successeur, Mohamed Bazoum.<\/p>\n<p>Un \u00ab tissu de calomnie \u00bb. Mercredi 21 fe\u0301vrier, l\u2019ancien pre\u0301sident Mahamadou Issoufou a annonce\u0301 par l\u2019entremise d\u2019un communique\u0301 publie\u0301 par son avocat, Issoufou Illo, sa de\u0301cision de porter plainte contre Sylvain Itte\u0301, l\u2019ambassadeur de France chasse\u0301 du Niger fin septembre 2023 par la junte arrive\u0301e au pouvoir deux mois plus to\u0302t. Il lui reproche des propos tenus lors d\u2019une audition devant la commission de la de\u0301fense de l\u2019Assemble\u0301e nationale franc\u0327aise, le 29 novembre, et rendus publics mi-fe\u0301vrier.<\/p>\n<p>Devant les de\u0301pute\u0301s, le diplomate franc\u0327ais avait de\u0301nonce\u0301 \u00ab l\u2019implication directe de l\u2019ancien pre\u0301sident Issoufou \u00bb dans le putsch perpe\u0301tre\u0301 le 26 juillet contre son successeur, le pre\u0301sident Mohamed Bazoum, toujours de\u0301tenu avec son e\u0301pouse au sein du palais pre\u0301sidentiel a\u0300 Niamey. \u00ab On peut avancer sans grand risque de se tromper que [Mahamadou Issoufou] a fomente\u0301 ou pour le moins accompagne\u0301 le coup \u00bb, avait de\u0301clare\u0301 l\u2019ambassadeur.<\/p>\n<p>Ces derniers mois, la diplomatie franc\u0327aise et l\u2019entourage de M. Bazoum se sont en effet convaincus que l\u2019ex-dirigeant a joue\u0301 un ro\u0302le dans le putsch du ge\u0301ne\u0301ral Abdourahamane Tiani, qu\u2019il avait lui-me\u0302me place\u0301 a\u0300 la te\u0302te de la garde pre\u0301sidentielle en 2011. Des doutes alimente\u0301s par l\u2019attitude de M. Issoufou vis-a\u0300-vis d\u2019un pronunciamiento qu\u2019il n\u2019a pas formellement condamne\u0301, ainsi que par son traitement de faveur par les putschistes, qui l\u2019ont laisse\u0301 libre de ses mouvements, contrairement aux autres cadres de l\u2019ancien re\u0301gime.<\/p>\n<p>Selon plusieurs sources officielles franc\u0327aises et des proches du pre\u0301sident de\u0301chu, un conflit autour de la gestion des ressources pe\u0301trolie\u0300res aurait oppose\u0301 les clans Bazoum et Issoufou, ce qui aurait pousse\u0301 l\u2019ancien dirigeant a\u0300 vouloir mettre un terme au pouvoir de son successeur avec l\u2019aide de son fide\u0300le allie\u0301, le ge\u0301ne\u0301ral Tiani. Selon cette the\u0300se, reprise par M. Itte\u0301 lors de son audition parlementaire, la volonte\u0301 de M. Bazoum d\u2019assainir la gestion du secteur de l\u2019or noir aurait entrai\u0302ne\u0301 un diffe\u0301rend avec M. Issoufou alors que le fils de ce dernier, Sani Issoufou Mahamadou dit \u00ab Abba \u00bb, e\u0301tait ministre du pe\u0301trole.<\/p>\n<p><b>Sanctions e\u0301conomiques<\/b><\/p>\n<p>Pour l\u2019heure, aucune preuve permettant de confirmer cette version n\u2019a e\u0301te\u0301 apporte\u0301e. \u00ab Aucun diffe\u0301rend n\u2019existe entre le pre\u0301sident Bazoum et le ministre du pe\u0301trole \u00bb, a assure\u0301 Me Illo dans son de\u0301menti mercredi, avant de marteler que M. Issoufou n\u2019e\u0301tait \u00ab associe\u0301 ni de pre\u0300s ni de loin au coup d\u2019Etat du 26 juillet \u00bb. \u00ab Ces alle\u0301gations s\u2019inscrivent dans le cadre d\u2019un agenda destine\u0301 a\u0300 de\u0301construire tous les efforts que l\u2019ancien pre\u0301sident [&#8230;] a de\u0301ploye\u0301s au plan national et international \u00bb, regrette l\u2019avocat. Joint par Le Monde, Me Illo pre\u0301cise que la plainte envisage\u0301e par son client contre M. Itte\u0301 est \u00ab en cours \u00bb, sans toutefois en de\u0301tailler le motif ni la juridiction devant laquelle il compte la de\u0301poser.<\/p>\n<p>L\u2019audition du diplomate franc\u0327ais devant la commission de la de\u0301fense, qui s\u2019est tenue a\u0300 huis clos, n\u2019aurait pas du\u0302 e\u0302tre publie\u0301e sur le site Internet de l\u2019Assemble\u0301e nationale. Si une source officielle franc\u0327aise soutient qu\u2019il s\u2019agit la\u0300 d\u2019une simple erreur, l\u2019entourage de M. Issoufou n\u2019en croit pas un mot.<\/p>\n<p>Car le jour de sa diffusion en ligne, l\u2019ancien pre\u0301sident s\u2019envolait pour Addis-Abeba pour participer au 37e sommet de l\u2019Union africaine (UA). Invite\u0301 par le pre\u0301sident de la Commission de l\u2019UA, le Tchadien Moussa Faki Mahamat, pour pre\u0301senter un rapport sur la Zone de libre-e\u0301change continentale africaine, M. Issoufou entendait surtout plaider la cause du Niger aupre\u0300s des responsables de la Communaute\u0301 e\u0301conomique des Etats de l\u2019Afrique de l\u2019Ouest (Cedeao) qui y e\u0301taient pre\u0301sents. Avec un but: obtenir une re\u0301duction, voire la leve\u0301e des lourdes sanctions e\u0301conomiques de\u0301cre\u0301te\u0301es par l\u2019instance ouest-africaine contre le Niger dans l\u2019objectif de contraindre la junte a\u0300 libe\u0301rer M. Bazoum.<\/p>\n<p>\u00ab La France fait partie des pays qui insistent pour que les sanctions contre le Niger soient maintenues. Depuis sept mois, Issoufou \u0153uvre beaucoup en coulisses pour que la souffrance que vit la population nige\u0301rienne, qui est asphyxie\u0301e par ces sanctions, soit alle\u0301ge\u0301e. Visiblement, la France a tente\u0301 de le contrer \u00bb, glisse un de ses proches.<\/p>\n<p><b>Manque de clairvoyance<\/b><\/p>\n<p>Selon lui, Paris a volontairement publie\u0301 l\u2019audition de M. Itte\u0301 dans un double objectif. D\u2019abord, \u00ab discre\u0301diter \u00bb l\u2019ancien pre\u0301sident a\u0300 l\u2019aube d\u2019un sommet de la Cedeao ou\u0300 il sera notamment question de la situation au Niger, le 24 fe\u0301vrier a\u0300 Abuja. Mais aussi, \u00ab lui faire endosser la responsabilite\u0301 du coup d\u2019Etat afin de masquer les de\u0301faillances des services de renseignement franc\u0327ais \u00bb, qui n\u2019ont, comme les autres chancelleries occidentales, pas vu venir ce putsch. \u00ab Nous n\u2019imaginions pas un seul instant qu\u2019Issoufou enverrait le chef de la garde pre\u0301sidentielle, son homme, renverser celui qui e\u0301tait son camarade de parti depuis trente ans \u00bb, s\u2019est en effet justifie\u0301 l\u2019ambassadeur face aux parlementaires.<\/p>\n<p>Au lendemain du 26 juillet, le manque de clairvoyance de la Direction ge\u0301ne\u0301rale de la se\u0301curite\u0301 exte\u0301rieure (DGSE) et de la diplomatie franc\u0327aise vis-a\u0300-vis de ce e\u0301nie\u0300me renversement de chef d\u2019Etat civil au Sahel \u2013 apre\u0300s ceux du Mali et du Burkina Faso par des militaires hostiles a\u0300 Paris, en 2020 et 2022 \u2013, qui venait en outre destituer le dernier allie\u0301 de poids de la France dans la re\u0301gion, avait provoque\u0301 la cole\u0300re du pre\u0301sident Emmanuel Macron.<\/p>\n<p>S\u2019en e\u0301tait suivi, fin 2023, un grand remue-me\u0301nage dans les rangs des fonctionnaires franc\u0327ais charge\u0301s des dossiers se\u0301curitaires et africains, avec notamment le remplacement du directeur Afrique du Quai d\u2019Orsay, Christophe Bigot, mi-de\u0301cembre, et du patron de la DGSE, Bernard Emie\u0301, quelques jours plus tard.<\/p>\n<p>Contacte\u0301s, Sylvain Itte\u0301 et le Quai d\u2019Orsay n\u2019ont pas souhaite\u0301 apporter de commentaire. Une source diplomatique franc\u0327aise souligne toutefois qu\u2019en vertu de la se\u0301paration des pouvoirs, le ministe\u0300re des affaires e\u0301trange\u0300res ne dispose d\u2019\u00ab aucun contro\u0302le sur les documents publie\u0301s par l\u2019Assemble\u0301e nationale \u00bb et pre\u0301cise n\u2019avoir pour l\u2019heure connaissance d\u2019\u00ab aucune plainte de\u0301pose\u0301e a\u0300 l\u2019encontre de l\u2019ambassadeur Itte\u0301 \u00bb.<\/p>\n<p><strong>Pour plus d&rsquo;informations et d&rsquo;analyses sur la <a href=\"https:\/\/www.africa-press.net\/niger\">Niger<\/a>, suivez <a href=\"https:\/\/www.africa-press.net\/\">Africa-Press<\/a><\/strong><\/p>\n","protected":false},"excerpt":{"rendered":"<p>Africa-Press &#8211; Niger. Devant la commission de la de\u0301fense de l\u2019Assemble\u0301e nationale, Sylvain Itte\u0301 avait de\u0301nonce\u0301 \u00ab l\u2019implication directe \u00bb de l\u2019ancien chef de l\u2019Etat dans le putsch perpe\u0301tre\u0301 le 26 juillet contre son successeur, Mohamed Bazoum. Un \u00ab tissu de calomnie \u00bb. Mercredi 21 fe\u0301vrier, l\u2019ancien pre\u0301sident Mahamadou Issoufou a annonce\u0301 par l\u2019entremise d\u2019un [&hellip;]<\/p>\n","protected":false},"author":82,"featured_media":58987,"comment_status":"open","ping_status":"closed","sticky":false,"template":"","format":"standard","meta":{"footnotes":""},"categories":[2,20,10],"tags":[55,60,29],"class_list":["post-58988","post","type-post","status-publish","format-standard","has-post-thumbnail","hentry","category-politique","category-top-nouvelles","category-toutes-les-actualites","tag-africa-press","tag-africa-press-niger","tag-niger"],"yoast_head":"<!-- This site is optimized with the Yoast SEO Premium plugin v26.1 (Yoast SEO v27.0) - https:\/\/yoast.com\/product\/yoast-seo-premium-wordpress\/ -->\n<title>l\u2019ex-pr\u00e9sident Mahamadou Issoufou compte porter plainte contre l\u2019ambassadeur de France - niger<\/title>\n<meta name=\"description\" content=\"Devant la commission de la de\u0301fense de l\u2019Assemble\u0301e nationale, Sylvain Itte\u0301 avait de\u0301nonce\u0301 \u00ab l\u2019implication directe \u00bb d ...\" \/>\n<meta name=\"robots\" content=\"index, follow, max-snippet:-1, max-image-preview:large, max-video-preview:-1\" \/>\n<link rel=\"canonical\" href=\"https:\/\/www.africa-press.net\/niger\/politique\/lex-president-mahamadou-issoufou-compte-porter-plainte-contre-lambassadeur-de-france\" \/>\n<meta property=\"og:locale\" content=\"fr_FR\" \/>\n<meta property=\"og:type\" content=\"article\" \/>\n<meta property=\"og:title\" content=\"l\u2019ex-pr\u00e9sident Mahamadou Issoufou compte porter plainte contre l\u2019ambassadeur de France\" \/>\n<meta property=\"og:description\" content=\"Devant la commission de la de\u0301fense de l\u2019Assemble\u0301e nationale, Sylvain Itte\u0301 avait de\u0301nonce\u0301 \u00ab l\u2019implication directe \u00bb d ...\" \/>\n<meta property=\"og:url\" content=\"https:\/\/www.africa-press.net\/niger\/politique\/lex-president-mahamadou-issoufou-compte-porter-plainte-contre-lambassadeur-de-france\" \/>\n<meta property=\"og:site_name\" content=\"niger\" \/>\n<meta property=\"article:published_time\" content=\"2024-02-22T18:34:54+00:00\" \/>\n<meta property=\"article:modified_time\" content=\"2024-02-22T19:17:42+00:00\" \/>\n<meta property=\"og:image\" content=\"https:\/\/static.africa-press.net\/niger\/sites\/40\/2024\/02\/sm_1708616740.540093.jpg\" \/>\n\t<meta property=\"og:image:width\" content=\"1280\" \/>\n\t<meta property=\"og:image:height\" content=\"720\" \/>\n\t<meta property=\"og:image:type\" content=\"image\/jpeg\" \/>\n<meta name=\"author\" content=\"cfeditorfr\" \/>\n<meta name=\"twitter:card\" content=\"summary_large_image\" \/>\n<meta name=\"twitter:label1\" content=\"\u00c9crit par\" \/>\n\t<meta name=\"twitter:data1\" content=\"cfeditorfr\" \/>\n\t<meta name=\"twitter:label2\" content=\"Dur\u00e9e de lecture estim\u00e9e\" \/>\n\t<meta name=\"twitter:data2\" content=\"6 minutes\" \/>\n<script type=\"application\/ld+json\" class=\"yoast-schema-graph\">{\"@context\":\"https:\/\/schema.org\",\"@graph\":[{\"@type\":\"Article\",\"@id\":\"https:\/\/www.africa-press.net\/niger\/politique\/lex-president-mahamadou-issoufou-compte-porter-plainte-contre-lambassadeur-de-france#article\",\"isPartOf\":{\"@id\":\"https:\/\/www.africa-press.net\/niger\/politique\/lex-president-mahamadou-issoufou-compte-porter-plainte-contre-lambassadeur-de-france\"},\"author\":{\"name\":\"cfeditorfr\",\"@id\":\"https:\/\/www.africa-press.net\/niger\/#\/schema\/person\/2b1cf3cd81a31e3cd26889ca66d677f1\"},\"headline\":\"l\u2019ex-pr\u00e9sident Mahamadou Issoufou compte porter plainte contre l\u2019ambassadeur de France\",\"datePublished\":\"2024-02-22T18:34:54+00:00\",\"dateModified\":\"2024-02-22T19:17:42+00:00\",\"mainEntityOfPage\":{\"@id\":\"https:\/\/www.africa-press.net\/niger\/politique\/lex-president-mahamadou-issoufou-compte-porter-plainte-contre-lambassadeur-de-france\"},\"wordCount\":1183,\"commentCount\":0,\"image\":{\"@id\":\"https:\/\/www.africa-press.net\/niger\/politique\/lex-president-mahamadou-issoufou-compte-porter-plainte-contre-lambassadeur-de-france#primaryimage\"},\"thumbnailUrl\":\"https:\/\/static.africa-press.net\/niger\/sites\/40\/2024\/02\/sm_1708616740.540093.jpg\",\"keywords\":[\"Africa Press\",\"Africa Press-Niger\",\"Niger\"],\"articleSection\":[\"Politique\",\"Top Nouvelles\",\"Toutes les actualit\u00e9s\"],\"inLanguage\":\"fr-FR\",\"potentialAction\":[{\"@type\":\"CommentAction\",\"name\":\"Comment\",\"target\":[\"https:\/\/www.africa-press.net\/niger\/politique\/lex-president-mahamadou-issoufou-compte-porter-plainte-contre-lambassadeur-de-france#respond\"]}]},{\"@type\":\"WebPage\",\"@id\":\"https:\/\/www.africa-press.net\/niger\/politique\/lex-president-mahamadou-issoufou-compte-porter-plainte-contre-lambassadeur-de-france\",\"url\":\"https:\/\/www.africa-press.net\/niger\/politique\/lex-president-mahamadou-issoufou-compte-porter-plainte-contre-lambassadeur-de-france\",\"name\":\"l\u2019ex-pr\u00e9sident Mahamadou Issoufou compte porter plainte contre l\u2019ambassadeur de France - niger\",\"isPartOf\":{\"@id\":\"https:\/\/www.africa-press.net\/niger\/#website\"},\"primaryImageOfPage\":{\"@id\":\"https:\/\/www.africa-press.net\/niger\/politique\/lex-president-mahamadou-issoufou-compte-porter-plainte-contre-lambassadeur-de-france#primaryimage\"},\"image\":{\"@id\":\"https:\/\/www.africa-press.net\/niger\/politique\/lex-president-mahamadou-issoufou-compte-porter-plainte-contre-lambassadeur-de-france#primaryimage\"},\"thumbnailUrl\":\"https:\/\/static.africa-press.net\/niger\/sites\/40\/2024\/02\/sm_1708616740.540093.jpg\",\"datePublished\":\"2024-02-22T18:34:54+00:00\",\"dateModified\":\"2024-02-22T19:17:42+00:00\",\"author\":{\"@id\":\"https:\/\/www.africa-press.net\/niger\/#\/schema\/person\/2b1cf3cd81a31e3cd26889ca66d677f1\"},\"description\":\"Devant la commission de la de\u0301fense de l\u2019Assemble\u0301e nationale, Sylvain Itte\u0301 avait de\u0301nonce\u0301 \u00ab l\u2019implication directe \u00bb d ...\",\"breadcrumb\":{\"@id\":\"https:\/\/www.africa-press.net\/niger\/politique\/lex-president-mahamadou-issoufou-compte-porter-plainte-contre-lambassadeur-de-france#breadcrumb\"},\"inLanguage\":\"fr-FR\",\"potentialAction\":[{\"@type\":\"ReadAction\",\"target\":[\"https:\/\/www.africa-press.net\/niger\/politique\/lex-president-mahamadou-issoufou-compte-porter-plainte-contre-lambassadeur-de-france\"]}]},{\"@type\":\"ImageObject\",\"inLanguage\":\"fr-FR\",\"@id\":\"https:\/\/www.africa-press.net\/niger\/politique\/lex-president-mahamadou-issoufou-compte-porter-plainte-contre-lambassadeur-de-france#primaryimage\",\"url\":\"https:\/\/static.africa-press.net\/niger\/sites\/40\/2024\/02\/sm_1708616740.540093.jpg\",\"contentUrl\":\"https:\/\/static.africa-press.net\/niger\/sites\/40\/2024\/02\/sm_1708616740.540093.jpg\",\"width\":1280,\"height\":720,\"caption\":\"l\u2019ex-pr\u00e9sident Mahamadou Issoufou compte porter plainte contre l\u2019ambassadeur de France\"},{\"@type\":\"BreadcrumbList\",\"@id\":\"https:\/\/www.africa-press.net\/niger\/politique\/lex-president-mahamadou-issoufou-compte-porter-plainte-contre-lambassadeur-de-france#breadcrumb\",\"itemListElement\":[{\"@type\":\"ListItem\",\"position\":1,\"name\":\"Accueil\",\"item\":\"https:\/\/www.africa-press.net\/niger\/\"},{\"@type\":\"ListItem\",\"position\":2,\"name\":\"l\u2019ex-pr\u00e9sident Mahamadou Issoufou compte porter plainte contre l\u2019ambassadeur de France\"}]},{\"@type\":\"WebSite\",\"@id\":\"https:\/\/www.africa-press.net\/niger\/#website\",\"url\":\"https:\/\/www.africa-press.net\/niger\/\",\"name\":\"niger\",\"description\":\"Just another Africa News Agency Sites site\",\"potentialAction\":[{\"@type\":\"SearchAction\",\"target\":{\"@type\":\"EntryPoint\",\"urlTemplate\":\"https:\/\/www.africa-press.net\/niger\/?s={search_term_string}\"},\"query-input\":{\"@type\":\"PropertyValueSpecification\",\"valueRequired\":true,\"valueName\":\"search_term_string\"}}],\"inLanguage\":\"fr-FR\"},{\"@type\":\"Person\",\"@id\":\"https:\/\/www.africa-press.net\/niger\/#\/schema\/person\/2b1cf3cd81a31e3cd26889ca66d677f1\",\"name\":\"cfeditorfr\"}]}<\/script>\n<!-- \/ Yoast SEO Premium plugin. -->","yoast_head_json":{"title":"l\u2019ex-pr\u00e9sident Mahamadou Issoufou compte porter plainte contre l\u2019ambassadeur de France - niger","description":"Devant la commission de la de\u0301fense de l\u2019Assemble\u0301e nationale, Sylvain Itte\u0301 avait de\u0301nonce\u0301 \u00ab l\u2019implication directe \u00bb d ...","robots":{"index":"index","follow":"follow","max-snippet":"max-snippet:-1","max-image-preview":"max-image-preview:large","max-video-preview":"max-video-preview:-1"},"canonical":"https:\/\/www.africa-press.net\/niger\/politique\/lex-president-mahamadou-issoufou-compte-porter-plainte-contre-lambassadeur-de-france","og_locale":"fr_FR","og_type":"article","og_title":"l\u2019ex-pr\u00e9sident Mahamadou Issoufou compte porter plainte contre l\u2019ambassadeur de France","og_description":"Devant la commission de la de\u0301fense de l\u2019Assemble\u0301e nationale, Sylvain Itte\u0301 avait de\u0301nonce\u0301 \u00ab l\u2019implication directe \u00bb d ...","og_url":"https:\/\/www.africa-press.net\/niger\/politique\/lex-president-mahamadou-issoufou-compte-porter-plainte-contre-lambassadeur-de-france","og_site_name":"niger","article_published_time":"2024-02-22T18:34:54+00:00","article_modified_time":"2024-02-22T19:17:42+00:00","og_image":[{"width":1280,"height":720,"url":"https:\/\/static.africa-press.net\/niger\/sites\/40\/2024\/02\/sm_1708616740.540093.jpg","type":"image\/jpeg"}],"author":"cfeditorfr","twitter_card":"summary_large_image","twitter_misc":{"\u00c9crit par":"cfeditorfr","Dur\u00e9e de lecture estim\u00e9e":"6 minutes"},"schema":{"@context":"https:\/\/schema.org","@graph":[{"@type":"Article","@id":"https:\/\/www.africa-press.net\/niger\/politique\/lex-president-mahamadou-issoufou-compte-porter-plainte-contre-lambassadeur-de-france#article","isPartOf":{"@id":"https:\/\/www.africa-press.net\/niger\/politique\/lex-president-mahamadou-issoufou-compte-porter-plainte-contre-lambassadeur-de-france"},"author":{"name":"cfeditorfr","@id":"https:\/\/www.africa-press.net\/niger\/#\/schema\/person\/2b1cf3cd81a31e3cd26889ca66d677f1"},"headline":"l\u2019ex-pr\u00e9sident Mahamadou Issoufou compte porter plainte contre l\u2019ambassadeur de France","datePublished":"2024-02-22T18:34:54+00:00","dateModified":"2024-02-22T19:17:42+00:00","mainEntityOfPage":{"@id":"https:\/\/www.africa-press.net\/niger\/politique\/lex-president-mahamadou-issoufou-compte-porter-plainte-contre-lambassadeur-de-france"},"wordCount":1183,"commentCount":0,"image":{"@id":"https:\/\/www.africa-press.net\/niger\/politique\/lex-president-mahamadou-issoufou-compte-porter-plainte-contre-lambassadeur-de-france#primaryimage"},"thumbnailUrl":"https:\/\/static.africa-press.net\/niger\/sites\/40\/2024\/02\/sm_1708616740.540093.jpg","keywords":["Africa Press","Africa Press-Niger","Niger"],"articleSection":["Politique","Top Nouvelles","Toutes les actualit\u00e9s"],"inLanguage":"fr-FR","potentialAction":[{"@type":"CommentAction","name":"Comment","target":["https:\/\/www.africa-press.net\/niger\/politique\/lex-president-mahamadou-issoufou-compte-porter-plainte-contre-lambassadeur-de-france#respond"]}]},{"@type":"WebPage","@id":"https:\/\/www.africa-press.net\/niger\/politique\/lex-president-mahamadou-issoufou-compte-porter-plainte-contre-lambassadeur-de-france","url":"https:\/\/www.africa-press.net\/niger\/politique\/lex-president-mahamadou-issoufou-compte-porter-plainte-contre-lambassadeur-de-france","name":"l\u2019ex-pr\u00e9sident Mahamadou Issoufou compte porter plainte contre l\u2019ambassadeur de France - niger","isPartOf":{"@id":"https:\/\/www.africa-press.net\/niger\/#website"},"primaryImageOfPage":{"@id":"https:\/\/www.africa-press.net\/niger\/politique\/lex-president-mahamadou-issoufou-compte-porter-plainte-contre-lambassadeur-de-france#primaryimage"},"image":{"@id":"https:\/\/www.africa-press.net\/niger\/politique\/lex-president-mahamadou-issoufou-compte-porter-plainte-contre-lambassadeur-de-france#primaryimage"},"thumbnailUrl":"https:\/\/static.africa-press.net\/niger\/sites\/40\/2024\/02\/sm_1708616740.540093.jpg","datePublished":"2024-02-22T18:34:54+00:00","dateModified":"2024-02-22T19:17:42+00:00","author":{"@id":"https:\/\/www.africa-press.net\/niger\/#\/schema\/person\/2b1cf3cd81a31e3cd26889ca66d677f1"},"description":"Devant la commission de la de\u0301fense de l\u2019Assemble\u0301e nationale, Sylvain Itte\u0301 avait de\u0301nonce\u0301 \u00ab l\u2019implication directe \u00bb d ...","breadcrumb":{"@id":"https:\/\/www.africa-press.net\/niger\/politique\/lex-president-mahamadou-issoufou-compte-porter-plainte-contre-lambassadeur-de-france#breadcrumb"},"inLanguage":"fr-FR","potentialAction":[{"@type":"ReadAction","target":["https:\/\/www.africa-press.net\/niger\/politique\/lex-president-mahamadou-issoufou-compte-porter-plainte-contre-lambassadeur-de-france"]}]},{"@type":"ImageObject","inLanguage":"fr-FR","@id":"https:\/\/www.africa-press.net\/niger\/politique\/lex-president-mahamadou-issoufou-compte-porter-plainte-contre-lambassadeur-de-france#primaryimage","url":"https:\/\/static.africa-press.net\/niger\/sites\/40\/2024\/02\/sm_1708616740.540093.jpg","contentUrl":"https:\/\/static.africa-press.net\/niger\/sites\/40\/2024\/02\/sm_1708616740.540093.jpg","width":1280,"height":720,"caption":"l\u2019ex-pr\u00e9sident Mahamadou Issoufou compte porter plainte contre l\u2019ambassadeur de France"},{"@type":"BreadcrumbList","@id":"https:\/\/www.africa-press.net\/niger\/politique\/lex-president-mahamadou-issoufou-compte-porter-plainte-contre-lambassadeur-de-france#breadcrumb","itemListElement":[{"@type":"ListItem","position":1,"name":"Accueil","item":"https:\/\/www.africa-press.net\/niger\/"},{"@type":"ListItem","position":2,"name":"l\u2019ex-pr\u00e9sident Mahamadou Issoufou compte porter plainte contre l\u2019ambassadeur de France"}]},{"@type":"WebSite","@id":"https:\/\/www.africa-press.net\/niger\/#website","url":"https:\/\/www.africa-press.net\/niger\/","name":"niger","description":"Just another Africa News Agency Sites site","potentialAction":[{"@type":"SearchAction","target":{"@type":"EntryPoint","urlTemplate":"https:\/\/www.africa-press.net\/niger\/?s={search_term_string}"},"query-input":{"@type":"PropertyValueSpecification","valueRequired":true,"valueName":"search_term_string"}}],"inLanguage":"fr-FR"},{"@type":"Person","@id":"https:\/\/www.africa-press.net\/niger\/#\/schema\/person\/2b1cf3cd81a31e3cd26889ca66d677f1","name":"cfeditorfr"}]}},"_links":{"self":[{"href":"https:\/\/www.africa-press.net\/niger\/wp-json\/wp\/v2\/posts\/58988","targetHints":{"allow":["GET"]}}],"collection":[{"href":"https:\/\/www.africa-press.net\/niger\/wp-json\/wp\/v2\/posts"}],"about":[{"href":"https:\/\/www.africa-press.net\/niger\/wp-json\/wp\/v2\/types\/post"}],"author":[{"embeddable":true,"href":"https:\/\/www.africa-press.net\/niger\/wp-json\/wp\/v2\/users\/82"}],"replies":[{"embeddable":true,"href":"https:\/\/www.africa-press.net\/niger\/wp-json\/wp\/v2\/comments?post=58988"}],"version-history":[{"count":0,"href":"https:\/\/www.africa-press.net\/niger\/wp-json\/wp\/v2\/posts\/58988\/revisions"}],"wp:featuredmedia":[{"embeddable":true,"href":"https:\/\/www.africa-press.net\/niger\/wp-json\/wp\/v2\/media\/58987"}],"wp:attachment":[{"href":"https:\/\/www.africa-press.net\/niger\/wp-json\/wp\/v2\/media?parent=58988"}],"wp:term":[{"taxonomy":"category","embeddable":true,"href":"https:\/\/www.africa-press.net\/niger\/wp-json\/wp\/v2\/categories?post=58988"},{"taxonomy":"post_tag","embeddable":true,"href":"https:\/\/www.africa-press.net\/niger\/wp-json\/wp\/v2\/tags?post=58988"}],"curies":[{"name":"wp","href":"https:\/\/api.w.org\/{rel}","templated":true}]}}