{"id":58994,"date":"2024-02-22T18:47:21","date_gmt":"2024-02-22T18:47:21","guid":{"rendered":"https:\/\/www.africa-press.net\/niger\/politique\/le-ministre-du-commerce-et-de-lindustrie-preside-latelier-de-validation-de-la-politique-industrielle-nationale-pin"},"modified":"2024-02-22T19:19:11","modified_gmt":"2024-02-22T19:19:11","slug":"le-ministre-du-commerce-et-de-lindustrie-preside-latelier-de-validation-de-la-politique-industrielle-nationale-pin","status":"publish","type":"post","link":"https:\/\/www.africa-press.net\/niger\/economie\/le-ministre-du-commerce-et-de-lindustrie-preside-latelier-de-validation-de-la-politique-industrielle-nationale-pin","title":{"rendered":"Le ministre du Commerce et de l\u2019Industrie pr\u00e9side l\u2019Atelier de validation de la Politique Industrielle Nationale (PIN)"},"content":{"rendered":"<p><span style=\"color: #ff6600\"><strong>Africa-Press &#8211; Niger. <\/strong><\/span>Le ministre du Commerce et de l\u2019Industrie M. Seydou Asman a pre\u0301side\u0301 ce mercredi 21 fe\u0301vrier 2024 dans la salle de confe\u0301rence de Bangoula, l\u2019atelier de validation du document de la Politique Industrielle Nationale (PIN) et du document de formulation du statut juridique de la nouvelle zone industrielle de Niamey.<\/p>\n<p>Ces assises ont e\u0301te\u0301 rendues possibles gra\u0302ce a\u0300 la Banque Africaine de De\u0301veloppement (BAD) a\u0300 travers le Projet d\u2019Appui a\u0300 la Compe\u0301titivite\u0301 de l\u2019Economie et a\u0300 la Gestion Financie\u0300re (PACEGEF).<\/p>\n<p>Cette ce\u0301re\u0301monie reve\u0302t une importance capitale pour le De\u0301veloppement Economique et Social du Niger, en ce sens \u00ab qu\u2019elle constitue une des pre\u0301occupations des plus hautes autorite\u0301s du pays \u00bb a de\u0301clare\u0301 le ministre du Commerce et de l\u2019Industrie. Il a rappele\u0301 aussi que depuis les e\u0301ve\u0300nements du 26 juillet 2023, les nouvelles autorite\u0301s ont choisi, a\u0300 travers le Programme de Re\u0301silience pour la Sauvegarde de la Patrie, l\u2019option de l\u2019industrialisation en mettant en valeur les ressources locales par la transformation et la substitution aux importations.<\/p>\n<p>A titre illustratif, en six mois de mise en \u0153uvre du Programme, \u00ab le gouvernement a accorde\u0301 a\u0300 10 entreprises de diverses branches, le be\u0301ne\u0301fice des avantages du Code des Investissements pour impulser davantage le de\u0301veloppement du secteur prive\u0301, combien important pour l\u2019e\u0301conomie du pays \u00bb selon le ministre Seydou Asman, qui ajoute que le \u00ab le montant global des investissements hors fonds de roulements s\u2019e\u0301le\u0300ve a\u0300 environ 131 millions de francs CFA pour 1.000 emplois a\u0300 cre\u0301er \u00bb.<\/p>\n<p>Le ministre en charge de l\u2019Industrie a rappele\u0301 e\u0301galement que pendant longtemps, le secteur industriel a constitue\u0301 la fierte\u0301 des pouvoirs publics, \u00ab de\u0300s le lendemain de l\u2019inde\u0301pendance de notre pays, les autorite\u0301s avaient pour ambition l\u2019ame\u0301lioration des conditions de vie des populations et elles se sont fixe\u0301es un certain nombre d\u2019objectifs parmi lesquels, figurent en bonne place, ceux relatifs a\u0300 l\u2019industrialisation \u00bb.<\/p>\n<p>Les diffe\u0301rents Plans de De\u0301veloppements Economiques et Sociaux qui se sont succe\u0301de\u0301s n\u2019ont pas ve\u0301ritablement permis l\u2019e\u0301mergence de nouvelles unite\u0301s industrielles pe\u0301rennes car, selon le ministre, \u00ab ils ont e\u0301te\u0301 exe\u0301cute\u0301s dans un contexte d\u2019absence de document de Politique Industrielle Nationale et d\u2019infrastructures d\u2019accueil suffisantes re\u0301pondant aux normes nationales et internationales \u00bb.<\/p>\n<p>C\u2019est donc conscient de l\u2019importance de l\u2019industrie comme moteur de la croissance e\u0301conomique que le Niger s\u2019est engage\u0301, dans un processus d\u2019e\u0301laboration de son Document de Politique Industrielle Nationale. Aussi, le Niger se propose de de\u0301velopper des nouvelles zones d\u2019activite\u0301s e\u0301conomiques et \u00ab d\u2019ores et de\u0301ja\u0300, deux sites ont e\u0301te\u0301 de\u0301clare\u0301s d\u2019utilite\u0301 publique dont un, pour le de\u0301veloppement d\u2019une Zone Economique Spe\u0301ciale (ZES) et un autre pour l\u2019ame\u0301nagement de la nouvelle zone industrielle de Niamey \u00bb indique-t-il.<\/p>\n<p>Durant cet atelier de trois jours, un document de politique industrielle nationale est soumis pour examen et validation des participants. Il sera de\u0301sormais l\u2019outil de panification et de mise en \u0153uvre des programmes et projets relatifs au secteur industriel au Niger.<\/p>\n<p>Au cours de ce me\u0302me atelier, il sera aussi ame\u0301liore\u0301, le document d\u2019orientation sur le statut juridique de la nouvelle zone industrielle de Niamey.<\/p>\n<p>Cette ce\u0301re\u0301monie a vu la pre\u0301sence du Coordonnateur du PACEGEF M. Ousseini Bako, du Repre\u0301sentant de l\u2019Organisation Patronale des Industries du Niger, M. Nabazaga Tawaye\u0301, ainsi que de plusieurs participants du secteur de l\u2019industrie.<\/p>\n<p><strong>Pour plus d&rsquo;informations et d&rsquo;analyses sur la <a href=\"https:\/\/www.africa-press.net\/niger\">Niger<\/a>, suivez <a href=\"https:\/\/www.africa-press.net\/\">Africa-Press<\/a><\/strong><\/p>\n","protected":false},"excerpt":{"rendered":"<p>Africa-Press &#8211; Niger. Le ministre du Commerce et de l\u2019Industrie M. Seydou Asman a pre\u0301side\u0301 ce mercredi 21 fe\u0301vrier 2024 dans la salle de confe\u0301rence de Bangoula, l\u2019atelier de validation du document de la Politique Industrielle Nationale (PIN) et du document de formulation du statut juridique de la nouvelle zone industrielle de Niamey. Ces assises [&hellip;]<\/p>\n","protected":false},"author":82,"featured_media":58992,"comment_status":"open","ping_status":"closed","sticky":false,"template":"","format":"standard","meta":{"footnotes":""},"categories":[3,10],"tags":[55,60,29],"class_list":["post-58994","post","type-post","status-publish","format-standard","has-post-thumbnail","hentry","category-economie","category-toutes-les-actualites","tag-africa-press","tag-africa-press-niger","tag-niger"],"yoast_head":"<!-- This site is optimized with the Yoast SEO Premium plugin v26.1 (Yoast SEO v27.0) - https:\/\/yoast.com\/product\/yoast-seo-premium-wordpress\/ -->\n<title>Le ministre du Commerce et de l\u2019Industrie pr\u00e9side l\u2019Atelier de validation de la Politique Industrielle Nationale (PIN) - niger<\/title>\n<meta name=\"description\" content=\"Le ministre du Commerce et de l\u2019Industrie M. Seydou Asman a pre\u0301side\u0301 ce mercredi 21 fe\u0301vrier 2024 dans la salle de conf ...\" \/>\n<meta name=\"robots\" content=\"index, follow, max-snippet:-1, max-image-preview:large, max-video-preview:-1\" \/>\n<link rel=\"canonical\" href=\"https:\/\/www.africa-press.net\/niger\/economie\/le-ministre-du-commerce-et-de-lindustrie-preside-latelier-de-validation-de-la-politique-industrielle-nationale-pin\" \/>\n<meta property=\"og:locale\" content=\"fr_FR\" \/>\n<meta property=\"og:type\" content=\"article\" \/>\n<meta property=\"og:title\" content=\"Le ministre du Commerce et de l\u2019Industrie pr\u00e9side l\u2019Atelier de validation de la Politique Industrielle Nationale (PIN)\" \/>\n<meta property=\"og:description\" content=\"Le ministre du Commerce et de l\u2019Industrie M. Seydou Asman a pre\u0301side\u0301 ce mercredi 21 fe\u0301vrier 2024 dans la salle de conf ...\" \/>\n<meta property=\"og:url\" content=\"https:\/\/www.africa-press.net\/niger\/economie\/le-ministre-du-commerce-et-de-lindustrie-preside-latelier-de-validation-de-la-politique-industrielle-nationale-pin\" \/>\n<meta property=\"og:site_name\" content=\"niger\" \/>\n<meta property=\"article:published_time\" content=\"2024-02-22T18:47:21+00:00\" \/>\n<meta property=\"article:modified_time\" content=\"2024-02-22T19:19:11+00:00\" \/>\n<meta property=\"og:image\" content=\"https:\/\/static.africa-press.net\/niger\/sites\/40\/2024\/02\/sm_1708616855.909094.jpg\" \/>\n\t<meta property=\"og:image:width\" content=\"1728\" \/>\n\t<meta property=\"og:image:height\" content=\"1152\" \/>\n\t<meta property=\"og:image:type\" content=\"image\/jpeg\" \/>\n<meta name=\"author\" content=\"cfeditorfr\" \/>\n<meta name=\"twitter:card\" content=\"summary_large_image\" \/>\n<meta name=\"twitter:label1\" content=\"\u00c9crit par\" \/>\n\t<meta name=\"twitter:data1\" content=\"cfeditorfr\" \/>\n\t<meta name=\"twitter:label2\" content=\"Dur\u00e9e de lecture estim\u00e9e\" \/>\n\t<meta name=\"twitter:data2\" content=\"3 minutes\" \/>\n<script type=\"application\/ld+json\" class=\"yoast-schema-graph\">{\"@context\":\"https:\/\/schema.org\",\"@graph\":[{\"@type\":\"Article\",\"@id\":\"https:\/\/www.africa-press.net\/niger\/economie\/le-ministre-du-commerce-et-de-lindustrie-preside-latelier-de-validation-de-la-politique-industrielle-nationale-pin#article\",\"isPartOf\":{\"@id\":\"https:\/\/www.africa-press.net\/niger\/economie\/le-ministre-du-commerce-et-de-lindustrie-preside-latelier-de-validation-de-la-politique-industrielle-nationale-pin\"},\"author\":{\"name\":\"cfeditorfr\",\"@id\":\"https:\/\/www.africa-press.net\/niger\/#\/schema\/person\/2b1cf3cd81a31e3cd26889ca66d677f1\"},\"headline\":\"Le ministre du Commerce et de l\u2019Industrie pr\u00e9side l\u2019Atelier de validation de la Politique Industrielle Nationale (PIN)\",\"datePublished\":\"2024-02-22T18:47:21+00:00\",\"dateModified\":\"2024-02-22T19:19:11+00:00\",\"mainEntityOfPage\":{\"@id\":\"https:\/\/www.africa-press.net\/niger\/economie\/le-ministre-du-commerce-et-de-lindustrie-preside-latelier-de-validation-de-la-politique-industrielle-nationale-pin\"},\"wordCount\":649,\"commentCount\":0,\"image\":{\"@id\":\"https:\/\/www.africa-press.net\/niger\/economie\/le-ministre-du-commerce-et-de-lindustrie-preside-latelier-de-validation-de-la-politique-industrielle-nationale-pin#primaryimage\"},\"thumbnailUrl\":\"https:\/\/static.africa-press.net\/niger\/sites\/40\/2024\/02\/sm_1708616855.909094.jpg\",\"keywords\":[\"Africa Press\",\"Africa Press-Niger\",\"Niger\"],\"articleSection\":[\"\u00c9conomie\",\"Toutes les actualit\u00e9s\"],\"inLanguage\":\"fr-FR\",\"potentialAction\":[{\"@type\":\"CommentAction\",\"name\":\"Comment\",\"target\":[\"https:\/\/www.africa-press.net\/niger\/economie\/le-ministre-du-commerce-et-de-lindustrie-preside-latelier-de-validation-de-la-politique-industrielle-nationale-pin#respond\"]}]},{\"@type\":\"WebPage\",\"@id\":\"https:\/\/www.africa-press.net\/niger\/economie\/le-ministre-du-commerce-et-de-lindustrie-preside-latelier-de-validation-de-la-politique-industrielle-nationale-pin\",\"url\":\"https:\/\/www.africa-press.net\/niger\/economie\/le-ministre-du-commerce-et-de-lindustrie-preside-latelier-de-validation-de-la-politique-industrielle-nationale-pin\",\"name\":\"Le ministre du Commerce et de l\u2019Industrie pr\u00e9side l\u2019Atelier de validation de la Politique Industrielle Nationale (PIN) - niger\",\"isPartOf\":{\"@id\":\"https:\/\/www.africa-press.net\/niger\/#website\"},\"primaryImageOfPage\":{\"@id\":\"https:\/\/www.africa-press.net\/niger\/economie\/le-ministre-du-commerce-et-de-lindustrie-preside-latelier-de-validation-de-la-politique-industrielle-nationale-pin#primaryimage\"},\"image\":{\"@id\":\"https:\/\/www.africa-press.net\/niger\/economie\/le-ministre-du-commerce-et-de-lindustrie-preside-latelier-de-validation-de-la-politique-industrielle-nationale-pin#primaryimage\"},\"thumbnailUrl\":\"https:\/\/static.africa-press.net\/niger\/sites\/40\/2024\/02\/sm_1708616855.909094.jpg\",\"datePublished\":\"2024-02-22T18:47:21+00:00\",\"dateModified\":\"2024-02-22T19:19:11+00:00\",\"author\":{\"@id\":\"https:\/\/www.africa-press.net\/niger\/#\/schema\/person\/2b1cf3cd81a31e3cd26889ca66d677f1\"},\"description\":\"Le ministre du Commerce et de l\u2019Industrie M. Seydou Asman a pre\u0301side\u0301 ce mercredi 21 fe\u0301vrier 2024 dans la salle de conf ...\",\"breadcrumb\":{\"@id\":\"https:\/\/www.africa-press.net\/niger\/economie\/le-ministre-du-commerce-et-de-lindustrie-preside-latelier-de-validation-de-la-politique-industrielle-nationale-pin#breadcrumb\"},\"inLanguage\":\"fr-FR\",\"potentialAction\":[{\"@type\":\"ReadAction\",\"target\":[\"https:\/\/www.africa-press.net\/niger\/economie\/le-ministre-du-commerce-et-de-lindustrie-preside-latelier-de-validation-de-la-politique-industrielle-nationale-pin\"]}]},{\"@type\":\"ImageObject\",\"inLanguage\":\"fr-FR\",\"@id\":\"https:\/\/www.africa-press.net\/niger\/economie\/le-ministre-du-commerce-et-de-lindustrie-preside-latelier-de-validation-de-la-politique-industrielle-nationale-pin#primaryimage\",\"url\":\"https:\/\/static.africa-press.net\/niger\/sites\/40\/2024\/02\/sm_1708616855.909094.jpg\",\"contentUrl\":\"https:\/\/static.africa-press.net\/niger\/sites\/40\/2024\/02\/sm_1708616855.909094.jpg\",\"width\":1728,\"height\":1152,\"caption\":\"Le ministre du Commerce et de l\u2019Industrie pr\u00e9side l\u2019Atelier de validation de la Politique Industrielle Nationale (PIN)\"},{\"@type\":\"BreadcrumbList\",\"@id\":\"https:\/\/www.africa-press.net\/niger\/economie\/le-ministre-du-commerce-et-de-lindustrie-preside-latelier-de-validation-de-la-politique-industrielle-nationale-pin#breadcrumb\",\"itemListElement\":[{\"@type\":\"ListItem\",\"position\":1,\"name\":\"Accueil\",\"item\":\"https:\/\/www.africa-press.net\/niger\/\"},{\"@type\":\"ListItem\",\"position\":2,\"name\":\"Le ministre du Commerce et de l\u2019Industrie pr\u00e9side l\u2019Atelier de validation de la Politique Industrielle Nationale (PIN)\"}]},{\"@type\":\"WebSite\",\"@id\":\"https:\/\/www.africa-press.net\/niger\/#website\",\"url\":\"https:\/\/www.africa-press.net\/niger\/\",\"name\":\"niger\",\"description\":\"Just another Africa News Agency Sites site\",\"potentialAction\":[{\"@type\":\"SearchAction\",\"target\":{\"@type\":\"EntryPoint\",\"urlTemplate\":\"https:\/\/www.africa-press.net\/niger\/?s={search_term_string}\"},\"query-input\":{\"@type\":\"PropertyValueSpecification\",\"valueRequired\":true,\"valueName\":\"search_term_string\"}}],\"inLanguage\":\"fr-FR\"},{\"@type\":\"Person\",\"@id\":\"https:\/\/www.africa-press.net\/niger\/#\/schema\/person\/2b1cf3cd81a31e3cd26889ca66d677f1\",\"name\":\"cfeditorfr\"}]}<\/script>\n<!-- \/ Yoast SEO Premium plugin. -->","yoast_head_json":{"title":"Le ministre du Commerce et de l\u2019Industrie pr\u00e9side l\u2019Atelier de validation de la Politique Industrielle Nationale (PIN) - niger","description":"Le ministre du Commerce et de l\u2019Industrie M. Seydou Asman a pre\u0301side\u0301 ce mercredi 21 fe\u0301vrier 2024 dans la salle de conf ...","robots":{"index":"index","follow":"follow","max-snippet":"max-snippet:-1","max-image-preview":"max-image-preview:large","max-video-preview":"max-video-preview:-1"},"canonical":"https:\/\/www.africa-press.net\/niger\/economie\/le-ministre-du-commerce-et-de-lindustrie-preside-latelier-de-validation-de-la-politique-industrielle-nationale-pin","og_locale":"fr_FR","og_type":"article","og_title":"Le ministre du Commerce et de l\u2019Industrie pr\u00e9side l\u2019Atelier de validation de la Politique Industrielle Nationale (PIN)","og_description":"Le ministre du Commerce et de l\u2019Industrie M. Seydou Asman a pre\u0301side\u0301 ce mercredi 21 fe\u0301vrier 2024 dans la salle de conf ...","og_url":"https:\/\/www.africa-press.net\/niger\/economie\/le-ministre-du-commerce-et-de-lindustrie-preside-latelier-de-validation-de-la-politique-industrielle-nationale-pin","og_site_name":"niger","article_published_time":"2024-02-22T18:47:21+00:00","article_modified_time":"2024-02-22T19:19:11+00:00","og_image":[{"width":1728,"height":1152,"url":"https:\/\/static.africa-press.net\/niger\/sites\/40\/2024\/02\/sm_1708616855.909094.jpg","type":"image\/jpeg"}],"author":"cfeditorfr","twitter_card":"summary_large_image","twitter_misc":{"\u00c9crit par":"cfeditorfr","Dur\u00e9e de lecture estim\u00e9e":"3 minutes"},"schema":{"@context":"https:\/\/schema.org","@graph":[{"@type":"Article","@id":"https:\/\/www.africa-press.net\/niger\/economie\/le-ministre-du-commerce-et-de-lindustrie-preside-latelier-de-validation-de-la-politique-industrielle-nationale-pin#article","isPartOf":{"@id":"https:\/\/www.africa-press.net\/niger\/economie\/le-ministre-du-commerce-et-de-lindustrie-preside-latelier-de-validation-de-la-politique-industrielle-nationale-pin"},"author":{"name":"cfeditorfr","@id":"https:\/\/www.africa-press.net\/niger\/#\/schema\/person\/2b1cf3cd81a31e3cd26889ca66d677f1"},"headline":"Le ministre du Commerce et de l\u2019Industrie pr\u00e9side l\u2019Atelier de validation de la Politique Industrielle Nationale (PIN)","datePublished":"2024-02-22T18:47:21+00:00","dateModified":"2024-02-22T19:19:11+00:00","mainEntityOfPage":{"@id":"https:\/\/www.africa-press.net\/niger\/economie\/le-ministre-du-commerce-et-de-lindustrie-preside-latelier-de-validation-de-la-politique-industrielle-nationale-pin"},"wordCount":649,"commentCount":0,"image":{"@id":"https:\/\/www.africa-press.net\/niger\/economie\/le-ministre-du-commerce-et-de-lindustrie-preside-latelier-de-validation-de-la-politique-industrielle-nationale-pin#primaryimage"},"thumbnailUrl":"https:\/\/static.africa-press.net\/niger\/sites\/40\/2024\/02\/sm_1708616855.909094.jpg","keywords":["Africa Press","Africa Press-Niger","Niger"],"articleSection":["\u00c9conomie","Toutes les actualit\u00e9s"],"inLanguage":"fr-FR","potentialAction":[{"@type":"CommentAction","name":"Comment","target":["https:\/\/www.africa-press.net\/niger\/economie\/le-ministre-du-commerce-et-de-lindustrie-preside-latelier-de-validation-de-la-politique-industrielle-nationale-pin#respond"]}]},{"@type":"WebPage","@id":"https:\/\/www.africa-press.net\/niger\/economie\/le-ministre-du-commerce-et-de-lindustrie-preside-latelier-de-validation-de-la-politique-industrielle-nationale-pin","url":"https:\/\/www.africa-press.net\/niger\/economie\/le-ministre-du-commerce-et-de-lindustrie-preside-latelier-de-validation-de-la-politique-industrielle-nationale-pin","name":"Le ministre du Commerce et de l\u2019Industrie pr\u00e9side l\u2019Atelier de validation de la Politique Industrielle Nationale (PIN) - niger","isPartOf":{"@id":"https:\/\/www.africa-press.net\/niger\/#website"},"primaryImageOfPage":{"@id":"https:\/\/www.africa-press.net\/niger\/economie\/le-ministre-du-commerce-et-de-lindustrie-preside-latelier-de-validation-de-la-politique-industrielle-nationale-pin#primaryimage"},"image":{"@id":"https:\/\/www.africa-press.net\/niger\/economie\/le-ministre-du-commerce-et-de-lindustrie-preside-latelier-de-validation-de-la-politique-industrielle-nationale-pin#primaryimage"},"thumbnailUrl":"https:\/\/static.africa-press.net\/niger\/sites\/40\/2024\/02\/sm_1708616855.909094.jpg","datePublished":"2024-02-22T18:47:21+00:00","dateModified":"2024-02-22T19:19:11+00:00","author":{"@id":"https:\/\/www.africa-press.net\/niger\/#\/schema\/person\/2b1cf3cd81a31e3cd26889ca66d677f1"},"description":"Le ministre du Commerce et de l\u2019Industrie M. Seydou Asman a pre\u0301side\u0301 ce mercredi 21 fe\u0301vrier 2024 dans la salle de conf ...","breadcrumb":{"@id":"https:\/\/www.africa-press.net\/niger\/economie\/le-ministre-du-commerce-et-de-lindustrie-preside-latelier-de-validation-de-la-politique-industrielle-nationale-pin#breadcrumb"},"inLanguage":"fr-FR","potentialAction":[{"@type":"ReadAction","target":["https:\/\/www.africa-press.net\/niger\/economie\/le-ministre-du-commerce-et-de-lindustrie-preside-latelier-de-validation-de-la-politique-industrielle-nationale-pin"]}]},{"@type":"ImageObject","inLanguage":"fr-FR","@id":"https:\/\/www.africa-press.net\/niger\/economie\/le-ministre-du-commerce-et-de-lindustrie-preside-latelier-de-validation-de-la-politique-industrielle-nationale-pin#primaryimage","url":"https:\/\/static.africa-press.net\/niger\/sites\/40\/2024\/02\/sm_1708616855.909094.jpg","contentUrl":"https:\/\/static.africa-press.net\/niger\/sites\/40\/2024\/02\/sm_1708616855.909094.jpg","width":1728,"height":1152,"caption":"Le ministre du Commerce et de l\u2019Industrie pr\u00e9side l\u2019Atelier de validation de la Politique Industrielle Nationale (PIN)"},{"@type":"BreadcrumbList","@id":"https:\/\/www.africa-press.net\/niger\/economie\/le-ministre-du-commerce-et-de-lindustrie-preside-latelier-de-validation-de-la-politique-industrielle-nationale-pin#breadcrumb","itemListElement":[{"@type":"ListItem","position":1,"name":"Accueil","item":"https:\/\/www.africa-press.net\/niger\/"},{"@type":"ListItem","position":2,"name":"Le ministre du Commerce et de l\u2019Industrie pr\u00e9side l\u2019Atelier de validation de la Politique Industrielle Nationale (PIN)"}]},{"@type":"WebSite","@id":"https:\/\/www.africa-press.net\/niger\/#website","url":"https:\/\/www.africa-press.net\/niger\/","name":"niger","description":"Just another Africa News Agency Sites site","potentialAction":[{"@type":"SearchAction","target":{"@type":"EntryPoint","urlTemplate":"https:\/\/www.africa-press.net\/niger\/?s={search_term_string}"},"query-input":{"@type":"PropertyValueSpecification","valueRequired":true,"valueName":"search_term_string"}}],"inLanguage":"fr-FR"},{"@type":"Person","@id":"https:\/\/www.africa-press.net\/niger\/#\/schema\/person\/2b1cf3cd81a31e3cd26889ca66d677f1","name":"cfeditorfr"}]}},"_links":{"self":[{"href":"https:\/\/www.africa-press.net\/niger\/wp-json\/wp\/v2\/posts\/58994","targetHints":{"allow":["GET"]}}],"collection":[{"href":"https:\/\/www.africa-press.net\/niger\/wp-json\/wp\/v2\/posts"}],"about":[{"href":"https:\/\/www.africa-press.net\/niger\/wp-json\/wp\/v2\/types\/post"}],"author":[{"embeddable":true,"href":"https:\/\/www.africa-press.net\/niger\/wp-json\/wp\/v2\/users\/82"}],"replies":[{"embeddable":true,"href":"https:\/\/www.africa-press.net\/niger\/wp-json\/wp\/v2\/comments?post=58994"}],"version-history":[{"count":0,"href":"https:\/\/www.africa-press.net\/niger\/wp-json\/wp\/v2\/posts\/58994\/revisions"}],"wp:featuredmedia":[{"embeddable":true,"href":"https:\/\/www.africa-press.net\/niger\/wp-json\/wp\/v2\/media\/58992"}],"wp:attachment":[{"href":"https:\/\/www.africa-press.net\/niger\/wp-json\/wp\/v2\/media?parent=58994"}],"wp:term":[{"taxonomy":"category","embeddable":true,"href":"https:\/\/www.africa-press.net\/niger\/wp-json\/wp\/v2\/categories?post=58994"},{"taxonomy":"post_tag","embeddable":true,"href":"https:\/\/www.africa-press.net\/niger\/wp-json\/wp\/v2\/tags?post=58994"}],"curies":[{"name":"wp","href":"https:\/\/api.w.org\/{rel}","templated":true}]}}