{"id":58997,"date":"2024-02-22T18:43:05","date_gmt":"2024-02-22T18:43:05","guid":{"rendered":"https:\/\/www.africa-press.net\/niger\/politique\/situation-des-medias-prives-au-niger-le-collectif-des-professionnels-de-ces-medias-revendique-des-meilleures-conditions-de-travail"},"modified":"2024-02-22T19:38:44","modified_gmt":"2024-02-22T19:38:44","slug":"situation-des-medias-prives-au-niger-le-collectif-des-professionnels-de-ces-medias-revendique-des-meilleures-conditions-de-travail","status":"publish","type":"post","link":"https:\/\/www.africa-press.net\/niger\/politique\/situation-des-medias-prives-au-niger-le-collectif-des-professionnels-de-ces-medias-revendique-des-meilleures-conditions-de-travail","title":{"rendered":"Situation des m\u00e9dias  priv\u00e9s au Niger : le collectif des professionnels de ces m\u00e9dias revendique des meilleures conditions de travail"},"content":{"rendered":"<p><span style=\"color: #ff6600\"><strong>Africa-Press &#8211; Niger. <\/strong><\/span>Le Collectif des Organisations Socio-professionnelles des me\u0301dias prive\u0301s du Niger, compose\u0301 de SYNAPPEAN-ASCAMEP ET SYNAAP, a rendu publique une de\u0301claration, ce jeudi 22 fe\u0301vrier 2024, a\u0300 travers laquelle les professionnels des me\u0301dias prive\u0301s du Niger revendiquent des meilleures conditions de travail.<\/p>\n<p>Dans cette de\u0301claration le collectif a rappele\u0301 avoir alerte\u0301 la semaine dernie\u0300re l\u2019opinion nationale et internationale sur \u2018\u2019les conditions de vie et de travail difficiles dans lesquelles se trouvent les professionnels des me\u0301dias prive\u0301s du Niger durant plusieurs anne\u0301es, bref une descente aux enfers de la presse prive\u0301e au Niger\u2019\u2019.<\/p>\n<p>C\u2019est ainsi que \u2019\u2019malgre\u0301 la bonne foi affiche\u0301e et sa disponibilite\u0301 pour un dialogue constructif, les responsables des me\u0301dias prive\u0301s du Niger ont fait sourde oreille par rapport aux le\u0301gitimes revendications du Collectif des Organisations socio-professionnelles des me\u0301dias prive\u0301s du Niger, ce qui traduit l\u2019insouciance de ces derniers vis-a\u0300-vis de la situation de leurs employe\u0301s qui sont entrain d\u2019e\u0302tre chasse\u0301s un a\u0300 un dans leurs maisons de location pour n\u2019avoir pas eu la possibilite\u0301 de payer le loyer, avec un avenir incertain pour n\u2019avoir pas e\u0301te\u0301 inscrits a\u0300 la caisse, leur seule garantie apre\u0300s la retraite\u2019\u2019.<\/p>\n<p>Cependant, le Collectif salue et encourage \u2019\u2019les autorite\u0301s nige\u0301riennes a\u0300 travers le Ministe\u0300re de la Communication des Postes et de l\u2019Economie Nume\u0301rique, quant a\u0300 sa volonte\u0301 manifeste a\u0300 trouver des solutions idoines par rapport aux maux qui minent la presse du Niger.<\/p>\n<p>A titre illustratif, a encore rappele\u0301 le collectif, au cours d\u2019une rencontre entre le Ministre de la Communication, des Postes et l\u2019Economie Nume\u0301rique et les membres du collectif des organisations socioprofessionnelles des me\u0301dias prive\u0301s du Niger, et apre\u0300s avoir expose\u0301 au Ministre l\u2019ensemble des pre\u0301occupations des professionnels des me\u0301dias prive\u0301s du Niger, celui-ci a de\u0301cide\u0301 de faire de son mieux pour re\u0301gler la situation le plus vite possible en rencontrant les promoteurs des me\u0301dias prive\u0301s du Niger\u2019\u2019.<\/p>\n<p>Au regard de tout ce qui pre\u0301ce\u0300de, le collectif des organisations socioprofessionnelles des me\u0301dias prive\u0301s du Niger re\u0301ite\u0300re \u2019\u2019sa disponibilite\u0301 au dialogue afin de trouver un de\u0301nouement heureux a\u0300 la situation\u2019\u2019 tout en rappelant \u2019\u2019aux promoteurs et aux responsables des me\u0301dias prive\u0301s que la satisfaction des le\u0301gitimes revendications des me\u0301dias prive\u0301s du Niger reste la seule issue pour le rayonnement de la presse prive\u0301e au Niger\u2019\u2019.<\/p>\n<p>Par ailleurs, le collectif exige \u2019\u2019la Signature de la Convention collective des me\u0301dias en vue de l\u2019ame\u0301lioration des conditions de vie et de travail des professionnels des me\u0301dias au Niger\u2019\u2019 restant ainsi \u2019\u2019optimistes quant aux conclusions qui seront assorties de la rencontre entre le ministre de tutelle et les responsables des me\u0301dias prive\u0301s du Niger\u2019\u2019.<\/p>\n<p>Enfin, le collectif des organisations socioprofessionnelles des me\u0301dias prive\u0301s appelle l\u2019ensemble des professionnels des me\u0301dias prive\u0301s du Niger a\u0300 rester unis et mobilise\u0301s jusqu\u2019a\u0300 satisfaction de leurs le\u0301gitimes revendications.<\/p>\n<p><strong>Pour plus d&rsquo;informations et d&rsquo;analyses sur la <a href=\"https:\/\/www.africa-press.net\/niger\">Niger<\/a>, suivez <a href=\"https:\/\/www.africa-press.net\/\">Africa-Press<\/a><\/strong><\/p>\n","protected":false},"excerpt":{"rendered":"<p>Africa-Press &#8211; Niger. Le Collectif des Organisations Socio-professionnelles des me\u0301dias prive\u0301s du Niger, compose\u0301 de SYNAPPEAN-ASCAMEP ET SYNAAP, a rendu publique une de\u0301claration, ce jeudi 22 fe\u0301vrier 2024, a\u0300 travers laquelle les professionnels des me\u0301dias prive\u0301s du Niger revendiquent des meilleures conditions de travail. Dans cette de\u0301claration le collectif a rappele\u0301 avoir alerte\u0301 la semaine [&hellip;]<\/p>\n","protected":false},"author":82,"featured_media":58996,"comment_status":"open","ping_status":"closed","sticky":false,"template":"","format":"standard","meta":{"footnotes":""},"categories":[2,10],"tags":[55,60,29],"class_list":["post-58997","post","type-post","status-publish","format-standard","has-post-thumbnail","hentry","category-politique","category-toutes-les-actualites","tag-africa-press","tag-africa-press-niger","tag-niger"],"yoast_head":"<!-- This site is optimized with the Yoast SEO Premium plugin v26.1 (Yoast SEO v27.0) - https:\/\/yoast.com\/product\/yoast-seo-premium-wordpress\/ -->\n<title>Situation des m\u00e9dias priv\u00e9s au Niger : le collectif des professionnels de ces m\u00e9dias revendique des meilleures conditions de travail - niger<\/title>\n<meta name=\"description\" content=\"Le Collectif des Organisations Socio-professionnelles des me\u0301dias prive\u0301s du Niger, compose\u0301 de SYNAPPEAN-ASCAMEP ET SYN ...\" \/>\n<meta name=\"robots\" content=\"index, follow, max-snippet:-1, max-image-preview:large, max-video-preview:-1\" \/>\n<link rel=\"canonical\" href=\"https:\/\/www.africa-press.net\/niger\/politique\/situation-des-medias-prives-au-niger-le-collectif-des-professionnels-de-ces-medias-revendique-des-meilleures-conditions-de-travail\" \/>\n<meta property=\"og:locale\" content=\"fr_FR\" \/>\n<meta property=\"og:type\" content=\"article\" \/>\n<meta property=\"og:title\" content=\"Situation des m\u00e9dias priv\u00e9s au Niger : le collectif des professionnels de ces m\u00e9dias revendique des meilleures conditions de travail\" \/>\n<meta property=\"og:description\" content=\"Le Collectif des Organisations Socio-professionnelles des me\u0301dias prive\u0301s du Niger, compose\u0301 de SYNAPPEAN-ASCAMEP ET SYN ...\" \/>\n<meta property=\"og:url\" content=\"https:\/\/www.africa-press.net\/niger\/politique\/situation-des-medias-prives-au-niger-le-collectif-des-professionnels-de-ces-medias-revendique-des-meilleures-conditions-de-travail\" \/>\n<meta property=\"og:site_name\" content=\"niger\" \/>\n<meta property=\"article:published_time\" content=\"2024-02-22T18:43:05+00:00\" \/>\n<meta property=\"article:modified_time\" content=\"2024-02-22T19:38:44+00:00\" \/>\n<meta property=\"og:image\" content=\"https:\/\/static.africa-press.net\/niger\/sites\/40\/2024\/02\/sm_1708618078.889321.jpg\" \/>\n\t<meta property=\"og:image:width\" content=\"1072\" \/>\n\t<meta property=\"og:image:height\" content=\"716\" \/>\n\t<meta property=\"og:image:type\" content=\"image\/jpeg\" \/>\n<meta name=\"author\" content=\"cfeditorfr\" \/>\n<meta name=\"twitter:card\" content=\"summary_large_image\" \/>\n<meta name=\"twitter:label1\" content=\"\u00c9crit par\" \/>\n\t<meta name=\"twitter:data1\" content=\"cfeditorfr\" \/>\n\t<meta name=\"twitter:label2\" content=\"Dur\u00e9e de lecture estim\u00e9e\" \/>\n\t<meta name=\"twitter:data2\" content=\"3 minutes\" \/>\n<script type=\"application\/ld+json\" class=\"yoast-schema-graph\">{\"@context\":\"https:\/\/schema.org\",\"@graph\":[{\"@type\":\"Article\",\"@id\":\"https:\/\/www.africa-press.net\/niger\/politique\/situation-des-medias-prives-au-niger-le-collectif-des-professionnels-de-ces-medias-revendique-des-meilleures-conditions-de-travail#article\",\"isPartOf\":{\"@id\":\"https:\/\/www.africa-press.net\/niger\/politique\/situation-des-medias-prives-au-niger-le-collectif-des-professionnels-de-ces-medias-revendique-des-meilleures-conditions-de-travail\"},\"author\":{\"name\":\"cfeditorfr\",\"@id\":\"https:\/\/www.africa-press.net\/niger\/#\/schema\/person\/2b1cf3cd81a31e3cd26889ca66d677f1\"},\"headline\":\"Situation des m\u00e9dias priv\u00e9s au Niger : le collectif des professionnels de ces m\u00e9dias revendique des meilleures conditions de travail\",\"datePublished\":\"2024-02-22T18:43:05+00:00\",\"dateModified\":\"2024-02-22T19:38:44+00:00\",\"mainEntityOfPage\":{\"@id\":\"https:\/\/www.africa-press.net\/niger\/politique\/situation-des-medias-prives-au-niger-le-collectif-des-professionnels-de-ces-medias-revendique-des-meilleures-conditions-de-travail\"},\"wordCount\":567,\"commentCount\":0,\"image\":{\"@id\":\"https:\/\/www.africa-press.net\/niger\/politique\/situation-des-medias-prives-au-niger-le-collectif-des-professionnels-de-ces-medias-revendique-des-meilleures-conditions-de-travail#primaryimage\"},\"thumbnailUrl\":\"https:\/\/static.africa-press.net\/niger\/sites\/40\/2024\/02\/sm_1708618078.889321.jpg\",\"keywords\":[\"Africa Press\",\"Africa Press-Niger\",\"Niger\"],\"articleSection\":[\"Politique\",\"Toutes les actualit\u00e9s\"],\"inLanguage\":\"fr-FR\",\"potentialAction\":[{\"@type\":\"CommentAction\",\"name\":\"Comment\",\"target\":[\"https:\/\/www.africa-press.net\/niger\/politique\/situation-des-medias-prives-au-niger-le-collectif-des-professionnels-de-ces-medias-revendique-des-meilleures-conditions-de-travail#respond\"]}]},{\"@type\":\"WebPage\",\"@id\":\"https:\/\/www.africa-press.net\/niger\/politique\/situation-des-medias-prives-au-niger-le-collectif-des-professionnels-de-ces-medias-revendique-des-meilleures-conditions-de-travail\",\"url\":\"https:\/\/www.africa-press.net\/niger\/politique\/situation-des-medias-prives-au-niger-le-collectif-des-professionnels-de-ces-medias-revendique-des-meilleures-conditions-de-travail\",\"name\":\"Situation des m\u00e9dias priv\u00e9s au Niger : le collectif des professionnels de ces m\u00e9dias revendique des meilleures conditions de travail - niger\",\"isPartOf\":{\"@id\":\"https:\/\/www.africa-press.net\/niger\/#website\"},\"primaryImageOfPage\":{\"@id\":\"https:\/\/www.africa-press.net\/niger\/politique\/situation-des-medias-prives-au-niger-le-collectif-des-professionnels-de-ces-medias-revendique-des-meilleures-conditions-de-travail#primaryimage\"},\"image\":{\"@id\":\"https:\/\/www.africa-press.net\/niger\/politique\/situation-des-medias-prives-au-niger-le-collectif-des-professionnels-de-ces-medias-revendique-des-meilleures-conditions-de-travail#primaryimage\"},\"thumbnailUrl\":\"https:\/\/static.africa-press.net\/niger\/sites\/40\/2024\/02\/sm_1708618078.889321.jpg\",\"datePublished\":\"2024-02-22T18:43:05+00:00\",\"dateModified\":\"2024-02-22T19:38:44+00:00\",\"author\":{\"@id\":\"https:\/\/www.africa-press.net\/niger\/#\/schema\/person\/2b1cf3cd81a31e3cd26889ca66d677f1\"},\"description\":\"Le Collectif des Organisations Socio-professionnelles des me\u0301dias prive\u0301s du Niger, compose\u0301 de SYNAPPEAN-ASCAMEP ET SYN ...\",\"breadcrumb\":{\"@id\":\"https:\/\/www.africa-press.net\/niger\/politique\/situation-des-medias-prives-au-niger-le-collectif-des-professionnels-de-ces-medias-revendique-des-meilleures-conditions-de-travail#breadcrumb\"},\"inLanguage\":\"fr-FR\",\"potentialAction\":[{\"@type\":\"ReadAction\",\"target\":[\"https:\/\/www.africa-press.net\/niger\/politique\/situation-des-medias-prives-au-niger-le-collectif-des-professionnels-de-ces-medias-revendique-des-meilleures-conditions-de-travail\"]}]},{\"@type\":\"ImageObject\",\"inLanguage\":\"fr-FR\",\"@id\":\"https:\/\/www.africa-press.net\/niger\/politique\/situation-des-medias-prives-au-niger-le-collectif-des-professionnels-de-ces-medias-revendique-des-meilleures-conditions-de-travail#primaryimage\",\"url\":\"https:\/\/static.africa-press.net\/niger\/sites\/40\/2024\/02\/sm_1708618078.889321.jpg\",\"contentUrl\":\"https:\/\/static.africa-press.net\/niger\/sites\/40\/2024\/02\/sm_1708618078.889321.jpg\",\"width\":1072,\"height\":716,\"caption\":\"Situation des m\u00e9dias priv\u00e9s au Niger : le collectif des professionnels de ces m\u00e9dias revendique des meilleures conditions de travail\"},{\"@type\":\"BreadcrumbList\",\"@id\":\"https:\/\/www.africa-press.net\/niger\/politique\/situation-des-medias-prives-au-niger-le-collectif-des-professionnels-de-ces-medias-revendique-des-meilleures-conditions-de-travail#breadcrumb\",\"itemListElement\":[{\"@type\":\"ListItem\",\"position\":1,\"name\":\"Accueil\",\"item\":\"https:\/\/www.africa-press.net\/niger\/\"},{\"@type\":\"ListItem\",\"position\":2,\"name\":\"Situation des m\u00e9dias priv\u00e9s au Niger : le collectif des professionnels de ces m\u00e9dias revendique des meilleures conditions de travail\"}]},{\"@type\":\"WebSite\",\"@id\":\"https:\/\/www.africa-press.net\/niger\/#website\",\"url\":\"https:\/\/www.africa-press.net\/niger\/\",\"name\":\"niger\",\"description\":\"Just another Africa News Agency Sites site\",\"potentialAction\":[{\"@type\":\"SearchAction\",\"target\":{\"@type\":\"EntryPoint\",\"urlTemplate\":\"https:\/\/www.africa-press.net\/niger\/?s={search_term_string}\"},\"query-input\":{\"@type\":\"PropertyValueSpecification\",\"valueRequired\":true,\"valueName\":\"search_term_string\"}}],\"inLanguage\":\"fr-FR\"},{\"@type\":\"Person\",\"@id\":\"https:\/\/www.africa-press.net\/niger\/#\/schema\/person\/2b1cf3cd81a31e3cd26889ca66d677f1\",\"name\":\"cfeditorfr\"}]}<\/script>\n<!-- \/ Yoast SEO Premium plugin. -->","yoast_head_json":{"title":"Situation des m\u00e9dias priv\u00e9s au Niger : le collectif des professionnels de ces m\u00e9dias revendique des meilleures conditions de travail - niger","description":"Le Collectif des Organisations Socio-professionnelles des me\u0301dias prive\u0301s du Niger, compose\u0301 de SYNAPPEAN-ASCAMEP ET SYN ...","robots":{"index":"index","follow":"follow","max-snippet":"max-snippet:-1","max-image-preview":"max-image-preview:large","max-video-preview":"max-video-preview:-1"},"canonical":"https:\/\/www.africa-press.net\/niger\/politique\/situation-des-medias-prives-au-niger-le-collectif-des-professionnels-de-ces-medias-revendique-des-meilleures-conditions-de-travail","og_locale":"fr_FR","og_type":"article","og_title":"Situation des m\u00e9dias priv\u00e9s au Niger : le collectif des professionnels de ces m\u00e9dias revendique des meilleures conditions de travail","og_description":"Le Collectif des Organisations Socio-professionnelles des me\u0301dias prive\u0301s du Niger, compose\u0301 de SYNAPPEAN-ASCAMEP ET SYN ...","og_url":"https:\/\/www.africa-press.net\/niger\/politique\/situation-des-medias-prives-au-niger-le-collectif-des-professionnels-de-ces-medias-revendique-des-meilleures-conditions-de-travail","og_site_name":"niger","article_published_time":"2024-02-22T18:43:05+00:00","article_modified_time":"2024-02-22T19:38:44+00:00","og_image":[{"width":1072,"height":716,"url":"https:\/\/static.africa-press.net\/niger\/sites\/40\/2024\/02\/sm_1708618078.889321.jpg","type":"image\/jpeg"}],"author":"cfeditorfr","twitter_card":"summary_large_image","twitter_misc":{"\u00c9crit par":"cfeditorfr","Dur\u00e9e de lecture estim\u00e9e":"3 minutes"},"schema":{"@context":"https:\/\/schema.org","@graph":[{"@type":"Article","@id":"https:\/\/www.africa-press.net\/niger\/politique\/situation-des-medias-prives-au-niger-le-collectif-des-professionnels-de-ces-medias-revendique-des-meilleures-conditions-de-travail#article","isPartOf":{"@id":"https:\/\/www.africa-press.net\/niger\/politique\/situation-des-medias-prives-au-niger-le-collectif-des-professionnels-de-ces-medias-revendique-des-meilleures-conditions-de-travail"},"author":{"name":"cfeditorfr","@id":"https:\/\/www.africa-press.net\/niger\/#\/schema\/person\/2b1cf3cd81a31e3cd26889ca66d677f1"},"headline":"Situation des m\u00e9dias priv\u00e9s au Niger : le collectif des professionnels de ces m\u00e9dias revendique des meilleures conditions de travail","datePublished":"2024-02-22T18:43:05+00:00","dateModified":"2024-02-22T19:38:44+00:00","mainEntityOfPage":{"@id":"https:\/\/www.africa-press.net\/niger\/politique\/situation-des-medias-prives-au-niger-le-collectif-des-professionnels-de-ces-medias-revendique-des-meilleures-conditions-de-travail"},"wordCount":567,"commentCount":0,"image":{"@id":"https:\/\/www.africa-press.net\/niger\/politique\/situation-des-medias-prives-au-niger-le-collectif-des-professionnels-de-ces-medias-revendique-des-meilleures-conditions-de-travail#primaryimage"},"thumbnailUrl":"https:\/\/static.africa-press.net\/niger\/sites\/40\/2024\/02\/sm_1708618078.889321.jpg","keywords":["Africa Press","Africa Press-Niger","Niger"],"articleSection":["Politique","Toutes les actualit\u00e9s"],"inLanguage":"fr-FR","potentialAction":[{"@type":"CommentAction","name":"Comment","target":["https:\/\/www.africa-press.net\/niger\/politique\/situation-des-medias-prives-au-niger-le-collectif-des-professionnels-de-ces-medias-revendique-des-meilleures-conditions-de-travail#respond"]}]},{"@type":"WebPage","@id":"https:\/\/www.africa-press.net\/niger\/politique\/situation-des-medias-prives-au-niger-le-collectif-des-professionnels-de-ces-medias-revendique-des-meilleures-conditions-de-travail","url":"https:\/\/www.africa-press.net\/niger\/politique\/situation-des-medias-prives-au-niger-le-collectif-des-professionnels-de-ces-medias-revendique-des-meilleures-conditions-de-travail","name":"Situation des m\u00e9dias priv\u00e9s au Niger : le collectif des professionnels de ces m\u00e9dias revendique des meilleures conditions de travail - niger","isPartOf":{"@id":"https:\/\/www.africa-press.net\/niger\/#website"},"primaryImageOfPage":{"@id":"https:\/\/www.africa-press.net\/niger\/politique\/situation-des-medias-prives-au-niger-le-collectif-des-professionnels-de-ces-medias-revendique-des-meilleures-conditions-de-travail#primaryimage"},"image":{"@id":"https:\/\/www.africa-press.net\/niger\/politique\/situation-des-medias-prives-au-niger-le-collectif-des-professionnels-de-ces-medias-revendique-des-meilleures-conditions-de-travail#primaryimage"},"thumbnailUrl":"https:\/\/static.africa-press.net\/niger\/sites\/40\/2024\/02\/sm_1708618078.889321.jpg","datePublished":"2024-02-22T18:43:05+00:00","dateModified":"2024-02-22T19:38:44+00:00","author":{"@id":"https:\/\/www.africa-press.net\/niger\/#\/schema\/person\/2b1cf3cd81a31e3cd26889ca66d677f1"},"description":"Le Collectif des Organisations Socio-professionnelles des me\u0301dias prive\u0301s du Niger, compose\u0301 de SYNAPPEAN-ASCAMEP ET SYN ...","breadcrumb":{"@id":"https:\/\/www.africa-press.net\/niger\/politique\/situation-des-medias-prives-au-niger-le-collectif-des-professionnels-de-ces-medias-revendique-des-meilleures-conditions-de-travail#breadcrumb"},"inLanguage":"fr-FR","potentialAction":[{"@type":"ReadAction","target":["https:\/\/www.africa-press.net\/niger\/politique\/situation-des-medias-prives-au-niger-le-collectif-des-professionnels-de-ces-medias-revendique-des-meilleures-conditions-de-travail"]}]},{"@type":"ImageObject","inLanguage":"fr-FR","@id":"https:\/\/www.africa-press.net\/niger\/politique\/situation-des-medias-prives-au-niger-le-collectif-des-professionnels-de-ces-medias-revendique-des-meilleures-conditions-de-travail#primaryimage","url":"https:\/\/static.africa-press.net\/niger\/sites\/40\/2024\/02\/sm_1708618078.889321.jpg","contentUrl":"https:\/\/static.africa-press.net\/niger\/sites\/40\/2024\/02\/sm_1708618078.889321.jpg","width":1072,"height":716,"caption":"Situation des m\u00e9dias priv\u00e9s au Niger : le collectif des professionnels de ces m\u00e9dias revendique des meilleures conditions de travail"},{"@type":"BreadcrumbList","@id":"https:\/\/www.africa-press.net\/niger\/politique\/situation-des-medias-prives-au-niger-le-collectif-des-professionnels-de-ces-medias-revendique-des-meilleures-conditions-de-travail#breadcrumb","itemListElement":[{"@type":"ListItem","position":1,"name":"Accueil","item":"https:\/\/www.africa-press.net\/niger\/"},{"@type":"ListItem","position":2,"name":"Situation des m\u00e9dias priv\u00e9s au Niger : le collectif des professionnels de ces m\u00e9dias revendique des meilleures conditions de travail"}]},{"@type":"WebSite","@id":"https:\/\/www.africa-press.net\/niger\/#website","url":"https:\/\/www.africa-press.net\/niger\/","name":"niger","description":"Just another Africa News Agency Sites site","potentialAction":[{"@type":"SearchAction","target":{"@type":"EntryPoint","urlTemplate":"https:\/\/www.africa-press.net\/niger\/?s={search_term_string}"},"query-input":{"@type":"PropertyValueSpecification","valueRequired":true,"valueName":"search_term_string"}}],"inLanguage":"fr-FR"},{"@type":"Person","@id":"https:\/\/www.africa-press.net\/niger\/#\/schema\/person\/2b1cf3cd81a31e3cd26889ca66d677f1","name":"cfeditorfr"}]}},"_links":{"self":[{"href":"https:\/\/www.africa-press.net\/niger\/wp-json\/wp\/v2\/posts\/58997","targetHints":{"allow":["GET"]}}],"collection":[{"href":"https:\/\/www.africa-press.net\/niger\/wp-json\/wp\/v2\/posts"}],"about":[{"href":"https:\/\/www.africa-press.net\/niger\/wp-json\/wp\/v2\/types\/post"}],"author":[{"embeddable":true,"href":"https:\/\/www.africa-press.net\/niger\/wp-json\/wp\/v2\/users\/82"}],"replies":[{"embeddable":true,"href":"https:\/\/www.africa-press.net\/niger\/wp-json\/wp\/v2\/comments?post=58997"}],"version-history":[{"count":0,"href":"https:\/\/www.africa-press.net\/niger\/wp-json\/wp\/v2\/posts\/58997\/revisions"}],"wp:featuredmedia":[{"embeddable":true,"href":"https:\/\/www.africa-press.net\/niger\/wp-json\/wp\/v2\/media\/58996"}],"wp:attachment":[{"href":"https:\/\/www.africa-press.net\/niger\/wp-json\/wp\/v2\/media?parent=58997"}],"wp:term":[{"taxonomy":"category","embeddable":true,"href":"https:\/\/www.africa-press.net\/niger\/wp-json\/wp\/v2\/categories?post=58997"},{"taxonomy":"post_tag","embeddable":true,"href":"https:\/\/www.africa-press.net\/niger\/wp-json\/wp\/v2\/tags?post=58997"}],"curies":[{"name":"wp","href":"https:\/\/api.w.org\/{rel}","templated":true}]}}