{"id":59000,"date":"2024-02-22T18:43:10","date_gmt":"2024-02-22T18:43:10","guid":{"rendered":"https:\/\/www.africa-press.net\/niger\/politique\/les-entrepreneurs-ivoiriens-mines-par-la-rupture-aes-cedeao"},"modified":"2024-02-22T19:50:51","modified_gmt":"2024-02-22T19:50:51","slug":"les-entrepreneurs-ivoiriens-mines-par-la-rupture-aes-cedeao","status":"publish","type":"post","link":"https:\/\/www.africa-press.net\/niger\/dossiers\/les-entrepreneurs-ivoiriens-mines-par-la-rupture-aes-cedeao","title":{"rendered":"Les entrepreneurs ivoiriens min\u00e9s par la rupture AES-Cedeao"},"content":{"rendered":"<p><b>Tha\u00efs Brouck &#8211; Envoy\u00e9 sp\u00e9cial \u00e0 Abidjan<\/b><\/p>\n<p><span style=\"color: #ff6600\"><strong>Africa-Press &#8211; Niger. <\/strong><\/span><b>Les entrepreneurs du Sahel comme ceux de la Co\u0302te d\u2019Ivoire s\u2019inquie\u0300tent du devenir de la libre circulation apre\u0300s l\u2019annonce de la sortie du Burkina Faso, du Mali et du Niger de la Communaute\u0301 e\u0301conomique des E\u0301tats de l\u2019Afrique de l\u2019Ouest.<\/b><\/p>\n<p>Si on dit d\u2019Abidjan qu\u2019elle est une Communaute\u0301 e\u0301conomique des E\u0301tats de l\u2019Afrique de l\u2019Ouest (Cedeao) en miniature, c\u2019est peut-e\u0302tre au marche\u0301 d\u2019Adjame\u0301 que la maxime prend tout son sens. Ici, les gbakas, ces minibus d\u2019un autre a\u0302ge, slaloment entre les vendeuses d\u2019eau en sachet plastique, plongeant leurs clients dans un concert de klaxons.<\/p>\n<p>Loin des coups d\u2019E\u0301tat et des tensions diplomatiques, Nige\u0301riens, Guine\u0301ens, Nige\u0301rians mais surtout Maliens et Burkinabe\u0300 y cohabitent avec les nationaux. En Co\u0302te d\u2019Ivoire, environ un habitant sur cinq est un e\u0301tranger. Un record sur le continent. Selon les Nations unies, 1,3 million de Burkinabe\u0300 et plus de 500 000 Maliens sont installe\u0301s dans le pays. Des chiffres tre\u0300s en dec\u0327a\u0300 de la re\u0301alite\u0301 si l\u2019on en croit le dernier recensement ivoirien.<\/p>\n<p><b>Devenir des sans-papiers<\/b><\/p>\n<p>Oumara Diallo a quitte\u0301 le Mali il y a plus de dix ans. Le jeune homme ge\u0300re de\u0301sormais l\u2019une des centaines de boutiques de ve\u0302tements que compte le bouillonnant marche\u0301. Maillot des E\u0301le\u0301phants ivoiriens sur le dos, le chef d\u2019entreprise ne comprend toujours pourquoi l\u2019Alliance des E\u0301tats du Sahel (AES) a de\u0301cide\u0301 de sortir de la Cedeao. \u00ab Avant de [la] quitter, il aurait fallu des ne\u0301gociations. On ne sait pas ce que l\u2019on va devenir. Je ne veux pas rentrer au Mali, il y a trop d\u2019inse\u0301curite\u0301 et le business ne marche pas. Et pour rester ici, allons nous devoir payer la carte de re\u0301sident ? \u00bb, s\u2019interroge-t-il.<\/p>\n<p>C\u2019est la principale pre\u0301occupation des e\u0301trangers interroge\u0301s. Aujourd\u2019hui, les ressortissants des 15 pays qui composent la Cedeao peuvent circuler librement, s\u2019installer et travailler dans le pays de leur choix. Demain, les Maliens, les Burkinabe\u0300 et les Nige\u0301riens de Co\u0302te d\u2019Ivoire devront-ils payer, chaque anne\u0301e, un permis de se\u0301jour a\u0300 300 000 francs CFA (457 euros) comme les autres e\u0301trangers ? \u00ab Je pense a\u0300 tous mes fre\u0300res qui travaillent dans les plantations de cacao ou sur les chantiers. Ils n\u2019auront pas les moyens de payer une telle somme. Ils vont devenir des sans-papiers en Co\u0302te d\u2019Ivoire \u00bb, regrette Ousmane Kambou, qui fait de l\u2019import-export entre le Burkina Faso et la Co\u0302te d\u2019Ivoire.<\/p>\n<p><b>Le business menace\u0301<\/b><\/p>\n<p>L\u2019entrepreneur originaire du Burkina assure ne\u0301anmoins soutenir le re\u0301gime d\u2019Ibrahim Traore\u0301, le pre\u0301sident de la transition. \u00ab Mais je m\u2019interroge sur cette de\u0301cision, c\u2019est trop pre\u0301cipite\u0301. Nous sommes trop habitue\u0301s a\u0300 circuler comme bon nous semble, \u00bb de\u0301plore-t-il. Pour l\u2019instant, il n\u2019a pas observe\u0301 de chute de son activite\u0301 mais il est tre\u0300s inquiet pour la suite.<\/p>\n<p>Les plus remonte\u0301s sont les transporteurs. \u00ab La communaute\u0301 malienne est tre\u0300s active dans le commerce, notamment transfrontalier, et dans la logistique, rappelle l\u2019e\u0301conomiste ivoirien Se\u0301raphin Prao Yao. C\u2019est tout leur business qui est menace\u0301. \u00bb Une sortie du Mali, du Niger et du Burkina Faso de la Cedeao, puis de l\u2019Union e\u0301conomique et mone\u0301taire de l\u2019Afrique de l\u2019Ouest (Uemoa), comme les re\u0301centes de\u0301clarations des juntes le laissent supposer, serait synonyme d\u2019un retour des droits de douane et donc d\u2019une augmentation des cou\u0302ts des denre\u0301es des deux co\u0302te\u0301s de la frontie\u0300re. \u00ab Mais nous n\u2019en sommes pas encore la\u0300, ce ne sont que des suppositions \u00bb, rappelle Se\u0301raphin Prao Yao.<\/p>\n<p><b>Un imbroglio technique<\/b><\/p>\n<p>De fait, le calendrier et les conse\u0301quences de ce \u00ab Cedexit \u00bb demeurent flou. Selon les statuts de la Cedeao, un de\u0301lai d\u2019un an est ne\u0301cessaire avant de pouvoir quitter l\u2019organisation re\u0301gionale. L\u2019AES a botte\u0301 en touche et assure que sa de\u0301cision est a\u0300 effet imme\u0301diat. \u00ab Techniquement, c\u2019est un imbroglio et malgre\u0301 les annonces, leur retrait n\u2019est pas encore effectif, poursuit le professeur Se\u0301raphin Prao Yao. C\u2019est un caprice politique, ces E\u0301tats n\u2019ont pas re\u0301fle\u0301chi aux conse\u0301quences. \u00bb \u00ab Il est possible d\u2019e\u0302tre membre de l\u2019Uemoa en restant dans la Cedeao. C\u2019est le cas du Ghana, du Nige\u0301ria ou de la Guine\u0301e. Mais l\u2019inverse ne s\u2019est jamais vu et semble techniquement complique\u0301 \u00bb, explique un observateur averti de la re\u0301gion.<\/p>\n<p>En attendant, la liberte\u0301 de circulation des biens et des personnes reste de mise. Pas suffisant pour rassurer les ope\u0301rateurs e\u0301conomiques de la re\u0301gion. \u00ab C\u2019est tre\u0300s mauvais pour le tissu e\u0301conomique re\u0301gional \u00bb, regrette De\u0301sire\u0301 Adou Kouame\u0301, pre\u0301sident de l\u2019Association des jeunes entrepreneurs de Co\u0302te d\u2019Ivoire (Ajeci). \u00ab Nous perdons un marche\u0301, qu\u2019il soit re\u0301el ou potentiel. On ajoute encore des barrie\u0300res. Comme si l\u2019Afrique avait besoin de c\u0327a. Aucun investisseur ivoirien cense\u0301 ne parierait aujourd\u2019hui sur ces trois pays. \u00bb<\/p>\n<p><b>Source: JeuneAfrique<\/b><\/p>\n<p><strong>Pour plus d&rsquo;informations et d&rsquo;analyses sur la <a href=\"https:\/\/www.africa-press.net\/niger\">Niger<\/a>, suivez <a href=\"https:\/\/www.africa-press.net\/\">Africa-Press<\/a><\/strong><\/p>\n","protected":false},"excerpt":{"rendered":"<p>Tha\u00efs Brouck &#8211; Envoy\u00e9 sp\u00e9cial \u00e0 Abidjan Africa-Press &#8211; Niger. Les entrepreneurs du Sahel comme ceux de la Co\u0302te d\u2019Ivoire s\u2019inquie\u0300tent du devenir de la libre circulation apre\u0300s l\u2019annonce de la sortie du Burkina Faso, du Mali et du Niger de la Communaute\u0301 e\u0301conomique des E\u0301tats de l\u2019Afrique de l\u2019Ouest. Si on dit d\u2019Abidjan qu\u2019elle [&hellip;]<\/p>\n","protected":false},"author":82,"featured_media":58999,"comment_status":"open","ping_status":"closed","sticky":false,"template":"","format":"standard","meta":{"footnotes":""},"categories":[7,10],"tags":[55,60,29],"class_list":["post-59000","post","type-post","status-publish","format-standard","has-post-thumbnail","hentry","category-dossiers","category-toutes-les-actualites","tag-africa-press","tag-africa-press-niger","tag-niger"],"yoast_head":"<!-- This site is optimized with the Yoast SEO Premium plugin v26.1 (Yoast SEO v27.0) - https:\/\/yoast.com\/product\/yoast-seo-premium-wordpress\/ -->\n<title>Les entrepreneurs ivoiriens min\u00e9s par la rupture AES-Cedeao - niger<\/title>\n<meta name=\"description\" content=\"Les entrepreneurs du Sahel comme ceux de la Co\u0302te d\u2019Ivoire s\u2019inquie\u0300tent du devenir de la libre circulation apre\u0300s l\u2019 ...\" \/>\n<meta name=\"robots\" content=\"index, follow, max-snippet:-1, max-image-preview:large, max-video-preview:-1\" \/>\n<link rel=\"canonical\" href=\"https:\/\/www.africa-press.net\/niger\/dossiers\/les-entrepreneurs-ivoiriens-mines-par-la-rupture-aes-cedeao\" \/>\n<meta property=\"og:locale\" content=\"fr_FR\" \/>\n<meta property=\"og:type\" content=\"article\" \/>\n<meta property=\"og:title\" content=\"Les entrepreneurs ivoiriens min\u00e9s par la rupture AES-Cedeao\" \/>\n<meta property=\"og:description\" content=\"Les entrepreneurs du Sahel comme ceux de la Co\u0302te d\u2019Ivoire s\u2019inquie\u0300tent du devenir de la libre circulation apre\u0300s l\u2019 ...\" \/>\n<meta property=\"og:url\" content=\"https:\/\/www.africa-press.net\/niger\/dossiers\/les-entrepreneurs-ivoiriens-mines-par-la-rupture-aes-cedeao\" \/>\n<meta property=\"og:site_name\" content=\"niger\" \/>\n<meta property=\"article:published_time\" content=\"2024-02-22T18:43:10+00:00\" \/>\n<meta property=\"article:modified_time\" content=\"2024-02-22T19:50:51+00:00\" \/>\n<meta property=\"og:image\" content=\"https:\/\/static.africa-press.net\/niger\/sites\/40\/2024\/02\/sm_1708618576.456878.jpg\" \/>\n\t<meta property=\"og:image:width\" content=\"1280\" \/>\n\t<meta property=\"og:image:height\" content=\"720\" \/>\n\t<meta property=\"og:image:type\" content=\"image\/jpeg\" \/>\n<meta name=\"author\" content=\"cfeditorfr\" \/>\n<meta name=\"twitter:card\" content=\"summary_large_image\" \/>\n<meta name=\"twitter:label1\" content=\"\u00c9crit par\" \/>\n\t<meta name=\"twitter:data1\" content=\"cfeditorfr\" \/>\n\t<meta name=\"twitter:label2\" content=\"Dur\u00e9e de lecture estim\u00e9e\" \/>\n\t<meta name=\"twitter:data2\" content=\"5 minutes\" \/>\n<script type=\"application\/ld+json\" class=\"yoast-schema-graph\">{\"@context\":\"https:\/\/schema.org\",\"@graph\":[{\"@type\":\"Article\",\"@id\":\"https:\/\/www.africa-press.net\/niger\/dossiers\/les-entrepreneurs-ivoiriens-mines-par-la-rupture-aes-cedeao#article\",\"isPartOf\":{\"@id\":\"https:\/\/www.africa-press.net\/niger\/dossiers\/les-entrepreneurs-ivoiriens-mines-par-la-rupture-aes-cedeao\"},\"author\":{\"name\":\"cfeditorfr\",\"@id\":\"https:\/\/www.africa-press.net\/niger\/#\/schema\/person\/2b1cf3cd81a31e3cd26889ca66d677f1\"},\"headline\":\"Les entrepreneurs ivoiriens min\u00e9s par la rupture AES-Cedeao\",\"datePublished\":\"2024-02-22T18:43:10+00:00\",\"dateModified\":\"2024-02-22T19:50:51+00:00\",\"mainEntityOfPage\":{\"@id\":\"https:\/\/www.africa-press.net\/niger\/dossiers\/les-entrepreneurs-ivoiriens-mines-par-la-rupture-aes-cedeao\"},\"wordCount\":922,\"commentCount\":0,\"image\":{\"@id\":\"https:\/\/www.africa-press.net\/niger\/dossiers\/les-entrepreneurs-ivoiriens-mines-par-la-rupture-aes-cedeao#primaryimage\"},\"thumbnailUrl\":\"https:\/\/static.africa-press.net\/niger\/sites\/40\/2024\/02\/sm_1708618576.456878.jpg\",\"keywords\":[\"Africa Press\",\"Africa Press-Niger\",\"Niger\"],\"articleSection\":[\"Dossiers\",\"Toutes les actualit\u00e9s\"],\"inLanguage\":\"fr-FR\",\"potentialAction\":[{\"@type\":\"CommentAction\",\"name\":\"Comment\",\"target\":[\"https:\/\/www.africa-press.net\/niger\/dossiers\/les-entrepreneurs-ivoiriens-mines-par-la-rupture-aes-cedeao#respond\"]}]},{\"@type\":\"WebPage\",\"@id\":\"https:\/\/www.africa-press.net\/niger\/dossiers\/les-entrepreneurs-ivoiriens-mines-par-la-rupture-aes-cedeao\",\"url\":\"https:\/\/www.africa-press.net\/niger\/dossiers\/les-entrepreneurs-ivoiriens-mines-par-la-rupture-aes-cedeao\",\"name\":\"Les entrepreneurs ivoiriens min\u00e9s par la rupture AES-Cedeao - niger\",\"isPartOf\":{\"@id\":\"https:\/\/www.africa-press.net\/niger\/#website\"},\"primaryImageOfPage\":{\"@id\":\"https:\/\/www.africa-press.net\/niger\/dossiers\/les-entrepreneurs-ivoiriens-mines-par-la-rupture-aes-cedeao#primaryimage\"},\"image\":{\"@id\":\"https:\/\/www.africa-press.net\/niger\/dossiers\/les-entrepreneurs-ivoiriens-mines-par-la-rupture-aes-cedeao#primaryimage\"},\"thumbnailUrl\":\"https:\/\/static.africa-press.net\/niger\/sites\/40\/2024\/02\/sm_1708618576.456878.jpg\",\"datePublished\":\"2024-02-22T18:43:10+00:00\",\"dateModified\":\"2024-02-22T19:50:51+00:00\",\"author\":{\"@id\":\"https:\/\/www.africa-press.net\/niger\/#\/schema\/person\/2b1cf3cd81a31e3cd26889ca66d677f1\"},\"description\":\"Les entrepreneurs du Sahel comme ceux de la Co\u0302te d\u2019Ivoire s\u2019inquie\u0300tent du devenir de la libre circulation apre\u0300s l\u2019 ...\",\"breadcrumb\":{\"@id\":\"https:\/\/www.africa-press.net\/niger\/dossiers\/les-entrepreneurs-ivoiriens-mines-par-la-rupture-aes-cedeao#breadcrumb\"},\"inLanguage\":\"fr-FR\",\"potentialAction\":[{\"@type\":\"ReadAction\",\"target\":[\"https:\/\/www.africa-press.net\/niger\/dossiers\/les-entrepreneurs-ivoiriens-mines-par-la-rupture-aes-cedeao\"]}]},{\"@type\":\"ImageObject\",\"inLanguage\":\"fr-FR\",\"@id\":\"https:\/\/www.africa-press.net\/niger\/dossiers\/les-entrepreneurs-ivoiriens-mines-par-la-rupture-aes-cedeao#primaryimage\",\"url\":\"https:\/\/static.africa-press.net\/niger\/sites\/40\/2024\/02\/sm_1708618576.456878.jpg\",\"contentUrl\":\"https:\/\/static.africa-press.net\/niger\/sites\/40\/2024\/02\/sm_1708618576.456878.jpg\",\"width\":1280,\"height\":720,\"caption\":\"Les entrepreneurs ivoiriens min\u00e9s par la rupture AES-Cedeao\"},{\"@type\":\"BreadcrumbList\",\"@id\":\"https:\/\/www.africa-press.net\/niger\/dossiers\/les-entrepreneurs-ivoiriens-mines-par-la-rupture-aes-cedeao#breadcrumb\",\"itemListElement\":[{\"@type\":\"ListItem\",\"position\":1,\"name\":\"Accueil\",\"item\":\"https:\/\/www.africa-press.net\/niger\/\"},{\"@type\":\"ListItem\",\"position\":2,\"name\":\"Les entrepreneurs ivoiriens min\u00e9s par la rupture AES-Cedeao\"}]},{\"@type\":\"WebSite\",\"@id\":\"https:\/\/www.africa-press.net\/niger\/#website\",\"url\":\"https:\/\/www.africa-press.net\/niger\/\",\"name\":\"niger\",\"description\":\"Just another Africa News Agency Sites site\",\"potentialAction\":[{\"@type\":\"SearchAction\",\"target\":{\"@type\":\"EntryPoint\",\"urlTemplate\":\"https:\/\/www.africa-press.net\/niger\/?s={search_term_string}\"},\"query-input\":{\"@type\":\"PropertyValueSpecification\",\"valueRequired\":true,\"valueName\":\"search_term_string\"}}],\"inLanguage\":\"fr-FR\"},{\"@type\":\"Person\",\"@id\":\"https:\/\/www.africa-press.net\/niger\/#\/schema\/person\/2b1cf3cd81a31e3cd26889ca66d677f1\",\"name\":\"cfeditorfr\"}]}<\/script>\n<!-- \/ Yoast SEO Premium plugin. -->","yoast_head_json":{"title":"Les entrepreneurs ivoiriens min\u00e9s par la rupture AES-Cedeao - niger","description":"Les entrepreneurs du Sahel comme ceux de la Co\u0302te d\u2019Ivoire s\u2019inquie\u0300tent du devenir de la libre circulation apre\u0300s l\u2019 ...","robots":{"index":"index","follow":"follow","max-snippet":"max-snippet:-1","max-image-preview":"max-image-preview:large","max-video-preview":"max-video-preview:-1"},"canonical":"https:\/\/www.africa-press.net\/niger\/dossiers\/les-entrepreneurs-ivoiriens-mines-par-la-rupture-aes-cedeao","og_locale":"fr_FR","og_type":"article","og_title":"Les entrepreneurs ivoiriens min\u00e9s par la rupture AES-Cedeao","og_description":"Les entrepreneurs du Sahel comme ceux de la Co\u0302te d\u2019Ivoire s\u2019inquie\u0300tent du devenir de la libre circulation apre\u0300s l\u2019 ...","og_url":"https:\/\/www.africa-press.net\/niger\/dossiers\/les-entrepreneurs-ivoiriens-mines-par-la-rupture-aes-cedeao","og_site_name":"niger","article_published_time":"2024-02-22T18:43:10+00:00","article_modified_time":"2024-02-22T19:50:51+00:00","og_image":[{"width":1280,"height":720,"url":"https:\/\/static.africa-press.net\/niger\/sites\/40\/2024\/02\/sm_1708618576.456878.jpg","type":"image\/jpeg"}],"author":"cfeditorfr","twitter_card":"summary_large_image","twitter_misc":{"\u00c9crit par":"cfeditorfr","Dur\u00e9e de lecture estim\u00e9e":"5 minutes"},"schema":{"@context":"https:\/\/schema.org","@graph":[{"@type":"Article","@id":"https:\/\/www.africa-press.net\/niger\/dossiers\/les-entrepreneurs-ivoiriens-mines-par-la-rupture-aes-cedeao#article","isPartOf":{"@id":"https:\/\/www.africa-press.net\/niger\/dossiers\/les-entrepreneurs-ivoiriens-mines-par-la-rupture-aes-cedeao"},"author":{"name":"cfeditorfr","@id":"https:\/\/www.africa-press.net\/niger\/#\/schema\/person\/2b1cf3cd81a31e3cd26889ca66d677f1"},"headline":"Les entrepreneurs ivoiriens min\u00e9s par la rupture AES-Cedeao","datePublished":"2024-02-22T18:43:10+00:00","dateModified":"2024-02-22T19:50:51+00:00","mainEntityOfPage":{"@id":"https:\/\/www.africa-press.net\/niger\/dossiers\/les-entrepreneurs-ivoiriens-mines-par-la-rupture-aes-cedeao"},"wordCount":922,"commentCount":0,"image":{"@id":"https:\/\/www.africa-press.net\/niger\/dossiers\/les-entrepreneurs-ivoiriens-mines-par-la-rupture-aes-cedeao#primaryimage"},"thumbnailUrl":"https:\/\/static.africa-press.net\/niger\/sites\/40\/2024\/02\/sm_1708618576.456878.jpg","keywords":["Africa Press","Africa Press-Niger","Niger"],"articleSection":["Dossiers","Toutes les actualit\u00e9s"],"inLanguage":"fr-FR","potentialAction":[{"@type":"CommentAction","name":"Comment","target":["https:\/\/www.africa-press.net\/niger\/dossiers\/les-entrepreneurs-ivoiriens-mines-par-la-rupture-aes-cedeao#respond"]}]},{"@type":"WebPage","@id":"https:\/\/www.africa-press.net\/niger\/dossiers\/les-entrepreneurs-ivoiriens-mines-par-la-rupture-aes-cedeao","url":"https:\/\/www.africa-press.net\/niger\/dossiers\/les-entrepreneurs-ivoiriens-mines-par-la-rupture-aes-cedeao","name":"Les entrepreneurs ivoiriens min\u00e9s par la rupture AES-Cedeao - niger","isPartOf":{"@id":"https:\/\/www.africa-press.net\/niger\/#website"},"primaryImageOfPage":{"@id":"https:\/\/www.africa-press.net\/niger\/dossiers\/les-entrepreneurs-ivoiriens-mines-par-la-rupture-aes-cedeao#primaryimage"},"image":{"@id":"https:\/\/www.africa-press.net\/niger\/dossiers\/les-entrepreneurs-ivoiriens-mines-par-la-rupture-aes-cedeao#primaryimage"},"thumbnailUrl":"https:\/\/static.africa-press.net\/niger\/sites\/40\/2024\/02\/sm_1708618576.456878.jpg","datePublished":"2024-02-22T18:43:10+00:00","dateModified":"2024-02-22T19:50:51+00:00","author":{"@id":"https:\/\/www.africa-press.net\/niger\/#\/schema\/person\/2b1cf3cd81a31e3cd26889ca66d677f1"},"description":"Les entrepreneurs du Sahel comme ceux de la Co\u0302te d\u2019Ivoire s\u2019inquie\u0300tent du devenir de la libre circulation apre\u0300s l\u2019 ...","breadcrumb":{"@id":"https:\/\/www.africa-press.net\/niger\/dossiers\/les-entrepreneurs-ivoiriens-mines-par-la-rupture-aes-cedeao#breadcrumb"},"inLanguage":"fr-FR","potentialAction":[{"@type":"ReadAction","target":["https:\/\/www.africa-press.net\/niger\/dossiers\/les-entrepreneurs-ivoiriens-mines-par-la-rupture-aes-cedeao"]}]},{"@type":"ImageObject","inLanguage":"fr-FR","@id":"https:\/\/www.africa-press.net\/niger\/dossiers\/les-entrepreneurs-ivoiriens-mines-par-la-rupture-aes-cedeao#primaryimage","url":"https:\/\/static.africa-press.net\/niger\/sites\/40\/2024\/02\/sm_1708618576.456878.jpg","contentUrl":"https:\/\/static.africa-press.net\/niger\/sites\/40\/2024\/02\/sm_1708618576.456878.jpg","width":1280,"height":720,"caption":"Les entrepreneurs ivoiriens min\u00e9s par la rupture AES-Cedeao"},{"@type":"BreadcrumbList","@id":"https:\/\/www.africa-press.net\/niger\/dossiers\/les-entrepreneurs-ivoiriens-mines-par-la-rupture-aes-cedeao#breadcrumb","itemListElement":[{"@type":"ListItem","position":1,"name":"Accueil","item":"https:\/\/www.africa-press.net\/niger\/"},{"@type":"ListItem","position":2,"name":"Les entrepreneurs ivoiriens min\u00e9s par la rupture AES-Cedeao"}]},{"@type":"WebSite","@id":"https:\/\/www.africa-press.net\/niger\/#website","url":"https:\/\/www.africa-press.net\/niger\/","name":"niger","description":"Just another Africa News Agency Sites site","potentialAction":[{"@type":"SearchAction","target":{"@type":"EntryPoint","urlTemplate":"https:\/\/www.africa-press.net\/niger\/?s={search_term_string}"},"query-input":{"@type":"PropertyValueSpecification","valueRequired":true,"valueName":"search_term_string"}}],"inLanguage":"fr-FR"},{"@type":"Person","@id":"https:\/\/www.africa-press.net\/niger\/#\/schema\/person\/2b1cf3cd81a31e3cd26889ca66d677f1","name":"cfeditorfr"}]}},"_links":{"self":[{"href":"https:\/\/www.africa-press.net\/niger\/wp-json\/wp\/v2\/posts\/59000","targetHints":{"allow":["GET"]}}],"collection":[{"href":"https:\/\/www.africa-press.net\/niger\/wp-json\/wp\/v2\/posts"}],"about":[{"href":"https:\/\/www.africa-press.net\/niger\/wp-json\/wp\/v2\/types\/post"}],"author":[{"embeddable":true,"href":"https:\/\/www.africa-press.net\/niger\/wp-json\/wp\/v2\/users\/82"}],"replies":[{"embeddable":true,"href":"https:\/\/www.africa-press.net\/niger\/wp-json\/wp\/v2\/comments?post=59000"}],"version-history":[{"count":0,"href":"https:\/\/www.africa-press.net\/niger\/wp-json\/wp\/v2\/posts\/59000\/revisions"}],"wp:featuredmedia":[{"embeddable":true,"href":"https:\/\/www.africa-press.net\/niger\/wp-json\/wp\/v2\/media\/58999"}],"wp:attachment":[{"href":"https:\/\/www.africa-press.net\/niger\/wp-json\/wp\/v2\/media?parent=59000"}],"wp:term":[{"taxonomy":"category","embeddable":true,"href":"https:\/\/www.africa-press.net\/niger\/wp-json\/wp\/v2\/categories?post=59000"},{"taxonomy":"post_tag","embeddable":true,"href":"https:\/\/www.africa-press.net\/niger\/wp-json\/wp\/v2\/tags?post=59000"}],"curies":[{"name":"wp","href":"https:\/\/api.w.org\/{rel}","templated":true}]}}