{"id":59003,"date":"2024-02-23T11:27:25","date_gmt":"2024-02-23T11:27:25","guid":{"rendered":"https:\/\/www.africa-press.net\/niger\/politique\/les-autorites-annoncent-la-decouverte-dune-cache-darmes-francaise-a-niamey"},"modified":"2024-02-23T11:33:09","modified_gmt":"2024-02-23T11:33:09","slug":"les-autorites-annoncent-la-decouverte-dune-cache-darmes-francaise-a-niamey","status":"publish","type":"post","link":"https:\/\/www.africa-press.net\/niger\/politique\/les-autorites-annoncent-la-decouverte-dune-cache-darmes-francaise-a-niamey","title":{"rendered":"les autorit\u00e9s annoncent la d\u00e9couverte d&rsquo;une \u00ab\u00a0cache d&rsquo;armes\u00a0\u00bb fran\u00e7aise \u00e0 Niamey"},"content":{"rendered":"<p><span style=\"color: #ff6600\"><strong>Africa-Press &#8211; Niger. <\/strong><\/span>Les autorite\u0301s nige\u0301riennes ont annonce\u0301 la de\u0301couverte d&rsquo;une \u00ab\u00a0cache d&rsquo;armes\u00a0\u00bb attribue\u0301e a\u0300 la France, a\u0300 l&rsquo;issue d&rsquo;une perquisition mene\u0301e par la gendarmerie et la police nige\u0301riennes dans deux maisons qui e\u0301taient occupe\u0301es par des soldats franc\u0327ais.<\/p>\n<p>\u00ab\u00a0Des perquisitions ope\u0301re\u0301es les 19 et 20 fe\u0301vrier 2024 par une e\u0301quipe mixte de la gendarmerie, de la police scientifique et de la police judiciaire ont permis de faire une de\u0301couverte qui donne froid au dos\u00a0\u00bb, a rapporte\u0301, jeudi soir, la te\u0301le\u0301vision publique nige\u0301rienne, pre\u0301cisant que les perquisitions ont eu lieu dans les locaux de l&rsquo;ancienne ope\u0301ration civilo-miliraire europe\u0301enne \u00ab\u00a0Eucap Sahel\u00a0\u00bb et une maison occupe\u0301e par des instructeurs franc\u0327ais avant leur de\u0301part du Niger.<\/p>\n<p>\u00ab\u00a0Il s&rsquo;agit d&rsquo;un vrai centre d&rsquo;ope\u0301ration militaire, en me\u0302me temps une cache d&rsquo;armes et de munitions\u00a0\u00bb, a insiste\u0301 la me\u0302me source, expliquant que des lance-roquettes antichar, des fusils d&rsquo;assaut, des drones, des grenades et des ve\u0301hicules ont e\u0301te\u0301 de\u0301couverts lors des perquisitions.<\/p>\n<p>Toujours selon la te\u0301le\u0301vision publique nige\u0301rienne, des cartes ge\u0301ographiques ont aussi e\u0301te\u0301 de\u0301couvertes, dont une de la ville de Niamey \u00ab\u00a0sur laquelle toutes les places strate\u0301giques de la capitale ont e\u0301te\u0301 identifie\u0301es et marque\u0301es\u00a0\u00bb.<\/p>\n<p>Dans le me\u0302me endroit, la came\u0301ra de la te\u0301le\u0301vision publique a montre\u0301 un tableau sur lequel e\u0301tait inscrit en rouge: \u00ab\u00a0La paix, on peut l&rsquo;e\u0301viter\u00a0\u00bb.<\/p>\n<p>Pour la te\u0301le\u0301vision publique nige\u0301rienne, \u00ab\u00a0au stade actuel de nos rapports avec la France, il s&rsquo;agit d&rsquo;actions soigneusement planifie\u0301es pour semer le chaos a\u0300 Niamey \u00ab\u00a0.<\/p>\n<p>Depuis le coup d&rsquo;E\u0301tat du 26 juillet dernier contre le pre\u0301sident Mohamed Bazoum, les rapports entre le Niger et la France se sont progressivement de\u0301grade\u0301es.<\/p>\n<p>Suite au refus de Paris de leur reconnai\u0302tre toute le\u0301gitimite\u0301 et son engagement a\u0300 appuyer une intervention militaire de la Communaute\u0301 e\u0301conomique des E\u0301tats de l&rsquo;Afrique de l&rsquo;ouest (CEDEAO) pour re\u0301tablir le pre\u0301sident renverse\u0301, les nouvelles autorite\u0301s militaires nige\u0301riennes ont de\u0301nonce\u0301 tous les accords de de\u0301fense entre le Niger et la France.<\/p>\n<p>Dans la foule\u0301e, Niamey a exige\u0301 et obtenu le de\u0301part de tous les soldats franc\u0327ais pre\u0301sents au Niger.<\/p>\n<p><strong>Pour plus d&rsquo;informations et d&rsquo;analyses sur la <a href=\"https:\/\/www.africa-press.net\/niger\">Niger<\/a>, suivez <a href=\"https:\/\/www.africa-press.net\/\">Africa-Press<\/a><\/strong><\/p>\n","protected":false},"excerpt":{"rendered":"<p>Africa-Press &#8211; Niger. Les autorite\u0301s nige\u0301riennes ont annonce\u0301 la de\u0301couverte d&rsquo;une \u00ab\u00a0cache d&rsquo;armes\u00a0\u00bb attribue\u0301e a\u0300 la France, a\u0300 l&rsquo;issue d&rsquo;une perquisition mene\u0301e par la gendarmerie et la police nige\u0301riennes dans deux maisons qui e\u0301taient occupe\u0301es par des soldats franc\u0327ais. \u00ab\u00a0Des perquisitions ope\u0301re\u0301es les 19 et 20 fe\u0301vrier 2024 par une e\u0301quipe mixte de la gendarmerie, [&hellip;]<\/p>\n","protected":false},"author":82,"featured_media":59002,"comment_status":"open","ping_status":"closed","sticky":false,"template":"","format":"standard","meta":{"footnotes":""},"categories":[2,73,20,10],"tags":[55,60,2155,100,29],"class_list":["post-59003","post","type-post","status-publish","format-standard","has-post-thumbnail","hentry","category-politique","category-to-homepage","category-top-nouvelles","category-toutes-les-actualites","tag-africa-press","tag-africa-press-niger","tag-cache-darmes","tag-france","tag-niger"],"yoast_head":"<!-- This site is optimized with the Yoast SEO Premium plugin v26.1 (Yoast SEO v27.0) - https:\/\/yoast.com\/product\/yoast-seo-premium-wordpress\/ -->\n<title>les autorit\u00e9s annoncent la d\u00e9couverte d&#039;une &quot;cache d&#039;armes&quot; fran\u00e7aise \u00e0 Niamey - niger<\/title>\n<meta name=\"description\" content=\"Les autorite\u0301s nige\u0301riennes ont annonce\u0301 la de\u0301couverte d&#039;une &quot;cache d&#039;armes&quot; attribue\u0301e a\u0300 la France, a\u0300 l&#039;issue d&#039;une ...\" \/>\n<meta name=\"robots\" content=\"index, follow, max-snippet:-1, max-image-preview:large, max-video-preview:-1\" \/>\n<link rel=\"canonical\" href=\"https:\/\/www.africa-press.net\/niger\/politique\/les-autorites-annoncent-la-decouverte-dune-cache-darmes-francaise-a-niamey\" \/>\n<meta property=\"og:locale\" content=\"fr_FR\" \/>\n<meta property=\"og:type\" content=\"article\" \/>\n<meta property=\"og:title\" content=\"les autorit\u00e9s annoncent la d\u00e9couverte d&#039;une &quot;cache d&#039;armes&quot; fran\u00e7aise \u00e0 Niamey\" \/>\n<meta property=\"og:description\" content=\"Les autorite\u0301s nige\u0301riennes ont annonce\u0301 la de\u0301couverte d&#039;une &quot;cache d&#039;armes&quot; attribue\u0301e a\u0300 la France, a\u0300 l&#039;issue d&#039;une ...\" \/>\n<meta property=\"og:url\" content=\"https:\/\/www.africa-press.net\/niger\/politique\/les-autorites-annoncent-la-decouverte-dune-cache-darmes-francaise-a-niamey\" \/>\n<meta property=\"og:site_name\" content=\"niger\" \/>\n<meta property=\"article:published_time\" content=\"2024-02-23T11:27:25+00:00\" \/>\n<meta property=\"article:modified_time\" content=\"2024-02-23T11:33:09+00:00\" \/>\n<meta property=\"og:image\" content=\"https:\/\/static.africa-press.net\/niger\/sites\/40\/2024\/02\/sm_1708675164.053676.jpg\" \/>\n\t<meta property=\"og:image:width\" content=\"852\" \/>\n\t<meta property=\"og:image:height\" content=\"479\" \/>\n\t<meta property=\"og:image:type\" content=\"image\/jpeg\" \/>\n<meta name=\"author\" content=\"cfeditorfr\" \/>\n<meta name=\"twitter:card\" content=\"summary_large_image\" \/>\n<meta name=\"twitter:label1\" content=\"\u00c9crit par\" \/>\n\t<meta name=\"twitter:data1\" content=\"cfeditorfr\" \/>\n\t<meta name=\"twitter:label2\" content=\"Dur\u00e9e de lecture estim\u00e9e\" \/>\n\t<meta name=\"twitter:data2\" content=\"2 minutes\" \/>\n<script type=\"application\/ld+json\" class=\"yoast-schema-graph\">{\"@context\":\"https:\/\/schema.org\",\"@graph\":[{\"@type\":\"Article\",\"@id\":\"https:\/\/www.africa-press.net\/niger\/politique\/les-autorites-annoncent-la-decouverte-dune-cache-darmes-francaise-a-niamey#article\",\"isPartOf\":{\"@id\":\"https:\/\/www.africa-press.net\/niger\/politique\/les-autorites-annoncent-la-decouverte-dune-cache-darmes-francaise-a-niamey\"},\"author\":{\"name\":\"cfeditorfr\",\"@id\":\"https:\/\/www.africa-press.net\/niger\/#\/schema\/person\/2b1cf3cd81a31e3cd26889ca66d677f1\"},\"headline\":\"les autorit\u00e9s annoncent la d\u00e9couverte d&rsquo;une \u00ab\u00a0cache d&rsquo;armes\u00a0\u00bb fran\u00e7aise \u00e0 Niamey\",\"datePublished\":\"2024-02-23T11:27:25+00:00\",\"dateModified\":\"2024-02-23T11:33:09+00:00\",\"mainEntityOfPage\":{\"@id\":\"https:\/\/www.africa-press.net\/niger\/politique\/les-autorites-annoncent-la-decouverte-dune-cache-darmes-francaise-a-niamey\"},\"wordCount\":440,\"commentCount\":0,\"image\":{\"@id\":\"https:\/\/www.africa-press.net\/niger\/politique\/les-autorites-annoncent-la-decouverte-dune-cache-darmes-francaise-a-niamey#primaryimage\"},\"thumbnailUrl\":\"https:\/\/static.africa-press.net\/niger\/sites\/40\/2024\/02\/sm_1708675164.053676.jpg\",\"keywords\":[\"Africa Press\",\"Africa Press-Niger\",\"cache d'armes\",\"France\",\"Niger\"],\"articleSection\":[\"Politique\",\"to-homepage\",\"Top Nouvelles\",\"Toutes les actualit\u00e9s\"],\"inLanguage\":\"fr-FR\",\"potentialAction\":[{\"@type\":\"CommentAction\",\"name\":\"Comment\",\"target\":[\"https:\/\/www.africa-press.net\/niger\/politique\/les-autorites-annoncent-la-decouverte-dune-cache-darmes-francaise-a-niamey#respond\"]}]},{\"@type\":\"WebPage\",\"@id\":\"https:\/\/www.africa-press.net\/niger\/politique\/les-autorites-annoncent-la-decouverte-dune-cache-darmes-francaise-a-niamey\",\"url\":\"https:\/\/www.africa-press.net\/niger\/politique\/les-autorites-annoncent-la-decouverte-dune-cache-darmes-francaise-a-niamey\",\"name\":\"les autorit\u00e9s annoncent la d\u00e9couverte d'une \\\"cache d'armes\\\" fran\u00e7aise \u00e0 Niamey - niger\",\"isPartOf\":{\"@id\":\"https:\/\/www.africa-press.net\/niger\/#website\"},\"primaryImageOfPage\":{\"@id\":\"https:\/\/www.africa-press.net\/niger\/politique\/les-autorites-annoncent-la-decouverte-dune-cache-darmes-francaise-a-niamey#primaryimage\"},\"image\":{\"@id\":\"https:\/\/www.africa-press.net\/niger\/politique\/les-autorites-annoncent-la-decouverte-dune-cache-darmes-francaise-a-niamey#primaryimage\"},\"thumbnailUrl\":\"https:\/\/static.africa-press.net\/niger\/sites\/40\/2024\/02\/sm_1708675164.053676.jpg\",\"datePublished\":\"2024-02-23T11:27:25+00:00\",\"dateModified\":\"2024-02-23T11:33:09+00:00\",\"author\":{\"@id\":\"https:\/\/www.africa-press.net\/niger\/#\/schema\/person\/2b1cf3cd81a31e3cd26889ca66d677f1\"},\"description\":\"Les autorite\u0301s nige\u0301riennes ont annonce\u0301 la de\u0301couverte d'une \\\"cache d'armes\\\" attribue\u0301e a\u0300 la France, a\u0300 l'issue d'une ...\",\"breadcrumb\":{\"@id\":\"https:\/\/www.africa-press.net\/niger\/politique\/les-autorites-annoncent-la-decouverte-dune-cache-darmes-francaise-a-niamey#breadcrumb\"},\"inLanguage\":\"fr-FR\",\"potentialAction\":[{\"@type\":\"ReadAction\",\"target\":[\"https:\/\/www.africa-press.net\/niger\/politique\/les-autorites-annoncent-la-decouverte-dune-cache-darmes-francaise-a-niamey\"]}]},{\"@type\":\"ImageObject\",\"inLanguage\":\"fr-FR\",\"@id\":\"https:\/\/www.africa-press.net\/niger\/politique\/les-autorites-annoncent-la-decouverte-dune-cache-darmes-francaise-a-niamey#primaryimage\",\"url\":\"https:\/\/static.africa-press.net\/niger\/sites\/40\/2024\/02\/sm_1708675164.053676.jpg\",\"contentUrl\":\"https:\/\/static.africa-press.net\/niger\/sites\/40\/2024\/02\/sm_1708675164.053676.jpg\",\"width\":852,\"height\":479,\"caption\":\"les autorit\u00e9s annoncent la d\u00e9couverte d'une \\\"cache d'armes\\\" fran\u00e7aise \u00e0 Niamey\"},{\"@type\":\"BreadcrumbList\",\"@id\":\"https:\/\/www.africa-press.net\/niger\/politique\/les-autorites-annoncent-la-decouverte-dune-cache-darmes-francaise-a-niamey#breadcrumb\",\"itemListElement\":[{\"@type\":\"ListItem\",\"position\":1,\"name\":\"Accueil\",\"item\":\"https:\/\/www.africa-press.net\/niger\/\"},{\"@type\":\"ListItem\",\"position\":2,\"name\":\"les autorit\u00e9s annoncent la d\u00e9couverte d&#8217;une &#8220;cache d&#8217;armes&#8221; fran\u00e7aise \u00e0 Niamey\"}]},{\"@type\":\"WebSite\",\"@id\":\"https:\/\/www.africa-press.net\/niger\/#website\",\"url\":\"https:\/\/www.africa-press.net\/niger\/\",\"name\":\"niger\",\"description\":\"Just another Africa News Agency Sites site\",\"potentialAction\":[{\"@type\":\"SearchAction\",\"target\":{\"@type\":\"EntryPoint\",\"urlTemplate\":\"https:\/\/www.africa-press.net\/niger\/?s={search_term_string}\"},\"query-input\":{\"@type\":\"PropertyValueSpecification\",\"valueRequired\":true,\"valueName\":\"search_term_string\"}}],\"inLanguage\":\"fr-FR\"},{\"@type\":\"Person\",\"@id\":\"https:\/\/www.africa-press.net\/niger\/#\/schema\/person\/2b1cf3cd81a31e3cd26889ca66d677f1\",\"name\":\"cfeditorfr\"}]}<\/script>\n<!-- \/ Yoast SEO Premium plugin. -->","yoast_head_json":{"title":"les autorit\u00e9s annoncent la d\u00e9couverte d'une \"cache d'armes\" fran\u00e7aise \u00e0 Niamey - niger","description":"Les autorite\u0301s nige\u0301riennes ont annonce\u0301 la de\u0301couverte d'une \"cache d'armes\" attribue\u0301e a\u0300 la France, a\u0300 l'issue d'une ...","robots":{"index":"index","follow":"follow","max-snippet":"max-snippet:-1","max-image-preview":"max-image-preview:large","max-video-preview":"max-video-preview:-1"},"canonical":"https:\/\/www.africa-press.net\/niger\/politique\/les-autorites-annoncent-la-decouverte-dune-cache-darmes-francaise-a-niamey","og_locale":"fr_FR","og_type":"article","og_title":"les autorit\u00e9s annoncent la d\u00e9couverte d'une \"cache d'armes\" fran\u00e7aise \u00e0 Niamey","og_description":"Les autorite\u0301s nige\u0301riennes ont annonce\u0301 la de\u0301couverte d'une \"cache d'armes\" attribue\u0301e a\u0300 la France, a\u0300 l'issue d'une ...","og_url":"https:\/\/www.africa-press.net\/niger\/politique\/les-autorites-annoncent-la-decouverte-dune-cache-darmes-francaise-a-niamey","og_site_name":"niger","article_published_time":"2024-02-23T11:27:25+00:00","article_modified_time":"2024-02-23T11:33:09+00:00","og_image":[{"width":852,"height":479,"url":"https:\/\/static.africa-press.net\/niger\/sites\/40\/2024\/02\/sm_1708675164.053676.jpg","type":"image\/jpeg"}],"author":"cfeditorfr","twitter_card":"summary_large_image","twitter_misc":{"\u00c9crit par":"cfeditorfr","Dur\u00e9e de lecture estim\u00e9e":"2 minutes"},"schema":{"@context":"https:\/\/schema.org","@graph":[{"@type":"Article","@id":"https:\/\/www.africa-press.net\/niger\/politique\/les-autorites-annoncent-la-decouverte-dune-cache-darmes-francaise-a-niamey#article","isPartOf":{"@id":"https:\/\/www.africa-press.net\/niger\/politique\/les-autorites-annoncent-la-decouverte-dune-cache-darmes-francaise-a-niamey"},"author":{"name":"cfeditorfr","@id":"https:\/\/www.africa-press.net\/niger\/#\/schema\/person\/2b1cf3cd81a31e3cd26889ca66d677f1"},"headline":"les autorit\u00e9s annoncent la d\u00e9couverte d&rsquo;une \u00ab\u00a0cache d&rsquo;armes\u00a0\u00bb fran\u00e7aise \u00e0 Niamey","datePublished":"2024-02-23T11:27:25+00:00","dateModified":"2024-02-23T11:33:09+00:00","mainEntityOfPage":{"@id":"https:\/\/www.africa-press.net\/niger\/politique\/les-autorites-annoncent-la-decouverte-dune-cache-darmes-francaise-a-niamey"},"wordCount":440,"commentCount":0,"image":{"@id":"https:\/\/www.africa-press.net\/niger\/politique\/les-autorites-annoncent-la-decouverte-dune-cache-darmes-francaise-a-niamey#primaryimage"},"thumbnailUrl":"https:\/\/static.africa-press.net\/niger\/sites\/40\/2024\/02\/sm_1708675164.053676.jpg","keywords":["Africa Press","Africa Press-Niger","cache d'armes","France","Niger"],"articleSection":["Politique","to-homepage","Top Nouvelles","Toutes les actualit\u00e9s"],"inLanguage":"fr-FR","potentialAction":[{"@type":"CommentAction","name":"Comment","target":["https:\/\/www.africa-press.net\/niger\/politique\/les-autorites-annoncent-la-decouverte-dune-cache-darmes-francaise-a-niamey#respond"]}]},{"@type":"WebPage","@id":"https:\/\/www.africa-press.net\/niger\/politique\/les-autorites-annoncent-la-decouverte-dune-cache-darmes-francaise-a-niamey","url":"https:\/\/www.africa-press.net\/niger\/politique\/les-autorites-annoncent-la-decouverte-dune-cache-darmes-francaise-a-niamey","name":"les autorit\u00e9s annoncent la d\u00e9couverte d'une \"cache d'armes\" fran\u00e7aise \u00e0 Niamey - niger","isPartOf":{"@id":"https:\/\/www.africa-press.net\/niger\/#website"},"primaryImageOfPage":{"@id":"https:\/\/www.africa-press.net\/niger\/politique\/les-autorites-annoncent-la-decouverte-dune-cache-darmes-francaise-a-niamey#primaryimage"},"image":{"@id":"https:\/\/www.africa-press.net\/niger\/politique\/les-autorites-annoncent-la-decouverte-dune-cache-darmes-francaise-a-niamey#primaryimage"},"thumbnailUrl":"https:\/\/static.africa-press.net\/niger\/sites\/40\/2024\/02\/sm_1708675164.053676.jpg","datePublished":"2024-02-23T11:27:25+00:00","dateModified":"2024-02-23T11:33:09+00:00","author":{"@id":"https:\/\/www.africa-press.net\/niger\/#\/schema\/person\/2b1cf3cd81a31e3cd26889ca66d677f1"},"description":"Les autorite\u0301s nige\u0301riennes ont annonce\u0301 la de\u0301couverte d'une \"cache d'armes\" attribue\u0301e a\u0300 la France, a\u0300 l'issue d'une ...","breadcrumb":{"@id":"https:\/\/www.africa-press.net\/niger\/politique\/les-autorites-annoncent-la-decouverte-dune-cache-darmes-francaise-a-niamey#breadcrumb"},"inLanguage":"fr-FR","potentialAction":[{"@type":"ReadAction","target":["https:\/\/www.africa-press.net\/niger\/politique\/les-autorites-annoncent-la-decouverte-dune-cache-darmes-francaise-a-niamey"]}]},{"@type":"ImageObject","inLanguage":"fr-FR","@id":"https:\/\/www.africa-press.net\/niger\/politique\/les-autorites-annoncent-la-decouverte-dune-cache-darmes-francaise-a-niamey#primaryimage","url":"https:\/\/static.africa-press.net\/niger\/sites\/40\/2024\/02\/sm_1708675164.053676.jpg","contentUrl":"https:\/\/static.africa-press.net\/niger\/sites\/40\/2024\/02\/sm_1708675164.053676.jpg","width":852,"height":479,"caption":"les autorit\u00e9s annoncent la d\u00e9couverte d'une \"cache d'armes\" fran\u00e7aise \u00e0 Niamey"},{"@type":"BreadcrumbList","@id":"https:\/\/www.africa-press.net\/niger\/politique\/les-autorites-annoncent-la-decouverte-dune-cache-darmes-francaise-a-niamey#breadcrumb","itemListElement":[{"@type":"ListItem","position":1,"name":"Accueil","item":"https:\/\/www.africa-press.net\/niger\/"},{"@type":"ListItem","position":2,"name":"les autorit\u00e9s annoncent la d\u00e9couverte d&#8217;une &#8220;cache d&#8217;armes&#8221; fran\u00e7aise \u00e0 Niamey"}]},{"@type":"WebSite","@id":"https:\/\/www.africa-press.net\/niger\/#website","url":"https:\/\/www.africa-press.net\/niger\/","name":"niger","description":"Just another Africa News Agency Sites site","potentialAction":[{"@type":"SearchAction","target":{"@type":"EntryPoint","urlTemplate":"https:\/\/www.africa-press.net\/niger\/?s={search_term_string}"},"query-input":{"@type":"PropertyValueSpecification","valueRequired":true,"valueName":"search_term_string"}}],"inLanguage":"fr-FR"},{"@type":"Person","@id":"https:\/\/www.africa-press.net\/niger\/#\/schema\/person\/2b1cf3cd81a31e3cd26889ca66d677f1","name":"cfeditorfr"}]}},"_links":{"self":[{"href":"https:\/\/www.africa-press.net\/niger\/wp-json\/wp\/v2\/posts\/59003","targetHints":{"allow":["GET"]}}],"collection":[{"href":"https:\/\/www.africa-press.net\/niger\/wp-json\/wp\/v2\/posts"}],"about":[{"href":"https:\/\/www.africa-press.net\/niger\/wp-json\/wp\/v2\/types\/post"}],"author":[{"embeddable":true,"href":"https:\/\/www.africa-press.net\/niger\/wp-json\/wp\/v2\/users\/82"}],"replies":[{"embeddable":true,"href":"https:\/\/www.africa-press.net\/niger\/wp-json\/wp\/v2\/comments?post=59003"}],"version-history":[{"count":0,"href":"https:\/\/www.africa-press.net\/niger\/wp-json\/wp\/v2\/posts\/59003\/revisions"}],"wp:featuredmedia":[{"embeddable":true,"href":"https:\/\/www.africa-press.net\/niger\/wp-json\/wp\/v2\/media\/59002"}],"wp:attachment":[{"href":"https:\/\/www.africa-press.net\/niger\/wp-json\/wp\/v2\/media?parent=59003"}],"wp:term":[{"taxonomy":"category","embeddable":true,"href":"https:\/\/www.africa-press.net\/niger\/wp-json\/wp\/v2\/categories?post=59003"},{"taxonomy":"post_tag","embeddable":true,"href":"https:\/\/www.africa-press.net\/niger\/wp-json\/wp\/v2\/tags?post=59003"}],"curies":[{"name":"wp","href":"https:\/\/api.w.org\/{rel}","templated":true}]}}