{"id":59010,"date":"2024-02-23T13:44:56","date_gmt":"2024-02-23T13:44:56","guid":{"rendered":"https:\/\/www.africa-press.net\/niger\/politique\/les-avocats-de-mohamed-bazoum-demandent-a-la-cedeao-dexiger-sa-liberation"},"modified":"2024-02-23T14:09:05","modified_gmt":"2024-02-23T14:09:05","slug":"les-avocats-de-mohamed-bazoum-demandent-a-la-cedeao-dexiger-sa-liberation","status":"publish","type":"post","link":"https:\/\/www.africa-press.net\/niger\/politique\/les-avocats-de-mohamed-bazoum-demandent-a-la-cedeao-dexiger-sa-liberation","title":{"rendered":"Les avocats de Mohamed Bazoum demandent \u00e0 la Cedeao d\u2019exiger sa lib\u00e9ration"},"content":{"rendered":"<p><span style=\"color: #ff6600\"><strong>Africa-Press &#8211; Niger. <\/strong><\/span><b>Le 15 de\u0301cembre, la Cour de justice de la Cedeao avait ordonne\u0301 la remise en liberte\u0301 du pre\u0301sident nige\u0301rien renverse\u0301, ainsi que son retour au pouvoir.<\/b><\/p>\n<p>A\u0300 la veille d\u2019un sommet de la Cedeao, les avocats du pre\u0301sident nige\u0301rien renverse\u0301 par un putsch le 26 juillet, et retenu prisonnier depuis, ont demande\u0301 vendredi a\u0300 la Cedeao d\u2019exiger sa libe\u0301ration, en application d\u2019une de\u0301cision de justice. Le 15 de\u0301cembre, la Cour de justice de l\u2019organisation ouest-africaine avait en effet ordonne\u0301 la remise en liberte\u0301 du pre\u0301sident Bazoum ainsi que son retour au pouvoir.<\/p>\n<p>\u00ab C\u2019est la responsabilite\u0301 de la Cedeao et de ses E\u0301tats membres de s\u2019assurer que les de\u0301cisions de justice soient effectivement applique\u0301es et que le pre\u0301sident Bazoum et son e\u0301pouse soient libe\u0301re\u0301s \u00bb, a de\u0301clare\u0301 dans un communique\u0301 Mohamed Seydou Diagne, coordinateur du collectif d\u2019avocats. La Cour a ordonne\u0301 aux autorite\u0301s militaires de les libe\u0301rer imme\u0301diatement et de restituer le pouvoir du pre\u0301sident Bazoum, dont le mandat lui avait e\u0301te\u0301 confie\u0301 de\u0301mocratiquement. \u00bb<\/p>\n<p>Selon eux, Mohamed Bazoum n\u2019a jamais e\u0301te\u0301 pre\u0301sente\u0301 a\u0300 un magistrat et ne rec\u0327oit aucune visite \u2013 outre celle de son me\u0301decin \u2013 depuis le 19 octobre 2023. De\u0301but janvier, son fils, Salem Mohamed Bazoum, avait e\u0301te\u0301 libe\u0301re\u0301 et imme\u0301diatement transfe\u0301re\u0301 vers le Togo ou\u0300 il se trouve actuellement. Il est toujours accuse\u0301 de \u00ab complot ayant pour but de porter atteinte a\u0300 l\u2019autorite\u0301 ou la su\u0302rete\u0301 de l\u2019E\u0301tat \u00bb.<\/p>\n<p><b>Sa libe\u0301ration n\u2019est \u00ab pas a\u0300 l\u2019ordre du jour \u00bb<\/b><\/p>\n<p>Le 13 fe\u0301vrier, le chef du re\u0301gime militaire nige\u0301rien, Abdourahamane Tiani, avait affirme\u0301 dans une interview a\u0300 la te\u0301le\u0301vision nationale que la libe\u0301ration de Niger Bazoum n\u2019e\u0301tait \u00ab pas a\u0300 l\u2019ordre du jour \u00bb.<\/p>\n<p>Un sommet extraordinaire de la Cedeao est pre\u0301vu samedi a\u0300 Abuja, au Nigeria, pour examiner la situation politique et se\u0301curitaire dans la re\u0301gion. Le Niger, lourdement sanctionne\u0301 par la Cedeao depuis, a annonce\u0301 le mois dernier son retrait de l\u2019organisation ouest-africaine, tout comme ses deux voisins et allie\u0301s, le Burkina Faso et le Mali.<\/p>\n<p>\u00ab En vertu de l\u2019article 91 du traite\u0301 re\u0301vise\u0301 de la Cedeao \u00bb, le Niger est tenu de continuer a\u0300 \u00ab s\u2019acquitter des obligations qui lui incombent \u00bb pendant une pe\u0301riode d\u2019un an, avancent les avocats de Mohamed Bazoum.<\/p>\n<p>&nbsp;<\/p>\n<p><strong>Pour plus d&rsquo;informations et d&rsquo;analyses sur la <a href=\"https:\/\/www.africa-press.net\/niger\">Niger<\/a>, suivez <a href=\"https:\/\/www.africa-press.net\/\">Africa-Press<\/a><\/strong><\/p>\n","protected":false},"excerpt":{"rendered":"<p>Africa-Press &#8211; Niger. Le 15 de\u0301cembre, la Cour de justice de la Cedeao avait ordonne\u0301 la remise en liberte\u0301 du pre\u0301sident nige\u0301rien renverse\u0301, ainsi que son retour au pouvoir. A\u0300 la veille d\u2019un sommet de la Cedeao, les avocats du pre\u0301sident nige\u0301rien renverse\u0301 par un putsch le 26 juillet, et retenu prisonnier depuis, ont demande\u0301 [&hellip;]<\/p>\n","protected":false},"author":82,"featured_media":59009,"comment_status":"open","ping_status":"closed","sticky":false,"template":"","format":"standard","meta":{"footnotes":""},"categories":[2,73,20,10],"tags":[55,60,29],"class_list":["post-59010","post","type-post","status-publish","format-standard","has-post-thumbnail","hentry","category-politique","category-to-homepage","category-top-nouvelles","category-toutes-les-actualites","tag-africa-press","tag-africa-press-niger","tag-niger"],"yoast_head":"<!-- This site is optimized with the Yoast SEO Premium plugin v26.1 (Yoast SEO v27.0) - https:\/\/yoast.com\/product\/yoast-seo-premium-wordpress\/ -->\n<title>Les avocats de Mohamed Bazoum demandent \u00e0 la Cedeao d\u2019exiger sa lib\u00e9ration - niger<\/title>\n<meta name=\"description\" content=\"Le 15 de\u0301cembre, la Cour de justice de la Cedeao avait ordonne\u0301 la remise en liberte\u0301 du pre\u0301sident nige\u0301rien renvers ...\" \/>\n<meta name=\"robots\" content=\"index, follow, max-snippet:-1, max-image-preview:large, max-video-preview:-1\" \/>\n<link rel=\"canonical\" href=\"https:\/\/www.africa-press.net\/niger\/politique\/les-avocats-de-mohamed-bazoum-demandent-a-la-cedeao-dexiger-sa-liberation\" \/>\n<meta property=\"og:locale\" content=\"fr_FR\" \/>\n<meta property=\"og:type\" content=\"article\" \/>\n<meta property=\"og:title\" content=\"Les avocats de Mohamed Bazoum demandent \u00e0 la Cedeao d\u2019exiger sa lib\u00e9ration\" \/>\n<meta property=\"og:description\" content=\"Le 15 de\u0301cembre, la Cour de justice de la Cedeao avait ordonne\u0301 la remise en liberte\u0301 du pre\u0301sident nige\u0301rien renvers ...\" \/>\n<meta property=\"og:url\" content=\"https:\/\/www.africa-press.net\/niger\/politique\/les-avocats-de-mohamed-bazoum-demandent-a-la-cedeao-dexiger-sa-liberation\" \/>\n<meta property=\"og:site_name\" content=\"niger\" \/>\n<meta property=\"article:published_time\" content=\"2024-02-23T13:44:56+00:00\" \/>\n<meta property=\"article:modified_time\" content=\"2024-02-23T14:09:05+00:00\" \/>\n<meta property=\"og:image\" content=\"https:\/\/static.africa-press.net\/niger\/sites\/40\/2024\/02\/sm_1708684525.6954.jpg\" \/>\n\t<meta property=\"og:image:width\" content=\"1280\" \/>\n\t<meta property=\"og:image:height\" content=\"720\" \/>\n\t<meta property=\"og:image:type\" content=\"image\/jpeg\" \/>\n<meta name=\"author\" content=\"cfeditorfr\" \/>\n<meta name=\"twitter:card\" content=\"summary_large_image\" \/>\n<meta name=\"twitter:label1\" content=\"\u00c9crit par\" \/>\n\t<meta name=\"twitter:data1\" content=\"cfeditorfr\" \/>\n\t<meta name=\"twitter:label2\" content=\"Dur\u00e9e de lecture estim\u00e9e\" \/>\n\t<meta name=\"twitter:data2\" content=\"3 minutes\" \/>\n<script type=\"application\/ld+json\" class=\"yoast-schema-graph\">{\"@context\":\"https:\/\/schema.org\",\"@graph\":[{\"@type\":\"Article\",\"@id\":\"https:\/\/www.africa-press.net\/niger\/politique\/les-avocats-de-mohamed-bazoum-demandent-a-la-cedeao-dexiger-sa-liberation#article\",\"isPartOf\":{\"@id\":\"https:\/\/www.africa-press.net\/niger\/politique\/les-avocats-de-mohamed-bazoum-demandent-a-la-cedeao-dexiger-sa-liberation\"},\"author\":{\"name\":\"cfeditorfr\",\"@id\":\"https:\/\/www.africa-press.net\/niger\/#\/schema\/person\/2b1cf3cd81a31e3cd26889ca66d677f1\"},\"headline\":\"Les avocats de Mohamed Bazoum demandent \u00e0 la Cedeao d\u2019exiger sa lib\u00e9ration\",\"datePublished\":\"2024-02-23T13:44:56+00:00\",\"dateModified\":\"2024-02-23T14:09:05+00:00\",\"mainEntityOfPage\":{\"@id\":\"https:\/\/www.africa-press.net\/niger\/politique\/les-avocats-de-mohamed-bazoum-demandent-a-la-cedeao-dexiger-sa-liberation\"},\"wordCount\":445,\"commentCount\":0,\"image\":{\"@id\":\"https:\/\/www.africa-press.net\/niger\/politique\/les-avocats-de-mohamed-bazoum-demandent-a-la-cedeao-dexiger-sa-liberation#primaryimage\"},\"thumbnailUrl\":\"https:\/\/static.africa-press.net\/niger\/sites\/40\/2024\/02\/sm_1708684525.6954.jpg\",\"keywords\":[\"Africa Press\",\"Africa Press-Niger\",\"Niger\"],\"articleSection\":[\"Politique\",\"to-homepage\",\"Top Nouvelles\",\"Toutes les actualit\u00e9s\"],\"inLanguage\":\"fr-FR\",\"potentialAction\":[{\"@type\":\"CommentAction\",\"name\":\"Comment\",\"target\":[\"https:\/\/www.africa-press.net\/niger\/politique\/les-avocats-de-mohamed-bazoum-demandent-a-la-cedeao-dexiger-sa-liberation#respond\"]}]},{\"@type\":\"WebPage\",\"@id\":\"https:\/\/www.africa-press.net\/niger\/politique\/les-avocats-de-mohamed-bazoum-demandent-a-la-cedeao-dexiger-sa-liberation\",\"url\":\"https:\/\/www.africa-press.net\/niger\/politique\/les-avocats-de-mohamed-bazoum-demandent-a-la-cedeao-dexiger-sa-liberation\",\"name\":\"Les avocats de Mohamed Bazoum demandent \u00e0 la Cedeao d\u2019exiger sa lib\u00e9ration - niger\",\"isPartOf\":{\"@id\":\"https:\/\/www.africa-press.net\/niger\/#website\"},\"primaryImageOfPage\":{\"@id\":\"https:\/\/www.africa-press.net\/niger\/politique\/les-avocats-de-mohamed-bazoum-demandent-a-la-cedeao-dexiger-sa-liberation#primaryimage\"},\"image\":{\"@id\":\"https:\/\/www.africa-press.net\/niger\/politique\/les-avocats-de-mohamed-bazoum-demandent-a-la-cedeao-dexiger-sa-liberation#primaryimage\"},\"thumbnailUrl\":\"https:\/\/static.africa-press.net\/niger\/sites\/40\/2024\/02\/sm_1708684525.6954.jpg\",\"datePublished\":\"2024-02-23T13:44:56+00:00\",\"dateModified\":\"2024-02-23T14:09:05+00:00\",\"author\":{\"@id\":\"https:\/\/www.africa-press.net\/niger\/#\/schema\/person\/2b1cf3cd81a31e3cd26889ca66d677f1\"},\"description\":\"Le 15 de\u0301cembre, la Cour de justice de la Cedeao avait ordonne\u0301 la remise en liberte\u0301 du pre\u0301sident nige\u0301rien renvers ...\",\"breadcrumb\":{\"@id\":\"https:\/\/www.africa-press.net\/niger\/politique\/les-avocats-de-mohamed-bazoum-demandent-a-la-cedeao-dexiger-sa-liberation#breadcrumb\"},\"inLanguage\":\"fr-FR\",\"potentialAction\":[{\"@type\":\"ReadAction\",\"target\":[\"https:\/\/www.africa-press.net\/niger\/politique\/les-avocats-de-mohamed-bazoum-demandent-a-la-cedeao-dexiger-sa-liberation\"]}]},{\"@type\":\"ImageObject\",\"inLanguage\":\"fr-FR\",\"@id\":\"https:\/\/www.africa-press.net\/niger\/politique\/les-avocats-de-mohamed-bazoum-demandent-a-la-cedeao-dexiger-sa-liberation#primaryimage\",\"url\":\"https:\/\/static.africa-press.net\/niger\/sites\/40\/2024\/02\/sm_1708684525.6954.jpg\",\"contentUrl\":\"https:\/\/static.africa-press.net\/niger\/sites\/40\/2024\/02\/sm_1708684525.6954.jpg\",\"width\":1280,\"height\":720,\"caption\":\"Les avocats de Mohamed Bazoum demandent \u00e0 la Cedeao d\u2019exiger sa lib\u00e9ration\"},{\"@type\":\"BreadcrumbList\",\"@id\":\"https:\/\/www.africa-press.net\/niger\/politique\/les-avocats-de-mohamed-bazoum-demandent-a-la-cedeao-dexiger-sa-liberation#breadcrumb\",\"itemListElement\":[{\"@type\":\"ListItem\",\"position\":1,\"name\":\"Accueil\",\"item\":\"https:\/\/www.africa-press.net\/niger\/\"},{\"@type\":\"ListItem\",\"position\":2,\"name\":\"Les avocats de Mohamed Bazoum demandent \u00e0 la Cedeao d\u2019exiger sa lib\u00e9ration\"}]},{\"@type\":\"WebSite\",\"@id\":\"https:\/\/www.africa-press.net\/niger\/#website\",\"url\":\"https:\/\/www.africa-press.net\/niger\/\",\"name\":\"niger\",\"description\":\"Just another Africa News Agency Sites site\",\"potentialAction\":[{\"@type\":\"SearchAction\",\"target\":{\"@type\":\"EntryPoint\",\"urlTemplate\":\"https:\/\/www.africa-press.net\/niger\/?s={search_term_string}\"},\"query-input\":{\"@type\":\"PropertyValueSpecification\",\"valueRequired\":true,\"valueName\":\"search_term_string\"}}],\"inLanguage\":\"fr-FR\"},{\"@type\":\"Person\",\"@id\":\"https:\/\/www.africa-press.net\/niger\/#\/schema\/person\/2b1cf3cd81a31e3cd26889ca66d677f1\",\"name\":\"cfeditorfr\"}]}<\/script>\n<!-- \/ Yoast SEO Premium plugin. -->","yoast_head_json":{"title":"Les avocats de Mohamed Bazoum demandent \u00e0 la Cedeao d\u2019exiger sa lib\u00e9ration - niger","description":"Le 15 de\u0301cembre, la Cour de justice de la Cedeao avait ordonne\u0301 la remise en liberte\u0301 du pre\u0301sident nige\u0301rien renvers ...","robots":{"index":"index","follow":"follow","max-snippet":"max-snippet:-1","max-image-preview":"max-image-preview:large","max-video-preview":"max-video-preview:-1"},"canonical":"https:\/\/www.africa-press.net\/niger\/politique\/les-avocats-de-mohamed-bazoum-demandent-a-la-cedeao-dexiger-sa-liberation","og_locale":"fr_FR","og_type":"article","og_title":"Les avocats de Mohamed Bazoum demandent \u00e0 la Cedeao d\u2019exiger sa lib\u00e9ration","og_description":"Le 15 de\u0301cembre, la Cour de justice de la Cedeao avait ordonne\u0301 la remise en liberte\u0301 du pre\u0301sident nige\u0301rien renvers ...","og_url":"https:\/\/www.africa-press.net\/niger\/politique\/les-avocats-de-mohamed-bazoum-demandent-a-la-cedeao-dexiger-sa-liberation","og_site_name":"niger","article_published_time":"2024-02-23T13:44:56+00:00","article_modified_time":"2024-02-23T14:09:05+00:00","og_image":[{"width":1280,"height":720,"url":"https:\/\/static.africa-press.net\/niger\/sites\/40\/2024\/02\/sm_1708684525.6954.jpg","type":"image\/jpeg"}],"author":"cfeditorfr","twitter_card":"summary_large_image","twitter_misc":{"\u00c9crit par":"cfeditorfr","Dur\u00e9e de lecture estim\u00e9e":"3 minutes"},"schema":{"@context":"https:\/\/schema.org","@graph":[{"@type":"Article","@id":"https:\/\/www.africa-press.net\/niger\/politique\/les-avocats-de-mohamed-bazoum-demandent-a-la-cedeao-dexiger-sa-liberation#article","isPartOf":{"@id":"https:\/\/www.africa-press.net\/niger\/politique\/les-avocats-de-mohamed-bazoum-demandent-a-la-cedeao-dexiger-sa-liberation"},"author":{"name":"cfeditorfr","@id":"https:\/\/www.africa-press.net\/niger\/#\/schema\/person\/2b1cf3cd81a31e3cd26889ca66d677f1"},"headline":"Les avocats de Mohamed Bazoum demandent \u00e0 la Cedeao d\u2019exiger sa lib\u00e9ration","datePublished":"2024-02-23T13:44:56+00:00","dateModified":"2024-02-23T14:09:05+00:00","mainEntityOfPage":{"@id":"https:\/\/www.africa-press.net\/niger\/politique\/les-avocats-de-mohamed-bazoum-demandent-a-la-cedeao-dexiger-sa-liberation"},"wordCount":445,"commentCount":0,"image":{"@id":"https:\/\/www.africa-press.net\/niger\/politique\/les-avocats-de-mohamed-bazoum-demandent-a-la-cedeao-dexiger-sa-liberation#primaryimage"},"thumbnailUrl":"https:\/\/static.africa-press.net\/niger\/sites\/40\/2024\/02\/sm_1708684525.6954.jpg","keywords":["Africa Press","Africa Press-Niger","Niger"],"articleSection":["Politique","to-homepage","Top Nouvelles","Toutes les actualit\u00e9s"],"inLanguage":"fr-FR","potentialAction":[{"@type":"CommentAction","name":"Comment","target":["https:\/\/www.africa-press.net\/niger\/politique\/les-avocats-de-mohamed-bazoum-demandent-a-la-cedeao-dexiger-sa-liberation#respond"]}]},{"@type":"WebPage","@id":"https:\/\/www.africa-press.net\/niger\/politique\/les-avocats-de-mohamed-bazoum-demandent-a-la-cedeao-dexiger-sa-liberation","url":"https:\/\/www.africa-press.net\/niger\/politique\/les-avocats-de-mohamed-bazoum-demandent-a-la-cedeao-dexiger-sa-liberation","name":"Les avocats de Mohamed Bazoum demandent \u00e0 la Cedeao d\u2019exiger sa lib\u00e9ration - niger","isPartOf":{"@id":"https:\/\/www.africa-press.net\/niger\/#website"},"primaryImageOfPage":{"@id":"https:\/\/www.africa-press.net\/niger\/politique\/les-avocats-de-mohamed-bazoum-demandent-a-la-cedeao-dexiger-sa-liberation#primaryimage"},"image":{"@id":"https:\/\/www.africa-press.net\/niger\/politique\/les-avocats-de-mohamed-bazoum-demandent-a-la-cedeao-dexiger-sa-liberation#primaryimage"},"thumbnailUrl":"https:\/\/static.africa-press.net\/niger\/sites\/40\/2024\/02\/sm_1708684525.6954.jpg","datePublished":"2024-02-23T13:44:56+00:00","dateModified":"2024-02-23T14:09:05+00:00","author":{"@id":"https:\/\/www.africa-press.net\/niger\/#\/schema\/person\/2b1cf3cd81a31e3cd26889ca66d677f1"},"description":"Le 15 de\u0301cembre, la Cour de justice de la Cedeao avait ordonne\u0301 la remise en liberte\u0301 du pre\u0301sident nige\u0301rien renvers ...","breadcrumb":{"@id":"https:\/\/www.africa-press.net\/niger\/politique\/les-avocats-de-mohamed-bazoum-demandent-a-la-cedeao-dexiger-sa-liberation#breadcrumb"},"inLanguage":"fr-FR","potentialAction":[{"@type":"ReadAction","target":["https:\/\/www.africa-press.net\/niger\/politique\/les-avocats-de-mohamed-bazoum-demandent-a-la-cedeao-dexiger-sa-liberation"]}]},{"@type":"ImageObject","inLanguage":"fr-FR","@id":"https:\/\/www.africa-press.net\/niger\/politique\/les-avocats-de-mohamed-bazoum-demandent-a-la-cedeao-dexiger-sa-liberation#primaryimage","url":"https:\/\/static.africa-press.net\/niger\/sites\/40\/2024\/02\/sm_1708684525.6954.jpg","contentUrl":"https:\/\/static.africa-press.net\/niger\/sites\/40\/2024\/02\/sm_1708684525.6954.jpg","width":1280,"height":720,"caption":"Les avocats de Mohamed Bazoum demandent \u00e0 la Cedeao d\u2019exiger sa lib\u00e9ration"},{"@type":"BreadcrumbList","@id":"https:\/\/www.africa-press.net\/niger\/politique\/les-avocats-de-mohamed-bazoum-demandent-a-la-cedeao-dexiger-sa-liberation#breadcrumb","itemListElement":[{"@type":"ListItem","position":1,"name":"Accueil","item":"https:\/\/www.africa-press.net\/niger\/"},{"@type":"ListItem","position":2,"name":"Les avocats de Mohamed Bazoum demandent \u00e0 la Cedeao d\u2019exiger sa lib\u00e9ration"}]},{"@type":"WebSite","@id":"https:\/\/www.africa-press.net\/niger\/#website","url":"https:\/\/www.africa-press.net\/niger\/","name":"niger","description":"Just another Africa News Agency Sites site","potentialAction":[{"@type":"SearchAction","target":{"@type":"EntryPoint","urlTemplate":"https:\/\/www.africa-press.net\/niger\/?s={search_term_string}"},"query-input":{"@type":"PropertyValueSpecification","valueRequired":true,"valueName":"search_term_string"}}],"inLanguage":"fr-FR"},{"@type":"Person","@id":"https:\/\/www.africa-press.net\/niger\/#\/schema\/person\/2b1cf3cd81a31e3cd26889ca66d677f1","name":"cfeditorfr"}]}},"_links":{"self":[{"href":"https:\/\/www.africa-press.net\/niger\/wp-json\/wp\/v2\/posts\/59010","targetHints":{"allow":["GET"]}}],"collection":[{"href":"https:\/\/www.africa-press.net\/niger\/wp-json\/wp\/v2\/posts"}],"about":[{"href":"https:\/\/www.africa-press.net\/niger\/wp-json\/wp\/v2\/types\/post"}],"author":[{"embeddable":true,"href":"https:\/\/www.africa-press.net\/niger\/wp-json\/wp\/v2\/users\/82"}],"replies":[{"embeddable":true,"href":"https:\/\/www.africa-press.net\/niger\/wp-json\/wp\/v2\/comments?post=59010"}],"version-history":[{"count":0,"href":"https:\/\/www.africa-press.net\/niger\/wp-json\/wp\/v2\/posts\/59010\/revisions"}],"wp:featuredmedia":[{"embeddable":true,"href":"https:\/\/www.africa-press.net\/niger\/wp-json\/wp\/v2\/media\/59009"}],"wp:attachment":[{"href":"https:\/\/www.africa-press.net\/niger\/wp-json\/wp\/v2\/media?parent=59010"}],"wp:term":[{"taxonomy":"category","embeddable":true,"href":"https:\/\/www.africa-press.net\/niger\/wp-json\/wp\/v2\/categories?post=59010"},{"taxonomy":"post_tag","embeddable":true,"href":"https:\/\/www.africa-press.net\/niger\/wp-json\/wp\/v2\/tags?post=59010"}],"curies":[{"name":"wp","href":"https:\/\/api.w.org\/{rel}","templated":true}]}}