{"id":59022,"date":"2024-02-23T17:08:37","date_gmt":"2024-02-23T17:08:37","guid":{"rendered":"https:\/\/www.africa-press.net\/niger\/politique\/le-gouvernement-affirme-avoir-decouvert-une-cache-darmes-dans-une-villa-occupee-par-des-instructeurs-militaires-francais"},"modified":"2024-02-23T18:01:17","modified_gmt":"2024-02-23T18:01:17","slug":"le-gouvernement-affirme-avoir-decouvert-une-cache-darmes-dans-une-villa-occupee-par-des-instructeurs-militaires-francais","status":"publish","type":"post","link":"https:\/\/www.africa-press.net\/niger\/politique\/le-gouvernement-affirme-avoir-decouvert-une-cache-darmes-dans-une-villa-occupee-par-des-instructeurs-militaires-francais","title":{"rendered":"Le gouvernement affirme avoir d\u00e9couvert une cache d\u2019armes dans une villa occup\u00e9e par des instructeurs militaires Fran\u00e7ais"},"content":{"rendered":"<p><span style=\"color: #ff6600\"><strong>Africa-Press &#8211; Niger. <\/strong><\/span>Selon les autorite\u0301s nige\u0301riennes, cette de\u0301couverte a eu lieu a\u0300 Niamey, dans le quartier Francophonie Extension Tchangarey. La villa en question e\u0301tait apparemment utilise\u0301e par des instructeurs militaires franc\u0327ais pour mener des ope\u0301rations secre\u0300tes. Cette information a e\u0301te\u0301 rapporte\u0301e par le journal local <b>ActuNiger<\/b> qui pre\u0301cise que la villa s&rsquo;est ave\u0301re\u0301e e\u0302tre un ve\u0301ritable centre d&rsquo;ope\u0301ration.<\/p>\n<p>La pre\u0301sence de ces armes de guerre dans ce contexte soule\u0300ve de nombreuses questions et inquie\u0301tudes quant a\u0300 leur utilisation et aux motivations derrie\u0300re cette situation. Les autorite\u0301s nige\u0301riennes ont imme\u0301diatement lance\u0301 une enque\u0302te approfondie afin de de\u0301terminer l&rsquo;origine et la raison d&rsquo;e\u0302tre de ces armes.<\/p>\n<p><strong>Pour plus d&rsquo;informations et d&rsquo;analyses sur la <a href=\"https:\/\/www.africa-press.net\/niger\">Niger<\/a>, suivez <a href=\"https:\/\/www.africa-press.net\/\">Africa-Press<\/a><\/strong><\/p>\n","protected":false},"excerpt":{"rendered":"<p>Africa-Press &#8211; Niger. Selon les autorite\u0301s nige\u0301riennes, cette de\u0301couverte a eu lieu a\u0300 Niamey, dans le quartier Francophonie Extension Tchangarey. La villa en question e\u0301tait apparemment utilise\u0301e par des instructeurs militaires franc\u0327ais pour mener des ope\u0301rations secre\u0300tes. Cette information a e\u0301te\u0301 rapporte\u0301e par le journal local ActuNiger qui pre\u0301cise que la villa s&rsquo;est ave\u0301re\u0301e e\u0302tre [&hellip;]<\/p>\n","protected":false},"author":82,"featured_media":59021,"comment_status":"open","ping_status":"closed","sticky":false,"template":"","format":"standard","meta":{"footnotes":""},"categories":[2,10],"tags":[55,60,29],"class_list":["post-59022","post","type-post","status-publish","format-standard","has-post-thumbnail","hentry","category-politique","category-toutes-les-actualites","tag-africa-press","tag-africa-press-niger","tag-niger"],"yoast_head":"<!-- This site is optimized with the Yoast SEO Premium plugin v26.1 (Yoast SEO v27.0) - https:\/\/yoast.com\/product\/yoast-seo-premium-wordpress\/ -->\n<title>Le gouvernement affirme avoir d\u00e9couvert une cache d\u2019armes dans une villa occup\u00e9e par des instructeurs militaires Fran\u00e7ais - niger<\/title>\n<meta name=\"description\" content=\"Selon les autorite\u0301s nige\u0301riennes, cette de\u0301couverte a eu lieu a\u0300 Niamey, dans le quartier Francophonie Extension Tchang ...\" \/>\n<meta name=\"robots\" content=\"index, follow, max-snippet:-1, max-image-preview:large, max-video-preview:-1\" \/>\n<link rel=\"canonical\" href=\"https:\/\/www.africa-press.net\/niger\/politique\/le-gouvernement-affirme-avoir-decouvert-une-cache-darmes-dans-une-villa-occupee-par-des-instructeurs-militaires-francais\" \/>\n<meta property=\"og:locale\" content=\"fr_FR\" \/>\n<meta property=\"og:type\" content=\"article\" \/>\n<meta property=\"og:title\" content=\"Le gouvernement affirme avoir d\u00e9couvert une cache d\u2019armes dans une villa occup\u00e9e par des instructeurs militaires Fran\u00e7ais\" \/>\n<meta property=\"og:description\" content=\"Selon les autorite\u0301s nige\u0301riennes, cette de\u0301couverte a eu lieu a\u0300 Niamey, dans le quartier Francophonie Extension Tchang ...\" \/>\n<meta property=\"og:url\" content=\"https:\/\/www.africa-press.net\/niger\/politique\/le-gouvernement-affirme-avoir-decouvert-une-cache-darmes-dans-une-villa-occupee-par-des-instructeurs-militaires-francais\" \/>\n<meta property=\"og:site_name\" content=\"niger\" \/>\n<meta property=\"article:published_time\" content=\"2024-02-23T17:08:37+00:00\" \/>\n<meta property=\"article:modified_time\" content=\"2024-02-23T18:01:17+00:00\" \/>\n<meta property=\"og:image\" content=\"https:\/\/static.africa-press.net\/niger\/sites\/40\/2024\/02\/sm_1708698469.477698.jpg\" \/>\n\t<meta property=\"og:image:width\" content=\"1080\" \/>\n\t<meta property=\"og:image:height\" content=\"641\" \/>\n\t<meta property=\"og:image:type\" content=\"image\/jpeg\" \/>\n<meta name=\"author\" content=\"cfeditorfr\" \/>\n<meta name=\"twitter:card\" content=\"summary_large_image\" \/>\n<meta name=\"twitter:label1\" content=\"\u00c9crit par\" \/>\n\t<meta name=\"twitter:data1\" content=\"cfeditorfr\" \/>\n\t<meta name=\"twitter:label2\" content=\"Dur\u00e9e de lecture estim\u00e9e\" \/>\n\t<meta name=\"twitter:data2\" content=\"1 minute\" \/>\n<script type=\"application\/ld+json\" class=\"yoast-schema-graph\">{\"@context\":\"https:\/\/schema.org\",\"@graph\":[{\"@type\":\"Article\",\"@id\":\"https:\/\/www.africa-press.net\/niger\/politique\/le-gouvernement-affirme-avoir-decouvert-une-cache-darmes-dans-une-villa-occupee-par-des-instructeurs-militaires-francais#article\",\"isPartOf\":{\"@id\":\"https:\/\/www.africa-press.net\/niger\/politique\/le-gouvernement-affirme-avoir-decouvert-une-cache-darmes-dans-une-villa-occupee-par-des-instructeurs-militaires-francais\"},\"author\":{\"name\":\"cfeditorfr\",\"@id\":\"https:\/\/www.africa-press.net\/niger\/#\/schema\/person\/2b1cf3cd81a31e3cd26889ca66d677f1\"},\"headline\":\"Le gouvernement affirme avoir d\u00e9couvert une cache d\u2019armes dans une villa occup\u00e9e par des instructeurs militaires Fran\u00e7ais\",\"datePublished\":\"2024-02-23T17:08:37+00:00\",\"dateModified\":\"2024-02-23T18:01:17+00:00\",\"mainEntityOfPage\":{\"@id\":\"https:\/\/www.africa-press.net\/niger\/politique\/le-gouvernement-affirme-avoir-decouvert-une-cache-darmes-dans-une-villa-occupee-par-des-instructeurs-militaires-francais\"},\"wordCount\":168,\"commentCount\":0,\"image\":{\"@id\":\"https:\/\/www.africa-press.net\/niger\/politique\/le-gouvernement-affirme-avoir-decouvert-une-cache-darmes-dans-une-villa-occupee-par-des-instructeurs-militaires-francais#primaryimage\"},\"thumbnailUrl\":\"https:\/\/static.africa-press.net\/niger\/sites\/40\/2024\/02\/sm_1708698469.477698.jpg\",\"keywords\":[\"Africa Press\",\"Africa Press-Niger\",\"Niger\"],\"articleSection\":[\"Politique\",\"Toutes les actualit\u00e9s\"],\"inLanguage\":\"fr-FR\",\"potentialAction\":[{\"@type\":\"CommentAction\",\"name\":\"Comment\",\"target\":[\"https:\/\/www.africa-press.net\/niger\/politique\/le-gouvernement-affirme-avoir-decouvert-une-cache-darmes-dans-une-villa-occupee-par-des-instructeurs-militaires-francais#respond\"]}]},{\"@type\":\"WebPage\",\"@id\":\"https:\/\/www.africa-press.net\/niger\/politique\/le-gouvernement-affirme-avoir-decouvert-une-cache-darmes-dans-une-villa-occupee-par-des-instructeurs-militaires-francais\",\"url\":\"https:\/\/www.africa-press.net\/niger\/politique\/le-gouvernement-affirme-avoir-decouvert-une-cache-darmes-dans-une-villa-occupee-par-des-instructeurs-militaires-francais\",\"name\":\"Le gouvernement affirme avoir d\u00e9couvert une cache d\u2019armes dans une villa occup\u00e9e par des instructeurs militaires Fran\u00e7ais - niger\",\"isPartOf\":{\"@id\":\"https:\/\/www.africa-press.net\/niger\/#website\"},\"primaryImageOfPage\":{\"@id\":\"https:\/\/www.africa-press.net\/niger\/politique\/le-gouvernement-affirme-avoir-decouvert-une-cache-darmes-dans-une-villa-occupee-par-des-instructeurs-militaires-francais#primaryimage\"},\"image\":{\"@id\":\"https:\/\/www.africa-press.net\/niger\/politique\/le-gouvernement-affirme-avoir-decouvert-une-cache-darmes-dans-une-villa-occupee-par-des-instructeurs-militaires-francais#primaryimage\"},\"thumbnailUrl\":\"https:\/\/static.africa-press.net\/niger\/sites\/40\/2024\/02\/sm_1708698469.477698.jpg\",\"datePublished\":\"2024-02-23T17:08:37+00:00\",\"dateModified\":\"2024-02-23T18:01:17+00:00\",\"author\":{\"@id\":\"https:\/\/www.africa-press.net\/niger\/#\/schema\/person\/2b1cf3cd81a31e3cd26889ca66d677f1\"},\"description\":\"Selon les autorite\u0301s nige\u0301riennes, cette de\u0301couverte a eu lieu a\u0300 Niamey, dans le quartier Francophonie Extension Tchang ...\",\"breadcrumb\":{\"@id\":\"https:\/\/www.africa-press.net\/niger\/politique\/le-gouvernement-affirme-avoir-decouvert-une-cache-darmes-dans-une-villa-occupee-par-des-instructeurs-militaires-francais#breadcrumb\"},\"inLanguage\":\"fr-FR\",\"potentialAction\":[{\"@type\":\"ReadAction\",\"target\":[\"https:\/\/www.africa-press.net\/niger\/politique\/le-gouvernement-affirme-avoir-decouvert-une-cache-darmes-dans-une-villa-occupee-par-des-instructeurs-militaires-francais\"]}]},{\"@type\":\"ImageObject\",\"inLanguage\":\"fr-FR\",\"@id\":\"https:\/\/www.africa-press.net\/niger\/politique\/le-gouvernement-affirme-avoir-decouvert-une-cache-darmes-dans-une-villa-occupee-par-des-instructeurs-militaires-francais#primaryimage\",\"url\":\"https:\/\/static.africa-press.net\/niger\/sites\/40\/2024\/02\/sm_1708698469.477698.jpg\",\"contentUrl\":\"https:\/\/static.africa-press.net\/niger\/sites\/40\/2024\/02\/sm_1708698469.477698.jpg\",\"width\":1080,\"height\":641,\"caption\":\"Le gouvernement affirme avoir d\u00e9couvert une cache d\u2019armes dans une villa occup\u00e9e par des instructeurs militaires Fran\u00e7ais\"},{\"@type\":\"BreadcrumbList\",\"@id\":\"https:\/\/www.africa-press.net\/niger\/politique\/le-gouvernement-affirme-avoir-decouvert-une-cache-darmes-dans-une-villa-occupee-par-des-instructeurs-militaires-francais#breadcrumb\",\"itemListElement\":[{\"@type\":\"ListItem\",\"position\":1,\"name\":\"Accueil\",\"item\":\"https:\/\/www.africa-press.net\/niger\/\"},{\"@type\":\"ListItem\",\"position\":2,\"name\":\"Le gouvernement affirme avoir d\u00e9couvert une cache d\u2019armes dans une villa occup\u00e9e par des instructeurs militaires Fran\u00e7ais\"}]},{\"@type\":\"WebSite\",\"@id\":\"https:\/\/www.africa-press.net\/niger\/#website\",\"url\":\"https:\/\/www.africa-press.net\/niger\/\",\"name\":\"niger\",\"description\":\"Just another Africa News Agency Sites site\",\"potentialAction\":[{\"@type\":\"SearchAction\",\"target\":{\"@type\":\"EntryPoint\",\"urlTemplate\":\"https:\/\/www.africa-press.net\/niger\/?s={search_term_string}\"},\"query-input\":{\"@type\":\"PropertyValueSpecification\",\"valueRequired\":true,\"valueName\":\"search_term_string\"}}],\"inLanguage\":\"fr-FR\"},{\"@type\":\"Person\",\"@id\":\"https:\/\/www.africa-press.net\/niger\/#\/schema\/person\/2b1cf3cd81a31e3cd26889ca66d677f1\",\"name\":\"cfeditorfr\"}]}<\/script>\n<!-- \/ Yoast SEO Premium plugin. -->","yoast_head_json":{"title":"Le gouvernement affirme avoir d\u00e9couvert une cache d\u2019armes dans une villa occup\u00e9e par des instructeurs militaires Fran\u00e7ais - niger","description":"Selon les autorite\u0301s nige\u0301riennes, cette de\u0301couverte a eu lieu a\u0300 Niamey, dans le quartier Francophonie Extension Tchang ...","robots":{"index":"index","follow":"follow","max-snippet":"max-snippet:-1","max-image-preview":"max-image-preview:large","max-video-preview":"max-video-preview:-1"},"canonical":"https:\/\/www.africa-press.net\/niger\/politique\/le-gouvernement-affirme-avoir-decouvert-une-cache-darmes-dans-une-villa-occupee-par-des-instructeurs-militaires-francais","og_locale":"fr_FR","og_type":"article","og_title":"Le gouvernement affirme avoir d\u00e9couvert une cache d\u2019armes dans une villa occup\u00e9e par des instructeurs militaires Fran\u00e7ais","og_description":"Selon les autorite\u0301s nige\u0301riennes, cette de\u0301couverte a eu lieu a\u0300 Niamey, dans le quartier Francophonie Extension Tchang ...","og_url":"https:\/\/www.africa-press.net\/niger\/politique\/le-gouvernement-affirme-avoir-decouvert-une-cache-darmes-dans-une-villa-occupee-par-des-instructeurs-militaires-francais","og_site_name":"niger","article_published_time":"2024-02-23T17:08:37+00:00","article_modified_time":"2024-02-23T18:01:17+00:00","og_image":[{"width":1080,"height":641,"url":"https:\/\/static.africa-press.net\/niger\/sites\/40\/2024\/02\/sm_1708698469.477698.jpg","type":"image\/jpeg"}],"author":"cfeditorfr","twitter_card":"summary_large_image","twitter_misc":{"\u00c9crit par":"cfeditorfr","Dur\u00e9e de lecture estim\u00e9e":"1 minute"},"schema":{"@context":"https:\/\/schema.org","@graph":[{"@type":"Article","@id":"https:\/\/www.africa-press.net\/niger\/politique\/le-gouvernement-affirme-avoir-decouvert-une-cache-darmes-dans-une-villa-occupee-par-des-instructeurs-militaires-francais#article","isPartOf":{"@id":"https:\/\/www.africa-press.net\/niger\/politique\/le-gouvernement-affirme-avoir-decouvert-une-cache-darmes-dans-une-villa-occupee-par-des-instructeurs-militaires-francais"},"author":{"name":"cfeditorfr","@id":"https:\/\/www.africa-press.net\/niger\/#\/schema\/person\/2b1cf3cd81a31e3cd26889ca66d677f1"},"headline":"Le gouvernement affirme avoir d\u00e9couvert une cache d\u2019armes dans une villa occup\u00e9e par des instructeurs militaires Fran\u00e7ais","datePublished":"2024-02-23T17:08:37+00:00","dateModified":"2024-02-23T18:01:17+00:00","mainEntityOfPage":{"@id":"https:\/\/www.africa-press.net\/niger\/politique\/le-gouvernement-affirme-avoir-decouvert-une-cache-darmes-dans-une-villa-occupee-par-des-instructeurs-militaires-francais"},"wordCount":168,"commentCount":0,"image":{"@id":"https:\/\/www.africa-press.net\/niger\/politique\/le-gouvernement-affirme-avoir-decouvert-une-cache-darmes-dans-une-villa-occupee-par-des-instructeurs-militaires-francais#primaryimage"},"thumbnailUrl":"https:\/\/static.africa-press.net\/niger\/sites\/40\/2024\/02\/sm_1708698469.477698.jpg","keywords":["Africa Press","Africa Press-Niger","Niger"],"articleSection":["Politique","Toutes les actualit\u00e9s"],"inLanguage":"fr-FR","potentialAction":[{"@type":"CommentAction","name":"Comment","target":["https:\/\/www.africa-press.net\/niger\/politique\/le-gouvernement-affirme-avoir-decouvert-une-cache-darmes-dans-une-villa-occupee-par-des-instructeurs-militaires-francais#respond"]}]},{"@type":"WebPage","@id":"https:\/\/www.africa-press.net\/niger\/politique\/le-gouvernement-affirme-avoir-decouvert-une-cache-darmes-dans-une-villa-occupee-par-des-instructeurs-militaires-francais","url":"https:\/\/www.africa-press.net\/niger\/politique\/le-gouvernement-affirme-avoir-decouvert-une-cache-darmes-dans-une-villa-occupee-par-des-instructeurs-militaires-francais","name":"Le gouvernement affirme avoir d\u00e9couvert une cache d\u2019armes dans une villa occup\u00e9e par des instructeurs militaires Fran\u00e7ais - niger","isPartOf":{"@id":"https:\/\/www.africa-press.net\/niger\/#website"},"primaryImageOfPage":{"@id":"https:\/\/www.africa-press.net\/niger\/politique\/le-gouvernement-affirme-avoir-decouvert-une-cache-darmes-dans-une-villa-occupee-par-des-instructeurs-militaires-francais#primaryimage"},"image":{"@id":"https:\/\/www.africa-press.net\/niger\/politique\/le-gouvernement-affirme-avoir-decouvert-une-cache-darmes-dans-une-villa-occupee-par-des-instructeurs-militaires-francais#primaryimage"},"thumbnailUrl":"https:\/\/static.africa-press.net\/niger\/sites\/40\/2024\/02\/sm_1708698469.477698.jpg","datePublished":"2024-02-23T17:08:37+00:00","dateModified":"2024-02-23T18:01:17+00:00","author":{"@id":"https:\/\/www.africa-press.net\/niger\/#\/schema\/person\/2b1cf3cd81a31e3cd26889ca66d677f1"},"description":"Selon les autorite\u0301s nige\u0301riennes, cette de\u0301couverte a eu lieu a\u0300 Niamey, dans le quartier Francophonie Extension Tchang ...","breadcrumb":{"@id":"https:\/\/www.africa-press.net\/niger\/politique\/le-gouvernement-affirme-avoir-decouvert-une-cache-darmes-dans-une-villa-occupee-par-des-instructeurs-militaires-francais#breadcrumb"},"inLanguage":"fr-FR","potentialAction":[{"@type":"ReadAction","target":["https:\/\/www.africa-press.net\/niger\/politique\/le-gouvernement-affirme-avoir-decouvert-une-cache-darmes-dans-une-villa-occupee-par-des-instructeurs-militaires-francais"]}]},{"@type":"ImageObject","inLanguage":"fr-FR","@id":"https:\/\/www.africa-press.net\/niger\/politique\/le-gouvernement-affirme-avoir-decouvert-une-cache-darmes-dans-une-villa-occupee-par-des-instructeurs-militaires-francais#primaryimage","url":"https:\/\/static.africa-press.net\/niger\/sites\/40\/2024\/02\/sm_1708698469.477698.jpg","contentUrl":"https:\/\/static.africa-press.net\/niger\/sites\/40\/2024\/02\/sm_1708698469.477698.jpg","width":1080,"height":641,"caption":"Le gouvernement affirme avoir d\u00e9couvert une cache d\u2019armes dans une villa occup\u00e9e par des instructeurs militaires Fran\u00e7ais"},{"@type":"BreadcrumbList","@id":"https:\/\/www.africa-press.net\/niger\/politique\/le-gouvernement-affirme-avoir-decouvert-une-cache-darmes-dans-une-villa-occupee-par-des-instructeurs-militaires-francais#breadcrumb","itemListElement":[{"@type":"ListItem","position":1,"name":"Accueil","item":"https:\/\/www.africa-press.net\/niger\/"},{"@type":"ListItem","position":2,"name":"Le gouvernement affirme avoir d\u00e9couvert une cache d\u2019armes dans une villa occup\u00e9e par des instructeurs militaires Fran\u00e7ais"}]},{"@type":"WebSite","@id":"https:\/\/www.africa-press.net\/niger\/#website","url":"https:\/\/www.africa-press.net\/niger\/","name":"niger","description":"Just another Africa News Agency Sites site","potentialAction":[{"@type":"SearchAction","target":{"@type":"EntryPoint","urlTemplate":"https:\/\/www.africa-press.net\/niger\/?s={search_term_string}"},"query-input":{"@type":"PropertyValueSpecification","valueRequired":true,"valueName":"search_term_string"}}],"inLanguage":"fr-FR"},{"@type":"Person","@id":"https:\/\/www.africa-press.net\/niger\/#\/schema\/person\/2b1cf3cd81a31e3cd26889ca66d677f1","name":"cfeditorfr"}]}},"_links":{"self":[{"href":"https:\/\/www.africa-press.net\/niger\/wp-json\/wp\/v2\/posts\/59022","targetHints":{"allow":["GET"]}}],"collection":[{"href":"https:\/\/www.africa-press.net\/niger\/wp-json\/wp\/v2\/posts"}],"about":[{"href":"https:\/\/www.africa-press.net\/niger\/wp-json\/wp\/v2\/types\/post"}],"author":[{"embeddable":true,"href":"https:\/\/www.africa-press.net\/niger\/wp-json\/wp\/v2\/users\/82"}],"replies":[{"embeddable":true,"href":"https:\/\/www.africa-press.net\/niger\/wp-json\/wp\/v2\/comments?post=59022"}],"version-history":[{"count":0,"href":"https:\/\/www.africa-press.net\/niger\/wp-json\/wp\/v2\/posts\/59022\/revisions"}],"wp:featuredmedia":[{"embeddable":true,"href":"https:\/\/www.africa-press.net\/niger\/wp-json\/wp\/v2\/media\/59021"}],"wp:attachment":[{"href":"https:\/\/www.africa-press.net\/niger\/wp-json\/wp\/v2\/media?parent=59022"}],"wp:term":[{"taxonomy":"category","embeddable":true,"href":"https:\/\/www.africa-press.net\/niger\/wp-json\/wp\/v2\/categories?post=59022"},{"taxonomy":"post_tag","embeddable":true,"href":"https:\/\/www.africa-press.net\/niger\/wp-json\/wp\/v2\/tags?post=59022"}],"curies":[{"name":"wp","href":"https:\/\/api.w.org\/{rel}","templated":true}]}}