{"id":59033,"date":"2024-02-23T17:41:11","date_gmt":"2024-02-23T17:41:11","guid":{"rendered":"https:\/\/www.africa-press.net\/niger\/politique\/comite-de-pilotage-du-projet-communautaire-de-relevement-et-de-stabilisation-du-sahel-des-actions-pour-renforcer-la-securite-et-la-resilience-des-populations-dans-la-zone-des-trois-frontieres"},"modified":"2024-02-23T18:50:20","modified_gmt":"2024-02-23T18:50:20","slug":"comite-de-pilotage-du-projet-communautaire-de-relevement-et-de-stabilisation-du-sahel-des-actions-pour-renforcer-la-securite-et-la-resilience-des-populations-dans-la-zone-des-trois-frontieres","status":"publish","type":"post","link":"https:\/\/www.africa-press.net\/niger\/politique\/comite-de-pilotage-du-projet-communautaire-de-relevement-et-de-stabilisation-du-sahel-des-actions-pour-renforcer-la-securite-et-la-resilience-des-populations-dans-la-zone-des-trois-frontieres","title":{"rendered":"Comit\u00e9 de Pilotage du Projet Communautaire de Rel\u00e8vement et de Stabilisation du Sahel : Des actions pour renforcer la s\u00e9curit\u00e9 et la r\u00e9silience des populations dans la zone des trois fronti\u00e8res"},"content":{"rendered":"<p><span style=\"color: #ff6600\"><strong>Africa-Press &#8211; Niger. <\/strong><\/span>La 3e\u0300me session du comite\u0301 de pilotage du Projet Communautaire de Rele\u0300vement et de Stabilisation du Sahel (PCRSS) est de\u0301roule\u0301e le mardi 20 fe\u0301vrier 2024 a\u0300 Niamey. L\u2019ouverture des travaux a e\u0301te\u0301 pre\u0301side\u0301e par M. Ibro Zabaye, repre\u0301sentant du Ministe\u0300re de l\u2019Inte\u0301rieur, de la Se\u0301curite\u0301 Publique et de l\u2019Administration du Territoire. La ce\u0301re\u0301monie a enregistre\u0301 la pre\u0301sence du Gouverneur et du Pre\u0301sident du Conseil re\u0301gional de la re\u0301gion de Tillabe\u0301ry, des cadres du Ministe\u0300re, des maires, des experts du PCRSS et de plusieurs invite\u0301s.<\/p>\n<p>Finance\u0301 par la Banque Mondiale a\u0300 hauteur de 100 millions de dollars US soit plus de 55 milliards de FCFA, le PCRSS est mis en \u0153uvre dans 10 de\u0301partements et 24 communes de la re\u0301gion de Tillabe\u0301ry afin de lutter contre l\u2019inse\u0301curite\u0301. Il s\u2019agit au cours de ces assises d\u2019approuver le bilan du Plan de Travail et Budget Annuel (PTBA) au titre de l\u2019anne\u0301e 2023 et d\u2019examiner et valider le projet de PTBA 2024.<\/p>\n<p>A\u0300 l\u2019ouverture des travaux, le repre\u0301sentant du Ministe\u0300re de l\u2019Inte\u0301rieur, de la Se\u0301curite\u0301 Publique et de l\u2019Administration du Territoire a re\u0301ve\u0301le\u0301 que le PCRSS s\u2019inscrit dans le cadre de la lutte contre les de\u0301fis auxquels fait face la re\u0301gion du Liptako-Gourma en l\u2019occurence la zone des trois frontie\u0300res entre le Niger, le Mali et le Burkina Faso. \u00abCette zone reste la plus impacte\u0301e par cette crise sans pre\u0301ce\u0301dent avec comme conse\u0301quence des pertes en vie humaine et des de\u0301placements force\u0301s des populations \u00bb, a indique\u0301 M. Ibro Zabaye. L\u2019objectif de de\u0301veloppement du projet re\u0301gional, poursuit-il, est de contribuer au re\u0301tablissement des communaute\u0301s dans les zones cible\u0301es a\u0300 travers une approche re\u0301gionale axe\u0301e sur des services et des infrastructures socio-e\u0301conomiques inte\u0301gre\u0301es, des moyens de subsistance et un de\u0301veloppement territorial, la production et le partage des donne\u0301es et connaissances au niveau re\u0301gional avec l\u2019accompagnement des universite\u0301s et centres de recherches nationaux.<\/p>\n<p>M. Ibro Zabaye a rappele\u0301 l\u2019attention toute particulie\u0300re et la solidarite\u0301 constante que le Pre\u0301sident du CNSP, Chef de l\u2019Etat, le Ge\u0301ne\u0301ral de Brigade Abdourahamane Tiani a exprime\u0301 face a\u0300 la situation particulie\u0300rement difficile que vit la population de la re\u0301gion du Liptako Gourma. \u00ab Le Projet Communautaire de Redressement et de Stabilisation au Sahel (PCRSS) dont nous tenons aujourd\u2019hui la troisie\u0300me re\u0301union du Comite\u0301 de Pilotage qui est aligne\u0301 aux Programmes de Re\u0301silience pour la Patrie (PRSP) et un des outils pertinents de la mise en \u0153uvre dudit Programme\u00bb, a-t-il pre\u0301cise\u0301.<\/p>\n<p>Par la suite, le repre\u0301sentant du ministre de l\u2019Inte\u0301rieur a souligne\u0301 que le Comite\u0301 National de Pilotage (CNP) qui est l\u2019organe de\u0301libe\u0301rant du PCRSS avec des pouvoirs d\u2019orientation, de pilotage et de contro\u0302le d\u2019exe\u0301cution de la mise en \u0153uvre des activite\u0301s dudit projet, est compose\u0301 des repre\u0301sentants des diffe\u0301rents Ministe\u0300res sectoriels et Institutions concerne\u0301s, du Gouverneur de la Re\u0301gion de Tillabe\u0301ry, du Recteur de l\u2019Universite\u0301 Aboubacar Ba\u0302 de Tillabe\u0301ry, du pre\u0301sident du Conseil Re\u0301gional de Tillabe\u0301ry et des repre\u0301sentants de maires des communes be\u0301ne\u0301ficiaires du Projet.<\/p>\n<p>Concernant le bilan de la mise en \u0153uvre du PTBA 2023, il rappelle que malgre\u0301 les proble\u0300mes d\u2019inse\u0301curite\u0301 rendant difficile l\u2019acce\u0300s en temps voulu a\u0300 certaines localite\u0301s par l\u2019e\u0301quipe du PCRSS et les partenaires, les re\u0301sultats enregistre\u0301s sont favorables. En effet, ces derniers portent entre autres sur les appuis d\u2019urgence au be\u0301ne\u0301fice des populations de\u0301place\u0301es internes (PDI), l\u2019amorce du dialogue re\u0301gional sous l\u2019impulsion de l\u2019Autorite\u0301 du Liptako Gourma (ALG) a\u0300 travers l\u2019atelier re\u0301gional sur la strate\u0301gie de stabilisation du Liptako Gourma et des e\u0301changes transfrontaliers entre les repre\u0301sentants des communaute\u0301s sur les enjeux, de\u0301fis et re\u0301ponses en matie\u0300re de cohe\u0301sion sociale et la pre\u0301vention des conflits, l\u2019adoption d\u2019une de\u0301marche harmonise\u0301e pour la conception et la mise en \u0153uvre de Programmes Nationaux harmonise\u0301s en matie\u0300re de recherche et d\u2019octroi de bourses avec le soutien des PCRSS Pays, la re\u0301alisation d\u2019e\u0301tudes techniques, sociales et environnementales pour la re\u0301habilitation et la re\u0301alisation des infrastructures dans les domaines de l\u2019e\u0301ducation, de la sante\u0301 et de l\u2019hydraulique.<\/p>\n<p><b>Des appuis multiformes apporte\u0301s aux communaute\u0301s<\/b><\/p>\n<p>Par ailleurs, il a e\u0301galement notifie\u0301 qu\u2019au cours des douze mois de mise en \u0153uvre du projet, les taux de re\u0301alisation physique et financier sont respectivement de l\u2019ordre de 44 % et 29 % malgre\u0301 l\u2019inse\u0301curite\u0301 persistante dans la zone et la suspension des de\u0301caissements, mettant a\u0300 rude e\u0301preuve la mise en \u0153uvre du Projet. Il a ensuite e\u0301voque\u0301 les appuis d\u2019urgences apporte\u0301s par le projet. \u00ab Ces appuis portent sur l\u2019acquisition et la distribution de 160 tonnes de semences ame\u0301liore\u0301es, 100 tonnes d\u2019engrais, 3250 litres de produits phytosanitaires, 250 unite\u0301s de cultures attele\u0301es et 3000 sachets de semences potage\u0300res pour les cultures pluviales et irrigue\u0301es. Aussi, l\u2019acquisition et la distribution de plus de 4000 te\u0302tes d\u2019ovins et caprins, l\u2019acquisition et la distribution de 1200 tonnes d\u2019aliments pour be\u0301tail, l\u2019acquisition et la distribution des tentes abris pour 225 me\u0301nages de PDI, l\u2019acquisition et la distribution de 16000 manuels scolaires pour le primaire et le secondaire, la formation de 586 enseignants pour la prise en charge psychosociale des enfants de\u0301place\u0301s, l\u2019acquisition et la distribution de me\u0301dicaments d\u2019urgences et l\u2019organisation de consultations foraines\u00bb, a-t-il ajoute\u0301.<\/p>\n<p>En de\u0301finitive, M. Ibro Zabaye a rappele\u0301 que les activite\u0301s planifie\u0301es pour le PTBA 2024 permettront de continuer l\u2019assistance d\u2019urgence aux PDI et aux communaute\u0301s impacte\u0301es et surtout, de lancer les travaux d\u2019infrastructures avec un budget consistant sur la base des re\u0301sultats des e\u0301tudes disponibles. Il a e\u0301galement invite\u0301 les membres du comite\u0301 a\u0300 accomplir efficacement les missions qui leurs sont assigne\u0301es afin de garantir la mise en \u0153uvre efficace et efficiente dudit projet. \u00ab Je vous invite a\u0300 une analyse critique et a\u0300 des propositions objectives comme l\u2019exige la confiance place\u0301e en chacun de nous en tant que membre du Comite\u0301 de Pilotage du PCRSS \u00bb, a-t-il conclu.<\/p>\n\r\n                <style type=\"text\/css\">\r\n                    \r\n                    #td_uid_1_69f15a4f74842  .td-doubleSlider-2 .td-item1 {\r\n                        background: url(https:\/\/static.africa-press.net\/niger\/sites\/40\/2024\/02\/sm_1708700597.389146-80x60.jpg) 0 0 no-repeat;\r\n                    }\r\n                    #td_uid_1_69f15a4f74842  .td-doubleSlider-2 .td-item2 {\r\n                        background: url(https:\/\/static.africa-press.net\/niger\/sites\/40\/2024\/02\/sm_1708700604.033764-80x60.jpg) 0 0 no-repeat;\r\n                    }\r\n                <\/style>\r\n\r\n                <div id=\"td_uid_1_69f15a4f74842\" class=\"td-gallery td-slide-on-2-columns\">\r\n                    <div class=\"post_td_gallery\">\r\n                        <div class=\"td-gallery-slide-top\">\r\n                           <div class=\"td-gallery-title\"><\/div>\r\n\r\n                            <div class=\"td-gallery-controls-wrapper\">\r\n                                <div class=\"td-gallery-slide-count\"><span class=\"td-gallery-slide-item-focus\">1<\/span> de 2<\/div>\r\n                                <div class=\"td-gallery-slide-prev-next-but\">\r\n                                    <i class = \"td-icon-left doubleSliderPrevButton\"><\/i>\r\n                                    <i class = \"td-icon-right doubleSliderNextButton\"><\/i>\r\n                                <\/div>\r\n                            <\/div>\r\n                        <\/div>\r\n\r\n                        <div class = \"td-doubleSlider-1 \">\r\n                            <div class = \"td-slider\">\r\n                                \r\n                    <div class = \"td-slide-item td-item1\">\r\n                        <figure class=\"td-slide-galery-figure td-slide-popup-gallery\">\r\n                            <a class=\"slide-gallery-image-link\" href=\"https:\/\/static.africa-press.net\/niger\/sites\/40\/2024\/02\/sm_1708700597.389146.jpg\" title=\"sm_1708700597.389146\"  data-caption=\"\"  data-description=\"\">\r\n                                <img decoding=\"async\" src=\"https:\/\/static.africa-press.net\/niger\/sites\/40\/2024\/02\/sm_1708700597.389146.jpg\" srcset=\"https:\/\/static.africa-press.net\/niger\/sites\/40\/2024\/02\/sm_1708700597.389146.jpg 506w, https:\/\/static.africa-press.net\/niger\/sites\/40\/2024\/02\/sm_1708700597.389146-300x167.jpg 300w\" sizes=\"(max-width: 506px) 100vw, 506px\" alt=\"\">\r\n                            <\/a>\r\n                            \r\n                        <\/figure>\r\n                    <\/div>\r\n                    <div class = \"td-slide-item td-item2\">\r\n                        <figure class=\"td-slide-galery-figure td-slide-popup-gallery\">\r\n                            <a class=\"slide-gallery-image-link\" href=\"https:\/\/static.africa-press.net\/niger\/sites\/40\/2024\/02\/sm_1708700604.033764.jpg\" title=\"sm_1708700604.033764\"  data-caption=\"\"  data-description=\"\">\r\n                                <img decoding=\"async\" src=\"https:\/\/static.africa-press.net\/niger\/sites\/40\/2024\/02\/sm_1708700604.033764.jpg\" srcset=\"https:\/\/static.africa-press.net\/niger\/sites\/40\/2024\/02\/sm_1708700604.033764.jpg 516w, https:\/\/static.africa-press.net\/niger\/sites\/40\/2024\/02\/sm_1708700604.033764-300x163.jpg 300w\" sizes=\"(max-width: 516px) 100vw, 516px\" alt=\"\">\r\n                            <\/a>\r\n                            \r\n                        <\/figure>\r\n                    <\/div>\r\n                            <\/div>\r\n                        <\/div>\r\n\r\n                        <div class = \"td-doubleSlider-2\">\r\n                            <div class = \"td-slider\">\r\n                                \r\n                    <div class = \"td-button td-item1\">\r\n                        <div class = \"td-border\"><\/div>\r\n                    <\/div>\r\n                    <div class = \"td-button td-item2\">\r\n                        <div class = \"td-border\"><\/div>\r\n                    <\/div>\r\n                            <\/div>\r\n                        <\/div>\r\n\r\n                    <\/div>\r\n\r\n                <\/div>\r\n                \n<p><strong>Pour plus d&rsquo;informations et d&rsquo;analyses sur la <a href=\"https:\/\/www.africa-press.net\/niger\">Niger<\/a>, suivez <a href=\"https:\/\/www.africa-press.net\/\">Africa-Press<\/a><\/strong><\/p>\n","protected":false},"excerpt":{"rendered":"<p>Africa-Press &#8211; Niger. La 3e\u0300me session du comite\u0301 de pilotage du Projet Communautaire de Rele\u0300vement et de Stabilisation du Sahel (PCRSS) est de\u0301roule\u0301e le mardi 20 fe\u0301vrier 2024 a\u0300 Niamey. L\u2019ouverture des travaux a e\u0301te\u0301 pre\u0301side\u0301e par M. Ibro Zabaye, repre\u0301sentant du Ministe\u0300re de l\u2019Inte\u0301rieur, de la Se\u0301curite\u0301 Publique et de l\u2019Administration du Territoire. La [&hellip;]<\/p>\n","protected":false},"author":82,"featured_media":59032,"comment_status":"open","ping_status":"closed","sticky":false,"template":"","format":"standard","meta":{"footnotes":""},"categories":[8,2,10],"tags":[55,60,29],"class_list":["post-59033","post","type-post","status-publish","format-standard","has-post-thumbnail","hentry","category-photo","category-politique","category-toutes-les-actualites","tag-africa-press","tag-africa-press-niger","tag-niger"],"yoast_head":"<!-- This site is optimized with the Yoast SEO Premium plugin v26.1 (Yoast SEO v27.0) - https:\/\/yoast.com\/product\/yoast-seo-premium-wordpress\/ -->\n<title>Comit\u00e9 de Pilotage du Projet Communautaire de Rel\u00e8vement et de Stabilisation du Sahel : Des actions pour renforcer la s\u00e9curit\u00e9 et la r\u00e9silience des populations dans la zone des trois fronti\u00e8res - niger<\/title>\n<meta name=\"description\" content=\"La 3e\u0300me session du comite\u0301 de pilotage du Projet Communautaire de Rele\u0300vement et de Stabilisation du Sahel (PCRSS) est ...\" \/>\n<meta name=\"robots\" content=\"index, follow, max-snippet:-1, max-image-preview:large, max-video-preview:-1\" \/>\n<link rel=\"canonical\" href=\"https:\/\/www.africa-press.net\/niger\/politique\/comite-de-pilotage-du-projet-communautaire-de-relevement-et-de-stabilisation-du-sahel-des-actions-pour-renforcer-la-securite-et-la-resilience-des-populations-dans-la-zone-des-trois-frontieres\" \/>\n<meta property=\"og:locale\" content=\"fr_FR\" \/>\n<meta property=\"og:type\" content=\"article\" \/>\n<meta property=\"og:title\" content=\"Comit\u00e9 de Pilotage du Projet Communautaire de Rel\u00e8vement et de Stabilisation du Sahel : Des actions pour renforcer la s\u00e9curit\u00e9 et la r\u00e9silience des populations dans la zone des trois fronti\u00e8res\" \/>\n<meta property=\"og:description\" content=\"La 3e\u0300me session du comite\u0301 de pilotage du Projet Communautaire de Rele\u0300vement et de Stabilisation du Sahel (PCRSS) est ...\" \/>\n<meta property=\"og:url\" content=\"https:\/\/www.africa-press.net\/niger\/politique\/comite-de-pilotage-du-projet-communautaire-de-relevement-et-de-stabilisation-du-sahel-des-actions-pour-renforcer-la-securite-et-la-resilience-des-populations-dans-la-zone-des-trois-frontieres\" \/>\n<meta property=\"og:site_name\" content=\"niger\" \/>\n<meta property=\"article:published_time\" content=\"2024-02-23T17:41:11+00:00\" \/>\n<meta property=\"article:modified_time\" content=\"2024-02-23T18:50:20+00:00\" \/>\n<meta property=\"og:image\" content=\"https:\/\/static.africa-press.net\/niger\/sites\/40\/2024\/02\/sm_1708700616.135823.jpg\" \/>\n\t<meta property=\"og:image:width\" content=\"720\" \/>\n\t<meta property=\"og:image:height\" content=\"413\" \/>\n\t<meta property=\"og:image:type\" content=\"image\/jpeg\" \/>\n<meta name=\"author\" content=\"cfeditorfr\" \/>\n<meta name=\"twitter:card\" content=\"summary_large_image\" \/>\n<meta name=\"twitter:label1\" content=\"\u00c9crit par\" \/>\n\t<meta name=\"twitter:data1\" content=\"cfeditorfr\" \/>\n\t<meta name=\"twitter:label2\" content=\"Dur\u00e9e de lecture estim\u00e9e\" \/>\n\t<meta name=\"twitter:data2\" content=\"6 minutes\" \/>\n<script type=\"application\/ld+json\" class=\"yoast-schema-graph\">{\"@context\":\"https:\/\/schema.org\",\"@graph\":[{\"@type\":\"Article\",\"@id\":\"https:\/\/www.africa-press.net\/niger\/politique\/comite-de-pilotage-du-projet-communautaire-de-relevement-et-de-stabilisation-du-sahel-des-actions-pour-renforcer-la-securite-et-la-resilience-des-populations-dans-la-zone-des-trois-frontieres#article\",\"isPartOf\":{\"@id\":\"https:\/\/www.africa-press.net\/niger\/politique\/comite-de-pilotage-du-projet-communautaire-de-relevement-et-de-stabilisation-du-sahel-des-actions-pour-renforcer-la-securite-et-la-resilience-des-populations-dans-la-zone-des-trois-frontieres\"},\"author\":{\"name\":\"cfeditorfr\",\"@id\":\"https:\/\/www.africa-press.net\/niger\/#\/schema\/person\/2b1cf3cd81a31e3cd26889ca66d677f1\"},\"headline\":\"Comit\u00e9 de Pilotage du Projet Communautaire de Rel\u00e8vement et de Stabilisation du Sahel : Des actions pour renforcer la s\u00e9curit\u00e9 et la r\u00e9silience des populations dans la zone des trois fronti\u00e8res\",\"datePublished\":\"2024-02-23T17:41:11+00:00\",\"dateModified\":\"2024-02-23T18:50:20+00:00\",\"mainEntityOfPage\":{\"@id\":\"https:\/\/www.africa-press.net\/niger\/politique\/comite-de-pilotage-du-projet-communautaire-de-relevement-et-de-stabilisation-du-sahel-des-actions-pour-renforcer-la-securite-et-la-resilience-des-populations-dans-la-zone-des-trois-frontieres\"},\"wordCount\":1178,\"commentCount\":0,\"image\":{\"@id\":\"https:\/\/www.africa-press.net\/niger\/politique\/comite-de-pilotage-du-projet-communautaire-de-relevement-et-de-stabilisation-du-sahel-des-actions-pour-renforcer-la-securite-et-la-resilience-des-populations-dans-la-zone-des-trois-frontieres#primaryimage\"},\"thumbnailUrl\":\"https:\/\/static.africa-press.net\/niger\/sites\/40\/2024\/02\/sm_1708700616.135823.jpg\",\"keywords\":[\"Africa Press\",\"Africa Press-Niger\",\"Niger\"],\"articleSection\":[\"Photo\",\"Politique\",\"Toutes les actualit\u00e9s\"],\"inLanguage\":\"fr-FR\",\"potentialAction\":[{\"@type\":\"CommentAction\",\"name\":\"Comment\",\"target\":[\"https:\/\/www.africa-press.net\/niger\/politique\/comite-de-pilotage-du-projet-communautaire-de-relevement-et-de-stabilisation-du-sahel-des-actions-pour-renforcer-la-securite-et-la-resilience-des-populations-dans-la-zone-des-trois-frontieres#respond\"]}]},{\"@type\":\"WebPage\",\"@id\":\"https:\/\/www.africa-press.net\/niger\/politique\/comite-de-pilotage-du-projet-communautaire-de-relevement-et-de-stabilisation-du-sahel-des-actions-pour-renforcer-la-securite-et-la-resilience-des-populations-dans-la-zone-des-trois-frontieres\",\"url\":\"https:\/\/www.africa-press.net\/niger\/politique\/comite-de-pilotage-du-projet-communautaire-de-relevement-et-de-stabilisation-du-sahel-des-actions-pour-renforcer-la-securite-et-la-resilience-des-populations-dans-la-zone-des-trois-frontieres\",\"name\":\"Comit\u00e9 de Pilotage du Projet Communautaire de Rel\u00e8vement et de Stabilisation du Sahel : Des actions pour renforcer la s\u00e9curit\u00e9 et la r\u00e9silience des populations dans la zone des trois fronti\u00e8res - niger\",\"isPartOf\":{\"@id\":\"https:\/\/www.africa-press.net\/niger\/#website\"},\"primaryImageOfPage\":{\"@id\":\"https:\/\/www.africa-press.net\/niger\/politique\/comite-de-pilotage-du-projet-communautaire-de-relevement-et-de-stabilisation-du-sahel-des-actions-pour-renforcer-la-securite-et-la-resilience-des-populations-dans-la-zone-des-trois-frontieres#primaryimage\"},\"image\":{\"@id\":\"https:\/\/www.africa-press.net\/niger\/politique\/comite-de-pilotage-du-projet-communautaire-de-relevement-et-de-stabilisation-du-sahel-des-actions-pour-renforcer-la-securite-et-la-resilience-des-populations-dans-la-zone-des-trois-frontieres#primaryimage\"},\"thumbnailUrl\":\"https:\/\/static.africa-press.net\/niger\/sites\/40\/2024\/02\/sm_1708700616.135823.jpg\",\"datePublished\":\"2024-02-23T17:41:11+00:00\",\"dateModified\":\"2024-02-23T18:50:20+00:00\",\"author\":{\"@id\":\"https:\/\/www.africa-press.net\/niger\/#\/schema\/person\/2b1cf3cd81a31e3cd26889ca66d677f1\"},\"description\":\"La 3e\u0300me session du comite\u0301 de pilotage du Projet Communautaire de Rele\u0300vement et de Stabilisation du Sahel (PCRSS) est ...\",\"breadcrumb\":{\"@id\":\"https:\/\/www.africa-press.net\/niger\/politique\/comite-de-pilotage-du-projet-communautaire-de-relevement-et-de-stabilisation-du-sahel-des-actions-pour-renforcer-la-securite-et-la-resilience-des-populations-dans-la-zone-des-trois-frontieres#breadcrumb\"},\"inLanguage\":\"fr-FR\",\"potentialAction\":[{\"@type\":\"ReadAction\",\"target\":[\"https:\/\/www.africa-press.net\/niger\/politique\/comite-de-pilotage-du-projet-communautaire-de-relevement-et-de-stabilisation-du-sahel-des-actions-pour-renforcer-la-securite-et-la-resilience-des-populations-dans-la-zone-des-trois-frontieres\"]}]},{\"@type\":\"ImageObject\",\"inLanguage\":\"fr-FR\",\"@id\":\"https:\/\/www.africa-press.net\/niger\/politique\/comite-de-pilotage-du-projet-communautaire-de-relevement-et-de-stabilisation-du-sahel-des-actions-pour-renforcer-la-securite-et-la-resilience-des-populations-dans-la-zone-des-trois-frontieres#primaryimage\",\"url\":\"https:\/\/static.africa-press.net\/niger\/sites\/40\/2024\/02\/sm_1708700616.135823.jpg\",\"contentUrl\":\"https:\/\/static.africa-press.net\/niger\/sites\/40\/2024\/02\/sm_1708700616.135823.jpg\",\"width\":720,\"height\":413,\"caption\":\"Comit\u00e9 de Pilotage du Projet Communautaire de Rel\u00e8vement et de Stabilisation du Sahel : Des actions pour renforcer la s\u00e9curit\u00e9 et la r\u00e9silience des populations dans la zone des trois fronti\u00e8res\"},{\"@type\":\"BreadcrumbList\",\"@id\":\"https:\/\/www.africa-press.net\/niger\/politique\/comite-de-pilotage-du-projet-communautaire-de-relevement-et-de-stabilisation-du-sahel-des-actions-pour-renforcer-la-securite-et-la-resilience-des-populations-dans-la-zone-des-trois-frontieres#breadcrumb\",\"itemListElement\":[{\"@type\":\"ListItem\",\"position\":1,\"name\":\"Accueil\",\"item\":\"https:\/\/www.africa-press.net\/niger\/\"},{\"@type\":\"ListItem\",\"position\":2,\"name\":\"Comit\u00e9 de Pilotage du Projet Communautaire de Rel\u00e8vement et de Stabilisation du Sahel : Des actions pour renforcer la s\u00e9curit\u00e9 et la r\u00e9silience des populations dans la zone des trois fronti\u00e8res\"}]},{\"@type\":\"WebSite\",\"@id\":\"https:\/\/www.africa-press.net\/niger\/#website\",\"url\":\"https:\/\/www.africa-press.net\/niger\/\",\"name\":\"niger\",\"description\":\"Just another Africa News Agency Sites site\",\"potentialAction\":[{\"@type\":\"SearchAction\",\"target\":{\"@type\":\"EntryPoint\",\"urlTemplate\":\"https:\/\/www.africa-press.net\/niger\/?s={search_term_string}\"},\"query-input\":{\"@type\":\"PropertyValueSpecification\",\"valueRequired\":true,\"valueName\":\"search_term_string\"}}],\"inLanguage\":\"fr-FR\"},{\"@type\":\"Person\",\"@id\":\"https:\/\/www.africa-press.net\/niger\/#\/schema\/person\/2b1cf3cd81a31e3cd26889ca66d677f1\",\"name\":\"cfeditorfr\"}]}<\/script>\n<!-- \/ Yoast SEO Premium plugin. -->","yoast_head_json":{"title":"Comit\u00e9 de Pilotage du Projet Communautaire de Rel\u00e8vement et de Stabilisation du Sahel : Des actions pour renforcer la s\u00e9curit\u00e9 et la r\u00e9silience des populations dans la zone des trois fronti\u00e8res - niger","description":"La 3e\u0300me session du comite\u0301 de pilotage du Projet Communautaire de Rele\u0300vement et de Stabilisation du Sahel (PCRSS) est ...","robots":{"index":"index","follow":"follow","max-snippet":"max-snippet:-1","max-image-preview":"max-image-preview:large","max-video-preview":"max-video-preview:-1"},"canonical":"https:\/\/www.africa-press.net\/niger\/politique\/comite-de-pilotage-du-projet-communautaire-de-relevement-et-de-stabilisation-du-sahel-des-actions-pour-renforcer-la-securite-et-la-resilience-des-populations-dans-la-zone-des-trois-frontieres","og_locale":"fr_FR","og_type":"article","og_title":"Comit\u00e9 de Pilotage du Projet Communautaire de Rel\u00e8vement et de Stabilisation du Sahel : Des actions pour renforcer la s\u00e9curit\u00e9 et la r\u00e9silience des populations dans la zone des trois fronti\u00e8res","og_description":"La 3e\u0300me session du comite\u0301 de pilotage du Projet Communautaire de Rele\u0300vement et de Stabilisation du Sahel (PCRSS) est ...","og_url":"https:\/\/www.africa-press.net\/niger\/politique\/comite-de-pilotage-du-projet-communautaire-de-relevement-et-de-stabilisation-du-sahel-des-actions-pour-renforcer-la-securite-et-la-resilience-des-populations-dans-la-zone-des-trois-frontieres","og_site_name":"niger","article_published_time":"2024-02-23T17:41:11+00:00","article_modified_time":"2024-02-23T18:50:20+00:00","og_image":[{"width":720,"height":413,"url":"https:\/\/static.africa-press.net\/niger\/sites\/40\/2024\/02\/sm_1708700616.135823.jpg","type":"image\/jpeg"}],"author":"cfeditorfr","twitter_card":"summary_large_image","twitter_misc":{"\u00c9crit par":"cfeditorfr","Dur\u00e9e de lecture estim\u00e9e":"6 minutes"},"schema":{"@context":"https:\/\/schema.org","@graph":[{"@type":"Article","@id":"https:\/\/www.africa-press.net\/niger\/politique\/comite-de-pilotage-du-projet-communautaire-de-relevement-et-de-stabilisation-du-sahel-des-actions-pour-renforcer-la-securite-et-la-resilience-des-populations-dans-la-zone-des-trois-frontieres#article","isPartOf":{"@id":"https:\/\/www.africa-press.net\/niger\/politique\/comite-de-pilotage-du-projet-communautaire-de-relevement-et-de-stabilisation-du-sahel-des-actions-pour-renforcer-la-securite-et-la-resilience-des-populations-dans-la-zone-des-trois-frontieres"},"author":{"name":"cfeditorfr","@id":"https:\/\/www.africa-press.net\/niger\/#\/schema\/person\/2b1cf3cd81a31e3cd26889ca66d677f1"},"headline":"Comit\u00e9 de Pilotage du Projet Communautaire de Rel\u00e8vement et de Stabilisation du Sahel : Des actions pour renforcer la s\u00e9curit\u00e9 et la r\u00e9silience des populations dans la zone des trois fronti\u00e8res","datePublished":"2024-02-23T17:41:11+00:00","dateModified":"2024-02-23T18:50:20+00:00","mainEntityOfPage":{"@id":"https:\/\/www.africa-press.net\/niger\/politique\/comite-de-pilotage-du-projet-communautaire-de-relevement-et-de-stabilisation-du-sahel-des-actions-pour-renforcer-la-securite-et-la-resilience-des-populations-dans-la-zone-des-trois-frontieres"},"wordCount":1178,"commentCount":0,"image":{"@id":"https:\/\/www.africa-press.net\/niger\/politique\/comite-de-pilotage-du-projet-communautaire-de-relevement-et-de-stabilisation-du-sahel-des-actions-pour-renforcer-la-securite-et-la-resilience-des-populations-dans-la-zone-des-trois-frontieres#primaryimage"},"thumbnailUrl":"https:\/\/static.africa-press.net\/niger\/sites\/40\/2024\/02\/sm_1708700616.135823.jpg","keywords":["Africa Press","Africa Press-Niger","Niger"],"articleSection":["Photo","Politique","Toutes les actualit\u00e9s"],"inLanguage":"fr-FR","potentialAction":[{"@type":"CommentAction","name":"Comment","target":["https:\/\/www.africa-press.net\/niger\/politique\/comite-de-pilotage-du-projet-communautaire-de-relevement-et-de-stabilisation-du-sahel-des-actions-pour-renforcer-la-securite-et-la-resilience-des-populations-dans-la-zone-des-trois-frontieres#respond"]}]},{"@type":"WebPage","@id":"https:\/\/www.africa-press.net\/niger\/politique\/comite-de-pilotage-du-projet-communautaire-de-relevement-et-de-stabilisation-du-sahel-des-actions-pour-renforcer-la-securite-et-la-resilience-des-populations-dans-la-zone-des-trois-frontieres","url":"https:\/\/www.africa-press.net\/niger\/politique\/comite-de-pilotage-du-projet-communautaire-de-relevement-et-de-stabilisation-du-sahel-des-actions-pour-renforcer-la-securite-et-la-resilience-des-populations-dans-la-zone-des-trois-frontieres","name":"Comit\u00e9 de Pilotage du Projet Communautaire de Rel\u00e8vement et de Stabilisation du Sahel : Des actions pour renforcer la s\u00e9curit\u00e9 et la r\u00e9silience des populations dans la zone des trois fronti\u00e8res - niger","isPartOf":{"@id":"https:\/\/www.africa-press.net\/niger\/#website"},"primaryImageOfPage":{"@id":"https:\/\/www.africa-press.net\/niger\/politique\/comite-de-pilotage-du-projet-communautaire-de-relevement-et-de-stabilisation-du-sahel-des-actions-pour-renforcer-la-securite-et-la-resilience-des-populations-dans-la-zone-des-trois-frontieres#primaryimage"},"image":{"@id":"https:\/\/www.africa-press.net\/niger\/politique\/comite-de-pilotage-du-projet-communautaire-de-relevement-et-de-stabilisation-du-sahel-des-actions-pour-renforcer-la-securite-et-la-resilience-des-populations-dans-la-zone-des-trois-frontieres#primaryimage"},"thumbnailUrl":"https:\/\/static.africa-press.net\/niger\/sites\/40\/2024\/02\/sm_1708700616.135823.jpg","datePublished":"2024-02-23T17:41:11+00:00","dateModified":"2024-02-23T18:50:20+00:00","author":{"@id":"https:\/\/www.africa-press.net\/niger\/#\/schema\/person\/2b1cf3cd81a31e3cd26889ca66d677f1"},"description":"La 3e\u0300me session du comite\u0301 de pilotage du Projet Communautaire de Rele\u0300vement et de Stabilisation du Sahel (PCRSS) est ...","breadcrumb":{"@id":"https:\/\/www.africa-press.net\/niger\/politique\/comite-de-pilotage-du-projet-communautaire-de-relevement-et-de-stabilisation-du-sahel-des-actions-pour-renforcer-la-securite-et-la-resilience-des-populations-dans-la-zone-des-trois-frontieres#breadcrumb"},"inLanguage":"fr-FR","potentialAction":[{"@type":"ReadAction","target":["https:\/\/www.africa-press.net\/niger\/politique\/comite-de-pilotage-du-projet-communautaire-de-relevement-et-de-stabilisation-du-sahel-des-actions-pour-renforcer-la-securite-et-la-resilience-des-populations-dans-la-zone-des-trois-frontieres"]}]},{"@type":"ImageObject","inLanguage":"fr-FR","@id":"https:\/\/www.africa-press.net\/niger\/politique\/comite-de-pilotage-du-projet-communautaire-de-relevement-et-de-stabilisation-du-sahel-des-actions-pour-renforcer-la-securite-et-la-resilience-des-populations-dans-la-zone-des-trois-frontieres#primaryimage","url":"https:\/\/static.africa-press.net\/niger\/sites\/40\/2024\/02\/sm_1708700616.135823.jpg","contentUrl":"https:\/\/static.africa-press.net\/niger\/sites\/40\/2024\/02\/sm_1708700616.135823.jpg","width":720,"height":413,"caption":"Comit\u00e9 de Pilotage du Projet Communautaire de Rel\u00e8vement et de Stabilisation du Sahel : Des actions pour renforcer la s\u00e9curit\u00e9 et la r\u00e9silience des populations dans la zone des trois fronti\u00e8res"},{"@type":"BreadcrumbList","@id":"https:\/\/www.africa-press.net\/niger\/politique\/comite-de-pilotage-du-projet-communautaire-de-relevement-et-de-stabilisation-du-sahel-des-actions-pour-renforcer-la-securite-et-la-resilience-des-populations-dans-la-zone-des-trois-frontieres#breadcrumb","itemListElement":[{"@type":"ListItem","position":1,"name":"Accueil","item":"https:\/\/www.africa-press.net\/niger\/"},{"@type":"ListItem","position":2,"name":"Comit\u00e9 de Pilotage du Projet Communautaire de Rel\u00e8vement et de Stabilisation du Sahel : Des actions pour renforcer la s\u00e9curit\u00e9 et la r\u00e9silience des populations dans la zone des trois fronti\u00e8res"}]},{"@type":"WebSite","@id":"https:\/\/www.africa-press.net\/niger\/#website","url":"https:\/\/www.africa-press.net\/niger\/","name":"niger","description":"Just another Africa News Agency Sites site","potentialAction":[{"@type":"SearchAction","target":{"@type":"EntryPoint","urlTemplate":"https:\/\/www.africa-press.net\/niger\/?s={search_term_string}"},"query-input":{"@type":"PropertyValueSpecification","valueRequired":true,"valueName":"search_term_string"}}],"inLanguage":"fr-FR"},{"@type":"Person","@id":"https:\/\/www.africa-press.net\/niger\/#\/schema\/person\/2b1cf3cd81a31e3cd26889ca66d677f1","name":"cfeditorfr"}]}},"_links":{"self":[{"href":"https:\/\/www.africa-press.net\/niger\/wp-json\/wp\/v2\/posts\/59033","targetHints":{"allow":["GET"]}}],"collection":[{"href":"https:\/\/www.africa-press.net\/niger\/wp-json\/wp\/v2\/posts"}],"about":[{"href":"https:\/\/www.africa-press.net\/niger\/wp-json\/wp\/v2\/types\/post"}],"author":[{"embeddable":true,"href":"https:\/\/www.africa-press.net\/niger\/wp-json\/wp\/v2\/users\/82"}],"replies":[{"embeddable":true,"href":"https:\/\/www.africa-press.net\/niger\/wp-json\/wp\/v2\/comments?post=59033"}],"version-history":[{"count":0,"href":"https:\/\/www.africa-press.net\/niger\/wp-json\/wp\/v2\/posts\/59033\/revisions"}],"wp:featuredmedia":[{"embeddable":true,"href":"https:\/\/www.africa-press.net\/niger\/wp-json\/wp\/v2\/media\/59032"}],"wp:attachment":[{"href":"https:\/\/www.africa-press.net\/niger\/wp-json\/wp\/v2\/media?parent=59033"}],"wp:term":[{"taxonomy":"category","embeddable":true,"href":"https:\/\/www.africa-press.net\/niger\/wp-json\/wp\/v2\/categories?post=59033"},{"taxonomy":"post_tag","embeddable":true,"href":"https:\/\/www.africa-press.net\/niger\/wp-json\/wp\/v2\/tags?post=59033"}],"curies":[{"name":"wp","href":"https:\/\/api.w.org\/{rel}","templated":true}]}}