{"id":59041,"date":"2024-02-23T17:40:35","date_gmt":"2024-02-23T17:40:35","guid":{"rendered":"https:\/\/www.africa-press.net\/niger\/politique\/au-ministere-en-charge-de-la-sante-publique-dr-anya-blanche-recoit-un-temoignage-de-satisfaction-en-guise-de-reconnaissance-du-pays"},"modified":"2024-02-23T18:54:35","modified_gmt":"2024-02-23T18:54:35","slug":"au-ministere-en-charge-de-la-sante-publique-dr-anya-blanche-recoit-un-temoignage-de-satisfaction-en-guise-de-reconnaissance-du-pays","status":"publish","type":"post","link":"https:\/\/www.africa-press.net\/niger\/toutes-les-actualites\/au-ministere-en-charge-de-la-sante-publique-dr-anya-blanche-recoit-un-temoignage-de-satisfaction-en-guise-de-reconnaissance-du-pays","title":{"rendered":"Au Minist\u00e8re en charge de la Sant\u00e9 Publique : Dr Anya Blanche re\u00e7oit un t\u00e9moignage de satisfaction en guise de reconnaissance du pays"},"content":{"rendered":"<p><span style=\"color: #ff6600\"><strong>Africa-Press &#8211; Niger. <\/strong><\/span><b>Apre\u0300s cinq (5) anne\u0301es passe\u0301es au Niger entant que Repre\u0301sentante Re\u0301sidente de l\u2019Organisation Mondiale de la Sante\u0301, Dr. Anya Blanche quitte notre pays pour le Tchad. A cette occasion, le Ministe\u0300re de la Sante\u0301 Publique, de la Population et des Affaires Sociales a de\u0301cerne\u0301 un te\u0301moignage de satisfaction a\u0300 cette dernie\u0300re ainsi qu\u2019a\u0300 trois autres responsables de l\u2019OMS. C\u2019est le ministre en charge de la Sante\u0301 Publique, Me\u0301decin Colonel Major Garba Hakimi qui a pre\u0301side\u0301 cette ce\u0301re\u0301monie qui s\u2019est de\u0301roule\u0301e hier, mercredi 21 fe\u0301vrier 2024, dans la grande salle dudit Ministe\u0300re.<\/b><\/p>\n<p>A cette occasion, le ministre en charge de la Sante\u0301 Publique a d\u2019abord appre\u0301cie\u0301 le ro\u0302le crucial que la repre\u0301sentante re\u0301sidente de l\u2019OMS a joue\u0301 dans la lutte contre les de\u0301fis de sante\u0301 publique ainsi que les liens solides et durables qu\u2019elle a tisse\u0301 au sein de la communaute\u0301 nige\u0301rienne. Son expertise, ses conseils avise\u0301s et son engagement ine\u0301branlable ont contribue\u0301 a\u0300 orienter les politiques du Ministe\u0300re et ses actions, garantissant ainsi les besoins des citoyens nige\u0301riens en matie\u0300re de sante\u0301. Le Niger est donc fier des re\u0301sultats atteints avec la pre\u0301cieuse contribution de Dr Anya Blanche et s\u2019honore des marques inde\u0301le\u0301biles qu\u2019elle a laisse\u0301es au moment ou\u0300 prend fin sa mission. Le Me\u0301decin Colonel Major Garba Hakimi a aussi salue\u0301 les contributions de\u0301cisives de cette dernie\u0300re aux performances des services de sante\u0301 du Niger dans la re\u0301ponse a\u0300 la COVID-19. L\u2019OMS, a\u0300 travers sa repre\u0301sentante re\u0301sidente, a e\u0301te\u0301 aux co\u0302te\u0301s des autorite\u0301s nige\u0301riennes depuis la de\u0301claration de cette pande\u0301mie pour rassurer les populations et surtout les prote\u0301ger avec des mesures souvent contraignantes.<\/p>\n<p>Le ministre en charge de la Sante\u0301 Publique a en outre rendu un hommage me\u0301rite\u0301 a\u0300 cette brave dame qui a e\u0301te\u0301 sur tous les fronts pour la communication, la recherche et la mise en \u0153uvre des solutions innovantes telles que le digital, la the\u0301rapie et la vaccination. \u00ab L\u2019on se souviendra toujours de vos efforts et de votre leadership \u00bb, a-t-il affirme\u0301. \u00ab Au-dela\u0300 de ses re\u0301alisations professionnelles, elle a e\u0301te\u0301 un membre pre\u0301cieux de notre communaute\u0301. Sa gentillesse, sa chaleur humaine et sa volonte\u0301 de travailler en partenariat, ont e\u0301te\u0301 une source d\u2019inspiration pour nous tous \u00bb, a-t-il fait savoir. Elle a su tisser des liens e\u0301troits avec les acteurs locaux, les responsables administratifs, politiques et la population, cre\u0301ant ainsi un environnement propice a\u0300 la collaboration et a\u0300 la confiance mutuelle. Le Me\u0301decin Colonel Major Garba Hakimi a enfin exprime\u0301 la reconnaissance et la gratitude du Niger a\u0300 l\u2019endroit de la repre\u0301sentante re\u0301sidente de l\u2019OMS en fin de mission au Niger pour son appui technique e\u0301claire\u0301 et sa vision de la sante\u0301 publique qui ont permis aux acteurs implique\u0301s de renforcer leurs capacite\u0301s de surveillance et de re\u0301ponse aux maladies, et ame\u0301liorer l\u2019acce\u0300s aux soins de sante\u0301 primaires pour tous les concitoyens.<\/p>\n<p>Pour sa part, la repre\u0301sentante re\u0301sidente de l\u2019OMS en fin de mission au Niger, Dr Anya Blanche a souligne\u0301 que cette expe\u0301rience professionnelle tre\u0300s riche a e\u0301te\u0301 bien plus qu\u2019un simple travail, c\u2019e\u0301tait une aventure merveilleuse qui lui a permis non seulement de croitre professionnellement, mais surtout de tisser des liens avec des personnes exceptionnelles a\u0300 Niamey et dans les re\u0301gions. \u00ab J\u2019ai ve\u0301cu l\u2019hospitalite\u0301, la chaleur et la simplicite\u0301 du peuple nige\u0301rien. Les descentes sur le terrain dans les diffe\u0301rentes re\u0301gions du Niger resteront grave\u0301es dans ma me\u0301moire, car, j\u2019ai eu la chance de rencontrer diverses couches de la population, des communaute\u0301s chaleureuses, des agents de sante\u0301 de\u0301voue\u0301s et des autorite\u0301s administratives, traditionnelles et coutumie\u0300res engage\u0301es \u00bb, a-t-elle rappele\u0301. Ainsi, chaque mission de terrain, dit-elle renforc\u0327ait sa de\u0301termination a\u0300 contribuer davantage a\u0300 ame\u0301liorer l\u2019acce\u0300s aux services de sante\u0301 pour les populations les plus vulne\u0301rables.<\/p>\n<p>&nbsp;<\/p>\n<p><strong>Pour plus d&rsquo;informations et d&rsquo;analyses sur la <a href=\"https:\/\/www.africa-press.net\/niger\">Niger<\/a>, suivez <a href=\"https:\/\/www.africa-press.net\/\">Africa-Press<\/a><\/strong><\/p>\n","protected":false},"excerpt":{"rendered":"<p>Africa-Press &#8211; Niger. Apre\u0300s cinq (5) anne\u0301es passe\u0301es au Niger entant que Repre\u0301sentante Re\u0301sidente de l\u2019Organisation Mondiale de la Sante\u0301, Dr. Anya Blanche quitte notre pays pour le Tchad. A cette occasion, le Ministe\u0300re de la Sante\u0301 Publique, de la Population et des Affaires Sociales a de\u0301cerne\u0301 un te\u0301moignage de satisfaction a\u0300 cette dernie\u0300re ainsi [&hellip;]<\/p>\n","protected":false},"author":82,"featured_media":59040,"comment_status":"open","ping_status":"closed","sticky":false,"template":"","format":"standard","meta":{"footnotes":""},"categories":[21,10],"tags":[55,60,29],"class_list":["post-59041","post","type-post","status-publish","format-standard","has-post-thumbnail","hentry","category-communaute","category-toutes-les-actualites","tag-africa-press","tag-africa-press-niger","tag-niger"],"yoast_head":"<!-- This site is optimized with the Yoast SEO Premium plugin v26.1 (Yoast SEO v27.0) - https:\/\/yoast.com\/product\/yoast-seo-premium-wordpress\/ -->\n<title>Au Minist\u00e8re en charge de la Sant\u00e9 Publique : Dr Anya Blanche re\u00e7oit un t\u00e9moignage de satisfaction en guise de reconnaissance du pays - niger<\/title>\n<meta name=\"description\" content=\"Apre\u0300s cinq (5) anne\u0301es passe\u0301es au Niger entant que Repre\u0301sentante Re\u0301sidente de l\u2019Organisation Mondiale de la Sante ...\" \/>\n<meta name=\"robots\" content=\"index, follow, max-snippet:-1, max-image-preview:large, max-video-preview:-1\" \/>\n<link rel=\"canonical\" href=\"https:\/\/www.africa-press.net\/niger\/toutes-les-actualites\/au-ministere-en-charge-de-la-sante-publique-dr-anya-blanche-recoit-un-temoignage-de-satisfaction-en-guise-de-reconnaissance-du-pays\" \/>\n<meta property=\"og:locale\" content=\"fr_FR\" \/>\n<meta property=\"og:type\" content=\"article\" \/>\n<meta property=\"og:title\" content=\"Au Minist\u00e8re en charge de la Sant\u00e9 Publique : Dr Anya Blanche re\u00e7oit un t\u00e9moignage de satisfaction en guise de reconnaissance du pays\" \/>\n<meta property=\"og:description\" content=\"Apre\u0300s cinq (5) anne\u0301es passe\u0301es au Niger entant que Repre\u0301sentante Re\u0301sidente de l\u2019Organisation Mondiale de la Sante ...\" \/>\n<meta property=\"og:url\" content=\"https:\/\/www.africa-press.net\/niger\/toutes-les-actualites\/au-ministere-en-charge-de-la-sante-publique-dr-anya-blanche-recoit-un-temoignage-de-satisfaction-en-guise-de-reconnaissance-du-pays\" \/>\n<meta property=\"og:site_name\" content=\"niger\" \/>\n<meta property=\"article:published_time\" content=\"2024-02-23T17:40:35+00:00\" \/>\n<meta property=\"article:modified_time\" content=\"2024-02-23T18:54:35+00:00\" \/>\n<meta property=\"og:image\" content=\"https:\/\/static.africa-press.net\/niger\/sites\/40\/2024\/02\/sm_1708701450.226795.jpg\" \/>\n\t<meta property=\"og:image:width\" content=\"800\" \/>\n\t<meta property=\"og:image:height\" content=\"533\" \/>\n\t<meta property=\"og:image:type\" content=\"image\/jpeg\" \/>\n<meta name=\"author\" content=\"cfeditorfr\" \/>\n<meta name=\"twitter:card\" content=\"summary_large_image\" \/>\n<meta name=\"twitter:label1\" content=\"\u00c9crit par\" \/>\n\t<meta name=\"twitter:data1\" content=\"cfeditorfr\" \/>\n\t<meta name=\"twitter:label2\" content=\"Dur\u00e9e de lecture estim\u00e9e\" \/>\n\t<meta name=\"twitter:data2\" content=\"4 minutes\" \/>\n<script type=\"application\/ld+json\" class=\"yoast-schema-graph\">{\"@context\":\"https:\/\/schema.org\",\"@graph\":[{\"@type\":\"Article\",\"@id\":\"https:\/\/www.africa-press.net\/niger\/toutes-les-actualites\/au-ministere-en-charge-de-la-sante-publique-dr-anya-blanche-recoit-un-temoignage-de-satisfaction-en-guise-de-reconnaissance-du-pays#article\",\"isPartOf\":{\"@id\":\"https:\/\/www.africa-press.net\/niger\/toutes-les-actualites\/au-ministere-en-charge-de-la-sante-publique-dr-anya-blanche-recoit-un-temoignage-de-satisfaction-en-guise-de-reconnaissance-du-pays\"},\"author\":{\"name\":\"cfeditorfr\",\"@id\":\"https:\/\/www.africa-press.net\/niger\/#\/schema\/person\/2b1cf3cd81a31e3cd26889ca66d677f1\"},\"headline\":\"Au Minist\u00e8re en charge de la Sant\u00e9 Publique : Dr Anya Blanche re\u00e7oit un t\u00e9moignage de satisfaction en guise de reconnaissance du pays\",\"datePublished\":\"2024-02-23T17:40:35+00:00\",\"dateModified\":\"2024-02-23T18:54:35+00:00\",\"mainEntityOfPage\":{\"@id\":\"https:\/\/www.africa-press.net\/niger\/toutes-les-actualites\/au-ministere-en-charge-de-la-sante-publique-dr-anya-blanche-recoit-un-temoignage-de-satisfaction-en-guise-de-reconnaissance-du-pays\"},\"wordCount\":757,\"commentCount\":0,\"image\":{\"@id\":\"https:\/\/www.africa-press.net\/niger\/toutes-les-actualites\/au-ministere-en-charge-de-la-sante-publique-dr-anya-blanche-recoit-un-temoignage-de-satisfaction-en-guise-de-reconnaissance-du-pays#primaryimage\"},\"thumbnailUrl\":\"https:\/\/static.africa-press.net\/niger\/sites\/40\/2024\/02\/sm_1708701450.226795.jpg\",\"keywords\":[\"Africa Press\",\"Africa Press-Niger\",\"Niger\"],\"articleSection\":[\"Communaut\u00e9\",\"Toutes les actualit\u00e9s\"],\"inLanguage\":\"fr-FR\",\"potentialAction\":[{\"@type\":\"CommentAction\",\"name\":\"Comment\",\"target\":[\"https:\/\/www.africa-press.net\/niger\/toutes-les-actualites\/au-ministere-en-charge-de-la-sante-publique-dr-anya-blanche-recoit-un-temoignage-de-satisfaction-en-guise-de-reconnaissance-du-pays#respond\"]}]},{\"@type\":\"WebPage\",\"@id\":\"https:\/\/www.africa-press.net\/niger\/toutes-les-actualites\/au-ministere-en-charge-de-la-sante-publique-dr-anya-blanche-recoit-un-temoignage-de-satisfaction-en-guise-de-reconnaissance-du-pays\",\"url\":\"https:\/\/www.africa-press.net\/niger\/toutes-les-actualites\/au-ministere-en-charge-de-la-sante-publique-dr-anya-blanche-recoit-un-temoignage-de-satisfaction-en-guise-de-reconnaissance-du-pays\",\"name\":\"Au Minist\u00e8re en charge de la Sant\u00e9 Publique : Dr Anya Blanche re\u00e7oit un t\u00e9moignage de satisfaction en guise de reconnaissance du pays - niger\",\"isPartOf\":{\"@id\":\"https:\/\/www.africa-press.net\/niger\/#website\"},\"primaryImageOfPage\":{\"@id\":\"https:\/\/www.africa-press.net\/niger\/toutes-les-actualites\/au-ministere-en-charge-de-la-sante-publique-dr-anya-blanche-recoit-un-temoignage-de-satisfaction-en-guise-de-reconnaissance-du-pays#primaryimage\"},\"image\":{\"@id\":\"https:\/\/www.africa-press.net\/niger\/toutes-les-actualites\/au-ministere-en-charge-de-la-sante-publique-dr-anya-blanche-recoit-un-temoignage-de-satisfaction-en-guise-de-reconnaissance-du-pays#primaryimage\"},\"thumbnailUrl\":\"https:\/\/static.africa-press.net\/niger\/sites\/40\/2024\/02\/sm_1708701450.226795.jpg\",\"datePublished\":\"2024-02-23T17:40:35+00:00\",\"dateModified\":\"2024-02-23T18:54:35+00:00\",\"author\":{\"@id\":\"https:\/\/www.africa-press.net\/niger\/#\/schema\/person\/2b1cf3cd81a31e3cd26889ca66d677f1\"},\"description\":\"Apre\u0300s cinq (5) anne\u0301es passe\u0301es au Niger entant que Repre\u0301sentante Re\u0301sidente de l\u2019Organisation Mondiale de la Sante ...\",\"breadcrumb\":{\"@id\":\"https:\/\/www.africa-press.net\/niger\/toutes-les-actualites\/au-ministere-en-charge-de-la-sante-publique-dr-anya-blanche-recoit-un-temoignage-de-satisfaction-en-guise-de-reconnaissance-du-pays#breadcrumb\"},\"inLanguage\":\"fr-FR\",\"potentialAction\":[{\"@type\":\"ReadAction\",\"target\":[\"https:\/\/www.africa-press.net\/niger\/toutes-les-actualites\/au-ministere-en-charge-de-la-sante-publique-dr-anya-blanche-recoit-un-temoignage-de-satisfaction-en-guise-de-reconnaissance-du-pays\"]}]},{\"@type\":\"ImageObject\",\"inLanguage\":\"fr-FR\",\"@id\":\"https:\/\/www.africa-press.net\/niger\/toutes-les-actualites\/au-ministere-en-charge-de-la-sante-publique-dr-anya-blanche-recoit-un-temoignage-de-satisfaction-en-guise-de-reconnaissance-du-pays#primaryimage\",\"url\":\"https:\/\/static.africa-press.net\/niger\/sites\/40\/2024\/02\/sm_1708701450.226795.jpg\",\"contentUrl\":\"https:\/\/static.africa-press.net\/niger\/sites\/40\/2024\/02\/sm_1708701450.226795.jpg\",\"width\":800,\"height\":533,\"caption\":\"Au Minist\u00e8re en charge de la Sant\u00e9 Publique : Dr Anya Blanche re\u00e7oit un t\u00e9moignage de satisfaction en guise de reconnaissance du pays\"},{\"@type\":\"BreadcrumbList\",\"@id\":\"https:\/\/www.africa-press.net\/niger\/toutes-les-actualites\/au-ministere-en-charge-de-la-sante-publique-dr-anya-blanche-recoit-un-temoignage-de-satisfaction-en-guise-de-reconnaissance-du-pays#breadcrumb\",\"itemListElement\":[{\"@type\":\"ListItem\",\"position\":1,\"name\":\"Accueil\",\"item\":\"https:\/\/www.africa-press.net\/niger\/\"},{\"@type\":\"ListItem\",\"position\":2,\"name\":\"Au Minist\u00e8re en charge de la Sant\u00e9 Publique : Dr Anya Blanche re\u00e7oit un t\u00e9moignage de satisfaction en guise de reconnaissance du pays\"}]},{\"@type\":\"WebSite\",\"@id\":\"https:\/\/www.africa-press.net\/niger\/#website\",\"url\":\"https:\/\/www.africa-press.net\/niger\/\",\"name\":\"niger\",\"description\":\"Just another Africa News Agency Sites site\",\"potentialAction\":[{\"@type\":\"SearchAction\",\"target\":{\"@type\":\"EntryPoint\",\"urlTemplate\":\"https:\/\/www.africa-press.net\/niger\/?s={search_term_string}\"},\"query-input\":{\"@type\":\"PropertyValueSpecification\",\"valueRequired\":true,\"valueName\":\"search_term_string\"}}],\"inLanguage\":\"fr-FR\"},{\"@type\":\"Person\",\"@id\":\"https:\/\/www.africa-press.net\/niger\/#\/schema\/person\/2b1cf3cd81a31e3cd26889ca66d677f1\",\"name\":\"cfeditorfr\"}]}<\/script>\n<!-- \/ Yoast SEO Premium plugin. -->","yoast_head_json":{"title":"Au Minist\u00e8re en charge de la Sant\u00e9 Publique : Dr Anya Blanche re\u00e7oit un t\u00e9moignage de satisfaction en guise de reconnaissance du pays - niger","description":"Apre\u0300s cinq (5) anne\u0301es passe\u0301es au Niger entant que Repre\u0301sentante Re\u0301sidente de l\u2019Organisation Mondiale de la Sante ...","robots":{"index":"index","follow":"follow","max-snippet":"max-snippet:-1","max-image-preview":"max-image-preview:large","max-video-preview":"max-video-preview:-1"},"canonical":"https:\/\/www.africa-press.net\/niger\/toutes-les-actualites\/au-ministere-en-charge-de-la-sante-publique-dr-anya-blanche-recoit-un-temoignage-de-satisfaction-en-guise-de-reconnaissance-du-pays","og_locale":"fr_FR","og_type":"article","og_title":"Au Minist\u00e8re en charge de la Sant\u00e9 Publique : Dr Anya Blanche re\u00e7oit un t\u00e9moignage de satisfaction en guise de reconnaissance du pays","og_description":"Apre\u0300s cinq (5) anne\u0301es passe\u0301es au Niger entant que Repre\u0301sentante Re\u0301sidente de l\u2019Organisation Mondiale de la Sante ...","og_url":"https:\/\/www.africa-press.net\/niger\/toutes-les-actualites\/au-ministere-en-charge-de-la-sante-publique-dr-anya-blanche-recoit-un-temoignage-de-satisfaction-en-guise-de-reconnaissance-du-pays","og_site_name":"niger","article_published_time":"2024-02-23T17:40:35+00:00","article_modified_time":"2024-02-23T18:54:35+00:00","og_image":[{"width":800,"height":533,"url":"https:\/\/static.africa-press.net\/niger\/sites\/40\/2024\/02\/sm_1708701450.226795.jpg","type":"image\/jpeg"}],"author":"cfeditorfr","twitter_card":"summary_large_image","twitter_misc":{"\u00c9crit par":"cfeditorfr","Dur\u00e9e de lecture estim\u00e9e":"4 minutes"},"schema":{"@context":"https:\/\/schema.org","@graph":[{"@type":"Article","@id":"https:\/\/www.africa-press.net\/niger\/toutes-les-actualites\/au-ministere-en-charge-de-la-sante-publique-dr-anya-blanche-recoit-un-temoignage-de-satisfaction-en-guise-de-reconnaissance-du-pays#article","isPartOf":{"@id":"https:\/\/www.africa-press.net\/niger\/toutes-les-actualites\/au-ministere-en-charge-de-la-sante-publique-dr-anya-blanche-recoit-un-temoignage-de-satisfaction-en-guise-de-reconnaissance-du-pays"},"author":{"name":"cfeditorfr","@id":"https:\/\/www.africa-press.net\/niger\/#\/schema\/person\/2b1cf3cd81a31e3cd26889ca66d677f1"},"headline":"Au Minist\u00e8re en charge de la Sant\u00e9 Publique : Dr Anya Blanche re\u00e7oit un t\u00e9moignage de satisfaction en guise de reconnaissance du pays","datePublished":"2024-02-23T17:40:35+00:00","dateModified":"2024-02-23T18:54:35+00:00","mainEntityOfPage":{"@id":"https:\/\/www.africa-press.net\/niger\/toutes-les-actualites\/au-ministere-en-charge-de-la-sante-publique-dr-anya-blanche-recoit-un-temoignage-de-satisfaction-en-guise-de-reconnaissance-du-pays"},"wordCount":757,"commentCount":0,"image":{"@id":"https:\/\/www.africa-press.net\/niger\/toutes-les-actualites\/au-ministere-en-charge-de-la-sante-publique-dr-anya-blanche-recoit-un-temoignage-de-satisfaction-en-guise-de-reconnaissance-du-pays#primaryimage"},"thumbnailUrl":"https:\/\/static.africa-press.net\/niger\/sites\/40\/2024\/02\/sm_1708701450.226795.jpg","keywords":["Africa Press","Africa Press-Niger","Niger"],"articleSection":["Communaut\u00e9","Toutes les actualit\u00e9s"],"inLanguage":"fr-FR","potentialAction":[{"@type":"CommentAction","name":"Comment","target":["https:\/\/www.africa-press.net\/niger\/toutes-les-actualites\/au-ministere-en-charge-de-la-sante-publique-dr-anya-blanche-recoit-un-temoignage-de-satisfaction-en-guise-de-reconnaissance-du-pays#respond"]}]},{"@type":"WebPage","@id":"https:\/\/www.africa-press.net\/niger\/toutes-les-actualites\/au-ministere-en-charge-de-la-sante-publique-dr-anya-blanche-recoit-un-temoignage-de-satisfaction-en-guise-de-reconnaissance-du-pays","url":"https:\/\/www.africa-press.net\/niger\/toutes-les-actualites\/au-ministere-en-charge-de-la-sante-publique-dr-anya-blanche-recoit-un-temoignage-de-satisfaction-en-guise-de-reconnaissance-du-pays","name":"Au Minist\u00e8re en charge de la Sant\u00e9 Publique : Dr Anya Blanche re\u00e7oit un t\u00e9moignage de satisfaction en guise de reconnaissance du pays - niger","isPartOf":{"@id":"https:\/\/www.africa-press.net\/niger\/#website"},"primaryImageOfPage":{"@id":"https:\/\/www.africa-press.net\/niger\/toutes-les-actualites\/au-ministere-en-charge-de-la-sante-publique-dr-anya-blanche-recoit-un-temoignage-de-satisfaction-en-guise-de-reconnaissance-du-pays#primaryimage"},"image":{"@id":"https:\/\/www.africa-press.net\/niger\/toutes-les-actualites\/au-ministere-en-charge-de-la-sante-publique-dr-anya-blanche-recoit-un-temoignage-de-satisfaction-en-guise-de-reconnaissance-du-pays#primaryimage"},"thumbnailUrl":"https:\/\/static.africa-press.net\/niger\/sites\/40\/2024\/02\/sm_1708701450.226795.jpg","datePublished":"2024-02-23T17:40:35+00:00","dateModified":"2024-02-23T18:54:35+00:00","author":{"@id":"https:\/\/www.africa-press.net\/niger\/#\/schema\/person\/2b1cf3cd81a31e3cd26889ca66d677f1"},"description":"Apre\u0300s cinq (5) anne\u0301es passe\u0301es au Niger entant que Repre\u0301sentante Re\u0301sidente de l\u2019Organisation Mondiale de la Sante ...","breadcrumb":{"@id":"https:\/\/www.africa-press.net\/niger\/toutes-les-actualites\/au-ministere-en-charge-de-la-sante-publique-dr-anya-blanche-recoit-un-temoignage-de-satisfaction-en-guise-de-reconnaissance-du-pays#breadcrumb"},"inLanguage":"fr-FR","potentialAction":[{"@type":"ReadAction","target":["https:\/\/www.africa-press.net\/niger\/toutes-les-actualites\/au-ministere-en-charge-de-la-sante-publique-dr-anya-blanche-recoit-un-temoignage-de-satisfaction-en-guise-de-reconnaissance-du-pays"]}]},{"@type":"ImageObject","inLanguage":"fr-FR","@id":"https:\/\/www.africa-press.net\/niger\/toutes-les-actualites\/au-ministere-en-charge-de-la-sante-publique-dr-anya-blanche-recoit-un-temoignage-de-satisfaction-en-guise-de-reconnaissance-du-pays#primaryimage","url":"https:\/\/static.africa-press.net\/niger\/sites\/40\/2024\/02\/sm_1708701450.226795.jpg","contentUrl":"https:\/\/static.africa-press.net\/niger\/sites\/40\/2024\/02\/sm_1708701450.226795.jpg","width":800,"height":533,"caption":"Au Minist\u00e8re en charge de la Sant\u00e9 Publique : Dr Anya Blanche re\u00e7oit un t\u00e9moignage de satisfaction en guise de reconnaissance du pays"},{"@type":"BreadcrumbList","@id":"https:\/\/www.africa-press.net\/niger\/toutes-les-actualites\/au-ministere-en-charge-de-la-sante-publique-dr-anya-blanche-recoit-un-temoignage-de-satisfaction-en-guise-de-reconnaissance-du-pays#breadcrumb","itemListElement":[{"@type":"ListItem","position":1,"name":"Accueil","item":"https:\/\/www.africa-press.net\/niger\/"},{"@type":"ListItem","position":2,"name":"Au Minist\u00e8re en charge de la Sant\u00e9 Publique : Dr Anya Blanche re\u00e7oit un t\u00e9moignage de satisfaction en guise de reconnaissance du pays"}]},{"@type":"WebSite","@id":"https:\/\/www.africa-press.net\/niger\/#website","url":"https:\/\/www.africa-press.net\/niger\/","name":"niger","description":"Just another Africa News Agency Sites site","potentialAction":[{"@type":"SearchAction","target":{"@type":"EntryPoint","urlTemplate":"https:\/\/www.africa-press.net\/niger\/?s={search_term_string}"},"query-input":{"@type":"PropertyValueSpecification","valueRequired":true,"valueName":"search_term_string"}}],"inLanguage":"fr-FR"},{"@type":"Person","@id":"https:\/\/www.africa-press.net\/niger\/#\/schema\/person\/2b1cf3cd81a31e3cd26889ca66d677f1","name":"cfeditorfr"}]}},"_links":{"self":[{"href":"https:\/\/www.africa-press.net\/niger\/wp-json\/wp\/v2\/posts\/59041","targetHints":{"allow":["GET"]}}],"collection":[{"href":"https:\/\/www.africa-press.net\/niger\/wp-json\/wp\/v2\/posts"}],"about":[{"href":"https:\/\/www.africa-press.net\/niger\/wp-json\/wp\/v2\/types\/post"}],"author":[{"embeddable":true,"href":"https:\/\/www.africa-press.net\/niger\/wp-json\/wp\/v2\/users\/82"}],"replies":[{"embeddable":true,"href":"https:\/\/www.africa-press.net\/niger\/wp-json\/wp\/v2\/comments?post=59041"}],"version-history":[{"count":0,"href":"https:\/\/www.africa-press.net\/niger\/wp-json\/wp\/v2\/posts\/59041\/revisions"}],"wp:featuredmedia":[{"embeddable":true,"href":"https:\/\/www.africa-press.net\/niger\/wp-json\/wp\/v2\/media\/59040"}],"wp:attachment":[{"href":"https:\/\/www.africa-press.net\/niger\/wp-json\/wp\/v2\/media?parent=59041"}],"wp:term":[{"taxonomy":"category","embeddable":true,"href":"https:\/\/www.africa-press.net\/niger\/wp-json\/wp\/v2\/categories?post=59041"},{"taxonomy":"post_tag","embeddable":true,"href":"https:\/\/www.africa-press.net\/niger\/wp-json\/wp\/v2\/tags?post=59041"}],"curies":[{"name":"wp","href":"https:\/\/api.w.org\/{rel}","templated":true}]}}