{"id":59065,"date":"2024-02-24T17:02:25","date_gmt":"2024-02-24T17:02:25","guid":{"rendered":"https:\/\/www.africa-press.net\/niger\/politique\/cedeao-un-sommet-extraordinaire-sur-le-retrait-du-burkina-du-mali-et-du-niger"},"modified":"2024-02-24T17:49:27","modified_gmt":"2024-02-24T17:49:27","slug":"cedeao-un-sommet-extraordinaire-sur-le-retrait-du-burkina-du-mali-et-du-niger","status":"publish","type":"post","link":"https:\/\/www.africa-press.net\/niger\/politique\/cedeao-un-sommet-extraordinaire-sur-le-retrait-du-burkina-du-mali-et-du-niger","title":{"rendered":"CEDEAO : Un sommet extraordinaire sur le retrait du Burkina, du Mali et du Niger"},"content":{"rendered":"<p><span style=\"color: #ff6600\"><strong>Africa-Press &#8211; Niger. <\/strong><\/span><b>Le moins que l\u2019on puisse dire, c\u2019est que les lignes bougent des deux co\u0302te\u0301s, a\u0300 la CEDEAO comme a\u0300 l\u2019 Alliance des E\u0301tats du Sahel (AES), cette dernie\u0300re se voulant une re\u0301ponse a\u0300 la le\u0301thargie suppose\u0301e ou ave\u0301re\u0301e de la premie\u0300re face aux de\u0301fis de l\u2019heure. Tant les rencontres du trio se succe\u0300dent a\u0300 Ouagadougou, Bamako et Niamey, tant a\u0300 Abuja (sie\u0300ge de la CEDEAO), c\u0327a se faufile dans les couloirs. <\/b><\/p>\n<p>Les chefs d\u2019E\u0301tat sont attendus ce samedi 24 fe\u0301vrier 2024 a\u0300 Abuja, au Nigeria, pour un sommet extraordinaire de la Communaute\u0301 E\u0301conomique des E\u0301tats de l\u2019Afrique de l\u2019Ouest (CEDEAO). Il a a\u0300 son ordre du jour, selon les informations, l\u2019examen du retrait annonce\u0301 par le Mali, le Burkina Faso et le Niger de la CEDEAO. Les chefs d\u2019E\u0301tat discuteront donc sur les implications et les e\u0301ventuelles mesures a\u0300 prendre en re\u0301ponse a\u0300 cette annonce de retrait.<\/p>\n<p>De fac\u0327on e\u0301largie, il s\u2019agira de plancher sur les crises politiques dans la sous-re\u0301gion (dont, su\u0302rement, l\u2019actualite\u0301 au Se\u0301ne\u0301gal et en Guine\u0301e&#8230;) et \u2019es de\u0301fis se\u0301curitaires, la question cruciale.<\/p>\n<p>En marge de cette session, apprend-on e\u0301galement, les Chefs d\u2019E\u0301tat des pays membres de l\u2019Union E\u0301conomique et Mone\u0301taire Ouest africaine (UEMOA) se retrouveront pour un Sommet extraordinaire de l\u2019Union. Les travaux porteront sur l\u2019analyse de la situation socio-e\u0301conomique dans l\u2019union.<\/p>\n<p>Un communique\u0301 final viendra sanctionner les travaux de ce Sommet extraordinaire de la CEDEAO.<\/p>\n<p>Rappelons que le dimanche, 28 janvier 2024, les pays membres de l\u2019Alliance des E\u0301tats du Sahel (AES) ont, par un communique\u0301 conjoint, annonce\u0301 leur retrait sans de\u0301lai de la CEDEAO. Depuis lors, les rencontres formelles et informelles se sont multiplie\u0301es au sein des deux organisations, la CEDEAO et l\u2019AES.<\/p>\n<p><strong>Pour plus d&rsquo;informations et d&rsquo;analyses sur la <a href=\"https:\/\/www.africa-press.net\/niger\">Niger<\/a>, suivez <a href=\"https:\/\/www.africa-press.net\/\">Africa-Press<\/a><\/strong><\/p>\n","protected":false},"excerpt":{"rendered":"<p>Africa-Press &#8211; Niger. Le moins que l\u2019on puisse dire, c\u2019est que les lignes bougent des deux co\u0302te\u0301s, a\u0300 la CEDEAO comme a\u0300 l\u2019 Alliance des E\u0301tats du Sahel (AES), cette dernie\u0300re se voulant une re\u0301ponse a\u0300 la le\u0301thargie suppose\u0301e ou ave\u0301re\u0301e de la premie\u0300re face aux de\u0301fis de l\u2019heure. Tant les rencontres du trio se [&hellip;]<\/p>\n","protected":false},"author":82,"featured_media":59064,"comment_status":"open","ping_status":"closed","sticky":false,"template":"","format":"standard","meta":{"footnotes":""},"categories":[2,10],"tags":[55,60,29],"class_list":["post-59065","post","type-post","status-publish","format-standard","has-post-thumbnail","hentry","category-politique","category-toutes-les-actualites","tag-africa-press","tag-africa-press-niger","tag-niger"],"yoast_head":"<!-- This site is optimized with the Yoast SEO Premium plugin v26.1 (Yoast SEO v27.0) - https:\/\/yoast.com\/product\/yoast-seo-premium-wordpress\/ -->\n<title>CEDEAO : Un sommet extraordinaire sur le retrait du Burkina, du Mali et du Niger - niger<\/title>\n<meta name=\"description\" content=\"Le moins que l\u2019on puisse dire, c\u2019est que les lignes bougent des deux co\u0302te\u0301s, a\u0300 la CEDEAO comme a\u0300 l\u2019 Alliance des E ...\" \/>\n<meta name=\"robots\" content=\"index, follow, max-snippet:-1, max-image-preview:large, max-video-preview:-1\" \/>\n<link rel=\"canonical\" href=\"https:\/\/www.africa-press.net\/niger\/politique\/cedeao-un-sommet-extraordinaire-sur-le-retrait-du-burkina-du-mali-et-du-niger\" \/>\n<meta property=\"og:locale\" content=\"fr_FR\" \/>\n<meta property=\"og:type\" content=\"article\" \/>\n<meta property=\"og:title\" content=\"CEDEAO : Un sommet extraordinaire sur le retrait du Burkina, du Mali et du Niger\" \/>\n<meta property=\"og:description\" content=\"Le moins que l\u2019on puisse dire, c\u2019est que les lignes bougent des deux co\u0302te\u0301s, a\u0300 la CEDEAO comme a\u0300 l\u2019 Alliance des E ...\" \/>\n<meta property=\"og:url\" content=\"https:\/\/www.africa-press.net\/niger\/politique\/cedeao-un-sommet-extraordinaire-sur-le-retrait-du-burkina-du-mali-et-du-niger\" \/>\n<meta property=\"og:site_name\" content=\"niger\" \/>\n<meta property=\"article:published_time\" content=\"2024-02-24T17:02:25+00:00\" \/>\n<meta property=\"article:modified_time\" content=\"2024-02-24T17:49:27+00:00\" \/>\n<meta property=\"og:image\" content=\"https:\/\/static.africa-press.net\/niger\/sites\/40\/2024\/02\/sm_1708784278.642949.jpg\" \/>\n\t<meta property=\"og:image:width\" content=\"720\" \/>\n\t<meta property=\"og:image:height\" content=\"465\" \/>\n\t<meta property=\"og:image:type\" content=\"image\/jpeg\" \/>\n<meta name=\"author\" content=\"cfeditorfr\" \/>\n<meta name=\"twitter:card\" content=\"summary_large_image\" \/>\n<meta name=\"twitter:label1\" content=\"\u00c9crit par\" \/>\n\t<meta name=\"twitter:data1\" content=\"cfeditorfr\" \/>\n\t<meta name=\"twitter:label2\" content=\"Dur\u00e9e de lecture estim\u00e9e\" \/>\n\t<meta name=\"twitter:data2\" content=\"2 minutes\" \/>\n<script type=\"application\/ld+json\" class=\"yoast-schema-graph\">{\"@context\":\"https:\/\/schema.org\",\"@graph\":[{\"@type\":\"Article\",\"@id\":\"https:\/\/www.africa-press.net\/niger\/politique\/cedeao-un-sommet-extraordinaire-sur-le-retrait-du-burkina-du-mali-et-du-niger#article\",\"isPartOf\":{\"@id\":\"https:\/\/www.africa-press.net\/niger\/politique\/cedeao-un-sommet-extraordinaire-sur-le-retrait-du-burkina-du-mali-et-du-niger\"},\"author\":{\"name\":\"cfeditorfr\",\"@id\":\"https:\/\/www.africa-press.net\/niger\/#\/schema\/person\/2b1cf3cd81a31e3cd26889ca66d677f1\"},\"headline\":\"CEDEAO : Un sommet extraordinaire sur le retrait du Burkina, du Mali et du Niger\",\"datePublished\":\"2024-02-24T17:02:25+00:00\",\"dateModified\":\"2024-02-24T17:49:27+00:00\",\"mainEntityOfPage\":{\"@id\":\"https:\/\/www.africa-press.net\/niger\/politique\/cedeao-un-sommet-extraordinaire-sur-le-retrait-du-burkina-du-mali-et-du-niger\"},\"wordCount\":359,\"commentCount\":0,\"image\":{\"@id\":\"https:\/\/www.africa-press.net\/niger\/politique\/cedeao-un-sommet-extraordinaire-sur-le-retrait-du-burkina-du-mali-et-du-niger#primaryimage\"},\"thumbnailUrl\":\"https:\/\/static.africa-press.net\/niger\/sites\/40\/2024\/02\/sm_1708784278.642949.jpg\",\"keywords\":[\"Africa Press\",\"Africa Press-Niger\",\"Niger\"],\"articleSection\":[\"Politique\",\"Toutes les actualit\u00e9s\"],\"inLanguage\":\"fr-FR\",\"potentialAction\":[{\"@type\":\"CommentAction\",\"name\":\"Comment\",\"target\":[\"https:\/\/www.africa-press.net\/niger\/politique\/cedeao-un-sommet-extraordinaire-sur-le-retrait-du-burkina-du-mali-et-du-niger#respond\"]}]},{\"@type\":\"WebPage\",\"@id\":\"https:\/\/www.africa-press.net\/niger\/politique\/cedeao-un-sommet-extraordinaire-sur-le-retrait-du-burkina-du-mali-et-du-niger\",\"url\":\"https:\/\/www.africa-press.net\/niger\/politique\/cedeao-un-sommet-extraordinaire-sur-le-retrait-du-burkina-du-mali-et-du-niger\",\"name\":\"CEDEAO : Un sommet extraordinaire sur le retrait du Burkina, du Mali et du Niger - niger\",\"isPartOf\":{\"@id\":\"https:\/\/www.africa-press.net\/niger\/#website\"},\"primaryImageOfPage\":{\"@id\":\"https:\/\/www.africa-press.net\/niger\/politique\/cedeao-un-sommet-extraordinaire-sur-le-retrait-du-burkina-du-mali-et-du-niger#primaryimage\"},\"image\":{\"@id\":\"https:\/\/www.africa-press.net\/niger\/politique\/cedeao-un-sommet-extraordinaire-sur-le-retrait-du-burkina-du-mali-et-du-niger#primaryimage\"},\"thumbnailUrl\":\"https:\/\/static.africa-press.net\/niger\/sites\/40\/2024\/02\/sm_1708784278.642949.jpg\",\"datePublished\":\"2024-02-24T17:02:25+00:00\",\"dateModified\":\"2024-02-24T17:49:27+00:00\",\"author\":{\"@id\":\"https:\/\/www.africa-press.net\/niger\/#\/schema\/person\/2b1cf3cd81a31e3cd26889ca66d677f1\"},\"description\":\"Le moins que l\u2019on puisse dire, c\u2019est que les lignes bougent des deux co\u0302te\u0301s, a\u0300 la CEDEAO comme a\u0300 l\u2019 Alliance des E ...\",\"breadcrumb\":{\"@id\":\"https:\/\/www.africa-press.net\/niger\/politique\/cedeao-un-sommet-extraordinaire-sur-le-retrait-du-burkina-du-mali-et-du-niger#breadcrumb\"},\"inLanguage\":\"fr-FR\",\"potentialAction\":[{\"@type\":\"ReadAction\",\"target\":[\"https:\/\/www.africa-press.net\/niger\/politique\/cedeao-un-sommet-extraordinaire-sur-le-retrait-du-burkina-du-mali-et-du-niger\"]}]},{\"@type\":\"ImageObject\",\"inLanguage\":\"fr-FR\",\"@id\":\"https:\/\/www.africa-press.net\/niger\/politique\/cedeao-un-sommet-extraordinaire-sur-le-retrait-du-burkina-du-mali-et-du-niger#primaryimage\",\"url\":\"https:\/\/static.africa-press.net\/niger\/sites\/40\/2024\/02\/sm_1708784278.642949.jpg\",\"contentUrl\":\"https:\/\/static.africa-press.net\/niger\/sites\/40\/2024\/02\/sm_1708784278.642949.jpg\",\"width\":720,\"height\":465,\"caption\":\"CEDEAO : Un sommet extraordinaire sur le retrait du Burkina, du Mali et du Niger\"},{\"@type\":\"BreadcrumbList\",\"@id\":\"https:\/\/www.africa-press.net\/niger\/politique\/cedeao-un-sommet-extraordinaire-sur-le-retrait-du-burkina-du-mali-et-du-niger#breadcrumb\",\"itemListElement\":[{\"@type\":\"ListItem\",\"position\":1,\"name\":\"Accueil\",\"item\":\"https:\/\/www.africa-press.net\/niger\/\"},{\"@type\":\"ListItem\",\"position\":2,\"name\":\"CEDEAO : Un sommet extraordinaire sur le retrait du Burkina, du Mali et du Niger\"}]},{\"@type\":\"WebSite\",\"@id\":\"https:\/\/www.africa-press.net\/niger\/#website\",\"url\":\"https:\/\/www.africa-press.net\/niger\/\",\"name\":\"niger\",\"description\":\"Just another Africa News Agency Sites site\",\"potentialAction\":[{\"@type\":\"SearchAction\",\"target\":{\"@type\":\"EntryPoint\",\"urlTemplate\":\"https:\/\/www.africa-press.net\/niger\/?s={search_term_string}\"},\"query-input\":{\"@type\":\"PropertyValueSpecification\",\"valueRequired\":true,\"valueName\":\"search_term_string\"}}],\"inLanguage\":\"fr-FR\"},{\"@type\":\"Person\",\"@id\":\"https:\/\/www.africa-press.net\/niger\/#\/schema\/person\/2b1cf3cd81a31e3cd26889ca66d677f1\",\"name\":\"cfeditorfr\"}]}<\/script>\n<!-- \/ Yoast SEO Premium plugin. -->","yoast_head_json":{"title":"CEDEAO : Un sommet extraordinaire sur le retrait du Burkina, du Mali et du Niger - niger","description":"Le moins que l\u2019on puisse dire, c\u2019est que les lignes bougent des deux co\u0302te\u0301s, a\u0300 la CEDEAO comme a\u0300 l\u2019 Alliance des E ...","robots":{"index":"index","follow":"follow","max-snippet":"max-snippet:-1","max-image-preview":"max-image-preview:large","max-video-preview":"max-video-preview:-1"},"canonical":"https:\/\/www.africa-press.net\/niger\/politique\/cedeao-un-sommet-extraordinaire-sur-le-retrait-du-burkina-du-mali-et-du-niger","og_locale":"fr_FR","og_type":"article","og_title":"CEDEAO : Un sommet extraordinaire sur le retrait du Burkina, du Mali et du Niger","og_description":"Le moins que l\u2019on puisse dire, c\u2019est que les lignes bougent des deux co\u0302te\u0301s, a\u0300 la CEDEAO comme a\u0300 l\u2019 Alliance des E ...","og_url":"https:\/\/www.africa-press.net\/niger\/politique\/cedeao-un-sommet-extraordinaire-sur-le-retrait-du-burkina-du-mali-et-du-niger","og_site_name":"niger","article_published_time":"2024-02-24T17:02:25+00:00","article_modified_time":"2024-02-24T17:49:27+00:00","og_image":[{"width":720,"height":465,"url":"https:\/\/static.africa-press.net\/niger\/sites\/40\/2024\/02\/sm_1708784278.642949.jpg","type":"image\/jpeg"}],"author":"cfeditorfr","twitter_card":"summary_large_image","twitter_misc":{"\u00c9crit par":"cfeditorfr","Dur\u00e9e de lecture estim\u00e9e":"2 minutes"},"schema":{"@context":"https:\/\/schema.org","@graph":[{"@type":"Article","@id":"https:\/\/www.africa-press.net\/niger\/politique\/cedeao-un-sommet-extraordinaire-sur-le-retrait-du-burkina-du-mali-et-du-niger#article","isPartOf":{"@id":"https:\/\/www.africa-press.net\/niger\/politique\/cedeao-un-sommet-extraordinaire-sur-le-retrait-du-burkina-du-mali-et-du-niger"},"author":{"name":"cfeditorfr","@id":"https:\/\/www.africa-press.net\/niger\/#\/schema\/person\/2b1cf3cd81a31e3cd26889ca66d677f1"},"headline":"CEDEAO : Un sommet extraordinaire sur le retrait du Burkina, du Mali et du Niger","datePublished":"2024-02-24T17:02:25+00:00","dateModified":"2024-02-24T17:49:27+00:00","mainEntityOfPage":{"@id":"https:\/\/www.africa-press.net\/niger\/politique\/cedeao-un-sommet-extraordinaire-sur-le-retrait-du-burkina-du-mali-et-du-niger"},"wordCount":359,"commentCount":0,"image":{"@id":"https:\/\/www.africa-press.net\/niger\/politique\/cedeao-un-sommet-extraordinaire-sur-le-retrait-du-burkina-du-mali-et-du-niger#primaryimage"},"thumbnailUrl":"https:\/\/static.africa-press.net\/niger\/sites\/40\/2024\/02\/sm_1708784278.642949.jpg","keywords":["Africa Press","Africa Press-Niger","Niger"],"articleSection":["Politique","Toutes les actualit\u00e9s"],"inLanguage":"fr-FR","potentialAction":[{"@type":"CommentAction","name":"Comment","target":["https:\/\/www.africa-press.net\/niger\/politique\/cedeao-un-sommet-extraordinaire-sur-le-retrait-du-burkina-du-mali-et-du-niger#respond"]}]},{"@type":"WebPage","@id":"https:\/\/www.africa-press.net\/niger\/politique\/cedeao-un-sommet-extraordinaire-sur-le-retrait-du-burkina-du-mali-et-du-niger","url":"https:\/\/www.africa-press.net\/niger\/politique\/cedeao-un-sommet-extraordinaire-sur-le-retrait-du-burkina-du-mali-et-du-niger","name":"CEDEAO : Un sommet extraordinaire sur le retrait du Burkina, du Mali et du Niger - niger","isPartOf":{"@id":"https:\/\/www.africa-press.net\/niger\/#website"},"primaryImageOfPage":{"@id":"https:\/\/www.africa-press.net\/niger\/politique\/cedeao-un-sommet-extraordinaire-sur-le-retrait-du-burkina-du-mali-et-du-niger#primaryimage"},"image":{"@id":"https:\/\/www.africa-press.net\/niger\/politique\/cedeao-un-sommet-extraordinaire-sur-le-retrait-du-burkina-du-mali-et-du-niger#primaryimage"},"thumbnailUrl":"https:\/\/static.africa-press.net\/niger\/sites\/40\/2024\/02\/sm_1708784278.642949.jpg","datePublished":"2024-02-24T17:02:25+00:00","dateModified":"2024-02-24T17:49:27+00:00","author":{"@id":"https:\/\/www.africa-press.net\/niger\/#\/schema\/person\/2b1cf3cd81a31e3cd26889ca66d677f1"},"description":"Le moins que l\u2019on puisse dire, c\u2019est que les lignes bougent des deux co\u0302te\u0301s, a\u0300 la CEDEAO comme a\u0300 l\u2019 Alliance des E ...","breadcrumb":{"@id":"https:\/\/www.africa-press.net\/niger\/politique\/cedeao-un-sommet-extraordinaire-sur-le-retrait-du-burkina-du-mali-et-du-niger#breadcrumb"},"inLanguage":"fr-FR","potentialAction":[{"@type":"ReadAction","target":["https:\/\/www.africa-press.net\/niger\/politique\/cedeao-un-sommet-extraordinaire-sur-le-retrait-du-burkina-du-mali-et-du-niger"]}]},{"@type":"ImageObject","inLanguage":"fr-FR","@id":"https:\/\/www.africa-press.net\/niger\/politique\/cedeao-un-sommet-extraordinaire-sur-le-retrait-du-burkina-du-mali-et-du-niger#primaryimage","url":"https:\/\/static.africa-press.net\/niger\/sites\/40\/2024\/02\/sm_1708784278.642949.jpg","contentUrl":"https:\/\/static.africa-press.net\/niger\/sites\/40\/2024\/02\/sm_1708784278.642949.jpg","width":720,"height":465,"caption":"CEDEAO : Un sommet extraordinaire sur le retrait du Burkina, du Mali et du Niger"},{"@type":"BreadcrumbList","@id":"https:\/\/www.africa-press.net\/niger\/politique\/cedeao-un-sommet-extraordinaire-sur-le-retrait-du-burkina-du-mali-et-du-niger#breadcrumb","itemListElement":[{"@type":"ListItem","position":1,"name":"Accueil","item":"https:\/\/www.africa-press.net\/niger\/"},{"@type":"ListItem","position":2,"name":"CEDEAO : Un sommet extraordinaire sur le retrait du Burkina, du Mali et du Niger"}]},{"@type":"WebSite","@id":"https:\/\/www.africa-press.net\/niger\/#website","url":"https:\/\/www.africa-press.net\/niger\/","name":"niger","description":"Just another Africa News Agency Sites site","potentialAction":[{"@type":"SearchAction","target":{"@type":"EntryPoint","urlTemplate":"https:\/\/www.africa-press.net\/niger\/?s={search_term_string}"},"query-input":{"@type":"PropertyValueSpecification","valueRequired":true,"valueName":"search_term_string"}}],"inLanguage":"fr-FR"},{"@type":"Person","@id":"https:\/\/www.africa-press.net\/niger\/#\/schema\/person\/2b1cf3cd81a31e3cd26889ca66d677f1","name":"cfeditorfr"}]}},"_links":{"self":[{"href":"https:\/\/www.africa-press.net\/niger\/wp-json\/wp\/v2\/posts\/59065","targetHints":{"allow":["GET"]}}],"collection":[{"href":"https:\/\/www.africa-press.net\/niger\/wp-json\/wp\/v2\/posts"}],"about":[{"href":"https:\/\/www.africa-press.net\/niger\/wp-json\/wp\/v2\/types\/post"}],"author":[{"embeddable":true,"href":"https:\/\/www.africa-press.net\/niger\/wp-json\/wp\/v2\/users\/82"}],"replies":[{"embeddable":true,"href":"https:\/\/www.africa-press.net\/niger\/wp-json\/wp\/v2\/comments?post=59065"}],"version-history":[{"count":0,"href":"https:\/\/www.africa-press.net\/niger\/wp-json\/wp\/v2\/posts\/59065\/revisions"}],"wp:featuredmedia":[{"embeddable":true,"href":"https:\/\/www.africa-press.net\/niger\/wp-json\/wp\/v2\/media\/59064"}],"wp:attachment":[{"href":"https:\/\/www.africa-press.net\/niger\/wp-json\/wp\/v2\/media?parent=59065"}],"wp:term":[{"taxonomy":"category","embeddable":true,"href":"https:\/\/www.africa-press.net\/niger\/wp-json\/wp\/v2\/categories?post=59065"},{"taxonomy":"post_tag","embeddable":true,"href":"https:\/\/www.africa-press.net\/niger\/wp-json\/wp\/v2\/tags?post=59065"}],"curies":[{"name":"wp","href":"https:\/\/api.w.org\/{rel}","templated":true}]}}