{"id":59071,"date":"2024-02-24T19:03:36","date_gmt":"2024-02-24T19:03:36","guid":{"rendered":"https:\/\/www.africa-press.net\/niger\/politique\/31eme-edition-de-la-journee-de-la-fete-de-lartisanat-lartisanat-facteur-de-developpement-endogene-durable-theme-de-ledition"},"modified":"2024-02-24T19:26:48","modified_gmt":"2024-02-24T19:26:48","slug":"31eme-edition-de-la-journee-de-la-fete-de-lartisanat-lartisanat-facteur-de-developpement-endogene-durable-theme-de-ledition","status":"publish","type":"post","link":"https:\/\/www.africa-press.net\/niger\/culture-et-art\/31eme-edition-de-la-journee-de-la-fete-de-lartisanat-lartisanat-facteur-de-developpement-endogene-durable-theme-de-ledition","title":{"rendered":"31\u00e8me \u00e9dition de la Journ\u00e9e de la F\u00eate de l\u2019Artisanat : \u00ab l\u2019Artisanat, Facteur de D\u00e9veloppement Endog\u00e8ne Durable \u00bb, th\u00e8me de l\u2019\u00e9dition"},"content":{"rendered":"<p><span style=\"color: #ff6600\"><strong>Africa-Press &#8211; Niger. <\/strong><\/span><b>Le Niger ce\u0301le\u0300bre samedi 24 fe\u0301vrier 2024, la 31e\u0300me e\u0301dition de la Journe\u0301e de la Fe\u0302te de l\u2019Artisanat place\u0301e sous le the\u0300me \u00ab l\u2019Artisanat, Facteur de De\u0301veloppement Endoge\u0300ne Durable \u00bb. A\u0300 cette occasion, la ministre de l\u2019Artisanat et du Tourisme, Mme Guichen Agaichata Atta a livre\u0301 un message dans lequel elle a rappele\u0301 les objectifs assigne\u0301s a\u0300 cette journe\u0301e. Il s\u2019agit entre autres d\u2019accroi\u0302tre la visibilite\u0301 du secteur de l\u2019artisanat au plan national par l\u2019organisation des expositions ventes des produits artisanaux ; de susciter a\u0300 la consommation des produits locaux par les nige\u0301riens et les communaute\u0301s e\u0301trange\u0300res vivant au Niger et de contribuer a\u0300 ame\u0301liorer les conditions socio-e\u0301conomiques des artisans.<\/b><\/p>\n<p>La comme\u0301moration de cette journe\u0301e est couple\u0301e a\u0300 la 5e\u0300me e\u0301dition du Festival des Civilisations du Fleuve Niger qui se de\u0301roulera le samedi 24 fe\u0301vrier 2024 a\u0300 Boubon, re\u0301gion de Tillaberi. Dans son message, la ministre de l\u2019Artisanat et du Tourisme a indique\u0301 que le secteur de l\u2019artisanat au Niger occupe un pan important de la vie sociale et e\u0301conomique par le nombre d\u2019emplois cre\u0301e\u0301s et les revenus ge\u0301ne\u0301re\u0301s. Et c\u2019est a\u0300 juste titre qu\u2019il demeure un facteur de lutte contre la pauvrete\u0301, le cho\u0302mage et le de\u0301s\u0153uvrement. En outre, il favorise e\u0301galement le de\u0301veloppement local ainsi que le renforcement de la re\u0301silience des groupes socio-e\u0301conomiques vulne\u0301rables que constituent les femmes, les jeunes et les personnes en situation de handicap. Selon Mme Guichen Agaichata Atta le choix de ce the\u0300me \u00ab l\u2019Artisanat, Facteur de De\u0301veloppement Endoge\u0300ne Durable \u00bb<b> <\/b>exprime la forte conviction quant au ro\u0302le moteur que le secteur artisanal peut jouer dans le de\u0301veloppement socio-e\u0301conomique de notre pays, en raison de nombreux avantages comparatifs qu\u2019il pre\u0301sente. Au nombre de ceux-ci, elle a cite\u0301 entre autres la disponibilite\u0301 de la main d\u2019\u0153uvre et d\u2019un vaste marche\u0301 de consommation ; le savoir-faire mille\u0301naire de nos artisans ; la disponibilite\u0301 des matie\u0300res premie\u0300res et intrants a\u0300 moindre cou\u0302t ; l\u2019existence des nombreuses infrastructures ; l\u2019existence d\u2019un cadre juridique et institutionnel favorable. Il y a la capacite\u0301 de re\u0301sistance aux crises comme les sanctions impose\u0301es injustement a\u0300 notre pays, empe\u0302chant ainsi l\u2019acheminement des certains produits de 1e\u0300re ne\u0301cessite\u0301s pour le bien-e\u0302tre de la population entre autres ; la diversite\u0301 de l\u2019artisanat nige\u0301rien. \u00ab Cette diversite\u0301 se traduit par l\u2019existence de deux cent quatre-vingt-onze (291) me\u0301tiers repartis autour de trois domaines qui sont l\u2019artisanat de production ou de transformation, l\u2019artisanat de service et l\u2019artisanat d\u2019art subdivise\u0301s en huit (08) branches professionnelles. Ces 291 me\u0301tiers occupent plus de 1. 200.000 personnes compose\u0301es de tous genres et de tous a\u0302ges qu\u2019on retrouve aussi bien en milieu urbain que rural \u00bb, a-t-elle explique\u0301. La ministre de l\u2019Artisanat et du Tourisme a enfin rassure\u0301 que malgre\u0301 le contexte particulie\u0300rement difficile que traverse notre pays face aux sanctions de la CEDEAO et l\u2019UEMEAO le Gouvernement s\u2019engage a\u0300 travers le Ministe\u0300re de l\u2019artisanat et du Tourisme a\u0300 apporter tous les appuis ne\u0301cessaires pour promouvoir l\u2019artisanat nige\u0301rien au plan national, re\u0301gional et international. \u00ab Ce soutien se traduira par la poursuite de la mise en \u0153uvre effective des actions pertinentes de\u0301finies dans le document de Politique Nationale de De\u0301veloppement de l\u2019Artisanat et le programme de re\u0301silience pour la Sauvegarde de la Patrie \u00bb, a-t-elle conclu.<\/p>\n<p>&nbsp;<\/p>\n<p><strong>Pour plus d&rsquo;informations et d&rsquo;analyses sur la <a href=\"https:\/\/www.africa-press.net\/niger\">Niger<\/a>, suivez <a href=\"https:\/\/www.africa-press.net\/\">Africa-Press<\/a><\/strong><\/p>\n","protected":false},"excerpt":{"rendered":"<p>Africa-Press &#8211; Niger. Le Niger ce\u0301le\u0300bre samedi 24 fe\u0301vrier 2024, la 31e\u0300me e\u0301dition de la Journe\u0301e de la Fe\u0302te de l\u2019Artisanat place\u0301e sous le the\u0300me \u00ab l\u2019Artisanat, Facteur de De\u0301veloppement Endoge\u0300ne Durable \u00bb. A\u0300 cette occasion, la ministre de l\u2019Artisanat et du Tourisme, Mme Guichen Agaichata Atta a livre\u0301 un message dans lequel elle a [&hellip;]<\/p>\n","protected":false},"author":82,"featured_media":59070,"comment_status":"open","ping_status":"closed","sticky":false,"template":"","format":"standard","meta":{"footnotes":""},"categories":[5,10],"tags":[55,60,29],"class_list":["post-59071","post","type-post","status-publish","format-standard","has-post-thumbnail","hentry","category-culture-et-art","category-toutes-les-actualites","tag-africa-press","tag-africa-press-niger","tag-niger"],"yoast_head":"<!-- This site is optimized with the Yoast SEO Premium plugin v26.1 (Yoast SEO v27.0) - https:\/\/yoast.com\/product\/yoast-seo-premium-wordpress\/ -->\n<title>31\u00e8me \u00e9dition de la Journ\u00e9e de la F\u00eate de l\u2019Artisanat : \u00ab l\u2019Artisanat, Facteur de D\u00e9veloppement Endog\u00e8ne Durable \u00bb, th\u00e8me de l\u2019\u00e9dition - niger<\/title>\n<meta name=\"description\" content=\"Le Niger ce\u0301le\u0300bre samedi 24 fe\u0301vrier 2024, la 31e\u0300me e\u0301dition de la Journe\u0301e de la Fe\u0302te de l\u2019Artisanat place\u0301e sous ...\" \/>\n<meta name=\"robots\" content=\"index, follow, max-snippet:-1, max-image-preview:large, max-video-preview:-1\" \/>\n<link rel=\"canonical\" href=\"https:\/\/www.africa-press.net\/niger\/culture-et-art\/31eme-edition-de-la-journee-de-la-fete-de-lartisanat-lartisanat-facteur-de-developpement-endogene-durable-theme-de-ledition\" \/>\n<meta property=\"og:locale\" content=\"fr_FR\" \/>\n<meta property=\"og:type\" content=\"article\" \/>\n<meta property=\"og:title\" content=\"31\u00e8me \u00e9dition de la Journ\u00e9e de la F\u00eate de l\u2019Artisanat : \u00ab l\u2019Artisanat, Facteur de D\u00e9veloppement Endog\u00e8ne Durable \u00bb, th\u00e8me de l\u2019\u00e9dition\" \/>\n<meta property=\"og:description\" content=\"Le Niger ce\u0301le\u0300bre samedi 24 fe\u0301vrier 2024, la 31e\u0300me e\u0301dition de la Journe\u0301e de la Fe\u0302te de l\u2019Artisanat place\u0301e sous ...\" \/>\n<meta property=\"og:url\" content=\"https:\/\/www.africa-press.net\/niger\/culture-et-art\/31eme-edition-de-la-journee-de-la-fete-de-lartisanat-lartisanat-facteur-de-developpement-endogene-durable-theme-de-ledition\" \/>\n<meta property=\"og:site_name\" content=\"niger\" \/>\n<meta property=\"article:published_time\" content=\"2024-02-24T19:03:36+00:00\" \/>\n<meta property=\"article:modified_time\" content=\"2024-02-24T19:26:48+00:00\" \/>\n<meta property=\"og:image\" content=\"https:\/\/static.africa-press.net\/niger\/sites\/40\/2024\/02\/sm_1708789740.606889.jpg\" \/>\n\t<meta property=\"og:image:width\" content=\"800\" \/>\n\t<meta property=\"og:image:height\" content=\"533\" \/>\n\t<meta property=\"og:image:type\" content=\"image\/jpeg\" \/>\n<meta name=\"author\" content=\"cfeditorfr\" \/>\n<meta name=\"twitter:card\" content=\"summary_large_image\" \/>\n<meta name=\"twitter:label1\" content=\"\u00c9crit par\" \/>\n\t<meta name=\"twitter:data1\" content=\"cfeditorfr\" \/>\n\t<meta name=\"twitter:label2\" content=\"Dur\u00e9e de lecture estim\u00e9e\" \/>\n\t<meta name=\"twitter:data2\" content=\"3 minutes\" \/>\n<script type=\"application\/ld+json\" class=\"yoast-schema-graph\">{\"@context\":\"https:\/\/schema.org\",\"@graph\":[{\"@type\":\"Article\",\"@id\":\"https:\/\/www.africa-press.net\/niger\/culture-et-art\/31eme-edition-de-la-journee-de-la-fete-de-lartisanat-lartisanat-facteur-de-developpement-endogene-durable-theme-de-ledition#article\",\"isPartOf\":{\"@id\":\"https:\/\/www.africa-press.net\/niger\/culture-et-art\/31eme-edition-de-la-journee-de-la-fete-de-lartisanat-lartisanat-facteur-de-developpement-endogene-durable-theme-de-ledition\"},\"author\":{\"name\":\"cfeditorfr\",\"@id\":\"https:\/\/www.africa-press.net\/niger\/#\/schema\/person\/2b1cf3cd81a31e3cd26889ca66d677f1\"},\"headline\":\"31\u00e8me \u00e9dition de la Journ\u00e9e de la F\u00eate de l\u2019Artisanat : \u00ab l\u2019Artisanat, Facteur de D\u00e9veloppement Endog\u00e8ne Durable \u00bb, th\u00e8me de l\u2019\u00e9dition\",\"datePublished\":\"2024-02-24T19:03:36+00:00\",\"dateModified\":\"2024-02-24T19:26:48+00:00\",\"mainEntityOfPage\":{\"@id\":\"https:\/\/www.africa-press.net\/niger\/culture-et-art\/31eme-edition-de-la-journee-de-la-fete-de-lartisanat-lartisanat-facteur-de-developpement-endogene-durable-theme-de-ledition\"},\"wordCount\":661,\"commentCount\":0,\"image\":{\"@id\":\"https:\/\/www.africa-press.net\/niger\/culture-et-art\/31eme-edition-de-la-journee-de-la-fete-de-lartisanat-lartisanat-facteur-de-developpement-endogene-durable-theme-de-ledition#primaryimage\"},\"thumbnailUrl\":\"https:\/\/static.africa-press.net\/niger\/sites\/40\/2024\/02\/sm_1708789740.606889.jpg\",\"keywords\":[\"Africa Press\",\"Africa Press-Niger\",\"Niger\"],\"articleSection\":[\"Culture et Art\",\"Toutes les actualit\u00e9s\"],\"inLanguage\":\"fr-FR\",\"potentialAction\":[{\"@type\":\"CommentAction\",\"name\":\"Comment\",\"target\":[\"https:\/\/www.africa-press.net\/niger\/culture-et-art\/31eme-edition-de-la-journee-de-la-fete-de-lartisanat-lartisanat-facteur-de-developpement-endogene-durable-theme-de-ledition#respond\"]}]},{\"@type\":\"WebPage\",\"@id\":\"https:\/\/www.africa-press.net\/niger\/culture-et-art\/31eme-edition-de-la-journee-de-la-fete-de-lartisanat-lartisanat-facteur-de-developpement-endogene-durable-theme-de-ledition\",\"url\":\"https:\/\/www.africa-press.net\/niger\/culture-et-art\/31eme-edition-de-la-journee-de-la-fete-de-lartisanat-lartisanat-facteur-de-developpement-endogene-durable-theme-de-ledition\",\"name\":\"31\u00e8me \u00e9dition de la Journ\u00e9e de la F\u00eate de l\u2019Artisanat : \u00ab l\u2019Artisanat, Facteur de D\u00e9veloppement Endog\u00e8ne Durable \u00bb, th\u00e8me de l\u2019\u00e9dition - niger\",\"isPartOf\":{\"@id\":\"https:\/\/www.africa-press.net\/niger\/#website\"},\"primaryImageOfPage\":{\"@id\":\"https:\/\/www.africa-press.net\/niger\/culture-et-art\/31eme-edition-de-la-journee-de-la-fete-de-lartisanat-lartisanat-facteur-de-developpement-endogene-durable-theme-de-ledition#primaryimage\"},\"image\":{\"@id\":\"https:\/\/www.africa-press.net\/niger\/culture-et-art\/31eme-edition-de-la-journee-de-la-fete-de-lartisanat-lartisanat-facteur-de-developpement-endogene-durable-theme-de-ledition#primaryimage\"},\"thumbnailUrl\":\"https:\/\/static.africa-press.net\/niger\/sites\/40\/2024\/02\/sm_1708789740.606889.jpg\",\"datePublished\":\"2024-02-24T19:03:36+00:00\",\"dateModified\":\"2024-02-24T19:26:48+00:00\",\"author\":{\"@id\":\"https:\/\/www.africa-press.net\/niger\/#\/schema\/person\/2b1cf3cd81a31e3cd26889ca66d677f1\"},\"description\":\"Le Niger ce\u0301le\u0300bre samedi 24 fe\u0301vrier 2024, la 31e\u0300me e\u0301dition de la Journe\u0301e de la Fe\u0302te de l\u2019Artisanat place\u0301e sous ...\",\"breadcrumb\":{\"@id\":\"https:\/\/www.africa-press.net\/niger\/culture-et-art\/31eme-edition-de-la-journee-de-la-fete-de-lartisanat-lartisanat-facteur-de-developpement-endogene-durable-theme-de-ledition#breadcrumb\"},\"inLanguage\":\"fr-FR\",\"potentialAction\":[{\"@type\":\"ReadAction\",\"target\":[\"https:\/\/www.africa-press.net\/niger\/culture-et-art\/31eme-edition-de-la-journee-de-la-fete-de-lartisanat-lartisanat-facteur-de-developpement-endogene-durable-theme-de-ledition\"]}]},{\"@type\":\"ImageObject\",\"inLanguage\":\"fr-FR\",\"@id\":\"https:\/\/www.africa-press.net\/niger\/culture-et-art\/31eme-edition-de-la-journee-de-la-fete-de-lartisanat-lartisanat-facteur-de-developpement-endogene-durable-theme-de-ledition#primaryimage\",\"url\":\"https:\/\/static.africa-press.net\/niger\/sites\/40\/2024\/02\/sm_1708789740.606889.jpg\",\"contentUrl\":\"https:\/\/static.africa-press.net\/niger\/sites\/40\/2024\/02\/sm_1708789740.606889.jpg\",\"width\":800,\"height\":533,\"caption\":\"31\u00e8me \u00e9dition de la Journ\u00e9e de la F\u00eate de l\u2019Artisanat : \u00ab l\u2019Artisanat, Facteur de D\u00e9veloppement Endog\u00e8ne Durable \u00bb, th\u00e8me de l\u2019\u00e9dition\"},{\"@type\":\"BreadcrumbList\",\"@id\":\"https:\/\/www.africa-press.net\/niger\/culture-et-art\/31eme-edition-de-la-journee-de-la-fete-de-lartisanat-lartisanat-facteur-de-developpement-endogene-durable-theme-de-ledition#breadcrumb\",\"itemListElement\":[{\"@type\":\"ListItem\",\"position\":1,\"name\":\"Accueil\",\"item\":\"https:\/\/www.africa-press.net\/niger\/\"},{\"@type\":\"ListItem\",\"position\":2,\"name\":\"31\u00e8me \u00e9dition de la Journ\u00e9e de la F\u00eate de l\u2019Artisanat : \u00ab l\u2019Artisanat, Facteur de D\u00e9veloppement Endog\u00e8ne Durable \u00bb, th\u00e8me de l\u2019\u00e9dition\"}]},{\"@type\":\"WebSite\",\"@id\":\"https:\/\/www.africa-press.net\/niger\/#website\",\"url\":\"https:\/\/www.africa-press.net\/niger\/\",\"name\":\"niger\",\"description\":\"Just another Africa News Agency Sites site\",\"potentialAction\":[{\"@type\":\"SearchAction\",\"target\":{\"@type\":\"EntryPoint\",\"urlTemplate\":\"https:\/\/www.africa-press.net\/niger\/?s={search_term_string}\"},\"query-input\":{\"@type\":\"PropertyValueSpecification\",\"valueRequired\":true,\"valueName\":\"search_term_string\"}}],\"inLanguage\":\"fr-FR\"},{\"@type\":\"Person\",\"@id\":\"https:\/\/www.africa-press.net\/niger\/#\/schema\/person\/2b1cf3cd81a31e3cd26889ca66d677f1\",\"name\":\"cfeditorfr\"}]}<\/script>\n<!-- \/ Yoast SEO Premium plugin. -->","yoast_head_json":{"title":"31\u00e8me \u00e9dition de la Journ\u00e9e de la F\u00eate de l\u2019Artisanat : \u00ab l\u2019Artisanat, Facteur de D\u00e9veloppement Endog\u00e8ne Durable \u00bb, th\u00e8me de l\u2019\u00e9dition - niger","description":"Le Niger ce\u0301le\u0300bre samedi 24 fe\u0301vrier 2024, la 31e\u0300me e\u0301dition de la Journe\u0301e de la Fe\u0302te de l\u2019Artisanat place\u0301e sous ...","robots":{"index":"index","follow":"follow","max-snippet":"max-snippet:-1","max-image-preview":"max-image-preview:large","max-video-preview":"max-video-preview:-1"},"canonical":"https:\/\/www.africa-press.net\/niger\/culture-et-art\/31eme-edition-de-la-journee-de-la-fete-de-lartisanat-lartisanat-facteur-de-developpement-endogene-durable-theme-de-ledition","og_locale":"fr_FR","og_type":"article","og_title":"31\u00e8me \u00e9dition de la Journ\u00e9e de la F\u00eate de l\u2019Artisanat : \u00ab l\u2019Artisanat, Facteur de D\u00e9veloppement Endog\u00e8ne Durable \u00bb, th\u00e8me de l\u2019\u00e9dition","og_description":"Le Niger ce\u0301le\u0300bre samedi 24 fe\u0301vrier 2024, la 31e\u0300me e\u0301dition de la Journe\u0301e de la Fe\u0302te de l\u2019Artisanat place\u0301e sous ...","og_url":"https:\/\/www.africa-press.net\/niger\/culture-et-art\/31eme-edition-de-la-journee-de-la-fete-de-lartisanat-lartisanat-facteur-de-developpement-endogene-durable-theme-de-ledition","og_site_name":"niger","article_published_time":"2024-02-24T19:03:36+00:00","article_modified_time":"2024-02-24T19:26:48+00:00","og_image":[{"width":800,"height":533,"url":"https:\/\/static.africa-press.net\/niger\/sites\/40\/2024\/02\/sm_1708789740.606889.jpg","type":"image\/jpeg"}],"author":"cfeditorfr","twitter_card":"summary_large_image","twitter_misc":{"\u00c9crit par":"cfeditorfr","Dur\u00e9e de lecture estim\u00e9e":"3 minutes"},"schema":{"@context":"https:\/\/schema.org","@graph":[{"@type":"Article","@id":"https:\/\/www.africa-press.net\/niger\/culture-et-art\/31eme-edition-de-la-journee-de-la-fete-de-lartisanat-lartisanat-facteur-de-developpement-endogene-durable-theme-de-ledition#article","isPartOf":{"@id":"https:\/\/www.africa-press.net\/niger\/culture-et-art\/31eme-edition-de-la-journee-de-la-fete-de-lartisanat-lartisanat-facteur-de-developpement-endogene-durable-theme-de-ledition"},"author":{"name":"cfeditorfr","@id":"https:\/\/www.africa-press.net\/niger\/#\/schema\/person\/2b1cf3cd81a31e3cd26889ca66d677f1"},"headline":"31\u00e8me \u00e9dition de la Journ\u00e9e de la F\u00eate de l\u2019Artisanat : \u00ab l\u2019Artisanat, Facteur de D\u00e9veloppement Endog\u00e8ne Durable \u00bb, th\u00e8me de l\u2019\u00e9dition","datePublished":"2024-02-24T19:03:36+00:00","dateModified":"2024-02-24T19:26:48+00:00","mainEntityOfPage":{"@id":"https:\/\/www.africa-press.net\/niger\/culture-et-art\/31eme-edition-de-la-journee-de-la-fete-de-lartisanat-lartisanat-facteur-de-developpement-endogene-durable-theme-de-ledition"},"wordCount":661,"commentCount":0,"image":{"@id":"https:\/\/www.africa-press.net\/niger\/culture-et-art\/31eme-edition-de-la-journee-de-la-fete-de-lartisanat-lartisanat-facteur-de-developpement-endogene-durable-theme-de-ledition#primaryimage"},"thumbnailUrl":"https:\/\/static.africa-press.net\/niger\/sites\/40\/2024\/02\/sm_1708789740.606889.jpg","keywords":["Africa Press","Africa Press-Niger","Niger"],"articleSection":["Culture et Art","Toutes les actualit\u00e9s"],"inLanguage":"fr-FR","potentialAction":[{"@type":"CommentAction","name":"Comment","target":["https:\/\/www.africa-press.net\/niger\/culture-et-art\/31eme-edition-de-la-journee-de-la-fete-de-lartisanat-lartisanat-facteur-de-developpement-endogene-durable-theme-de-ledition#respond"]}]},{"@type":"WebPage","@id":"https:\/\/www.africa-press.net\/niger\/culture-et-art\/31eme-edition-de-la-journee-de-la-fete-de-lartisanat-lartisanat-facteur-de-developpement-endogene-durable-theme-de-ledition","url":"https:\/\/www.africa-press.net\/niger\/culture-et-art\/31eme-edition-de-la-journee-de-la-fete-de-lartisanat-lartisanat-facteur-de-developpement-endogene-durable-theme-de-ledition","name":"31\u00e8me \u00e9dition de la Journ\u00e9e de la F\u00eate de l\u2019Artisanat : \u00ab l\u2019Artisanat, Facteur de D\u00e9veloppement Endog\u00e8ne Durable \u00bb, th\u00e8me de l\u2019\u00e9dition - niger","isPartOf":{"@id":"https:\/\/www.africa-press.net\/niger\/#website"},"primaryImageOfPage":{"@id":"https:\/\/www.africa-press.net\/niger\/culture-et-art\/31eme-edition-de-la-journee-de-la-fete-de-lartisanat-lartisanat-facteur-de-developpement-endogene-durable-theme-de-ledition#primaryimage"},"image":{"@id":"https:\/\/www.africa-press.net\/niger\/culture-et-art\/31eme-edition-de-la-journee-de-la-fete-de-lartisanat-lartisanat-facteur-de-developpement-endogene-durable-theme-de-ledition#primaryimage"},"thumbnailUrl":"https:\/\/static.africa-press.net\/niger\/sites\/40\/2024\/02\/sm_1708789740.606889.jpg","datePublished":"2024-02-24T19:03:36+00:00","dateModified":"2024-02-24T19:26:48+00:00","author":{"@id":"https:\/\/www.africa-press.net\/niger\/#\/schema\/person\/2b1cf3cd81a31e3cd26889ca66d677f1"},"description":"Le Niger ce\u0301le\u0300bre samedi 24 fe\u0301vrier 2024, la 31e\u0300me e\u0301dition de la Journe\u0301e de la Fe\u0302te de l\u2019Artisanat place\u0301e sous ...","breadcrumb":{"@id":"https:\/\/www.africa-press.net\/niger\/culture-et-art\/31eme-edition-de-la-journee-de-la-fete-de-lartisanat-lartisanat-facteur-de-developpement-endogene-durable-theme-de-ledition#breadcrumb"},"inLanguage":"fr-FR","potentialAction":[{"@type":"ReadAction","target":["https:\/\/www.africa-press.net\/niger\/culture-et-art\/31eme-edition-de-la-journee-de-la-fete-de-lartisanat-lartisanat-facteur-de-developpement-endogene-durable-theme-de-ledition"]}]},{"@type":"ImageObject","inLanguage":"fr-FR","@id":"https:\/\/www.africa-press.net\/niger\/culture-et-art\/31eme-edition-de-la-journee-de-la-fete-de-lartisanat-lartisanat-facteur-de-developpement-endogene-durable-theme-de-ledition#primaryimage","url":"https:\/\/static.africa-press.net\/niger\/sites\/40\/2024\/02\/sm_1708789740.606889.jpg","contentUrl":"https:\/\/static.africa-press.net\/niger\/sites\/40\/2024\/02\/sm_1708789740.606889.jpg","width":800,"height":533,"caption":"31\u00e8me \u00e9dition de la Journ\u00e9e de la F\u00eate de l\u2019Artisanat : \u00ab l\u2019Artisanat, Facteur de D\u00e9veloppement Endog\u00e8ne Durable \u00bb, th\u00e8me de l\u2019\u00e9dition"},{"@type":"BreadcrumbList","@id":"https:\/\/www.africa-press.net\/niger\/culture-et-art\/31eme-edition-de-la-journee-de-la-fete-de-lartisanat-lartisanat-facteur-de-developpement-endogene-durable-theme-de-ledition#breadcrumb","itemListElement":[{"@type":"ListItem","position":1,"name":"Accueil","item":"https:\/\/www.africa-press.net\/niger\/"},{"@type":"ListItem","position":2,"name":"31\u00e8me \u00e9dition de la Journ\u00e9e de la F\u00eate de l\u2019Artisanat : \u00ab l\u2019Artisanat, Facteur de D\u00e9veloppement Endog\u00e8ne Durable \u00bb, th\u00e8me de l\u2019\u00e9dition"}]},{"@type":"WebSite","@id":"https:\/\/www.africa-press.net\/niger\/#website","url":"https:\/\/www.africa-press.net\/niger\/","name":"niger","description":"Just another Africa News Agency Sites site","potentialAction":[{"@type":"SearchAction","target":{"@type":"EntryPoint","urlTemplate":"https:\/\/www.africa-press.net\/niger\/?s={search_term_string}"},"query-input":{"@type":"PropertyValueSpecification","valueRequired":true,"valueName":"search_term_string"}}],"inLanguage":"fr-FR"},{"@type":"Person","@id":"https:\/\/www.africa-press.net\/niger\/#\/schema\/person\/2b1cf3cd81a31e3cd26889ca66d677f1","name":"cfeditorfr"}]}},"_links":{"self":[{"href":"https:\/\/www.africa-press.net\/niger\/wp-json\/wp\/v2\/posts\/59071","targetHints":{"allow":["GET"]}}],"collection":[{"href":"https:\/\/www.africa-press.net\/niger\/wp-json\/wp\/v2\/posts"}],"about":[{"href":"https:\/\/www.africa-press.net\/niger\/wp-json\/wp\/v2\/types\/post"}],"author":[{"embeddable":true,"href":"https:\/\/www.africa-press.net\/niger\/wp-json\/wp\/v2\/users\/82"}],"replies":[{"embeddable":true,"href":"https:\/\/www.africa-press.net\/niger\/wp-json\/wp\/v2\/comments?post=59071"}],"version-history":[{"count":0,"href":"https:\/\/www.africa-press.net\/niger\/wp-json\/wp\/v2\/posts\/59071\/revisions"}],"wp:featuredmedia":[{"embeddable":true,"href":"https:\/\/www.africa-press.net\/niger\/wp-json\/wp\/v2\/media\/59070"}],"wp:attachment":[{"href":"https:\/\/www.africa-press.net\/niger\/wp-json\/wp\/v2\/media?parent=59071"}],"wp:term":[{"taxonomy":"category","embeddable":true,"href":"https:\/\/www.africa-press.net\/niger\/wp-json\/wp\/v2\/categories?post=59071"},{"taxonomy":"post_tag","embeddable":true,"href":"https:\/\/www.africa-press.net\/niger\/wp-json\/wp\/v2\/tags?post=59071"}],"curies":[{"name":"wp","href":"https:\/\/api.w.org\/{rel}","templated":true}]}}