{"id":59075,"date":"2024-02-24T19:04:30","date_gmt":"2024-02-24T19:04:30","guid":{"rendered":"https:\/\/www.africa-press.net\/niger\/politique\/visite-du-ministre-en-charge-de-la-communication-en-turkiye-m-sidi-mohamed-raliou-sentretient-avec-le-ministre-des-affaires-etrangeres-de-chypre-du-nord"},"modified":"2024-02-24T19:28:10","modified_gmt":"2024-02-24T19:28:10","slug":"visite-du-ministre-en-charge-de-la-communication-en-turkiye-m-sidi-mohamed-raliou-sentretient-avec-le-ministre-des-affaires-etrangeres-de-chypre-du-nord","status":"publish","type":"post","link":"https:\/\/www.africa-press.net\/niger\/politique\/visite-du-ministre-en-charge-de-la-communication-en-turkiye-m-sidi-mohamed-raliou-sentretient-avec-le-ministre-des-affaires-etrangeres-de-chypre-du-nord","title":{"rendered":"Visite du ministre en charge de la Communication en T\u00fcrkiye : M. Sidi Mohamed Raliou s\u2019entretient avec le ministre des Affaires \u00e9trang\u00e8res de Chypre du Nord"},"content":{"rendered":"<p><span style=\"color: #ff6600\"><strong>Africa-Press &#8211; Niger. <\/strong><\/span>En visite de travail en Tu\u0308rkiye dans le cadre de la 12e\u0300me confe\u0301rence extraordinaire des Ministres de l\u2019information des pays membres de l\u2019organisation de la Coope\u0301ration islamique (OCI) qui se tient a\u0300 Istanbul, le ministre de la Communication, des Postes et de l\u2019Economie Nume\u0301rique M. Sidi Mohamed Raliou s\u2019est entretenu avec le ministre des Affaires e\u0301trange\u0300res de Chypre du Nord.<\/p>\n<p>La coope\u0301ration entre la Re\u0301publique du Niger et celle de Chypre du Nord etait au c\u0153ur des e\u0301changes entre le ministre Sidi Mohamed Raliou et le ministre des Affaires Etrange\u0300res de Chypre du Nord Tabsin Ertugruloglu. Les deux parties ont manifeste\u0301 leur volonte\u0301 commune de coope\u0301rer dans le respect mutuel, pour le bonheur de leurs peuples. C\u2019est en ce sens que le ministre Chypriote a sollicite\u0301 l\u2019appui de l\u2019E\u0301tat du Niger, dans la re\u0301solution de la question chypriote qui dure depuis les anne\u0301es 1960. Il demande par ailleurs au Niger de s\u2019investir pour faire connai\u0302tre les proble\u0300mes des peuples de l\u2019i\u0302le de Chypre turque. Le Ministre Sidi Mohamed Raliou a eu e\u0301cho de la vie que me\u0300nent plusieurs e\u0301tudiants nige\u0301riens en Chypre, dans le respect absolu des textes de leur pays d\u2019accueil. Le ministre de la Communication, des Postes et de l\u2019Economie Nume\u0301rique s\u2019est fe\u0301licite\u0301 de leur comportement exemplaire. Au Ministre Chypriote des Affaires Etrange\u0300res de demander une augmentation du nombre d\u2019e\u0301tudiants nige\u0301riens, pour l\u2019anne\u0301e prochaine. En re\u0301ponse, le Ministre en charge de la Communication a signale\u0301 que les offres de bourse doivent se faire par voie diplomatique. Le Ministre Chypriote a e\u0301galement e\u0301mis le v\u0153u de de\u0301velopper davantage et rapidement les relations entre les deux pays, avec un accent particulier dans les secteurs de la communication et de l\u2019e\u0301conomie nume\u0301rique. C\u2019est pourquoi il a invite\u0301 le ministre nige\u0301rien a\u0300 visiter l\u2019ile de Chypre, pour explorer les voies de coope\u0301ration dans le domaine de l\u2019e\u0301conomie nume\u0301rique. Une invitation accepte\u0301e par le ministre Sidi Mohamed Raliou, qui a indique\u0301 que les modalite\u0301s pratiques seront fixe\u0301es par voie diplomatique. Les deux personnalite\u0301s ont salue\u0301 l\u2019engagement de leurs pays respectifs a\u0300 e\u0301tablir des liens de coope\u0301ration, avec tout pays e\u0301pris de paix et de justice, de leur choix et en toute souverainete\u0301. Ils se sont enfin re\u0301jouis de cette rencontre, qui te\u0301moigne de la volonte\u0301 des deux pays a\u0300 diversifier leurs partenaires.<\/p>\n<p>&nbsp;<\/p>\n<p><strong>Pour plus d&rsquo;informations et d&rsquo;analyses sur la <a href=\"https:\/\/www.africa-press.net\/niger\">Niger<\/a>, suivez <a href=\"https:\/\/www.africa-press.net\/\">Africa-Press<\/a><\/strong><\/p>\n","protected":false},"excerpt":{"rendered":"<p>Africa-Press &#8211; Niger. En visite de travail en Tu\u0308rkiye dans le cadre de la 12e\u0300me confe\u0301rence extraordinaire des Ministres de l\u2019information des pays membres de l\u2019organisation de la Coope\u0301ration islamique (OCI) qui se tient a\u0300 Istanbul, le ministre de la Communication, des Postes et de l\u2019Economie Nume\u0301rique M. Sidi Mohamed Raliou s\u2019est entretenu avec le [&hellip;]<\/p>\n","protected":false},"author":82,"featured_media":59074,"comment_status":"open","ping_status":"closed","sticky":false,"template":"","format":"standard","meta":{"footnotes":""},"categories":[2,20,10],"tags":[55,60,29],"class_list":["post-59075","post","type-post","status-publish","format-standard","has-post-thumbnail","hentry","category-politique","category-top-nouvelles","category-toutes-les-actualites","tag-africa-press","tag-africa-press-niger","tag-niger"],"yoast_head":"<!-- This site is optimized with the Yoast SEO Premium plugin v26.1 (Yoast SEO v27.0) - https:\/\/yoast.com\/product\/yoast-seo-premium-wordpress\/ -->\n<title>Visite du ministre en charge de la Communication en T\u00fcrkiye : M. Sidi Mohamed Raliou s\u2019entretient avec le ministre des Affaires \u00e9trang\u00e8res de Chypre du Nord - niger<\/title>\n<meta name=\"description\" content=\"En visite de travail en Tu\u0308rkiye dans le cadre de la 12e\u0300me confe\u0301rence extraordinaire des Ministres de l\u2019information de ...\" \/>\n<meta name=\"robots\" content=\"index, follow, max-snippet:-1, max-image-preview:large, max-video-preview:-1\" \/>\n<link rel=\"canonical\" href=\"https:\/\/www.africa-press.net\/niger\/politique\/visite-du-ministre-en-charge-de-la-communication-en-turkiye-m-sidi-mohamed-raliou-sentretient-avec-le-ministre-des-affaires-etrangeres-de-chypre-du-nord\" \/>\n<meta property=\"og:locale\" content=\"fr_FR\" \/>\n<meta property=\"og:type\" content=\"article\" \/>\n<meta property=\"og:title\" content=\"Visite du ministre en charge de la Communication en T\u00fcrkiye : M. Sidi Mohamed Raliou s\u2019entretient avec le ministre des Affaires \u00e9trang\u00e8res de Chypre du Nord\" \/>\n<meta property=\"og:description\" content=\"En visite de travail en Tu\u0308rkiye dans le cadre de la 12e\u0300me confe\u0301rence extraordinaire des Ministres de l\u2019information de ...\" \/>\n<meta property=\"og:url\" content=\"https:\/\/www.africa-press.net\/niger\/politique\/visite-du-ministre-en-charge-de-la-communication-en-turkiye-m-sidi-mohamed-raliou-sentretient-avec-le-ministre-des-affaires-etrangeres-de-chypre-du-nord\" \/>\n<meta property=\"og:site_name\" content=\"niger\" \/>\n<meta property=\"article:published_time\" content=\"2024-02-24T19:04:30+00:00\" \/>\n<meta property=\"article:modified_time\" content=\"2024-02-24T19:28:10+00:00\" \/>\n<meta property=\"og:image\" content=\"https:\/\/static.africa-press.net\/niger\/sites\/40\/2024\/02\/sm_1708789784.16043.jpg\" \/>\n\t<meta property=\"og:image:width\" content=\"1024\" \/>\n\t<meta property=\"og:image:height\" content=\"473\" \/>\n\t<meta property=\"og:image:type\" content=\"image\/jpeg\" \/>\n<meta name=\"author\" content=\"cfeditorfr\" \/>\n<meta name=\"twitter:card\" content=\"summary_large_image\" \/>\n<meta name=\"twitter:label1\" content=\"\u00c9crit par\" \/>\n\t<meta name=\"twitter:data1\" content=\"cfeditorfr\" \/>\n\t<meta name=\"twitter:label2\" content=\"Dur\u00e9e de lecture estim\u00e9e\" \/>\n\t<meta name=\"twitter:data2\" content=\"2 minutes\" \/>\n<script type=\"application\/ld+json\" class=\"yoast-schema-graph\">{\"@context\":\"https:\/\/schema.org\",\"@graph\":[{\"@type\":\"Article\",\"@id\":\"https:\/\/www.africa-press.net\/niger\/politique\/visite-du-ministre-en-charge-de-la-communication-en-turkiye-m-sidi-mohamed-raliou-sentretient-avec-le-ministre-des-affaires-etrangeres-de-chypre-du-nord#article\",\"isPartOf\":{\"@id\":\"https:\/\/www.africa-press.net\/niger\/politique\/visite-du-ministre-en-charge-de-la-communication-en-turkiye-m-sidi-mohamed-raliou-sentretient-avec-le-ministre-des-affaires-etrangeres-de-chypre-du-nord\"},\"author\":{\"name\":\"cfeditorfr\",\"@id\":\"https:\/\/www.africa-press.net\/niger\/#\/schema\/person\/2b1cf3cd81a31e3cd26889ca66d677f1\"},\"headline\":\"Visite du ministre en charge de la Communication en T\u00fcrkiye : M. Sidi Mohamed Raliou s\u2019entretient avec le ministre des Affaires \u00e9trang\u00e8res de Chypre du Nord\",\"datePublished\":\"2024-02-24T19:04:30+00:00\",\"dateModified\":\"2024-02-24T19:28:10+00:00\",\"mainEntityOfPage\":{\"@id\":\"https:\/\/www.africa-press.net\/niger\/politique\/visite-du-ministre-en-charge-de-la-communication-en-turkiye-m-sidi-mohamed-raliou-sentretient-avec-le-ministre-des-affaires-etrangeres-de-chypre-du-nord\"},\"wordCount\":490,\"commentCount\":0,\"image\":{\"@id\":\"https:\/\/www.africa-press.net\/niger\/politique\/visite-du-ministre-en-charge-de-la-communication-en-turkiye-m-sidi-mohamed-raliou-sentretient-avec-le-ministre-des-affaires-etrangeres-de-chypre-du-nord#primaryimage\"},\"thumbnailUrl\":\"https:\/\/static.africa-press.net\/niger\/sites\/40\/2024\/02\/sm_1708789784.16043.jpg\",\"keywords\":[\"Africa Press\",\"Africa Press-Niger\",\"Niger\"],\"articleSection\":[\"Politique\",\"Top Nouvelles\",\"Toutes les actualit\u00e9s\"],\"inLanguage\":\"fr-FR\",\"potentialAction\":[{\"@type\":\"CommentAction\",\"name\":\"Comment\",\"target\":[\"https:\/\/www.africa-press.net\/niger\/politique\/visite-du-ministre-en-charge-de-la-communication-en-turkiye-m-sidi-mohamed-raliou-sentretient-avec-le-ministre-des-affaires-etrangeres-de-chypre-du-nord#respond\"]}]},{\"@type\":\"WebPage\",\"@id\":\"https:\/\/www.africa-press.net\/niger\/politique\/visite-du-ministre-en-charge-de-la-communication-en-turkiye-m-sidi-mohamed-raliou-sentretient-avec-le-ministre-des-affaires-etrangeres-de-chypre-du-nord\",\"url\":\"https:\/\/www.africa-press.net\/niger\/politique\/visite-du-ministre-en-charge-de-la-communication-en-turkiye-m-sidi-mohamed-raliou-sentretient-avec-le-ministre-des-affaires-etrangeres-de-chypre-du-nord\",\"name\":\"Visite du ministre en charge de la Communication en T\u00fcrkiye : M. Sidi Mohamed Raliou s\u2019entretient avec le ministre des Affaires \u00e9trang\u00e8res de Chypre du Nord - niger\",\"isPartOf\":{\"@id\":\"https:\/\/www.africa-press.net\/niger\/#website\"},\"primaryImageOfPage\":{\"@id\":\"https:\/\/www.africa-press.net\/niger\/politique\/visite-du-ministre-en-charge-de-la-communication-en-turkiye-m-sidi-mohamed-raliou-sentretient-avec-le-ministre-des-affaires-etrangeres-de-chypre-du-nord#primaryimage\"},\"image\":{\"@id\":\"https:\/\/www.africa-press.net\/niger\/politique\/visite-du-ministre-en-charge-de-la-communication-en-turkiye-m-sidi-mohamed-raliou-sentretient-avec-le-ministre-des-affaires-etrangeres-de-chypre-du-nord#primaryimage\"},\"thumbnailUrl\":\"https:\/\/static.africa-press.net\/niger\/sites\/40\/2024\/02\/sm_1708789784.16043.jpg\",\"datePublished\":\"2024-02-24T19:04:30+00:00\",\"dateModified\":\"2024-02-24T19:28:10+00:00\",\"author\":{\"@id\":\"https:\/\/www.africa-press.net\/niger\/#\/schema\/person\/2b1cf3cd81a31e3cd26889ca66d677f1\"},\"description\":\"En visite de travail en Tu\u0308rkiye dans le cadre de la 12e\u0300me confe\u0301rence extraordinaire des Ministres de l\u2019information de ...\",\"breadcrumb\":{\"@id\":\"https:\/\/www.africa-press.net\/niger\/politique\/visite-du-ministre-en-charge-de-la-communication-en-turkiye-m-sidi-mohamed-raliou-sentretient-avec-le-ministre-des-affaires-etrangeres-de-chypre-du-nord#breadcrumb\"},\"inLanguage\":\"fr-FR\",\"potentialAction\":[{\"@type\":\"ReadAction\",\"target\":[\"https:\/\/www.africa-press.net\/niger\/politique\/visite-du-ministre-en-charge-de-la-communication-en-turkiye-m-sidi-mohamed-raliou-sentretient-avec-le-ministre-des-affaires-etrangeres-de-chypre-du-nord\"]}]},{\"@type\":\"ImageObject\",\"inLanguage\":\"fr-FR\",\"@id\":\"https:\/\/www.africa-press.net\/niger\/politique\/visite-du-ministre-en-charge-de-la-communication-en-turkiye-m-sidi-mohamed-raliou-sentretient-avec-le-ministre-des-affaires-etrangeres-de-chypre-du-nord#primaryimage\",\"url\":\"https:\/\/static.africa-press.net\/niger\/sites\/40\/2024\/02\/sm_1708789784.16043.jpg\",\"contentUrl\":\"https:\/\/static.africa-press.net\/niger\/sites\/40\/2024\/02\/sm_1708789784.16043.jpg\",\"width\":1024,\"height\":473,\"caption\":\"Visite du ministre en charge de la Communication en T\u00fcrkiye : M. Sidi Mohamed Raliou s\u2019entretient avec le ministre des Affaires \u00e9trang\u00e8res de Chypre du Nord\"},{\"@type\":\"BreadcrumbList\",\"@id\":\"https:\/\/www.africa-press.net\/niger\/politique\/visite-du-ministre-en-charge-de-la-communication-en-turkiye-m-sidi-mohamed-raliou-sentretient-avec-le-ministre-des-affaires-etrangeres-de-chypre-du-nord#breadcrumb\",\"itemListElement\":[{\"@type\":\"ListItem\",\"position\":1,\"name\":\"Accueil\",\"item\":\"https:\/\/www.africa-press.net\/niger\/\"},{\"@type\":\"ListItem\",\"position\":2,\"name\":\"Visite du ministre en charge de la Communication en T\u00fcrkiye : M. Sidi Mohamed Raliou s\u2019entretient avec le ministre des Affaires \u00e9trang\u00e8res de Chypre du Nord\"}]},{\"@type\":\"WebSite\",\"@id\":\"https:\/\/www.africa-press.net\/niger\/#website\",\"url\":\"https:\/\/www.africa-press.net\/niger\/\",\"name\":\"niger\",\"description\":\"Just another Africa News Agency Sites site\",\"potentialAction\":[{\"@type\":\"SearchAction\",\"target\":{\"@type\":\"EntryPoint\",\"urlTemplate\":\"https:\/\/www.africa-press.net\/niger\/?s={search_term_string}\"},\"query-input\":{\"@type\":\"PropertyValueSpecification\",\"valueRequired\":true,\"valueName\":\"search_term_string\"}}],\"inLanguage\":\"fr-FR\"},{\"@type\":\"Person\",\"@id\":\"https:\/\/www.africa-press.net\/niger\/#\/schema\/person\/2b1cf3cd81a31e3cd26889ca66d677f1\",\"name\":\"cfeditorfr\"}]}<\/script>\n<!-- \/ Yoast SEO Premium plugin. -->","yoast_head_json":{"title":"Visite du ministre en charge de la Communication en T\u00fcrkiye : M. Sidi Mohamed Raliou s\u2019entretient avec le ministre des Affaires \u00e9trang\u00e8res de Chypre du Nord - niger","description":"En visite de travail en Tu\u0308rkiye dans le cadre de la 12e\u0300me confe\u0301rence extraordinaire des Ministres de l\u2019information de ...","robots":{"index":"index","follow":"follow","max-snippet":"max-snippet:-1","max-image-preview":"max-image-preview:large","max-video-preview":"max-video-preview:-1"},"canonical":"https:\/\/www.africa-press.net\/niger\/politique\/visite-du-ministre-en-charge-de-la-communication-en-turkiye-m-sidi-mohamed-raliou-sentretient-avec-le-ministre-des-affaires-etrangeres-de-chypre-du-nord","og_locale":"fr_FR","og_type":"article","og_title":"Visite du ministre en charge de la Communication en T\u00fcrkiye : M. Sidi Mohamed Raliou s\u2019entretient avec le ministre des Affaires \u00e9trang\u00e8res de Chypre du Nord","og_description":"En visite de travail en Tu\u0308rkiye dans le cadre de la 12e\u0300me confe\u0301rence extraordinaire des Ministres de l\u2019information de ...","og_url":"https:\/\/www.africa-press.net\/niger\/politique\/visite-du-ministre-en-charge-de-la-communication-en-turkiye-m-sidi-mohamed-raliou-sentretient-avec-le-ministre-des-affaires-etrangeres-de-chypre-du-nord","og_site_name":"niger","article_published_time":"2024-02-24T19:04:30+00:00","article_modified_time":"2024-02-24T19:28:10+00:00","og_image":[{"width":1024,"height":473,"url":"https:\/\/static.africa-press.net\/niger\/sites\/40\/2024\/02\/sm_1708789784.16043.jpg","type":"image\/jpeg"}],"author":"cfeditorfr","twitter_card":"summary_large_image","twitter_misc":{"\u00c9crit par":"cfeditorfr","Dur\u00e9e de lecture estim\u00e9e":"2 minutes"},"schema":{"@context":"https:\/\/schema.org","@graph":[{"@type":"Article","@id":"https:\/\/www.africa-press.net\/niger\/politique\/visite-du-ministre-en-charge-de-la-communication-en-turkiye-m-sidi-mohamed-raliou-sentretient-avec-le-ministre-des-affaires-etrangeres-de-chypre-du-nord#article","isPartOf":{"@id":"https:\/\/www.africa-press.net\/niger\/politique\/visite-du-ministre-en-charge-de-la-communication-en-turkiye-m-sidi-mohamed-raliou-sentretient-avec-le-ministre-des-affaires-etrangeres-de-chypre-du-nord"},"author":{"name":"cfeditorfr","@id":"https:\/\/www.africa-press.net\/niger\/#\/schema\/person\/2b1cf3cd81a31e3cd26889ca66d677f1"},"headline":"Visite du ministre en charge de la Communication en T\u00fcrkiye : M. Sidi Mohamed Raliou s\u2019entretient avec le ministre des Affaires \u00e9trang\u00e8res de Chypre du Nord","datePublished":"2024-02-24T19:04:30+00:00","dateModified":"2024-02-24T19:28:10+00:00","mainEntityOfPage":{"@id":"https:\/\/www.africa-press.net\/niger\/politique\/visite-du-ministre-en-charge-de-la-communication-en-turkiye-m-sidi-mohamed-raliou-sentretient-avec-le-ministre-des-affaires-etrangeres-de-chypre-du-nord"},"wordCount":490,"commentCount":0,"image":{"@id":"https:\/\/www.africa-press.net\/niger\/politique\/visite-du-ministre-en-charge-de-la-communication-en-turkiye-m-sidi-mohamed-raliou-sentretient-avec-le-ministre-des-affaires-etrangeres-de-chypre-du-nord#primaryimage"},"thumbnailUrl":"https:\/\/static.africa-press.net\/niger\/sites\/40\/2024\/02\/sm_1708789784.16043.jpg","keywords":["Africa Press","Africa Press-Niger","Niger"],"articleSection":["Politique","Top Nouvelles","Toutes les actualit\u00e9s"],"inLanguage":"fr-FR","potentialAction":[{"@type":"CommentAction","name":"Comment","target":["https:\/\/www.africa-press.net\/niger\/politique\/visite-du-ministre-en-charge-de-la-communication-en-turkiye-m-sidi-mohamed-raliou-sentretient-avec-le-ministre-des-affaires-etrangeres-de-chypre-du-nord#respond"]}]},{"@type":"WebPage","@id":"https:\/\/www.africa-press.net\/niger\/politique\/visite-du-ministre-en-charge-de-la-communication-en-turkiye-m-sidi-mohamed-raliou-sentretient-avec-le-ministre-des-affaires-etrangeres-de-chypre-du-nord","url":"https:\/\/www.africa-press.net\/niger\/politique\/visite-du-ministre-en-charge-de-la-communication-en-turkiye-m-sidi-mohamed-raliou-sentretient-avec-le-ministre-des-affaires-etrangeres-de-chypre-du-nord","name":"Visite du ministre en charge de la Communication en T\u00fcrkiye : M. Sidi Mohamed Raliou s\u2019entretient avec le ministre des Affaires \u00e9trang\u00e8res de Chypre du Nord - niger","isPartOf":{"@id":"https:\/\/www.africa-press.net\/niger\/#website"},"primaryImageOfPage":{"@id":"https:\/\/www.africa-press.net\/niger\/politique\/visite-du-ministre-en-charge-de-la-communication-en-turkiye-m-sidi-mohamed-raliou-sentretient-avec-le-ministre-des-affaires-etrangeres-de-chypre-du-nord#primaryimage"},"image":{"@id":"https:\/\/www.africa-press.net\/niger\/politique\/visite-du-ministre-en-charge-de-la-communication-en-turkiye-m-sidi-mohamed-raliou-sentretient-avec-le-ministre-des-affaires-etrangeres-de-chypre-du-nord#primaryimage"},"thumbnailUrl":"https:\/\/static.africa-press.net\/niger\/sites\/40\/2024\/02\/sm_1708789784.16043.jpg","datePublished":"2024-02-24T19:04:30+00:00","dateModified":"2024-02-24T19:28:10+00:00","author":{"@id":"https:\/\/www.africa-press.net\/niger\/#\/schema\/person\/2b1cf3cd81a31e3cd26889ca66d677f1"},"description":"En visite de travail en Tu\u0308rkiye dans le cadre de la 12e\u0300me confe\u0301rence extraordinaire des Ministres de l\u2019information de ...","breadcrumb":{"@id":"https:\/\/www.africa-press.net\/niger\/politique\/visite-du-ministre-en-charge-de-la-communication-en-turkiye-m-sidi-mohamed-raliou-sentretient-avec-le-ministre-des-affaires-etrangeres-de-chypre-du-nord#breadcrumb"},"inLanguage":"fr-FR","potentialAction":[{"@type":"ReadAction","target":["https:\/\/www.africa-press.net\/niger\/politique\/visite-du-ministre-en-charge-de-la-communication-en-turkiye-m-sidi-mohamed-raliou-sentretient-avec-le-ministre-des-affaires-etrangeres-de-chypre-du-nord"]}]},{"@type":"ImageObject","inLanguage":"fr-FR","@id":"https:\/\/www.africa-press.net\/niger\/politique\/visite-du-ministre-en-charge-de-la-communication-en-turkiye-m-sidi-mohamed-raliou-sentretient-avec-le-ministre-des-affaires-etrangeres-de-chypre-du-nord#primaryimage","url":"https:\/\/static.africa-press.net\/niger\/sites\/40\/2024\/02\/sm_1708789784.16043.jpg","contentUrl":"https:\/\/static.africa-press.net\/niger\/sites\/40\/2024\/02\/sm_1708789784.16043.jpg","width":1024,"height":473,"caption":"Visite du ministre en charge de la Communication en T\u00fcrkiye : M. Sidi Mohamed Raliou s\u2019entretient avec le ministre des Affaires \u00e9trang\u00e8res de Chypre du Nord"},{"@type":"BreadcrumbList","@id":"https:\/\/www.africa-press.net\/niger\/politique\/visite-du-ministre-en-charge-de-la-communication-en-turkiye-m-sidi-mohamed-raliou-sentretient-avec-le-ministre-des-affaires-etrangeres-de-chypre-du-nord#breadcrumb","itemListElement":[{"@type":"ListItem","position":1,"name":"Accueil","item":"https:\/\/www.africa-press.net\/niger\/"},{"@type":"ListItem","position":2,"name":"Visite du ministre en charge de la Communication en T\u00fcrkiye : M. Sidi Mohamed Raliou s\u2019entretient avec le ministre des Affaires \u00e9trang\u00e8res de Chypre du Nord"}]},{"@type":"WebSite","@id":"https:\/\/www.africa-press.net\/niger\/#website","url":"https:\/\/www.africa-press.net\/niger\/","name":"niger","description":"Just another Africa News Agency Sites site","potentialAction":[{"@type":"SearchAction","target":{"@type":"EntryPoint","urlTemplate":"https:\/\/www.africa-press.net\/niger\/?s={search_term_string}"},"query-input":{"@type":"PropertyValueSpecification","valueRequired":true,"valueName":"search_term_string"}}],"inLanguage":"fr-FR"},{"@type":"Person","@id":"https:\/\/www.africa-press.net\/niger\/#\/schema\/person\/2b1cf3cd81a31e3cd26889ca66d677f1","name":"cfeditorfr"}]}},"_links":{"self":[{"href":"https:\/\/www.africa-press.net\/niger\/wp-json\/wp\/v2\/posts\/59075","targetHints":{"allow":["GET"]}}],"collection":[{"href":"https:\/\/www.africa-press.net\/niger\/wp-json\/wp\/v2\/posts"}],"about":[{"href":"https:\/\/www.africa-press.net\/niger\/wp-json\/wp\/v2\/types\/post"}],"author":[{"embeddable":true,"href":"https:\/\/www.africa-press.net\/niger\/wp-json\/wp\/v2\/users\/82"}],"replies":[{"embeddable":true,"href":"https:\/\/www.africa-press.net\/niger\/wp-json\/wp\/v2\/comments?post=59075"}],"version-history":[{"count":0,"href":"https:\/\/www.africa-press.net\/niger\/wp-json\/wp\/v2\/posts\/59075\/revisions"}],"wp:featuredmedia":[{"embeddable":true,"href":"https:\/\/www.africa-press.net\/niger\/wp-json\/wp\/v2\/media\/59074"}],"wp:attachment":[{"href":"https:\/\/www.africa-press.net\/niger\/wp-json\/wp\/v2\/media?parent=59075"}],"wp:term":[{"taxonomy":"category","embeddable":true,"href":"https:\/\/www.africa-press.net\/niger\/wp-json\/wp\/v2\/categories?post=59075"},{"taxonomy":"post_tag","embeddable":true,"href":"https:\/\/www.africa-press.net\/niger\/wp-json\/wp\/v2\/tags?post=59075"}],"curies":[{"name":"wp","href":"https:\/\/api.w.org\/{rel}","templated":true}]}}