{"id":59079,"date":"2024-02-24T19:06:21","date_gmt":"2024-02-24T19:06:21","guid":{"rendered":"https:\/\/www.africa-press.net\/niger\/politique\/113eme-journee-de-la-fete-de-lartisanat-les-artisans-de-diffa-recoivent-la-visite-du-gouverneur"},"modified":"2024-02-24T19:29:06","modified_gmt":"2024-02-24T19:29:06","slug":"113eme-journee-de-la-fete-de-lartisanat-les-artisans-de-diffa-recoivent-la-visite-du-gouverneur","status":"publish","type":"post","link":"https:\/\/www.africa-press.net\/niger\/culture-et-art\/113eme-journee-de-la-fete-de-lartisanat-les-artisans-de-diffa-recoivent-la-visite-du-gouverneur","title":{"rendered":"113\u00e8me  journ\u00e9e de la f\u00eate de l\u2019artisanat : les Artisans de Diffa re\u00e7oivent la visite du Gouverneur"},"content":{"rendered":"<p><span style=\"color: #ff6600\"><strong>Africa-Press &#8211; Niger. <\/strong><\/span>les Artisans de la re\u0301gion de Diffa qui organisent une exposition vente des produits artisanaux de la re\u0301gion dans l\u2019enceinte du village Artisanale, a\u0300 l\u2019occasion de la ce\u0301le\u0301bration de la 113e\u0300me journe\u0301e de la fe\u0302te de l\u2019artisanat ce Samedi 24 de\u0301cembre 2024 ont rec\u0327u la visite du gouverneur de la re\u0301gion, le ge\u0301ne\u0301ral de brigade Ibrahim Bagadoma.<\/p>\n<p>Le the\u0300me retenu cette anne\u0301e est \u2018\u2019 l\u2019artisanat, facteur de de\u0301veloppement endoge\u0300ne durable\u2019\u2019.<\/p>\n<p>Le gouverneur de la re\u0301gion a visite\u0301 l\u2019ensemble des stands des exposants, qui n\u2019ont pas manque\u0301 chacun en ce qui lui concerne, de donner d\u2019amples informations sur les produits qu\u2019il expose, d\u2019ou\u0300 les sentiments de satisfaction du premier responsable de la re\u0301gion, qui a profite\u0301 de l\u2019occasion pour prodiguer de sages conseils a\u0300 ces artisans dans le sens de l\u2019ame\u0301lioration et de la professionnalisation de leurs me\u0301tiers.<\/p>\n<p>A noter que le ge\u0301ne\u0301ral Bagadoma est accompagne\u0301 dans ce de\u0301placement du Pre\u0301sident du conseil re\u0301gional de Diffa, M. Dalla Korodji, des secre\u0301taires ge\u0301ne\u0301raux de la re\u0301gion, du 2eme Vice Maire de la commune urbaine de Diffa, ainsi que les responsables des forces de de\u0301fense et de se\u0301curite\u0301 de la re\u0301gion.<\/p>\n<p><strong>Pour plus d&rsquo;informations et d&rsquo;analyses sur la <a href=\"https:\/\/www.africa-press.net\/niger\">Niger<\/a>, suivez <a href=\"https:\/\/www.africa-press.net\/\">Africa-Press<\/a><\/strong><\/p>\n","protected":false},"excerpt":{"rendered":"<p>Africa-Press &#8211; Niger. les Artisans de la re\u0301gion de Diffa qui organisent une exposition vente des produits artisanaux de la re\u0301gion dans l\u2019enceinte du village Artisanale, a\u0300 l\u2019occasion de la ce\u0301le\u0301bration de la 113e\u0300me journe\u0301e de la fe\u0302te de l\u2019artisanat ce Samedi 24 de\u0301cembre 2024 ont rec\u0327u la visite du gouverneur de la re\u0301gion, le [&hellip;]<\/p>\n","protected":false},"author":82,"featured_media":59078,"comment_status":"open","ping_status":"closed","sticky":false,"template":"","format":"standard","meta":{"footnotes":""},"categories":[5,10],"tags":[55,60,29],"class_list":["post-59079","post","type-post","status-publish","format-standard","has-post-thumbnail","hentry","category-culture-et-art","category-toutes-les-actualites","tag-africa-press","tag-africa-press-niger","tag-niger"],"yoast_head":"<!-- This site is optimized with the Yoast SEO Premium plugin v26.1 (Yoast SEO v27.0) - https:\/\/yoast.com\/product\/yoast-seo-premium-wordpress\/ -->\n<title>113\u00e8me journ\u00e9e de la f\u00eate de l\u2019artisanat : les Artisans de Diffa re\u00e7oivent la visite du Gouverneur - niger<\/title>\n<meta name=\"description\" content=\"les Artisans de la re\u0301gion de Diffa qui organisent une exposition vente des produits artisanaux de la re\u0301gion dans l\u2019enc ...\" \/>\n<meta name=\"robots\" content=\"index, follow, max-snippet:-1, max-image-preview:large, max-video-preview:-1\" \/>\n<link rel=\"canonical\" href=\"https:\/\/www.africa-press.net\/niger\/culture-et-art\/113eme-journee-de-la-fete-de-lartisanat-les-artisans-de-diffa-recoivent-la-visite-du-gouverneur\" \/>\n<meta property=\"og:locale\" content=\"fr_FR\" \/>\n<meta property=\"og:type\" content=\"article\" \/>\n<meta property=\"og:title\" content=\"113\u00e8me journ\u00e9e de la f\u00eate de l\u2019artisanat : les Artisans de Diffa re\u00e7oivent la visite du Gouverneur\" \/>\n<meta property=\"og:description\" content=\"les Artisans de la re\u0301gion de Diffa qui organisent une exposition vente des produits artisanaux de la re\u0301gion dans l\u2019enc ...\" \/>\n<meta property=\"og:url\" content=\"https:\/\/www.africa-press.net\/niger\/culture-et-art\/113eme-journee-de-la-fete-de-lartisanat-les-artisans-de-diffa-recoivent-la-visite-du-gouverneur\" \/>\n<meta property=\"og:site_name\" content=\"niger\" \/>\n<meta property=\"article:published_time\" content=\"2024-02-24T19:06:21+00:00\" \/>\n<meta property=\"article:modified_time\" content=\"2024-02-24T19:29:06+00:00\" \/>\n<meta property=\"og:image\" content=\"https:\/\/static.africa-press.net\/niger\/sites\/40\/2024\/02\/sm_1708789843.357259.jpg\" \/>\n\t<meta property=\"og:image:width\" content=\"1280\" \/>\n\t<meta property=\"og:image:height\" content=\"720\" \/>\n\t<meta property=\"og:image:type\" content=\"image\/jpeg\" \/>\n<meta name=\"author\" content=\"cfeditorfr\" \/>\n<meta name=\"twitter:card\" content=\"summary_large_image\" \/>\n<meta name=\"twitter:label1\" content=\"\u00c9crit par\" \/>\n\t<meta name=\"twitter:data1\" content=\"cfeditorfr\" \/>\n\t<meta name=\"twitter:label2\" content=\"Dur\u00e9e de lecture estim\u00e9e\" \/>\n\t<meta name=\"twitter:data2\" content=\"2 minutes\" \/>\n<script type=\"application\/ld+json\" class=\"yoast-schema-graph\">{\"@context\":\"https:\/\/schema.org\",\"@graph\":[{\"@type\":\"Article\",\"@id\":\"https:\/\/www.africa-press.net\/niger\/culture-et-art\/113eme-journee-de-la-fete-de-lartisanat-les-artisans-de-diffa-recoivent-la-visite-du-gouverneur#article\",\"isPartOf\":{\"@id\":\"https:\/\/www.africa-press.net\/niger\/culture-et-art\/113eme-journee-de-la-fete-de-lartisanat-les-artisans-de-diffa-recoivent-la-visite-du-gouverneur\"},\"author\":{\"name\":\"cfeditorfr\",\"@id\":\"https:\/\/www.africa-press.net\/niger\/#\/schema\/person\/2b1cf3cd81a31e3cd26889ca66d677f1\"},\"headline\":\"113\u00e8me journ\u00e9e de la f\u00eate de l\u2019artisanat : les Artisans de Diffa re\u00e7oivent la visite du Gouverneur\",\"datePublished\":\"2024-02-24T19:06:21+00:00\",\"dateModified\":\"2024-02-24T19:29:06+00:00\",\"mainEntityOfPage\":{\"@id\":\"https:\/\/www.africa-press.net\/niger\/culture-et-art\/113eme-journee-de-la-fete-de-lartisanat-les-artisans-de-diffa-recoivent-la-visite-du-gouverneur\"},\"wordCount\":263,\"commentCount\":0,\"image\":{\"@id\":\"https:\/\/www.africa-press.net\/niger\/culture-et-art\/113eme-journee-de-la-fete-de-lartisanat-les-artisans-de-diffa-recoivent-la-visite-du-gouverneur#primaryimage\"},\"thumbnailUrl\":\"https:\/\/static.africa-press.net\/niger\/sites\/40\/2024\/02\/sm_1708789843.357259.jpg\",\"keywords\":[\"Africa Press\",\"Africa Press-Niger\",\"Niger\"],\"articleSection\":[\"Culture et Art\",\"Toutes les actualit\u00e9s\"],\"inLanguage\":\"fr-FR\",\"potentialAction\":[{\"@type\":\"CommentAction\",\"name\":\"Comment\",\"target\":[\"https:\/\/www.africa-press.net\/niger\/culture-et-art\/113eme-journee-de-la-fete-de-lartisanat-les-artisans-de-diffa-recoivent-la-visite-du-gouverneur#respond\"]}]},{\"@type\":\"WebPage\",\"@id\":\"https:\/\/www.africa-press.net\/niger\/culture-et-art\/113eme-journee-de-la-fete-de-lartisanat-les-artisans-de-diffa-recoivent-la-visite-du-gouverneur\",\"url\":\"https:\/\/www.africa-press.net\/niger\/culture-et-art\/113eme-journee-de-la-fete-de-lartisanat-les-artisans-de-diffa-recoivent-la-visite-du-gouverneur\",\"name\":\"113\u00e8me journ\u00e9e de la f\u00eate de l\u2019artisanat : les Artisans de Diffa re\u00e7oivent la visite du Gouverneur - niger\",\"isPartOf\":{\"@id\":\"https:\/\/www.africa-press.net\/niger\/#website\"},\"primaryImageOfPage\":{\"@id\":\"https:\/\/www.africa-press.net\/niger\/culture-et-art\/113eme-journee-de-la-fete-de-lartisanat-les-artisans-de-diffa-recoivent-la-visite-du-gouverneur#primaryimage\"},\"image\":{\"@id\":\"https:\/\/www.africa-press.net\/niger\/culture-et-art\/113eme-journee-de-la-fete-de-lartisanat-les-artisans-de-diffa-recoivent-la-visite-du-gouverneur#primaryimage\"},\"thumbnailUrl\":\"https:\/\/static.africa-press.net\/niger\/sites\/40\/2024\/02\/sm_1708789843.357259.jpg\",\"datePublished\":\"2024-02-24T19:06:21+00:00\",\"dateModified\":\"2024-02-24T19:29:06+00:00\",\"author\":{\"@id\":\"https:\/\/www.africa-press.net\/niger\/#\/schema\/person\/2b1cf3cd81a31e3cd26889ca66d677f1\"},\"description\":\"les Artisans de la re\u0301gion de Diffa qui organisent une exposition vente des produits artisanaux de la re\u0301gion dans l\u2019enc ...\",\"breadcrumb\":{\"@id\":\"https:\/\/www.africa-press.net\/niger\/culture-et-art\/113eme-journee-de-la-fete-de-lartisanat-les-artisans-de-diffa-recoivent-la-visite-du-gouverneur#breadcrumb\"},\"inLanguage\":\"fr-FR\",\"potentialAction\":[{\"@type\":\"ReadAction\",\"target\":[\"https:\/\/www.africa-press.net\/niger\/culture-et-art\/113eme-journee-de-la-fete-de-lartisanat-les-artisans-de-diffa-recoivent-la-visite-du-gouverneur\"]}]},{\"@type\":\"ImageObject\",\"inLanguage\":\"fr-FR\",\"@id\":\"https:\/\/www.africa-press.net\/niger\/culture-et-art\/113eme-journee-de-la-fete-de-lartisanat-les-artisans-de-diffa-recoivent-la-visite-du-gouverneur#primaryimage\",\"url\":\"https:\/\/static.africa-press.net\/niger\/sites\/40\/2024\/02\/sm_1708789843.357259.jpg\",\"contentUrl\":\"https:\/\/static.africa-press.net\/niger\/sites\/40\/2024\/02\/sm_1708789843.357259.jpg\",\"width\":1280,\"height\":720,\"caption\":\"113\u00e8me journ\u00e9e de la f\u00eate de l\u2019artisanat : les Artisans de Diffa re\u00e7oivent la visite du Gouverneur\"},{\"@type\":\"BreadcrumbList\",\"@id\":\"https:\/\/www.africa-press.net\/niger\/culture-et-art\/113eme-journee-de-la-fete-de-lartisanat-les-artisans-de-diffa-recoivent-la-visite-du-gouverneur#breadcrumb\",\"itemListElement\":[{\"@type\":\"ListItem\",\"position\":1,\"name\":\"Accueil\",\"item\":\"https:\/\/www.africa-press.net\/niger\/\"},{\"@type\":\"ListItem\",\"position\":2,\"name\":\"113\u00e8me journ\u00e9e de la f\u00eate de l\u2019artisanat : les Artisans de Diffa re\u00e7oivent la visite du Gouverneur\"}]},{\"@type\":\"WebSite\",\"@id\":\"https:\/\/www.africa-press.net\/niger\/#website\",\"url\":\"https:\/\/www.africa-press.net\/niger\/\",\"name\":\"niger\",\"description\":\"Just another Africa News Agency Sites site\",\"potentialAction\":[{\"@type\":\"SearchAction\",\"target\":{\"@type\":\"EntryPoint\",\"urlTemplate\":\"https:\/\/www.africa-press.net\/niger\/?s={search_term_string}\"},\"query-input\":{\"@type\":\"PropertyValueSpecification\",\"valueRequired\":true,\"valueName\":\"search_term_string\"}}],\"inLanguage\":\"fr-FR\"},{\"@type\":\"Person\",\"@id\":\"https:\/\/www.africa-press.net\/niger\/#\/schema\/person\/2b1cf3cd81a31e3cd26889ca66d677f1\",\"name\":\"cfeditorfr\"}]}<\/script>\n<!-- \/ Yoast SEO Premium plugin. -->","yoast_head_json":{"title":"113\u00e8me journ\u00e9e de la f\u00eate de l\u2019artisanat : les Artisans de Diffa re\u00e7oivent la visite du Gouverneur - niger","description":"les Artisans de la re\u0301gion de Diffa qui organisent une exposition vente des produits artisanaux de la re\u0301gion dans l\u2019enc ...","robots":{"index":"index","follow":"follow","max-snippet":"max-snippet:-1","max-image-preview":"max-image-preview:large","max-video-preview":"max-video-preview:-1"},"canonical":"https:\/\/www.africa-press.net\/niger\/culture-et-art\/113eme-journee-de-la-fete-de-lartisanat-les-artisans-de-diffa-recoivent-la-visite-du-gouverneur","og_locale":"fr_FR","og_type":"article","og_title":"113\u00e8me journ\u00e9e de la f\u00eate de l\u2019artisanat : les Artisans de Diffa re\u00e7oivent la visite du Gouverneur","og_description":"les Artisans de la re\u0301gion de Diffa qui organisent une exposition vente des produits artisanaux de la re\u0301gion dans l\u2019enc ...","og_url":"https:\/\/www.africa-press.net\/niger\/culture-et-art\/113eme-journee-de-la-fete-de-lartisanat-les-artisans-de-diffa-recoivent-la-visite-du-gouverneur","og_site_name":"niger","article_published_time":"2024-02-24T19:06:21+00:00","article_modified_time":"2024-02-24T19:29:06+00:00","og_image":[{"width":1280,"height":720,"url":"https:\/\/static.africa-press.net\/niger\/sites\/40\/2024\/02\/sm_1708789843.357259.jpg","type":"image\/jpeg"}],"author":"cfeditorfr","twitter_card":"summary_large_image","twitter_misc":{"\u00c9crit par":"cfeditorfr","Dur\u00e9e de lecture estim\u00e9e":"2 minutes"},"schema":{"@context":"https:\/\/schema.org","@graph":[{"@type":"Article","@id":"https:\/\/www.africa-press.net\/niger\/culture-et-art\/113eme-journee-de-la-fete-de-lartisanat-les-artisans-de-diffa-recoivent-la-visite-du-gouverneur#article","isPartOf":{"@id":"https:\/\/www.africa-press.net\/niger\/culture-et-art\/113eme-journee-de-la-fete-de-lartisanat-les-artisans-de-diffa-recoivent-la-visite-du-gouverneur"},"author":{"name":"cfeditorfr","@id":"https:\/\/www.africa-press.net\/niger\/#\/schema\/person\/2b1cf3cd81a31e3cd26889ca66d677f1"},"headline":"113\u00e8me journ\u00e9e de la f\u00eate de l\u2019artisanat : les Artisans de Diffa re\u00e7oivent la visite du Gouverneur","datePublished":"2024-02-24T19:06:21+00:00","dateModified":"2024-02-24T19:29:06+00:00","mainEntityOfPage":{"@id":"https:\/\/www.africa-press.net\/niger\/culture-et-art\/113eme-journee-de-la-fete-de-lartisanat-les-artisans-de-diffa-recoivent-la-visite-du-gouverneur"},"wordCount":263,"commentCount":0,"image":{"@id":"https:\/\/www.africa-press.net\/niger\/culture-et-art\/113eme-journee-de-la-fete-de-lartisanat-les-artisans-de-diffa-recoivent-la-visite-du-gouverneur#primaryimage"},"thumbnailUrl":"https:\/\/static.africa-press.net\/niger\/sites\/40\/2024\/02\/sm_1708789843.357259.jpg","keywords":["Africa Press","Africa Press-Niger","Niger"],"articleSection":["Culture et Art","Toutes les actualit\u00e9s"],"inLanguage":"fr-FR","potentialAction":[{"@type":"CommentAction","name":"Comment","target":["https:\/\/www.africa-press.net\/niger\/culture-et-art\/113eme-journee-de-la-fete-de-lartisanat-les-artisans-de-diffa-recoivent-la-visite-du-gouverneur#respond"]}]},{"@type":"WebPage","@id":"https:\/\/www.africa-press.net\/niger\/culture-et-art\/113eme-journee-de-la-fete-de-lartisanat-les-artisans-de-diffa-recoivent-la-visite-du-gouverneur","url":"https:\/\/www.africa-press.net\/niger\/culture-et-art\/113eme-journee-de-la-fete-de-lartisanat-les-artisans-de-diffa-recoivent-la-visite-du-gouverneur","name":"113\u00e8me journ\u00e9e de la f\u00eate de l\u2019artisanat : les Artisans de Diffa re\u00e7oivent la visite du Gouverneur - niger","isPartOf":{"@id":"https:\/\/www.africa-press.net\/niger\/#website"},"primaryImageOfPage":{"@id":"https:\/\/www.africa-press.net\/niger\/culture-et-art\/113eme-journee-de-la-fete-de-lartisanat-les-artisans-de-diffa-recoivent-la-visite-du-gouverneur#primaryimage"},"image":{"@id":"https:\/\/www.africa-press.net\/niger\/culture-et-art\/113eme-journee-de-la-fete-de-lartisanat-les-artisans-de-diffa-recoivent-la-visite-du-gouverneur#primaryimage"},"thumbnailUrl":"https:\/\/static.africa-press.net\/niger\/sites\/40\/2024\/02\/sm_1708789843.357259.jpg","datePublished":"2024-02-24T19:06:21+00:00","dateModified":"2024-02-24T19:29:06+00:00","author":{"@id":"https:\/\/www.africa-press.net\/niger\/#\/schema\/person\/2b1cf3cd81a31e3cd26889ca66d677f1"},"description":"les Artisans de la re\u0301gion de Diffa qui organisent une exposition vente des produits artisanaux de la re\u0301gion dans l\u2019enc ...","breadcrumb":{"@id":"https:\/\/www.africa-press.net\/niger\/culture-et-art\/113eme-journee-de-la-fete-de-lartisanat-les-artisans-de-diffa-recoivent-la-visite-du-gouverneur#breadcrumb"},"inLanguage":"fr-FR","potentialAction":[{"@type":"ReadAction","target":["https:\/\/www.africa-press.net\/niger\/culture-et-art\/113eme-journee-de-la-fete-de-lartisanat-les-artisans-de-diffa-recoivent-la-visite-du-gouverneur"]}]},{"@type":"ImageObject","inLanguage":"fr-FR","@id":"https:\/\/www.africa-press.net\/niger\/culture-et-art\/113eme-journee-de-la-fete-de-lartisanat-les-artisans-de-diffa-recoivent-la-visite-du-gouverneur#primaryimage","url":"https:\/\/static.africa-press.net\/niger\/sites\/40\/2024\/02\/sm_1708789843.357259.jpg","contentUrl":"https:\/\/static.africa-press.net\/niger\/sites\/40\/2024\/02\/sm_1708789843.357259.jpg","width":1280,"height":720,"caption":"113\u00e8me journ\u00e9e de la f\u00eate de l\u2019artisanat : les Artisans de Diffa re\u00e7oivent la visite du Gouverneur"},{"@type":"BreadcrumbList","@id":"https:\/\/www.africa-press.net\/niger\/culture-et-art\/113eme-journee-de-la-fete-de-lartisanat-les-artisans-de-diffa-recoivent-la-visite-du-gouverneur#breadcrumb","itemListElement":[{"@type":"ListItem","position":1,"name":"Accueil","item":"https:\/\/www.africa-press.net\/niger\/"},{"@type":"ListItem","position":2,"name":"113\u00e8me journ\u00e9e de la f\u00eate de l\u2019artisanat : les Artisans de Diffa re\u00e7oivent la visite du Gouverneur"}]},{"@type":"WebSite","@id":"https:\/\/www.africa-press.net\/niger\/#website","url":"https:\/\/www.africa-press.net\/niger\/","name":"niger","description":"Just another Africa News Agency Sites site","potentialAction":[{"@type":"SearchAction","target":{"@type":"EntryPoint","urlTemplate":"https:\/\/www.africa-press.net\/niger\/?s={search_term_string}"},"query-input":{"@type":"PropertyValueSpecification","valueRequired":true,"valueName":"search_term_string"}}],"inLanguage":"fr-FR"},{"@type":"Person","@id":"https:\/\/www.africa-press.net\/niger\/#\/schema\/person\/2b1cf3cd81a31e3cd26889ca66d677f1","name":"cfeditorfr"}]}},"_links":{"self":[{"href":"https:\/\/www.africa-press.net\/niger\/wp-json\/wp\/v2\/posts\/59079","targetHints":{"allow":["GET"]}}],"collection":[{"href":"https:\/\/www.africa-press.net\/niger\/wp-json\/wp\/v2\/posts"}],"about":[{"href":"https:\/\/www.africa-press.net\/niger\/wp-json\/wp\/v2\/types\/post"}],"author":[{"embeddable":true,"href":"https:\/\/www.africa-press.net\/niger\/wp-json\/wp\/v2\/users\/82"}],"replies":[{"embeddable":true,"href":"https:\/\/www.africa-press.net\/niger\/wp-json\/wp\/v2\/comments?post=59079"}],"version-history":[{"count":0,"href":"https:\/\/www.africa-press.net\/niger\/wp-json\/wp\/v2\/posts\/59079\/revisions"}],"wp:featuredmedia":[{"embeddable":true,"href":"https:\/\/www.africa-press.net\/niger\/wp-json\/wp\/v2\/media\/59078"}],"wp:attachment":[{"href":"https:\/\/www.africa-press.net\/niger\/wp-json\/wp\/v2\/media?parent=59079"}],"wp:term":[{"taxonomy":"category","embeddable":true,"href":"https:\/\/www.africa-press.net\/niger\/wp-json\/wp\/v2\/categories?post=59079"},{"taxonomy":"post_tag","embeddable":true,"href":"https:\/\/www.africa-press.net\/niger\/wp-json\/wp\/v2\/tags?post=59079"}],"curies":[{"name":"wp","href":"https:\/\/api.w.org\/{rel}","templated":true}]}}