{"id":59089,"date":"2024-02-25T08:29:28","date_gmt":"2024-02-25T08:29:28","guid":{"rendered":"https:\/\/www.africa-press.net\/niger\/politique\/la-cedeao-leve-les-plus-lourdes-sanctions-contre-le-niger"},"modified":"2024-02-25T09:41:44","modified_gmt":"2024-02-25T09:41:44","slug":"la-cedeao-leve-les-plus-lourdes-sanctions-contre-le-niger","status":"publish","type":"post","link":"https:\/\/www.africa-press.net\/niger\/politique\/la-cedeao-leve-les-plus-lourdes-sanctions-contre-le-niger","title":{"rendered":"La Cedeao l\u00e8ve les plus lourdes sanctions contre le Niger"},"content":{"rendered":"<p><span style=\"color: #ff6600\"><strong>Africa-Press &#8211; Niger. <\/strong><\/span><b>Les chefs d\u2019E\u0301tat des pays membres de la Communaute\u0301 e\u0301conomique des E\u0301tats de l\u2019Afrique de l\u2019Ouest, re\u0301unis ce samedi 24 fe\u0301vrier a\u0300 Abuja, ont de\u0301cide\u0301 la leve\u0301e d\u2019une grande partie des sanctions contre Niamey.<\/b><\/p>\n<p>La Cedeao \u00ab a de\u0301cide\u0301 de lever avec effet imme\u0301diat \u00bb les plus lourdes sanctions impose\u0301es au Niger depuis la prise du pouvoir a\u0300 Niamey du re\u0301gime militaire qui a renverse\u0301 le pre\u0301sident e\u0301lu Mohamed Bazoum en juillet, a annonce\u0301 Omar Alieu Touray, le pre\u0301sident de la Commission de la Cedeao, samedi apre\u0300s-midi.<\/p>\n<p>Les frontie\u0300res et l\u2019espace ae\u0301rien nige\u0301rien seront rouverts, les transactions financie\u0300res entre les pays de la Cedeao et le Niger de nouveau autorise\u0301es, et les avoirs de l\u2019E\u0301tat nige\u0301rien de\u0301gele\u0301s, \u00ab pour des raisons humanitaires \u00bb, a-t-il de\u0301clare\u0301. \u00ab Des sanctions individuelles et politiques restent en place \u00bb, a-t-il ajoute\u0301 sans donner plus de pre\u0301cisions.<\/p>\n<p>Omar Alieu Touray a e\u0301galement re\u0301clame\u0301 \u00ab la libe\u0301ration imme\u0301diate \u00bb du pre\u0301sident nige\u0301rien de\u0301chu Mohamed Bazoum, de\u0301tenu avec son e\u0301pouse par le re\u0301gime militaire depuis sept mois.<\/p>\n<p><b>\u00ab Retour de l\u2019ordre constitutionnel \u00bb<\/b><\/p>\n<p>Le Mali, le Burkina Faso et la Guine\u0301e, e\u0301galement dirige\u0301s par des re\u0301gimes militaires et sous le coup de sanctions de la Cedeao, ne sont pas concerne\u0301s par ces annonces.<\/p>\n<p>L\u2019organisation sous-re\u0301gionale avait convoque\u0301 samedi un nouveau sommet extraordinaire afin de discuter de \u00ab la politique, la paix et la se\u0301curite\u0301 dans la Re\u0301publique du Niger\u00ab , a-t-elle annonce\u0301 la veille dans un communique\u0301, ainsi que \u00ab les re\u0301cents de\u0301veloppements dans la re\u0301gion \u00bb.<\/p>\n<p>\u00ab Nous devons revoir notre approche quant au retour de l\u2019ordre constitutionnel chez quatre de nos pays membres \u00bb, avait de\u0301clare\u0301 en introduction le pre\u0301sident nige\u0301rian, Bola Ahmed Tinubu, qui assure la pre\u0301sidence de la Cedeao, en re\u0301fe\u0301rence au Mali, au Burkina Faso, au Niger et a\u0300 la Guine\u0301e. La Cedeao avait d\u2019abord menace\u0301 le nouveau re\u0301gime a\u0300 Niamey d\u2019une intervention militaire, avant de faire marche arrie\u0300re.<\/p>\n<p><b>Inquie\u0301tudes<\/b><\/p>\n<p>Le Niger, le Mali et le Burkina Faso, qui ont notamment tourne\u0301 le dos a\u0300 la France et se sont rapproche\u0301s de la Russie, se sont regroupe\u0301s au sein de l\u2019Alliance des E\u0301tats du Sahel (AES). Les trois pays ont annonce\u0301 en janvier leur intention de quitter la Cedeao.<\/p>\n<p>Mi-fe\u0301vrier, le chef du re\u0301gime militaire nige\u0301rien, le ge\u0301ne\u0301ral Abdourahamane Tiani, a e\u0301voque\u0301 la possible cre\u0301ation d\u2019une monnaie commune avec le Burkina Faso et le Mali, comme une \u00ab e\u0301tape de sortie \u00bb de la \u00ab colonisation \u00bb.<\/p>\n<p>L\u2019annonce du retrait burkinabe\u0300, nige\u0301rien et malien de la Cedeao, suscite l\u2019inquie\u0301tude de centaines de milliers de ressortissants des trois pays, particuliers ou commerc\u0327ants. La Cedeao garantit en effet aux citoyens des 15 pays membres de pouvoir voyager sans visa et de s\u2019e\u0301tablir dans les pays membres pour y travailler ou y re\u0301sider.<\/p>\n<p><b>\u00ab Re\u0301conciliation \u00bb<\/b><\/p>\n<p>La dernie\u0300re re\u0301union des membres de la Cedeao remonte au 9 fe\u0301vrier, lorsqu\u2019ils avaient appele\u0301 a\u0300 la \u00ab re\u0301conciliation \u00bb avec les re\u0301gimes militaires du Niger, du Mali et du Burkina Faso et les avaient exhorte\u0301s a\u0300 rester dans le bloc re\u0301gional.<\/p>\n<p>L\u2019organisation sous-re\u0301gionale est e\u0301galement mise a\u0300 l\u2019e\u0301preuve par la crise politique que connai\u0302t le Se\u0301ne\u0301gal depuis le report de l\u2019e\u0301lection pre\u0301sidentielle par le chef de l\u2019E\u0301tat, Macky Sall, mais ce sujet n\u2019a pas e\u0301te\u0301 mentionne\u0301 samedi.<\/p>\n<p>Le pre\u0301sident se\u0301ne\u0301galais, qui n\u2019avait pas assiste\u0301 au pre\u0301ce\u0301dent sommet, est cette fois-ci pre\u0301sent, deux jours apre\u0300s avoir annonce\u0301 qu\u2019il ache\u0300verait son mandat a\u0300 l\u2019expiration de celui-ci, le 2 avril, mais sans avoir fixe\u0301 de nouvelle date pour l\u2019e\u0301lection pre\u0301sidentielle.<\/p>\n<p>&nbsp;<\/p>\n<p><b>Source: JeuneAfrique<\/b><\/p>\n<p><strong>Pour plus d&rsquo;informations et d&rsquo;analyses sur la <a href=\"https:\/\/www.africa-press.net\/niger\">Niger<\/a>, suivez <a href=\"https:\/\/www.africa-press.net\/\">Africa-Press<\/a><\/strong><\/p>\n","protected":false},"excerpt":{"rendered":"<p>Africa-Press &#8211; Niger. Les chefs d\u2019E\u0301tat des pays membres de la Communaute\u0301 e\u0301conomique des E\u0301tats de l\u2019Afrique de l\u2019Ouest, re\u0301unis ce samedi 24 fe\u0301vrier a\u0300 Abuja, ont de\u0301cide\u0301 la leve\u0301e d\u2019une grande partie des sanctions contre Niamey. La Cedeao \u00ab a de\u0301cide\u0301 de lever avec effet imme\u0301diat \u00bb les plus lourdes sanctions impose\u0301es au Niger [&hellip;]<\/p>\n","protected":false},"author":82,"featured_media":59088,"comment_status":"open","ping_status":"closed","sticky":false,"template":"","format":"standard","meta":{"footnotes":""},"categories":[2,73,20,10],"tags":[55,60,29],"class_list":["post-59089","post","type-post","status-publish","format-standard","has-post-thumbnail","hentry","category-politique","category-to-homepage","category-top-nouvelles","category-toutes-les-actualites","tag-africa-press","tag-africa-press-niger","tag-niger"],"yoast_head":"<!-- This site is optimized with the Yoast SEO Premium plugin v26.1 (Yoast SEO v27.0) - https:\/\/yoast.com\/product\/yoast-seo-premium-wordpress\/ -->\n<title>La Cedeao l\u00e8ve les plus lourdes sanctions contre le Niger - niger<\/title>\n<meta name=\"description\" content=\"Les chefs d\u2019E\u0301tat des pays membres de la Communaute\u0301 e\u0301conomique des E\u0301tats de l\u2019Afrique de l\u2019Ouest, re\u0301unis ce samed ...\" \/>\n<meta name=\"robots\" content=\"index, follow, max-snippet:-1, max-image-preview:large, max-video-preview:-1\" \/>\n<link rel=\"canonical\" href=\"https:\/\/www.africa-press.net\/niger\/politique\/la-cedeao-leve-les-plus-lourdes-sanctions-contre-le-niger\" \/>\n<meta property=\"og:locale\" content=\"fr_FR\" \/>\n<meta property=\"og:type\" content=\"article\" \/>\n<meta property=\"og:title\" content=\"La Cedeao l\u00e8ve les plus lourdes sanctions contre le Niger\" \/>\n<meta property=\"og:description\" content=\"Les chefs d\u2019E\u0301tat des pays membres de la Communaute\u0301 e\u0301conomique des E\u0301tats de l\u2019Afrique de l\u2019Ouest, re\u0301unis ce samed ...\" \/>\n<meta property=\"og:url\" content=\"https:\/\/www.africa-press.net\/niger\/politique\/la-cedeao-leve-les-plus-lourdes-sanctions-contre-le-niger\" \/>\n<meta property=\"og:site_name\" content=\"niger\" \/>\n<meta property=\"article:published_time\" content=\"2024-02-25T08:29:28+00:00\" \/>\n<meta property=\"article:modified_time\" content=\"2024-02-25T09:41:44+00:00\" \/>\n<meta property=\"og:image\" content=\"https:\/\/static.africa-press.net\/niger\/sites\/40\/2024\/02\/sm_1708841456.77223.jpg\" \/>\n\t<meta property=\"og:image:width\" content=\"1280\" \/>\n\t<meta property=\"og:image:height\" content=\"720\" \/>\n\t<meta property=\"og:image:type\" content=\"image\/jpeg\" \/>\n<meta name=\"author\" content=\"cfeditorfr\" \/>\n<meta name=\"twitter:card\" content=\"summary_large_image\" \/>\n<meta name=\"twitter:label1\" content=\"\u00c9crit par\" \/>\n\t<meta name=\"twitter:data1\" content=\"cfeditorfr\" \/>\n\t<meta name=\"twitter:label2\" content=\"Dur\u00e9e de lecture estim\u00e9e\" \/>\n\t<meta name=\"twitter:data2\" content=\"4 minutes\" \/>\n<script type=\"application\/ld+json\" class=\"yoast-schema-graph\">{\"@context\":\"https:\/\/schema.org\",\"@graph\":[{\"@type\":\"Article\",\"@id\":\"https:\/\/www.africa-press.net\/niger\/politique\/la-cedeao-leve-les-plus-lourdes-sanctions-contre-le-niger#article\",\"isPartOf\":{\"@id\":\"https:\/\/www.africa-press.net\/niger\/politique\/la-cedeao-leve-les-plus-lourdes-sanctions-contre-le-niger\"},\"author\":{\"name\":\"cfeditorfr\",\"@id\":\"https:\/\/www.africa-press.net\/niger\/#\/schema\/person\/2b1cf3cd81a31e3cd26889ca66d677f1\"},\"headline\":\"La Cedeao l\u00e8ve les plus lourdes sanctions contre le Niger\",\"datePublished\":\"2024-02-25T08:29:28+00:00\",\"dateModified\":\"2024-02-25T09:41:44+00:00\",\"mainEntityOfPage\":{\"@id\":\"https:\/\/www.africa-press.net\/niger\/politique\/la-cedeao-leve-les-plus-lourdes-sanctions-contre-le-niger\"},\"wordCount\":707,\"commentCount\":0,\"image\":{\"@id\":\"https:\/\/www.africa-press.net\/niger\/politique\/la-cedeao-leve-les-plus-lourdes-sanctions-contre-le-niger#primaryimage\"},\"thumbnailUrl\":\"https:\/\/static.africa-press.net\/niger\/sites\/40\/2024\/02\/sm_1708841456.77223.jpg\",\"keywords\":[\"Africa Press\",\"Africa Press-Niger\",\"Niger\"],\"articleSection\":[\"Politique\",\"to-homepage\",\"Top Nouvelles\",\"Toutes les actualit\u00e9s\"],\"inLanguage\":\"fr-FR\",\"potentialAction\":[{\"@type\":\"CommentAction\",\"name\":\"Comment\",\"target\":[\"https:\/\/www.africa-press.net\/niger\/politique\/la-cedeao-leve-les-plus-lourdes-sanctions-contre-le-niger#respond\"]}]},{\"@type\":\"WebPage\",\"@id\":\"https:\/\/www.africa-press.net\/niger\/politique\/la-cedeao-leve-les-plus-lourdes-sanctions-contre-le-niger\",\"url\":\"https:\/\/www.africa-press.net\/niger\/politique\/la-cedeao-leve-les-plus-lourdes-sanctions-contre-le-niger\",\"name\":\"La Cedeao l\u00e8ve les plus lourdes sanctions contre le Niger - niger\",\"isPartOf\":{\"@id\":\"https:\/\/www.africa-press.net\/niger\/#website\"},\"primaryImageOfPage\":{\"@id\":\"https:\/\/www.africa-press.net\/niger\/politique\/la-cedeao-leve-les-plus-lourdes-sanctions-contre-le-niger#primaryimage\"},\"image\":{\"@id\":\"https:\/\/www.africa-press.net\/niger\/politique\/la-cedeao-leve-les-plus-lourdes-sanctions-contre-le-niger#primaryimage\"},\"thumbnailUrl\":\"https:\/\/static.africa-press.net\/niger\/sites\/40\/2024\/02\/sm_1708841456.77223.jpg\",\"datePublished\":\"2024-02-25T08:29:28+00:00\",\"dateModified\":\"2024-02-25T09:41:44+00:00\",\"author\":{\"@id\":\"https:\/\/www.africa-press.net\/niger\/#\/schema\/person\/2b1cf3cd81a31e3cd26889ca66d677f1\"},\"description\":\"Les chefs d\u2019E\u0301tat des pays membres de la Communaute\u0301 e\u0301conomique des E\u0301tats de l\u2019Afrique de l\u2019Ouest, re\u0301unis ce samed ...\",\"breadcrumb\":{\"@id\":\"https:\/\/www.africa-press.net\/niger\/politique\/la-cedeao-leve-les-plus-lourdes-sanctions-contre-le-niger#breadcrumb\"},\"inLanguage\":\"fr-FR\",\"potentialAction\":[{\"@type\":\"ReadAction\",\"target\":[\"https:\/\/www.africa-press.net\/niger\/politique\/la-cedeao-leve-les-plus-lourdes-sanctions-contre-le-niger\"]}]},{\"@type\":\"ImageObject\",\"inLanguage\":\"fr-FR\",\"@id\":\"https:\/\/www.africa-press.net\/niger\/politique\/la-cedeao-leve-les-plus-lourdes-sanctions-contre-le-niger#primaryimage\",\"url\":\"https:\/\/static.africa-press.net\/niger\/sites\/40\/2024\/02\/sm_1708841456.77223.jpg\",\"contentUrl\":\"https:\/\/static.africa-press.net\/niger\/sites\/40\/2024\/02\/sm_1708841456.77223.jpg\",\"width\":1280,\"height\":720,\"caption\":\"La Cedeao l\u00e8ve les plus lourdes sanctions contre le Niger\"},{\"@type\":\"BreadcrumbList\",\"@id\":\"https:\/\/www.africa-press.net\/niger\/politique\/la-cedeao-leve-les-plus-lourdes-sanctions-contre-le-niger#breadcrumb\",\"itemListElement\":[{\"@type\":\"ListItem\",\"position\":1,\"name\":\"Accueil\",\"item\":\"https:\/\/www.africa-press.net\/niger\/\"},{\"@type\":\"ListItem\",\"position\":2,\"name\":\"La Cedeao l\u00e8ve les plus lourdes sanctions contre le Niger\"}]},{\"@type\":\"WebSite\",\"@id\":\"https:\/\/www.africa-press.net\/niger\/#website\",\"url\":\"https:\/\/www.africa-press.net\/niger\/\",\"name\":\"niger\",\"description\":\"Just another Africa News Agency Sites site\",\"potentialAction\":[{\"@type\":\"SearchAction\",\"target\":{\"@type\":\"EntryPoint\",\"urlTemplate\":\"https:\/\/www.africa-press.net\/niger\/?s={search_term_string}\"},\"query-input\":{\"@type\":\"PropertyValueSpecification\",\"valueRequired\":true,\"valueName\":\"search_term_string\"}}],\"inLanguage\":\"fr-FR\"},{\"@type\":\"Person\",\"@id\":\"https:\/\/www.africa-press.net\/niger\/#\/schema\/person\/2b1cf3cd81a31e3cd26889ca66d677f1\",\"name\":\"cfeditorfr\"}]}<\/script>\n<!-- \/ Yoast SEO Premium plugin. -->","yoast_head_json":{"title":"La Cedeao l\u00e8ve les plus lourdes sanctions contre le Niger - niger","description":"Les chefs d\u2019E\u0301tat des pays membres de la Communaute\u0301 e\u0301conomique des E\u0301tats de l\u2019Afrique de l\u2019Ouest, re\u0301unis ce samed ...","robots":{"index":"index","follow":"follow","max-snippet":"max-snippet:-1","max-image-preview":"max-image-preview:large","max-video-preview":"max-video-preview:-1"},"canonical":"https:\/\/www.africa-press.net\/niger\/politique\/la-cedeao-leve-les-plus-lourdes-sanctions-contre-le-niger","og_locale":"fr_FR","og_type":"article","og_title":"La Cedeao l\u00e8ve les plus lourdes sanctions contre le Niger","og_description":"Les chefs d\u2019E\u0301tat des pays membres de la Communaute\u0301 e\u0301conomique des E\u0301tats de l\u2019Afrique de l\u2019Ouest, re\u0301unis ce samed ...","og_url":"https:\/\/www.africa-press.net\/niger\/politique\/la-cedeao-leve-les-plus-lourdes-sanctions-contre-le-niger","og_site_name":"niger","article_published_time":"2024-02-25T08:29:28+00:00","article_modified_time":"2024-02-25T09:41:44+00:00","og_image":[{"width":1280,"height":720,"url":"https:\/\/static.africa-press.net\/niger\/sites\/40\/2024\/02\/sm_1708841456.77223.jpg","type":"image\/jpeg"}],"author":"cfeditorfr","twitter_card":"summary_large_image","twitter_misc":{"\u00c9crit par":"cfeditorfr","Dur\u00e9e de lecture estim\u00e9e":"4 minutes"},"schema":{"@context":"https:\/\/schema.org","@graph":[{"@type":"Article","@id":"https:\/\/www.africa-press.net\/niger\/politique\/la-cedeao-leve-les-plus-lourdes-sanctions-contre-le-niger#article","isPartOf":{"@id":"https:\/\/www.africa-press.net\/niger\/politique\/la-cedeao-leve-les-plus-lourdes-sanctions-contre-le-niger"},"author":{"name":"cfeditorfr","@id":"https:\/\/www.africa-press.net\/niger\/#\/schema\/person\/2b1cf3cd81a31e3cd26889ca66d677f1"},"headline":"La Cedeao l\u00e8ve les plus lourdes sanctions contre le Niger","datePublished":"2024-02-25T08:29:28+00:00","dateModified":"2024-02-25T09:41:44+00:00","mainEntityOfPage":{"@id":"https:\/\/www.africa-press.net\/niger\/politique\/la-cedeao-leve-les-plus-lourdes-sanctions-contre-le-niger"},"wordCount":707,"commentCount":0,"image":{"@id":"https:\/\/www.africa-press.net\/niger\/politique\/la-cedeao-leve-les-plus-lourdes-sanctions-contre-le-niger#primaryimage"},"thumbnailUrl":"https:\/\/static.africa-press.net\/niger\/sites\/40\/2024\/02\/sm_1708841456.77223.jpg","keywords":["Africa Press","Africa Press-Niger","Niger"],"articleSection":["Politique","to-homepage","Top Nouvelles","Toutes les actualit\u00e9s"],"inLanguage":"fr-FR","potentialAction":[{"@type":"CommentAction","name":"Comment","target":["https:\/\/www.africa-press.net\/niger\/politique\/la-cedeao-leve-les-plus-lourdes-sanctions-contre-le-niger#respond"]}]},{"@type":"WebPage","@id":"https:\/\/www.africa-press.net\/niger\/politique\/la-cedeao-leve-les-plus-lourdes-sanctions-contre-le-niger","url":"https:\/\/www.africa-press.net\/niger\/politique\/la-cedeao-leve-les-plus-lourdes-sanctions-contre-le-niger","name":"La Cedeao l\u00e8ve les plus lourdes sanctions contre le Niger - niger","isPartOf":{"@id":"https:\/\/www.africa-press.net\/niger\/#website"},"primaryImageOfPage":{"@id":"https:\/\/www.africa-press.net\/niger\/politique\/la-cedeao-leve-les-plus-lourdes-sanctions-contre-le-niger#primaryimage"},"image":{"@id":"https:\/\/www.africa-press.net\/niger\/politique\/la-cedeao-leve-les-plus-lourdes-sanctions-contre-le-niger#primaryimage"},"thumbnailUrl":"https:\/\/static.africa-press.net\/niger\/sites\/40\/2024\/02\/sm_1708841456.77223.jpg","datePublished":"2024-02-25T08:29:28+00:00","dateModified":"2024-02-25T09:41:44+00:00","author":{"@id":"https:\/\/www.africa-press.net\/niger\/#\/schema\/person\/2b1cf3cd81a31e3cd26889ca66d677f1"},"description":"Les chefs d\u2019E\u0301tat des pays membres de la Communaute\u0301 e\u0301conomique des E\u0301tats de l\u2019Afrique de l\u2019Ouest, re\u0301unis ce samed ...","breadcrumb":{"@id":"https:\/\/www.africa-press.net\/niger\/politique\/la-cedeao-leve-les-plus-lourdes-sanctions-contre-le-niger#breadcrumb"},"inLanguage":"fr-FR","potentialAction":[{"@type":"ReadAction","target":["https:\/\/www.africa-press.net\/niger\/politique\/la-cedeao-leve-les-plus-lourdes-sanctions-contre-le-niger"]}]},{"@type":"ImageObject","inLanguage":"fr-FR","@id":"https:\/\/www.africa-press.net\/niger\/politique\/la-cedeao-leve-les-plus-lourdes-sanctions-contre-le-niger#primaryimage","url":"https:\/\/static.africa-press.net\/niger\/sites\/40\/2024\/02\/sm_1708841456.77223.jpg","contentUrl":"https:\/\/static.africa-press.net\/niger\/sites\/40\/2024\/02\/sm_1708841456.77223.jpg","width":1280,"height":720,"caption":"La Cedeao l\u00e8ve les plus lourdes sanctions contre le Niger"},{"@type":"BreadcrumbList","@id":"https:\/\/www.africa-press.net\/niger\/politique\/la-cedeao-leve-les-plus-lourdes-sanctions-contre-le-niger#breadcrumb","itemListElement":[{"@type":"ListItem","position":1,"name":"Accueil","item":"https:\/\/www.africa-press.net\/niger\/"},{"@type":"ListItem","position":2,"name":"La Cedeao l\u00e8ve les plus lourdes sanctions contre le Niger"}]},{"@type":"WebSite","@id":"https:\/\/www.africa-press.net\/niger\/#website","url":"https:\/\/www.africa-press.net\/niger\/","name":"niger","description":"Just another Africa News Agency Sites site","potentialAction":[{"@type":"SearchAction","target":{"@type":"EntryPoint","urlTemplate":"https:\/\/www.africa-press.net\/niger\/?s={search_term_string}"},"query-input":{"@type":"PropertyValueSpecification","valueRequired":true,"valueName":"search_term_string"}}],"inLanguage":"fr-FR"},{"@type":"Person","@id":"https:\/\/www.africa-press.net\/niger\/#\/schema\/person\/2b1cf3cd81a31e3cd26889ca66d677f1","name":"cfeditorfr"}]}},"_links":{"self":[{"href":"https:\/\/www.africa-press.net\/niger\/wp-json\/wp\/v2\/posts\/59089","targetHints":{"allow":["GET"]}}],"collection":[{"href":"https:\/\/www.africa-press.net\/niger\/wp-json\/wp\/v2\/posts"}],"about":[{"href":"https:\/\/www.africa-press.net\/niger\/wp-json\/wp\/v2\/types\/post"}],"author":[{"embeddable":true,"href":"https:\/\/www.africa-press.net\/niger\/wp-json\/wp\/v2\/users\/82"}],"replies":[{"embeddable":true,"href":"https:\/\/www.africa-press.net\/niger\/wp-json\/wp\/v2\/comments?post=59089"}],"version-history":[{"count":0,"href":"https:\/\/www.africa-press.net\/niger\/wp-json\/wp\/v2\/posts\/59089\/revisions"}],"wp:featuredmedia":[{"embeddable":true,"href":"https:\/\/www.africa-press.net\/niger\/wp-json\/wp\/v2\/media\/59088"}],"wp:attachment":[{"href":"https:\/\/www.africa-press.net\/niger\/wp-json\/wp\/v2\/media?parent=59089"}],"wp:term":[{"taxonomy":"category","embeddable":true,"href":"https:\/\/www.africa-press.net\/niger\/wp-json\/wp\/v2\/categories?post=59089"},{"taxonomy":"post_tag","embeddable":true,"href":"https:\/\/www.africa-press.net\/niger\/wp-json\/wp\/v2\/tags?post=59089"}],"curies":[{"name":"wp","href":"https:\/\/api.w.org\/{rel}","templated":true}]}}