{"id":59094,"date":"2024-02-25T08:36:30","date_gmt":"2024-02-25T08:36:30","guid":{"rendered":"https:\/\/www.africa-press.net\/niger\/politique\/retrait-de-laes-de-la-cedeao-le-president-tinubu-exhorte-le-niger-le-mali-et-le-burkina-a-reconsiderer-leur-decision"},"modified":"2024-02-25T09:42:59","modified_gmt":"2024-02-25T09:42:59","slug":"retrait-de-laes-de-la-cedeao-le-president-tinubu-exhorte-le-niger-le-mali-et-le-burkina-a-reconsiderer-leur-decision","status":"publish","type":"post","link":"https:\/\/www.africa-press.net\/niger\/politique\/retrait-de-laes-de-la-cedeao-le-president-tinubu-exhorte-le-niger-le-mali-et-le-burkina-a-reconsiderer-leur-decision","title":{"rendered":"Retrait de l\u2019AES de la CEDEAO : Le Pr\u00e9sident Tinubu exhorte le Niger, le Mali et le Burkina \u00e0 reconsid\u00e9rer leur d\u00e9cision"},"content":{"rendered":"<p><span style=\"color: #ff6600\"><strong>Africa-Press &#8211; Niger. <\/strong><\/span><b>Le Pre\u0301sident de la Re\u0301publique fe\u0301de\u0301rale du Nigeria et Pre\u0301sident en exercice de la CEDEAO, Bola Tinubu, a exhorte\u0301 les E\u0301tats membres de l\u2019Alliance des E\u0301tats du Sahel (AES) a\u0300 reconside\u0301rer leur de\u0301cision de se retirer de l\u2019organisation communautaire ouest-africaine, ce samedi 24 fe\u0301vrier 2024, lors du Sommet extraordinaire des chefs d\u2019E\u0301tat de la CEDEAO. <\/b><\/p>\n<p>Sur le retrait annonce\u0301 du Mali, du Niger et du Burkina Faso, le Pre\u0301sident nige\u0301rian les a exhorte\u0301s \u00ab a\u0300 reconside\u0301rer la de\u0301cision de quitter \u00bb l\u2019organisation et a\u0300 ne pas percevoir la CEDEAO comme un ennemi. \u00ab Nous ne sommes pas l\u2019ennemi \u00bb, a de\u0301clare\u0301 Bola Tinubu qui a aussi plaide\u0301 pour un re\u0301examen d\u2019 \u00abapproche actuelle de la recherche de l\u2019ordre constitutionnel dans quatre de nos E\u0301tats membres \u00bb, notamment le Mali, la Guine\u0301e, le Burkina Faso et le Niger.<\/p>\n<p>\u00ab Nous sommes ici pour re\u0301pondre aux de\u0301veloppements urgents dans notre sous-re\u0301gion et a\u0300 la situation politique au Niger, au Burkina Faso et au Mali. Nous devons aborder ces questions avec un sentiment d\u2019unite\u0301 et d\u2019engagement envers le bien-e\u0302tre de la population. La complexite\u0301 des enjeux ne\u0301cessite une approche globale et collaborative.<\/p>\n<p>Par conse\u0301quent, il nous incombe d\u2019engager un dialogue constructif, d\u2019exercer un jugement prudent et de travailler collectivement a\u0300 trouver des solutions pour favoriser la paix, la se\u0301curite\u0301 et la stabilite\u0301 politique dans notre re\u0301gion. La gravite\u0301 de nos responsabilite\u0301s en tant que dirigeants en ces temps difficiles ne peut e\u0302tre surestime\u0301e et c\u2019est gra\u0302ce a\u0300 nos efforts concerte\u0301s et a\u0300 notre sens profond de l\u2019histoire que nous pouvons relever ces de\u0301fis \u00bb, a annonce\u0301 le pre\u0301sident Bola Ahmed Tinubu. Pre\u0301sident du Nigeria et pre\u0301sident en exercice de la CEDEAO.<\/p>\n<p><strong>Pour plus d&rsquo;informations et d&rsquo;analyses sur la <a href=\"https:\/\/www.africa-press.net\/niger\">Niger<\/a>, suivez <a href=\"https:\/\/www.africa-press.net\/\">Africa-Press<\/a><\/strong><\/p>\n","protected":false},"excerpt":{"rendered":"<p>Africa-Press &#8211; Niger. Le Pre\u0301sident de la Re\u0301publique fe\u0301de\u0301rale du Nigeria et Pre\u0301sident en exercice de la CEDEAO, Bola Tinubu, a exhorte\u0301 les E\u0301tats membres de l\u2019Alliance des E\u0301tats du Sahel (AES) a\u0300 reconside\u0301rer leur de\u0301cision de se retirer de l\u2019organisation communautaire ouest-africaine, ce samedi 24 fe\u0301vrier 2024, lors du Sommet extraordinaire des chefs d\u2019E\u0301tat [&hellip;]<\/p>\n","protected":false},"author":82,"featured_media":59093,"comment_status":"open","ping_status":"closed","sticky":false,"template":"","format":"standard","meta":{"footnotes":""},"categories":[2,10],"tags":[55,60,29],"class_list":["post-59094","post","type-post","status-publish","format-standard","has-post-thumbnail","hentry","category-politique","category-toutes-les-actualites","tag-africa-press","tag-africa-press-niger","tag-niger"],"yoast_head":"<!-- This site is optimized with the Yoast SEO Premium plugin v26.1 (Yoast SEO v27.0) - https:\/\/yoast.com\/product\/yoast-seo-premium-wordpress\/ -->\n<title>Retrait de l\u2019AES de la CEDEAO : Le Pr\u00e9sident Tinubu exhorte le Niger, le Mali et le Burkina \u00e0 reconsid\u00e9rer leur d\u00e9cision - niger<\/title>\n<meta name=\"description\" content=\"Le Pre\u0301sident de la Re\u0301publique fe\u0301de\u0301rale du Nigeria et Pre\u0301sident en exercice de la CEDEAO, Bola Tinubu, a exhorte\u0301 ...\" \/>\n<meta name=\"robots\" content=\"index, follow, max-snippet:-1, max-image-preview:large, max-video-preview:-1\" \/>\n<link rel=\"canonical\" href=\"https:\/\/www.africa-press.net\/niger\/politique\/retrait-de-laes-de-la-cedeao-le-president-tinubu-exhorte-le-niger-le-mali-et-le-burkina-a-reconsiderer-leur-decision\" \/>\n<meta property=\"og:locale\" content=\"fr_FR\" \/>\n<meta property=\"og:type\" content=\"article\" \/>\n<meta property=\"og:title\" content=\"Retrait de l\u2019AES de la CEDEAO : Le Pr\u00e9sident Tinubu exhorte le Niger, le Mali et le Burkina \u00e0 reconsid\u00e9rer leur d\u00e9cision\" \/>\n<meta property=\"og:description\" content=\"Le Pre\u0301sident de la Re\u0301publique fe\u0301de\u0301rale du Nigeria et Pre\u0301sident en exercice de la CEDEAO, Bola Tinubu, a exhorte\u0301 ...\" \/>\n<meta property=\"og:url\" content=\"https:\/\/www.africa-press.net\/niger\/politique\/retrait-de-laes-de-la-cedeao-le-president-tinubu-exhorte-le-niger-le-mali-et-le-burkina-a-reconsiderer-leur-decision\" \/>\n<meta property=\"og:site_name\" content=\"niger\" \/>\n<meta property=\"article:published_time\" content=\"2024-02-25T08:36:30+00:00\" \/>\n<meta property=\"article:modified_time\" content=\"2024-02-25T09:42:59+00:00\" \/>\n<meta property=\"og:image\" content=\"https:\/\/static.africa-press.net\/niger\/sites\/40\/2024\/02\/sm_1708841515.985693.jpg\" \/>\n\t<meta property=\"og:image:width\" content=\"720\" \/>\n\t<meta property=\"og:image:height\" content=\"483\" \/>\n\t<meta property=\"og:image:type\" content=\"image\/jpeg\" \/>\n<meta name=\"author\" content=\"cfeditorfr\" \/>\n<meta name=\"twitter:card\" content=\"summary_large_image\" \/>\n<meta name=\"twitter:label1\" content=\"\u00c9crit par\" \/>\n\t<meta name=\"twitter:data1\" content=\"cfeditorfr\" \/>\n\t<meta name=\"twitter:label2\" content=\"Dur\u00e9e de lecture estim\u00e9e\" \/>\n\t<meta name=\"twitter:data2\" content=\"2 minutes\" \/>\n<script type=\"application\/ld+json\" class=\"yoast-schema-graph\">{\"@context\":\"https:\/\/schema.org\",\"@graph\":[{\"@type\":\"Article\",\"@id\":\"https:\/\/www.africa-press.net\/niger\/politique\/retrait-de-laes-de-la-cedeao-le-president-tinubu-exhorte-le-niger-le-mali-et-le-burkina-a-reconsiderer-leur-decision#article\",\"isPartOf\":{\"@id\":\"https:\/\/www.africa-press.net\/niger\/politique\/retrait-de-laes-de-la-cedeao-le-president-tinubu-exhorte-le-niger-le-mali-et-le-burkina-a-reconsiderer-leur-decision\"},\"author\":{\"name\":\"cfeditorfr\",\"@id\":\"https:\/\/www.africa-press.net\/niger\/#\/schema\/person\/2b1cf3cd81a31e3cd26889ca66d677f1\"},\"headline\":\"Retrait de l\u2019AES de la CEDEAO : Le Pr\u00e9sident Tinubu exhorte le Niger, le Mali et le Burkina \u00e0 reconsid\u00e9rer leur d\u00e9cision\",\"datePublished\":\"2024-02-25T08:36:30+00:00\",\"dateModified\":\"2024-02-25T09:42:59+00:00\",\"mainEntityOfPage\":{\"@id\":\"https:\/\/www.africa-press.net\/niger\/politique\/retrait-de-laes-de-la-cedeao-le-president-tinubu-exhorte-le-niger-le-mali-et-le-burkina-a-reconsiderer-leur-decision\"},\"wordCount\":357,\"commentCount\":0,\"image\":{\"@id\":\"https:\/\/www.africa-press.net\/niger\/politique\/retrait-de-laes-de-la-cedeao-le-president-tinubu-exhorte-le-niger-le-mali-et-le-burkina-a-reconsiderer-leur-decision#primaryimage\"},\"thumbnailUrl\":\"https:\/\/static.africa-press.net\/niger\/sites\/40\/2024\/02\/sm_1708841515.985693.jpg\",\"keywords\":[\"Africa Press\",\"Africa Press-Niger\",\"Niger\"],\"articleSection\":[\"Politique\",\"Toutes les actualit\u00e9s\"],\"inLanguage\":\"fr-FR\",\"potentialAction\":[{\"@type\":\"CommentAction\",\"name\":\"Comment\",\"target\":[\"https:\/\/www.africa-press.net\/niger\/politique\/retrait-de-laes-de-la-cedeao-le-president-tinubu-exhorte-le-niger-le-mali-et-le-burkina-a-reconsiderer-leur-decision#respond\"]}]},{\"@type\":\"WebPage\",\"@id\":\"https:\/\/www.africa-press.net\/niger\/politique\/retrait-de-laes-de-la-cedeao-le-president-tinubu-exhorte-le-niger-le-mali-et-le-burkina-a-reconsiderer-leur-decision\",\"url\":\"https:\/\/www.africa-press.net\/niger\/politique\/retrait-de-laes-de-la-cedeao-le-president-tinubu-exhorte-le-niger-le-mali-et-le-burkina-a-reconsiderer-leur-decision\",\"name\":\"Retrait de l\u2019AES de la CEDEAO : Le Pr\u00e9sident Tinubu exhorte le Niger, le Mali et le Burkina \u00e0 reconsid\u00e9rer leur d\u00e9cision - niger\",\"isPartOf\":{\"@id\":\"https:\/\/www.africa-press.net\/niger\/#website\"},\"primaryImageOfPage\":{\"@id\":\"https:\/\/www.africa-press.net\/niger\/politique\/retrait-de-laes-de-la-cedeao-le-president-tinubu-exhorte-le-niger-le-mali-et-le-burkina-a-reconsiderer-leur-decision#primaryimage\"},\"image\":{\"@id\":\"https:\/\/www.africa-press.net\/niger\/politique\/retrait-de-laes-de-la-cedeao-le-president-tinubu-exhorte-le-niger-le-mali-et-le-burkina-a-reconsiderer-leur-decision#primaryimage\"},\"thumbnailUrl\":\"https:\/\/static.africa-press.net\/niger\/sites\/40\/2024\/02\/sm_1708841515.985693.jpg\",\"datePublished\":\"2024-02-25T08:36:30+00:00\",\"dateModified\":\"2024-02-25T09:42:59+00:00\",\"author\":{\"@id\":\"https:\/\/www.africa-press.net\/niger\/#\/schema\/person\/2b1cf3cd81a31e3cd26889ca66d677f1\"},\"description\":\"Le Pre\u0301sident de la Re\u0301publique fe\u0301de\u0301rale du Nigeria et Pre\u0301sident en exercice de la CEDEAO, Bola Tinubu, a exhorte\u0301 ...\",\"breadcrumb\":{\"@id\":\"https:\/\/www.africa-press.net\/niger\/politique\/retrait-de-laes-de-la-cedeao-le-president-tinubu-exhorte-le-niger-le-mali-et-le-burkina-a-reconsiderer-leur-decision#breadcrumb\"},\"inLanguage\":\"fr-FR\",\"potentialAction\":[{\"@type\":\"ReadAction\",\"target\":[\"https:\/\/www.africa-press.net\/niger\/politique\/retrait-de-laes-de-la-cedeao-le-president-tinubu-exhorte-le-niger-le-mali-et-le-burkina-a-reconsiderer-leur-decision\"]}]},{\"@type\":\"ImageObject\",\"inLanguage\":\"fr-FR\",\"@id\":\"https:\/\/www.africa-press.net\/niger\/politique\/retrait-de-laes-de-la-cedeao-le-president-tinubu-exhorte-le-niger-le-mali-et-le-burkina-a-reconsiderer-leur-decision#primaryimage\",\"url\":\"https:\/\/static.africa-press.net\/niger\/sites\/40\/2024\/02\/sm_1708841515.985693.jpg\",\"contentUrl\":\"https:\/\/static.africa-press.net\/niger\/sites\/40\/2024\/02\/sm_1708841515.985693.jpg\",\"width\":720,\"height\":483,\"caption\":\"Retrait de l\u2019AES de la CEDEAO : Le Pr\u00e9sident Tinubu exhorte le Niger, le Mali et le Burkina \u00e0 reconsid\u00e9rer leur d\u00e9cision\"},{\"@type\":\"BreadcrumbList\",\"@id\":\"https:\/\/www.africa-press.net\/niger\/politique\/retrait-de-laes-de-la-cedeao-le-president-tinubu-exhorte-le-niger-le-mali-et-le-burkina-a-reconsiderer-leur-decision#breadcrumb\",\"itemListElement\":[{\"@type\":\"ListItem\",\"position\":1,\"name\":\"Accueil\",\"item\":\"https:\/\/www.africa-press.net\/niger\/\"},{\"@type\":\"ListItem\",\"position\":2,\"name\":\"Retrait de l\u2019AES de la CEDEAO : Le Pr\u00e9sident Tinubu exhorte le Niger, le Mali et le Burkina \u00e0 reconsid\u00e9rer leur d\u00e9cision\"}]},{\"@type\":\"WebSite\",\"@id\":\"https:\/\/www.africa-press.net\/niger\/#website\",\"url\":\"https:\/\/www.africa-press.net\/niger\/\",\"name\":\"niger\",\"description\":\"Just another Africa News Agency Sites site\",\"potentialAction\":[{\"@type\":\"SearchAction\",\"target\":{\"@type\":\"EntryPoint\",\"urlTemplate\":\"https:\/\/www.africa-press.net\/niger\/?s={search_term_string}\"},\"query-input\":{\"@type\":\"PropertyValueSpecification\",\"valueRequired\":true,\"valueName\":\"search_term_string\"}}],\"inLanguage\":\"fr-FR\"},{\"@type\":\"Person\",\"@id\":\"https:\/\/www.africa-press.net\/niger\/#\/schema\/person\/2b1cf3cd81a31e3cd26889ca66d677f1\",\"name\":\"cfeditorfr\"}]}<\/script>\n<!-- \/ Yoast SEO Premium plugin. -->","yoast_head_json":{"title":"Retrait de l\u2019AES de la CEDEAO : Le Pr\u00e9sident Tinubu exhorte le Niger, le Mali et le Burkina \u00e0 reconsid\u00e9rer leur d\u00e9cision - niger","description":"Le Pre\u0301sident de la Re\u0301publique fe\u0301de\u0301rale du Nigeria et Pre\u0301sident en exercice de la CEDEAO, Bola Tinubu, a exhorte\u0301 ...","robots":{"index":"index","follow":"follow","max-snippet":"max-snippet:-1","max-image-preview":"max-image-preview:large","max-video-preview":"max-video-preview:-1"},"canonical":"https:\/\/www.africa-press.net\/niger\/politique\/retrait-de-laes-de-la-cedeao-le-president-tinubu-exhorte-le-niger-le-mali-et-le-burkina-a-reconsiderer-leur-decision","og_locale":"fr_FR","og_type":"article","og_title":"Retrait de l\u2019AES de la CEDEAO : Le Pr\u00e9sident Tinubu exhorte le Niger, le Mali et le Burkina \u00e0 reconsid\u00e9rer leur d\u00e9cision","og_description":"Le Pre\u0301sident de la Re\u0301publique fe\u0301de\u0301rale du Nigeria et Pre\u0301sident en exercice de la CEDEAO, Bola Tinubu, a exhorte\u0301 ...","og_url":"https:\/\/www.africa-press.net\/niger\/politique\/retrait-de-laes-de-la-cedeao-le-president-tinubu-exhorte-le-niger-le-mali-et-le-burkina-a-reconsiderer-leur-decision","og_site_name":"niger","article_published_time":"2024-02-25T08:36:30+00:00","article_modified_time":"2024-02-25T09:42:59+00:00","og_image":[{"width":720,"height":483,"url":"https:\/\/static.africa-press.net\/niger\/sites\/40\/2024\/02\/sm_1708841515.985693.jpg","type":"image\/jpeg"}],"author":"cfeditorfr","twitter_card":"summary_large_image","twitter_misc":{"\u00c9crit par":"cfeditorfr","Dur\u00e9e de lecture estim\u00e9e":"2 minutes"},"schema":{"@context":"https:\/\/schema.org","@graph":[{"@type":"Article","@id":"https:\/\/www.africa-press.net\/niger\/politique\/retrait-de-laes-de-la-cedeao-le-president-tinubu-exhorte-le-niger-le-mali-et-le-burkina-a-reconsiderer-leur-decision#article","isPartOf":{"@id":"https:\/\/www.africa-press.net\/niger\/politique\/retrait-de-laes-de-la-cedeao-le-president-tinubu-exhorte-le-niger-le-mali-et-le-burkina-a-reconsiderer-leur-decision"},"author":{"name":"cfeditorfr","@id":"https:\/\/www.africa-press.net\/niger\/#\/schema\/person\/2b1cf3cd81a31e3cd26889ca66d677f1"},"headline":"Retrait de l\u2019AES de la CEDEAO : Le Pr\u00e9sident Tinubu exhorte le Niger, le Mali et le Burkina \u00e0 reconsid\u00e9rer leur d\u00e9cision","datePublished":"2024-02-25T08:36:30+00:00","dateModified":"2024-02-25T09:42:59+00:00","mainEntityOfPage":{"@id":"https:\/\/www.africa-press.net\/niger\/politique\/retrait-de-laes-de-la-cedeao-le-president-tinubu-exhorte-le-niger-le-mali-et-le-burkina-a-reconsiderer-leur-decision"},"wordCount":357,"commentCount":0,"image":{"@id":"https:\/\/www.africa-press.net\/niger\/politique\/retrait-de-laes-de-la-cedeao-le-president-tinubu-exhorte-le-niger-le-mali-et-le-burkina-a-reconsiderer-leur-decision#primaryimage"},"thumbnailUrl":"https:\/\/static.africa-press.net\/niger\/sites\/40\/2024\/02\/sm_1708841515.985693.jpg","keywords":["Africa Press","Africa Press-Niger","Niger"],"articleSection":["Politique","Toutes les actualit\u00e9s"],"inLanguage":"fr-FR","potentialAction":[{"@type":"CommentAction","name":"Comment","target":["https:\/\/www.africa-press.net\/niger\/politique\/retrait-de-laes-de-la-cedeao-le-president-tinubu-exhorte-le-niger-le-mali-et-le-burkina-a-reconsiderer-leur-decision#respond"]}]},{"@type":"WebPage","@id":"https:\/\/www.africa-press.net\/niger\/politique\/retrait-de-laes-de-la-cedeao-le-president-tinubu-exhorte-le-niger-le-mali-et-le-burkina-a-reconsiderer-leur-decision","url":"https:\/\/www.africa-press.net\/niger\/politique\/retrait-de-laes-de-la-cedeao-le-president-tinubu-exhorte-le-niger-le-mali-et-le-burkina-a-reconsiderer-leur-decision","name":"Retrait de l\u2019AES de la CEDEAO : Le Pr\u00e9sident Tinubu exhorte le Niger, le Mali et le Burkina \u00e0 reconsid\u00e9rer leur d\u00e9cision - niger","isPartOf":{"@id":"https:\/\/www.africa-press.net\/niger\/#website"},"primaryImageOfPage":{"@id":"https:\/\/www.africa-press.net\/niger\/politique\/retrait-de-laes-de-la-cedeao-le-president-tinubu-exhorte-le-niger-le-mali-et-le-burkina-a-reconsiderer-leur-decision#primaryimage"},"image":{"@id":"https:\/\/www.africa-press.net\/niger\/politique\/retrait-de-laes-de-la-cedeao-le-president-tinubu-exhorte-le-niger-le-mali-et-le-burkina-a-reconsiderer-leur-decision#primaryimage"},"thumbnailUrl":"https:\/\/static.africa-press.net\/niger\/sites\/40\/2024\/02\/sm_1708841515.985693.jpg","datePublished":"2024-02-25T08:36:30+00:00","dateModified":"2024-02-25T09:42:59+00:00","author":{"@id":"https:\/\/www.africa-press.net\/niger\/#\/schema\/person\/2b1cf3cd81a31e3cd26889ca66d677f1"},"description":"Le Pre\u0301sident de la Re\u0301publique fe\u0301de\u0301rale du Nigeria et Pre\u0301sident en exercice de la CEDEAO, Bola Tinubu, a exhorte\u0301 ...","breadcrumb":{"@id":"https:\/\/www.africa-press.net\/niger\/politique\/retrait-de-laes-de-la-cedeao-le-president-tinubu-exhorte-le-niger-le-mali-et-le-burkina-a-reconsiderer-leur-decision#breadcrumb"},"inLanguage":"fr-FR","potentialAction":[{"@type":"ReadAction","target":["https:\/\/www.africa-press.net\/niger\/politique\/retrait-de-laes-de-la-cedeao-le-president-tinubu-exhorte-le-niger-le-mali-et-le-burkina-a-reconsiderer-leur-decision"]}]},{"@type":"ImageObject","inLanguage":"fr-FR","@id":"https:\/\/www.africa-press.net\/niger\/politique\/retrait-de-laes-de-la-cedeao-le-president-tinubu-exhorte-le-niger-le-mali-et-le-burkina-a-reconsiderer-leur-decision#primaryimage","url":"https:\/\/static.africa-press.net\/niger\/sites\/40\/2024\/02\/sm_1708841515.985693.jpg","contentUrl":"https:\/\/static.africa-press.net\/niger\/sites\/40\/2024\/02\/sm_1708841515.985693.jpg","width":720,"height":483,"caption":"Retrait de l\u2019AES de la CEDEAO : Le Pr\u00e9sident Tinubu exhorte le Niger, le Mali et le Burkina \u00e0 reconsid\u00e9rer leur d\u00e9cision"},{"@type":"BreadcrumbList","@id":"https:\/\/www.africa-press.net\/niger\/politique\/retrait-de-laes-de-la-cedeao-le-president-tinubu-exhorte-le-niger-le-mali-et-le-burkina-a-reconsiderer-leur-decision#breadcrumb","itemListElement":[{"@type":"ListItem","position":1,"name":"Accueil","item":"https:\/\/www.africa-press.net\/niger\/"},{"@type":"ListItem","position":2,"name":"Retrait de l\u2019AES de la CEDEAO : Le Pr\u00e9sident Tinubu exhorte le Niger, le Mali et le Burkina \u00e0 reconsid\u00e9rer leur d\u00e9cision"}]},{"@type":"WebSite","@id":"https:\/\/www.africa-press.net\/niger\/#website","url":"https:\/\/www.africa-press.net\/niger\/","name":"niger","description":"Just another Africa News Agency Sites site","potentialAction":[{"@type":"SearchAction","target":{"@type":"EntryPoint","urlTemplate":"https:\/\/www.africa-press.net\/niger\/?s={search_term_string}"},"query-input":{"@type":"PropertyValueSpecification","valueRequired":true,"valueName":"search_term_string"}}],"inLanguage":"fr-FR"},{"@type":"Person","@id":"https:\/\/www.africa-press.net\/niger\/#\/schema\/person\/2b1cf3cd81a31e3cd26889ca66d677f1","name":"cfeditorfr"}]}},"_links":{"self":[{"href":"https:\/\/www.africa-press.net\/niger\/wp-json\/wp\/v2\/posts\/59094","targetHints":{"allow":["GET"]}}],"collection":[{"href":"https:\/\/www.africa-press.net\/niger\/wp-json\/wp\/v2\/posts"}],"about":[{"href":"https:\/\/www.africa-press.net\/niger\/wp-json\/wp\/v2\/types\/post"}],"author":[{"embeddable":true,"href":"https:\/\/www.africa-press.net\/niger\/wp-json\/wp\/v2\/users\/82"}],"replies":[{"embeddable":true,"href":"https:\/\/www.africa-press.net\/niger\/wp-json\/wp\/v2\/comments?post=59094"}],"version-history":[{"count":0,"href":"https:\/\/www.africa-press.net\/niger\/wp-json\/wp\/v2\/posts\/59094\/revisions"}],"wp:featuredmedia":[{"embeddable":true,"href":"https:\/\/www.africa-press.net\/niger\/wp-json\/wp\/v2\/media\/59093"}],"wp:attachment":[{"href":"https:\/\/www.africa-press.net\/niger\/wp-json\/wp\/v2\/media?parent=59094"}],"wp:term":[{"taxonomy":"category","embeddable":true,"href":"https:\/\/www.africa-press.net\/niger\/wp-json\/wp\/v2\/categories?post=59094"},{"taxonomy":"post_tag","embeddable":true,"href":"https:\/\/www.africa-press.net\/niger\/wp-json\/wp\/v2\/tags?post=59094"}],"curies":[{"name":"wp","href":"https:\/\/api.w.org\/{rel}","templated":true}]}}