{"id":59107,"date":"2024-02-26T06:49:13","date_gmt":"2024-02-26T06:49:13","guid":{"rendered":"https:\/\/www.africa-press.net\/niger\/politique\/au-niger-lheure-est-a-la-fete-apres-la-levee-des-sanctions-de-la-cedeao"},"modified":"2024-02-26T06:57:07","modified_gmt":"2024-02-26T06:57:07","slug":"au-niger-lheure-est-a-la-fete-apres-la-levee-des-sanctions-de-la-cedeao","status":"publish","type":"post","link":"https:\/\/www.africa-press.net\/niger\/politique\/au-niger-lheure-est-a-la-fete-apres-la-levee-des-sanctions-de-la-cedeao","title":{"rendered":"Au Niger, l\u2019heure est \u00e0 la f\u00eate apr\u00e8s la lev\u00e9e des sanctions de la Cedeao"},"content":{"rendered":"<p><span style=\"color: #ff6600\"><strong>Africa-Press &#8211; Niger. <\/strong><\/span><b>Des Nige\u0301riens ont exprime\u0301 ce dimanche 25 fe\u0301vrier leur satisfaction apre\u0300s la leve\u0301e, la veille, des lourdes sanctions e\u0301conomiques et financie\u0300res prises par la Communaute\u0301 e\u0301conomique des E\u0301tats de l\u2019Afrique de l\u2019Ouest (Cedeao).<\/b><\/p>\n<p>\u00ab Nous sommes tre\u0300s contents de la leve\u0301e de l\u2019embargo (&#8230;) pour nous c\u2019est comme un jour de fe\u0302te, car tout va revenir a\u0300 la normale \u00bb, exulte Abdoul Aziz Issoufou, commerc\u0327ant au Grand marche\u0301 de Niamey, poumon e\u0301conomique de la capitale nige\u0301rienne.<\/p>\n<p>\u00ab Le mois de Ramadan arrive (mi-mars), on espe\u0300re une baisse des prix des produits de premie\u0300re ne\u0301cessite\u0301, alors riches et pauvres pourront trouver de quoi nourrir leur famille \u00bb, ajoute t-il.<\/p>\n<p>Selon Eric Daniel, un habitant de Niamey, \u00ab la leve\u0301e des sanctions est une tre\u0300s bonne chose \u00bb pour ce pays d\u2019environ 26 millions d\u2019habitants, majoritairement musulman.<\/p>\n<p>De\u0301sormais, \u00ab tous les Nige\u0301riens doivent travailler en symbiose \u00bb avec \u00ab les allie\u0301s \u00bb, les pays de la Cedeao, qui on e\u0301te\u0301 un peu durs avec nous \u00bb, estime-t-il.<\/p>\n<p><b>\u00ab Attendu par une grande majorite\u0301 de Nige\u0301riens \u00bb<\/b><\/p>\n<p>A Tahoua, la nouvelle a e\u0301te\u0301 accueillie par des coups de klaxons, des parades a\u0300 motos et en voiture.<\/p>\n<p>\u00ab La leve\u0301e des sanctions e\u0301tait attendue par une grande majorite\u0301 de Nige\u0301riens \u00bb, se re\u0301jouit l\u2019e\u0301conomiste Hima Garba. Mais aussi par les populations des pays voisins, comme le Nigeria et le Be\u0301nin, avec qui les e\u0301changes commerciaux sont nombreux.<\/p>\n<p>Cependant, il n\u2019oublie pas que les frontie\u0300res du Niger sont en proie au banditisme et aux attaques jihadistes, auxquels le pays est confronte\u0301 sur plusieurs parties de son territoire.<\/p>\n<p>Apre\u0300s un sommet samedi a\u0300 Abuja, les chefs d\u2019E\u0301tat des pays membres la Cedeao ont de\u0301cide\u0301 \u00ab de lever avec effet imme\u0301diat \u00bb les plus lourdes sanctions qu\u2019ils avaient impose\u0301es le 30 juillet dernier au Niger, quatre jours apre\u0300s la prise du pouvoir a\u0300 Niamey par un re\u0301gime militaire qui a renverse\u0301 le pre\u0301sident e\u0301lu Mohamed Bazoum.<\/p>\n<p>Cela implique donc la re\u0301ouverture des frontie\u0300res et de l\u2019espace ae\u0301rien nige\u0301rien, la reprise des transactions financie\u0300res entre les pays de la Cedeao et le Niger et le de\u0301gel des avoirs de l\u2019E\u0301tat nige\u0301rien: une de\u0301cision justifie\u0301e par des raisons humanitaires, a annonce\u0301 l\u2019organisation.<\/p>\n<p>Ces sanctions re\u0301gionales ont durement e\u0301prouve\u0301 le Niger, ou\u0300 le taux de pauvrete\u0301 extre\u0302me de\u0301passe les 40% selon la Banque mondiale.<\/p>\n<p><strong>Pour plus d&rsquo;informations et d&rsquo;analyses sur la <a href=\"https:\/\/www.africa-press.net\/niger\">Niger<\/a>, suivez <a href=\"https:\/\/www.africa-press.net\/\">Africa-Press<\/a><\/strong><\/p>\n","protected":false},"excerpt":{"rendered":"<p>Africa-Press &#8211; Niger. Des Nige\u0301riens ont exprime\u0301 ce dimanche 25 fe\u0301vrier leur satisfaction apre\u0300s la leve\u0301e, la veille, des lourdes sanctions e\u0301conomiques et financie\u0300res prises par la Communaute\u0301 e\u0301conomique des E\u0301tats de l\u2019Afrique de l\u2019Ouest (Cedeao). \u00ab Nous sommes tre\u0300s contents de la leve\u0301e de l\u2019embargo (&#8230;) pour nous c\u2019est comme un jour de fe\u0302te, [&hellip;]<\/p>\n","protected":false},"author":82,"featured_media":59106,"comment_status":"open","ping_status":"closed","sticky":false,"template":"","format":"standard","meta":{"footnotes":""},"categories":[2,73,20,10],"tags":[55,60,29],"class_list":["post-59107","post","type-post","status-publish","format-standard","has-post-thumbnail","hentry","category-politique","category-to-homepage","category-top-nouvelles","category-toutes-les-actualites","tag-africa-press","tag-africa-press-niger","tag-niger"],"yoast_head":"<!-- This site is optimized with the Yoast SEO Premium plugin v26.1 (Yoast SEO v27.0) - https:\/\/yoast.com\/product\/yoast-seo-premium-wordpress\/ -->\n<title>Au Niger, l\u2019heure est \u00e0 la f\u00eate apr\u00e8s la lev\u00e9e des sanctions de la Cedeao - niger<\/title>\n<meta name=\"description\" content=\"Des Nige\u0301riens ont exprime\u0301 ce dimanche 25 fe\u0301vrier leur satisfaction apre\u0300s la leve\u0301e, la veille, des lourdes sancti ...\" \/>\n<meta name=\"robots\" content=\"index, follow, max-snippet:-1, max-image-preview:large, max-video-preview:-1\" \/>\n<link rel=\"canonical\" href=\"https:\/\/www.africa-press.net\/niger\/politique\/au-niger-lheure-est-a-la-fete-apres-la-levee-des-sanctions-de-la-cedeao\" \/>\n<meta property=\"og:locale\" content=\"fr_FR\" \/>\n<meta property=\"og:type\" content=\"article\" \/>\n<meta property=\"og:title\" content=\"Au Niger, l\u2019heure est \u00e0 la f\u00eate apr\u00e8s la lev\u00e9e des sanctions de la Cedeao\" \/>\n<meta property=\"og:description\" content=\"Des Nige\u0301riens ont exprime\u0301 ce dimanche 25 fe\u0301vrier leur satisfaction apre\u0300s la leve\u0301e, la veille, des lourdes sancti ...\" \/>\n<meta property=\"og:url\" content=\"https:\/\/www.africa-press.net\/niger\/politique\/au-niger-lheure-est-a-la-fete-apres-la-levee-des-sanctions-de-la-cedeao\" \/>\n<meta property=\"og:site_name\" content=\"niger\" \/>\n<meta property=\"article:published_time\" content=\"2024-02-26T06:49:13+00:00\" \/>\n<meta property=\"article:modified_time\" content=\"2024-02-26T06:57:07+00:00\" \/>\n<meta property=\"og:image\" content=\"https:\/\/static.africa-press.net\/niger\/sites\/40\/2024\/02\/sm_1708917964.073299.jpg\" \/>\n\t<meta property=\"og:image:width\" content=\"1280\" \/>\n\t<meta property=\"og:image:height\" content=\"720\" \/>\n\t<meta property=\"og:image:type\" content=\"image\/jpeg\" \/>\n<meta name=\"author\" content=\"cfeditorfr\" \/>\n<meta name=\"twitter:card\" content=\"summary_large_image\" \/>\n<meta name=\"twitter:label1\" content=\"\u00c9crit par\" \/>\n\t<meta name=\"twitter:data1\" content=\"cfeditorfr\" \/>\n\t<meta name=\"twitter:label2\" content=\"Dur\u00e9e de lecture estim\u00e9e\" \/>\n\t<meta name=\"twitter:data2\" content=\"3 minutes\" \/>\n<script type=\"application\/ld+json\" class=\"yoast-schema-graph\">{\"@context\":\"https:\/\/schema.org\",\"@graph\":[{\"@type\":\"Article\",\"@id\":\"https:\/\/www.africa-press.net\/niger\/politique\/au-niger-lheure-est-a-la-fete-apres-la-levee-des-sanctions-de-la-cedeao#article\",\"isPartOf\":{\"@id\":\"https:\/\/www.africa-press.net\/niger\/politique\/au-niger-lheure-est-a-la-fete-apres-la-levee-des-sanctions-de-la-cedeao\"},\"author\":{\"name\":\"cfeditorfr\",\"@id\":\"https:\/\/www.africa-press.net\/niger\/#\/schema\/person\/2b1cf3cd81a31e3cd26889ca66d677f1\"},\"headline\":\"Au Niger, l\u2019heure est \u00e0 la f\u00eate apr\u00e8s la lev\u00e9e des sanctions de la Cedeao\",\"datePublished\":\"2024-02-26T06:49:13+00:00\",\"dateModified\":\"2024-02-26T06:57:07+00:00\",\"mainEntityOfPage\":{\"@id\":\"https:\/\/www.africa-press.net\/niger\/politique\/au-niger-lheure-est-a-la-fete-apres-la-levee-des-sanctions-de-la-cedeao\"},\"wordCount\":464,\"commentCount\":0,\"image\":{\"@id\":\"https:\/\/www.africa-press.net\/niger\/politique\/au-niger-lheure-est-a-la-fete-apres-la-levee-des-sanctions-de-la-cedeao#primaryimage\"},\"thumbnailUrl\":\"https:\/\/static.africa-press.net\/niger\/sites\/40\/2024\/02\/sm_1708917964.073299.jpg\",\"keywords\":[\"Africa Press\",\"Africa Press-Niger\",\"Niger\"],\"articleSection\":[\"Politique\",\"to-homepage\",\"Top Nouvelles\",\"Toutes les actualit\u00e9s\"],\"inLanguage\":\"fr-FR\",\"potentialAction\":[{\"@type\":\"CommentAction\",\"name\":\"Comment\",\"target\":[\"https:\/\/www.africa-press.net\/niger\/politique\/au-niger-lheure-est-a-la-fete-apres-la-levee-des-sanctions-de-la-cedeao#respond\"]}]},{\"@type\":\"WebPage\",\"@id\":\"https:\/\/www.africa-press.net\/niger\/politique\/au-niger-lheure-est-a-la-fete-apres-la-levee-des-sanctions-de-la-cedeao\",\"url\":\"https:\/\/www.africa-press.net\/niger\/politique\/au-niger-lheure-est-a-la-fete-apres-la-levee-des-sanctions-de-la-cedeao\",\"name\":\"Au Niger, l\u2019heure est \u00e0 la f\u00eate apr\u00e8s la lev\u00e9e des sanctions de la Cedeao - niger\",\"isPartOf\":{\"@id\":\"https:\/\/www.africa-press.net\/niger\/#website\"},\"primaryImageOfPage\":{\"@id\":\"https:\/\/www.africa-press.net\/niger\/politique\/au-niger-lheure-est-a-la-fete-apres-la-levee-des-sanctions-de-la-cedeao#primaryimage\"},\"image\":{\"@id\":\"https:\/\/www.africa-press.net\/niger\/politique\/au-niger-lheure-est-a-la-fete-apres-la-levee-des-sanctions-de-la-cedeao#primaryimage\"},\"thumbnailUrl\":\"https:\/\/static.africa-press.net\/niger\/sites\/40\/2024\/02\/sm_1708917964.073299.jpg\",\"datePublished\":\"2024-02-26T06:49:13+00:00\",\"dateModified\":\"2024-02-26T06:57:07+00:00\",\"author\":{\"@id\":\"https:\/\/www.africa-press.net\/niger\/#\/schema\/person\/2b1cf3cd81a31e3cd26889ca66d677f1\"},\"description\":\"Des Nige\u0301riens ont exprime\u0301 ce dimanche 25 fe\u0301vrier leur satisfaction apre\u0300s la leve\u0301e, la veille, des lourdes sancti ...\",\"breadcrumb\":{\"@id\":\"https:\/\/www.africa-press.net\/niger\/politique\/au-niger-lheure-est-a-la-fete-apres-la-levee-des-sanctions-de-la-cedeao#breadcrumb\"},\"inLanguage\":\"fr-FR\",\"potentialAction\":[{\"@type\":\"ReadAction\",\"target\":[\"https:\/\/www.africa-press.net\/niger\/politique\/au-niger-lheure-est-a-la-fete-apres-la-levee-des-sanctions-de-la-cedeao\"]}]},{\"@type\":\"ImageObject\",\"inLanguage\":\"fr-FR\",\"@id\":\"https:\/\/www.africa-press.net\/niger\/politique\/au-niger-lheure-est-a-la-fete-apres-la-levee-des-sanctions-de-la-cedeao#primaryimage\",\"url\":\"https:\/\/static.africa-press.net\/niger\/sites\/40\/2024\/02\/sm_1708917964.073299.jpg\",\"contentUrl\":\"https:\/\/static.africa-press.net\/niger\/sites\/40\/2024\/02\/sm_1708917964.073299.jpg\",\"width\":1280,\"height\":720,\"caption\":\"Au Niger, l\u2019heure est \u00e0 la f\u00eate apr\u00e8s la lev\u00e9e des sanctions de la Cedeao\"},{\"@type\":\"BreadcrumbList\",\"@id\":\"https:\/\/www.africa-press.net\/niger\/politique\/au-niger-lheure-est-a-la-fete-apres-la-levee-des-sanctions-de-la-cedeao#breadcrumb\",\"itemListElement\":[{\"@type\":\"ListItem\",\"position\":1,\"name\":\"Accueil\",\"item\":\"https:\/\/www.africa-press.net\/niger\/\"},{\"@type\":\"ListItem\",\"position\":2,\"name\":\"Au Niger, l\u2019heure est \u00e0 la f\u00eate apr\u00e8s la lev\u00e9e des sanctions de la Cedeao\"}]},{\"@type\":\"WebSite\",\"@id\":\"https:\/\/www.africa-press.net\/niger\/#website\",\"url\":\"https:\/\/www.africa-press.net\/niger\/\",\"name\":\"niger\",\"description\":\"Just another Africa News Agency Sites site\",\"potentialAction\":[{\"@type\":\"SearchAction\",\"target\":{\"@type\":\"EntryPoint\",\"urlTemplate\":\"https:\/\/www.africa-press.net\/niger\/?s={search_term_string}\"},\"query-input\":{\"@type\":\"PropertyValueSpecification\",\"valueRequired\":true,\"valueName\":\"search_term_string\"}}],\"inLanguage\":\"fr-FR\"},{\"@type\":\"Person\",\"@id\":\"https:\/\/www.africa-press.net\/niger\/#\/schema\/person\/2b1cf3cd81a31e3cd26889ca66d677f1\",\"name\":\"cfeditorfr\"}]}<\/script>\n<!-- \/ Yoast SEO Premium plugin. -->","yoast_head_json":{"title":"Au Niger, l\u2019heure est \u00e0 la f\u00eate apr\u00e8s la lev\u00e9e des sanctions de la Cedeao - niger","description":"Des Nige\u0301riens ont exprime\u0301 ce dimanche 25 fe\u0301vrier leur satisfaction apre\u0300s la leve\u0301e, la veille, des lourdes sancti ...","robots":{"index":"index","follow":"follow","max-snippet":"max-snippet:-1","max-image-preview":"max-image-preview:large","max-video-preview":"max-video-preview:-1"},"canonical":"https:\/\/www.africa-press.net\/niger\/politique\/au-niger-lheure-est-a-la-fete-apres-la-levee-des-sanctions-de-la-cedeao","og_locale":"fr_FR","og_type":"article","og_title":"Au Niger, l\u2019heure est \u00e0 la f\u00eate apr\u00e8s la lev\u00e9e des sanctions de la Cedeao","og_description":"Des Nige\u0301riens ont exprime\u0301 ce dimanche 25 fe\u0301vrier leur satisfaction apre\u0300s la leve\u0301e, la veille, des lourdes sancti ...","og_url":"https:\/\/www.africa-press.net\/niger\/politique\/au-niger-lheure-est-a-la-fete-apres-la-levee-des-sanctions-de-la-cedeao","og_site_name":"niger","article_published_time":"2024-02-26T06:49:13+00:00","article_modified_time":"2024-02-26T06:57:07+00:00","og_image":[{"width":1280,"height":720,"url":"https:\/\/static.africa-press.net\/niger\/sites\/40\/2024\/02\/sm_1708917964.073299.jpg","type":"image\/jpeg"}],"author":"cfeditorfr","twitter_card":"summary_large_image","twitter_misc":{"\u00c9crit par":"cfeditorfr","Dur\u00e9e de lecture estim\u00e9e":"3 minutes"},"schema":{"@context":"https:\/\/schema.org","@graph":[{"@type":"Article","@id":"https:\/\/www.africa-press.net\/niger\/politique\/au-niger-lheure-est-a-la-fete-apres-la-levee-des-sanctions-de-la-cedeao#article","isPartOf":{"@id":"https:\/\/www.africa-press.net\/niger\/politique\/au-niger-lheure-est-a-la-fete-apres-la-levee-des-sanctions-de-la-cedeao"},"author":{"name":"cfeditorfr","@id":"https:\/\/www.africa-press.net\/niger\/#\/schema\/person\/2b1cf3cd81a31e3cd26889ca66d677f1"},"headline":"Au Niger, l\u2019heure est \u00e0 la f\u00eate apr\u00e8s la lev\u00e9e des sanctions de la Cedeao","datePublished":"2024-02-26T06:49:13+00:00","dateModified":"2024-02-26T06:57:07+00:00","mainEntityOfPage":{"@id":"https:\/\/www.africa-press.net\/niger\/politique\/au-niger-lheure-est-a-la-fete-apres-la-levee-des-sanctions-de-la-cedeao"},"wordCount":464,"commentCount":0,"image":{"@id":"https:\/\/www.africa-press.net\/niger\/politique\/au-niger-lheure-est-a-la-fete-apres-la-levee-des-sanctions-de-la-cedeao#primaryimage"},"thumbnailUrl":"https:\/\/static.africa-press.net\/niger\/sites\/40\/2024\/02\/sm_1708917964.073299.jpg","keywords":["Africa Press","Africa Press-Niger","Niger"],"articleSection":["Politique","to-homepage","Top Nouvelles","Toutes les actualit\u00e9s"],"inLanguage":"fr-FR","potentialAction":[{"@type":"CommentAction","name":"Comment","target":["https:\/\/www.africa-press.net\/niger\/politique\/au-niger-lheure-est-a-la-fete-apres-la-levee-des-sanctions-de-la-cedeao#respond"]}]},{"@type":"WebPage","@id":"https:\/\/www.africa-press.net\/niger\/politique\/au-niger-lheure-est-a-la-fete-apres-la-levee-des-sanctions-de-la-cedeao","url":"https:\/\/www.africa-press.net\/niger\/politique\/au-niger-lheure-est-a-la-fete-apres-la-levee-des-sanctions-de-la-cedeao","name":"Au Niger, l\u2019heure est \u00e0 la f\u00eate apr\u00e8s la lev\u00e9e des sanctions de la Cedeao - niger","isPartOf":{"@id":"https:\/\/www.africa-press.net\/niger\/#website"},"primaryImageOfPage":{"@id":"https:\/\/www.africa-press.net\/niger\/politique\/au-niger-lheure-est-a-la-fete-apres-la-levee-des-sanctions-de-la-cedeao#primaryimage"},"image":{"@id":"https:\/\/www.africa-press.net\/niger\/politique\/au-niger-lheure-est-a-la-fete-apres-la-levee-des-sanctions-de-la-cedeao#primaryimage"},"thumbnailUrl":"https:\/\/static.africa-press.net\/niger\/sites\/40\/2024\/02\/sm_1708917964.073299.jpg","datePublished":"2024-02-26T06:49:13+00:00","dateModified":"2024-02-26T06:57:07+00:00","author":{"@id":"https:\/\/www.africa-press.net\/niger\/#\/schema\/person\/2b1cf3cd81a31e3cd26889ca66d677f1"},"description":"Des Nige\u0301riens ont exprime\u0301 ce dimanche 25 fe\u0301vrier leur satisfaction apre\u0300s la leve\u0301e, la veille, des lourdes sancti ...","breadcrumb":{"@id":"https:\/\/www.africa-press.net\/niger\/politique\/au-niger-lheure-est-a-la-fete-apres-la-levee-des-sanctions-de-la-cedeao#breadcrumb"},"inLanguage":"fr-FR","potentialAction":[{"@type":"ReadAction","target":["https:\/\/www.africa-press.net\/niger\/politique\/au-niger-lheure-est-a-la-fete-apres-la-levee-des-sanctions-de-la-cedeao"]}]},{"@type":"ImageObject","inLanguage":"fr-FR","@id":"https:\/\/www.africa-press.net\/niger\/politique\/au-niger-lheure-est-a-la-fete-apres-la-levee-des-sanctions-de-la-cedeao#primaryimage","url":"https:\/\/static.africa-press.net\/niger\/sites\/40\/2024\/02\/sm_1708917964.073299.jpg","contentUrl":"https:\/\/static.africa-press.net\/niger\/sites\/40\/2024\/02\/sm_1708917964.073299.jpg","width":1280,"height":720,"caption":"Au Niger, l\u2019heure est \u00e0 la f\u00eate apr\u00e8s la lev\u00e9e des sanctions de la Cedeao"},{"@type":"BreadcrumbList","@id":"https:\/\/www.africa-press.net\/niger\/politique\/au-niger-lheure-est-a-la-fete-apres-la-levee-des-sanctions-de-la-cedeao#breadcrumb","itemListElement":[{"@type":"ListItem","position":1,"name":"Accueil","item":"https:\/\/www.africa-press.net\/niger\/"},{"@type":"ListItem","position":2,"name":"Au Niger, l\u2019heure est \u00e0 la f\u00eate apr\u00e8s la lev\u00e9e des sanctions de la Cedeao"}]},{"@type":"WebSite","@id":"https:\/\/www.africa-press.net\/niger\/#website","url":"https:\/\/www.africa-press.net\/niger\/","name":"niger","description":"Just another Africa News Agency Sites site","potentialAction":[{"@type":"SearchAction","target":{"@type":"EntryPoint","urlTemplate":"https:\/\/www.africa-press.net\/niger\/?s={search_term_string}"},"query-input":{"@type":"PropertyValueSpecification","valueRequired":true,"valueName":"search_term_string"}}],"inLanguage":"fr-FR"},{"@type":"Person","@id":"https:\/\/www.africa-press.net\/niger\/#\/schema\/person\/2b1cf3cd81a31e3cd26889ca66d677f1","name":"cfeditorfr"}]}},"_links":{"self":[{"href":"https:\/\/www.africa-press.net\/niger\/wp-json\/wp\/v2\/posts\/59107","targetHints":{"allow":["GET"]}}],"collection":[{"href":"https:\/\/www.africa-press.net\/niger\/wp-json\/wp\/v2\/posts"}],"about":[{"href":"https:\/\/www.africa-press.net\/niger\/wp-json\/wp\/v2\/types\/post"}],"author":[{"embeddable":true,"href":"https:\/\/www.africa-press.net\/niger\/wp-json\/wp\/v2\/users\/82"}],"replies":[{"embeddable":true,"href":"https:\/\/www.africa-press.net\/niger\/wp-json\/wp\/v2\/comments?post=59107"}],"version-history":[{"count":0,"href":"https:\/\/www.africa-press.net\/niger\/wp-json\/wp\/v2\/posts\/59107\/revisions"}],"wp:featuredmedia":[{"embeddable":true,"href":"https:\/\/www.africa-press.net\/niger\/wp-json\/wp\/v2\/media\/59106"}],"wp:attachment":[{"href":"https:\/\/www.africa-press.net\/niger\/wp-json\/wp\/v2\/media?parent=59107"}],"wp:term":[{"taxonomy":"category","embeddable":true,"href":"https:\/\/www.africa-press.net\/niger\/wp-json\/wp\/v2\/categories?post=59107"},{"taxonomy":"post_tag","embeddable":true,"href":"https:\/\/www.africa-press.net\/niger\/wp-json\/wp\/v2\/tags?post=59107"}],"curies":[{"name":"wp","href":"https:\/\/api.w.org\/{rel}","templated":true}]}}