{"id":59121,"date":"2024-02-26T19:50:55","date_gmt":"2024-02-26T19:50:55","guid":{"rendered":"https:\/\/www.africa-press.net\/niger\/politique\/dosso-celebration-de-la-fete-de-lartisanat-le-secretaire-general-de-la-region-invite-la-population-a-acheter-les-produits-fabriques-par-les-artisans"},"modified":"2024-02-26T20:10:38","modified_gmt":"2024-02-26T20:10:38","slug":"dosso-celebration-de-la-fete-de-lartisanat-le-secretaire-general-de-la-region-invite-la-population-a-acheter-les-produits-fabriques-par-les-artisans","status":"publish","type":"post","link":"https:\/\/www.africa-press.net\/niger\/culture-et-art\/dosso-celebration-de-la-fete-de-lartisanat-le-secretaire-general-de-la-region-invite-la-population-a-acheter-les-produits-fabriques-par-les-artisans","title":{"rendered":"Dosso\/C\u00e9l\u00e9bration de la f\u00eate de l\u2019artisanat : Le Secr\u00e9taire G\u00e9n\u00e9ral de la r\u00e9gion invite la population \u00e0 acheter les produits fabriqu\u00e9s par les artisans"},"content":{"rendered":"<p><span style=\"color: #ff6600\"><strong>Africa-Press &#8211; Niger. <\/strong><\/span><b>A Dosso, la 31e\u0300me e\u0301dition de la fe\u0302te nationale de l\u2019artisanat place\u0301e sous le the\u0300me \u00ab l\u2019artisanat, facteur de de\u0301veloppement endoge\u0300ne durable \u00bb a e\u0301te\u0301 ce\u0301le\u0301bre\u0301 le samedi 24 fe\u0301vrier dans l\u2019enceinte du village artisanal. La ce\u0301re\u0301monie pre\u0301side\u0301e par le Secre\u0301taire ge\u0301ne\u0301ral du gouvernorat de Dosso, M. Soumana Karimoune a e\u0301te\u0301 rehausse\u0301e par la pre\u0301sence de plusieurs personnalite\u0301s, l\u2019implication des artisans de la commune et de nombreux invite\u0301s.<\/b><\/p>\n<p>Dans le discours qu\u2019il a prononce\u0301 a\u0300 cette circonstance, le Secre\u0301taire ge\u0301ne\u0301ral du gouvernorat de Dosso a indique\u0301 que cette journe\u0301e constitue une opportunite\u0301 pour la population de la re\u0301gion de de\u0301couvrir et d\u2019appre\u0301cier a\u0300 sa juste valeur la qualite\u0301 des produits artisanaux dont dispose la re\u0301gion, conse\u0301quence directe de la cre\u0301ativite\u0301, de l\u2019innovation et du savoir-faire de ces artisans.<\/p>\n<p>Pour M. Soumana Karimoune, le choix du the\u0300me de cette journe\u0301e se justifie par le fait que le secteur de l\u2019artisanat reste et demeure un secteur incontournable pour le de\u0301veloppement socioe\u0301conomique du pays a\u0300 travers le nombre d\u2019emplois qu\u2019il cre\u0301e et le chiffre d\u2019affaires qu\u2019il ge\u0301ne\u0300re. En effet, a pre\u0301cise\u0301 M. Soumana Karimoune, selon certaines donne\u0301es du Plan de De\u0301veloppement Economique et Social, la contribution de l\u2019artisanat a\u0300 la formation du produit inte\u0301rieur brut est estime\u0301e a\u0300 25 % et plus de 900.000 emplois permanents comme temporaires sont cre\u0301e\u0301s.<\/p>\n<p>Pour booster ce secteur, les autorite\u0301s de notre pays au premier rang desquelles le Pre\u0301sident du CNSP, Chef de l\u2019Etat, le Ge\u0301ne\u0301ral de Brigade Abdourahamane Tiani n\u2019ont me\u0301nage\u0301 aucun effort pour orienter leurs actions sur la valorisation des produits artisanaux en vue d\u2019en faire un secteur porteur de croissance. A cet e\u0301gard, a notifie\u0301 le Secre\u0301taire ge\u0301ne\u0301ral du gouvernorat de Dosso, un accent est porte\u0301 sur la mise en place d\u2019un financement ade\u0301quat, l\u2019appui technique au secteur et le de\u0301veloppement des circuits commerciaux et des marche\u0301s. Pour ce faire, a-t-il dit, il sera e\u0301labore\u0301 et mis en \u0153uvre une politique de de\u0301veloppement de l\u2019artisanat. M. Soumana Karimoune a invite\u0301 la population a\u0300 acheter massivement les produits fabrique\u0301s par les artisans.<\/p>\n<p>Le Secre\u0301taire ge\u0301ne\u0301ral du gouvernorat de Dosso a saisi l\u2019opportunite\u0301 pour fe\u0301liciter et encourager de vive voix la ministre du Tourisme et de l\u2019Artisanat, Mme Soufiane Aghaichata Guiche\u0300ne, pour ses efforts inlassables et sans cesse croissants dans le cadre de la promotion de l\u2019artisanat nige\u0301rien. M. Soumana Karimoune a, en outre, remercie\u0301 tous les acteurs et les partenaires qui appuient l\u2019artisanat au Niger. Une visite guide\u0301e des diffe\u0301rents stands d\u2019exposition des produits artisanaux a mis fin a\u0300 la ce\u0301re\u0301monie.<\/p>\n<p><b>Mahamane Amadou ANP-ONEP\/Dosso<\/b><\/p>\n<p><strong>Pour plus d&rsquo;informations et d&rsquo;analyses sur la <a href=\"https:\/\/www.africa-press.net\/niger\">Niger<\/a>, suivez <a href=\"https:\/\/www.africa-press.net\/\">Africa-Press<\/a><\/strong><\/p>\n","protected":false},"excerpt":{"rendered":"<p>Africa-Press &#8211; Niger. A Dosso, la 31e\u0300me e\u0301dition de la fe\u0302te nationale de l\u2019artisanat place\u0301e sous le the\u0300me \u00ab l\u2019artisanat, facteur de de\u0301veloppement endoge\u0300ne durable \u00bb a e\u0301te\u0301 ce\u0301le\u0301bre\u0301 le samedi 24 fe\u0301vrier dans l\u2019enceinte du village artisanal. La ce\u0301re\u0301monie pre\u0301side\u0301e par le Secre\u0301taire ge\u0301ne\u0301ral du gouvernorat de Dosso, M. Soumana Karimoune a e\u0301te\u0301 rehausse\u0301e [&hellip;]<\/p>\n","protected":false},"author":82,"featured_media":59120,"comment_status":"open","ping_status":"closed","sticky":false,"template":"","format":"standard","meta":{"footnotes":""},"categories":[5,10],"tags":[55,60,29],"class_list":["post-59121","post","type-post","status-publish","format-standard","has-post-thumbnail","hentry","category-culture-et-art","category-toutes-les-actualites","tag-africa-press","tag-africa-press-niger","tag-niger"],"yoast_head":"<!-- This site is optimized with the Yoast SEO Premium plugin v26.1 (Yoast SEO v27.0) - https:\/\/yoast.com\/product\/yoast-seo-premium-wordpress\/ -->\n<title>Dosso\/C\u00e9l\u00e9bration de la f\u00eate de l\u2019artisanat : Le Secr\u00e9taire G\u00e9n\u00e9ral de la r\u00e9gion invite la population \u00e0 acheter les produits fabriqu\u00e9s par les artisans - niger<\/title>\n<meta name=\"description\" content=\"A Dosso, la 31e\u0300me e\u0301dition de la fe\u0302te nationale de l\u2019artisanat place\u0301e sous le the\u0300me \u00ab l\u2019artisanat, facteur de de\u0301 ...\" \/>\n<meta name=\"robots\" content=\"index, follow, max-snippet:-1, max-image-preview:large, max-video-preview:-1\" \/>\n<link rel=\"canonical\" href=\"https:\/\/www.africa-press.net\/niger\/culture-et-art\/dosso-celebration-de-la-fete-de-lartisanat-le-secretaire-general-de-la-region-invite-la-population-a-acheter-les-produits-fabriques-par-les-artisans\" \/>\n<meta property=\"og:locale\" content=\"fr_FR\" \/>\n<meta property=\"og:type\" content=\"article\" \/>\n<meta property=\"og:title\" content=\"Dosso\/C\u00e9l\u00e9bration de la f\u00eate de l\u2019artisanat : Le Secr\u00e9taire G\u00e9n\u00e9ral de la r\u00e9gion invite la population \u00e0 acheter les produits fabriqu\u00e9s par les artisans\" \/>\n<meta property=\"og:description\" content=\"A Dosso, la 31e\u0300me e\u0301dition de la fe\u0302te nationale de l\u2019artisanat place\u0301e sous le the\u0300me \u00ab l\u2019artisanat, facteur de de\u0301 ...\" \/>\n<meta property=\"og:url\" content=\"https:\/\/www.africa-press.net\/niger\/culture-et-art\/dosso-celebration-de-la-fete-de-lartisanat-le-secretaire-general-de-la-region-invite-la-population-a-acheter-les-produits-fabriques-par-les-artisans\" \/>\n<meta property=\"og:site_name\" content=\"niger\" \/>\n<meta property=\"article:published_time\" content=\"2024-02-26T19:50:55+00:00\" \/>\n<meta property=\"article:modified_time\" content=\"2024-02-26T20:10:38+00:00\" \/>\n<meta property=\"og:image\" content=\"https:\/\/static.africa-press.net\/niger\/sites\/40\/2024\/02\/sm_1708965557.159847.jpg\" \/>\n\t<meta property=\"og:image:width\" content=\"1024\" \/>\n\t<meta property=\"og:image:height\" content=\"614\" \/>\n\t<meta property=\"og:image:type\" content=\"image\/jpeg\" \/>\n<meta name=\"author\" content=\"cfeditorfr\" \/>\n<meta name=\"twitter:card\" content=\"summary_large_image\" \/>\n<meta name=\"twitter:label1\" content=\"\u00c9crit par\" \/>\n\t<meta name=\"twitter:data1\" content=\"cfeditorfr\" \/>\n\t<meta name=\"twitter:label2\" content=\"Dur\u00e9e de lecture estim\u00e9e\" \/>\n\t<meta name=\"twitter:data2\" content=\"3 minutes\" \/>\n<script type=\"application\/ld+json\" class=\"yoast-schema-graph\">{\"@context\":\"https:\/\/schema.org\",\"@graph\":[{\"@type\":\"Article\",\"@id\":\"https:\/\/www.africa-press.net\/niger\/culture-et-art\/dosso-celebration-de-la-fete-de-lartisanat-le-secretaire-general-de-la-region-invite-la-population-a-acheter-les-produits-fabriques-par-les-artisans#article\",\"isPartOf\":{\"@id\":\"https:\/\/www.africa-press.net\/niger\/culture-et-art\/dosso-celebration-de-la-fete-de-lartisanat-le-secretaire-general-de-la-region-invite-la-population-a-acheter-les-produits-fabriques-par-les-artisans\"},\"author\":{\"name\":\"cfeditorfr\",\"@id\":\"https:\/\/www.africa-press.net\/niger\/#\/schema\/person\/2b1cf3cd81a31e3cd26889ca66d677f1\"},\"headline\":\"Dosso\/C\u00e9l\u00e9bration de la f\u00eate de l\u2019artisanat : Le Secr\u00e9taire G\u00e9n\u00e9ral de la r\u00e9gion invite la population \u00e0 acheter les produits fabriqu\u00e9s par les artisans\",\"datePublished\":\"2024-02-26T19:50:55+00:00\",\"dateModified\":\"2024-02-26T20:10:38+00:00\",\"mainEntityOfPage\":{\"@id\":\"https:\/\/www.africa-press.net\/niger\/culture-et-art\/dosso-celebration-de-la-fete-de-lartisanat-le-secretaire-general-de-la-region-invite-la-population-a-acheter-les-produits-fabriques-par-les-artisans\"},\"wordCount\":557,\"commentCount\":0,\"image\":{\"@id\":\"https:\/\/www.africa-press.net\/niger\/culture-et-art\/dosso-celebration-de-la-fete-de-lartisanat-le-secretaire-general-de-la-region-invite-la-population-a-acheter-les-produits-fabriques-par-les-artisans#primaryimage\"},\"thumbnailUrl\":\"https:\/\/static.africa-press.net\/niger\/sites\/40\/2024\/02\/sm_1708965557.159847.jpg\",\"keywords\":[\"Africa Press\",\"Africa Press-Niger\",\"Niger\"],\"articleSection\":[\"Culture et Art\",\"Toutes les actualit\u00e9s\"],\"inLanguage\":\"fr-FR\",\"potentialAction\":[{\"@type\":\"CommentAction\",\"name\":\"Comment\",\"target\":[\"https:\/\/www.africa-press.net\/niger\/culture-et-art\/dosso-celebration-de-la-fete-de-lartisanat-le-secretaire-general-de-la-region-invite-la-population-a-acheter-les-produits-fabriques-par-les-artisans#respond\"]}]},{\"@type\":\"WebPage\",\"@id\":\"https:\/\/www.africa-press.net\/niger\/culture-et-art\/dosso-celebration-de-la-fete-de-lartisanat-le-secretaire-general-de-la-region-invite-la-population-a-acheter-les-produits-fabriques-par-les-artisans\",\"url\":\"https:\/\/www.africa-press.net\/niger\/culture-et-art\/dosso-celebration-de-la-fete-de-lartisanat-le-secretaire-general-de-la-region-invite-la-population-a-acheter-les-produits-fabriques-par-les-artisans\",\"name\":\"Dosso\/C\u00e9l\u00e9bration de la f\u00eate de l\u2019artisanat : Le Secr\u00e9taire G\u00e9n\u00e9ral de la r\u00e9gion invite la population \u00e0 acheter les produits fabriqu\u00e9s par les artisans - niger\",\"isPartOf\":{\"@id\":\"https:\/\/www.africa-press.net\/niger\/#website\"},\"primaryImageOfPage\":{\"@id\":\"https:\/\/www.africa-press.net\/niger\/culture-et-art\/dosso-celebration-de-la-fete-de-lartisanat-le-secretaire-general-de-la-region-invite-la-population-a-acheter-les-produits-fabriques-par-les-artisans#primaryimage\"},\"image\":{\"@id\":\"https:\/\/www.africa-press.net\/niger\/culture-et-art\/dosso-celebration-de-la-fete-de-lartisanat-le-secretaire-general-de-la-region-invite-la-population-a-acheter-les-produits-fabriques-par-les-artisans#primaryimage\"},\"thumbnailUrl\":\"https:\/\/static.africa-press.net\/niger\/sites\/40\/2024\/02\/sm_1708965557.159847.jpg\",\"datePublished\":\"2024-02-26T19:50:55+00:00\",\"dateModified\":\"2024-02-26T20:10:38+00:00\",\"author\":{\"@id\":\"https:\/\/www.africa-press.net\/niger\/#\/schema\/person\/2b1cf3cd81a31e3cd26889ca66d677f1\"},\"description\":\"A Dosso, la 31e\u0300me e\u0301dition de la fe\u0302te nationale de l\u2019artisanat place\u0301e sous le the\u0300me \u00ab l\u2019artisanat, facteur de de\u0301 ...\",\"breadcrumb\":{\"@id\":\"https:\/\/www.africa-press.net\/niger\/culture-et-art\/dosso-celebration-de-la-fete-de-lartisanat-le-secretaire-general-de-la-region-invite-la-population-a-acheter-les-produits-fabriques-par-les-artisans#breadcrumb\"},\"inLanguage\":\"fr-FR\",\"potentialAction\":[{\"@type\":\"ReadAction\",\"target\":[\"https:\/\/www.africa-press.net\/niger\/culture-et-art\/dosso-celebration-de-la-fete-de-lartisanat-le-secretaire-general-de-la-region-invite-la-population-a-acheter-les-produits-fabriques-par-les-artisans\"]}]},{\"@type\":\"ImageObject\",\"inLanguage\":\"fr-FR\",\"@id\":\"https:\/\/www.africa-press.net\/niger\/culture-et-art\/dosso-celebration-de-la-fete-de-lartisanat-le-secretaire-general-de-la-region-invite-la-population-a-acheter-les-produits-fabriques-par-les-artisans#primaryimage\",\"url\":\"https:\/\/static.africa-press.net\/niger\/sites\/40\/2024\/02\/sm_1708965557.159847.jpg\",\"contentUrl\":\"https:\/\/static.africa-press.net\/niger\/sites\/40\/2024\/02\/sm_1708965557.159847.jpg\",\"width\":1024,\"height\":614,\"caption\":\"Dosso\/C\u00e9l\u00e9bration de la f\u00eate de l\u2019artisanat : Le Secr\u00e9taire G\u00e9n\u00e9ral de la r\u00e9gion invite la population \u00e0 acheter les produits fabriqu\u00e9s par les artisans\"},{\"@type\":\"BreadcrumbList\",\"@id\":\"https:\/\/www.africa-press.net\/niger\/culture-et-art\/dosso-celebration-de-la-fete-de-lartisanat-le-secretaire-general-de-la-region-invite-la-population-a-acheter-les-produits-fabriques-par-les-artisans#breadcrumb\",\"itemListElement\":[{\"@type\":\"ListItem\",\"position\":1,\"name\":\"Accueil\",\"item\":\"https:\/\/www.africa-press.net\/niger\/\"},{\"@type\":\"ListItem\",\"position\":2,\"name\":\"Dosso\/C\u00e9l\u00e9bration de la f\u00eate de l\u2019artisanat : Le Secr\u00e9taire G\u00e9n\u00e9ral de la r\u00e9gion invite la population \u00e0 acheter les produits fabriqu\u00e9s par les artisans\"}]},{\"@type\":\"WebSite\",\"@id\":\"https:\/\/www.africa-press.net\/niger\/#website\",\"url\":\"https:\/\/www.africa-press.net\/niger\/\",\"name\":\"niger\",\"description\":\"Just another Africa News Agency Sites site\",\"potentialAction\":[{\"@type\":\"SearchAction\",\"target\":{\"@type\":\"EntryPoint\",\"urlTemplate\":\"https:\/\/www.africa-press.net\/niger\/?s={search_term_string}\"},\"query-input\":{\"@type\":\"PropertyValueSpecification\",\"valueRequired\":true,\"valueName\":\"search_term_string\"}}],\"inLanguage\":\"fr-FR\"},{\"@type\":\"Person\",\"@id\":\"https:\/\/www.africa-press.net\/niger\/#\/schema\/person\/2b1cf3cd81a31e3cd26889ca66d677f1\",\"name\":\"cfeditorfr\"}]}<\/script>\n<!-- \/ Yoast SEO Premium plugin. -->","yoast_head_json":{"title":"Dosso\/C\u00e9l\u00e9bration de la f\u00eate de l\u2019artisanat : Le Secr\u00e9taire G\u00e9n\u00e9ral de la r\u00e9gion invite la population \u00e0 acheter les produits fabriqu\u00e9s par les artisans - niger","description":"A Dosso, la 31e\u0300me e\u0301dition de la fe\u0302te nationale de l\u2019artisanat place\u0301e sous le the\u0300me \u00ab l\u2019artisanat, facteur de de\u0301 ...","robots":{"index":"index","follow":"follow","max-snippet":"max-snippet:-1","max-image-preview":"max-image-preview:large","max-video-preview":"max-video-preview:-1"},"canonical":"https:\/\/www.africa-press.net\/niger\/culture-et-art\/dosso-celebration-de-la-fete-de-lartisanat-le-secretaire-general-de-la-region-invite-la-population-a-acheter-les-produits-fabriques-par-les-artisans","og_locale":"fr_FR","og_type":"article","og_title":"Dosso\/C\u00e9l\u00e9bration de la f\u00eate de l\u2019artisanat : Le Secr\u00e9taire G\u00e9n\u00e9ral de la r\u00e9gion invite la population \u00e0 acheter les produits fabriqu\u00e9s par les artisans","og_description":"A Dosso, la 31e\u0300me e\u0301dition de la fe\u0302te nationale de l\u2019artisanat place\u0301e sous le the\u0300me \u00ab l\u2019artisanat, facteur de de\u0301 ...","og_url":"https:\/\/www.africa-press.net\/niger\/culture-et-art\/dosso-celebration-de-la-fete-de-lartisanat-le-secretaire-general-de-la-region-invite-la-population-a-acheter-les-produits-fabriques-par-les-artisans","og_site_name":"niger","article_published_time":"2024-02-26T19:50:55+00:00","article_modified_time":"2024-02-26T20:10:38+00:00","og_image":[{"width":1024,"height":614,"url":"https:\/\/static.africa-press.net\/niger\/sites\/40\/2024\/02\/sm_1708965557.159847.jpg","type":"image\/jpeg"}],"author":"cfeditorfr","twitter_card":"summary_large_image","twitter_misc":{"\u00c9crit par":"cfeditorfr","Dur\u00e9e de lecture estim\u00e9e":"3 minutes"},"schema":{"@context":"https:\/\/schema.org","@graph":[{"@type":"Article","@id":"https:\/\/www.africa-press.net\/niger\/culture-et-art\/dosso-celebration-de-la-fete-de-lartisanat-le-secretaire-general-de-la-region-invite-la-population-a-acheter-les-produits-fabriques-par-les-artisans#article","isPartOf":{"@id":"https:\/\/www.africa-press.net\/niger\/culture-et-art\/dosso-celebration-de-la-fete-de-lartisanat-le-secretaire-general-de-la-region-invite-la-population-a-acheter-les-produits-fabriques-par-les-artisans"},"author":{"name":"cfeditorfr","@id":"https:\/\/www.africa-press.net\/niger\/#\/schema\/person\/2b1cf3cd81a31e3cd26889ca66d677f1"},"headline":"Dosso\/C\u00e9l\u00e9bration de la f\u00eate de l\u2019artisanat : Le Secr\u00e9taire G\u00e9n\u00e9ral de la r\u00e9gion invite la population \u00e0 acheter les produits fabriqu\u00e9s par les artisans","datePublished":"2024-02-26T19:50:55+00:00","dateModified":"2024-02-26T20:10:38+00:00","mainEntityOfPage":{"@id":"https:\/\/www.africa-press.net\/niger\/culture-et-art\/dosso-celebration-de-la-fete-de-lartisanat-le-secretaire-general-de-la-region-invite-la-population-a-acheter-les-produits-fabriques-par-les-artisans"},"wordCount":557,"commentCount":0,"image":{"@id":"https:\/\/www.africa-press.net\/niger\/culture-et-art\/dosso-celebration-de-la-fete-de-lartisanat-le-secretaire-general-de-la-region-invite-la-population-a-acheter-les-produits-fabriques-par-les-artisans#primaryimage"},"thumbnailUrl":"https:\/\/static.africa-press.net\/niger\/sites\/40\/2024\/02\/sm_1708965557.159847.jpg","keywords":["Africa Press","Africa Press-Niger","Niger"],"articleSection":["Culture et Art","Toutes les actualit\u00e9s"],"inLanguage":"fr-FR","potentialAction":[{"@type":"CommentAction","name":"Comment","target":["https:\/\/www.africa-press.net\/niger\/culture-et-art\/dosso-celebration-de-la-fete-de-lartisanat-le-secretaire-general-de-la-region-invite-la-population-a-acheter-les-produits-fabriques-par-les-artisans#respond"]}]},{"@type":"WebPage","@id":"https:\/\/www.africa-press.net\/niger\/culture-et-art\/dosso-celebration-de-la-fete-de-lartisanat-le-secretaire-general-de-la-region-invite-la-population-a-acheter-les-produits-fabriques-par-les-artisans","url":"https:\/\/www.africa-press.net\/niger\/culture-et-art\/dosso-celebration-de-la-fete-de-lartisanat-le-secretaire-general-de-la-region-invite-la-population-a-acheter-les-produits-fabriques-par-les-artisans","name":"Dosso\/C\u00e9l\u00e9bration de la f\u00eate de l\u2019artisanat : Le Secr\u00e9taire G\u00e9n\u00e9ral de la r\u00e9gion invite la population \u00e0 acheter les produits fabriqu\u00e9s par les artisans - niger","isPartOf":{"@id":"https:\/\/www.africa-press.net\/niger\/#website"},"primaryImageOfPage":{"@id":"https:\/\/www.africa-press.net\/niger\/culture-et-art\/dosso-celebration-de-la-fete-de-lartisanat-le-secretaire-general-de-la-region-invite-la-population-a-acheter-les-produits-fabriques-par-les-artisans#primaryimage"},"image":{"@id":"https:\/\/www.africa-press.net\/niger\/culture-et-art\/dosso-celebration-de-la-fete-de-lartisanat-le-secretaire-general-de-la-region-invite-la-population-a-acheter-les-produits-fabriques-par-les-artisans#primaryimage"},"thumbnailUrl":"https:\/\/static.africa-press.net\/niger\/sites\/40\/2024\/02\/sm_1708965557.159847.jpg","datePublished":"2024-02-26T19:50:55+00:00","dateModified":"2024-02-26T20:10:38+00:00","author":{"@id":"https:\/\/www.africa-press.net\/niger\/#\/schema\/person\/2b1cf3cd81a31e3cd26889ca66d677f1"},"description":"A Dosso, la 31e\u0300me e\u0301dition de la fe\u0302te nationale de l\u2019artisanat place\u0301e sous le the\u0300me \u00ab l\u2019artisanat, facteur de de\u0301 ...","breadcrumb":{"@id":"https:\/\/www.africa-press.net\/niger\/culture-et-art\/dosso-celebration-de-la-fete-de-lartisanat-le-secretaire-general-de-la-region-invite-la-population-a-acheter-les-produits-fabriques-par-les-artisans#breadcrumb"},"inLanguage":"fr-FR","potentialAction":[{"@type":"ReadAction","target":["https:\/\/www.africa-press.net\/niger\/culture-et-art\/dosso-celebration-de-la-fete-de-lartisanat-le-secretaire-general-de-la-region-invite-la-population-a-acheter-les-produits-fabriques-par-les-artisans"]}]},{"@type":"ImageObject","inLanguage":"fr-FR","@id":"https:\/\/www.africa-press.net\/niger\/culture-et-art\/dosso-celebration-de-la-fete-de-lartisanat-le-secretaire-general-de-la-region-invite-la-population-a-acheter-les-produits-fabriques-par-les-artisans#primaryimage","url":"https:\/\/static.africa-press.net\/niger\/sites\/40\/2024\/02\/sm_1708965557.159847.jpg","contentUrl":"https:\/\/static.africa-press.net\/niger\/sites\/40\/2024\/02\/sm_1708965557.159847.jpg","width":1024,"height":614,"caption":"Dosso\/C\u00e9l\u00e9bration de la f\u00eate de l\u2019artisanat : Le Secr\u00e9taire G\u00e9n\u00e9ral de la r\u00e9gion invite la population \u00e0 acheter les produits fabriqu\u00e9s par les artisans"},{"@type":"BreadcrumbList","@id":"https:\/\/www.africa-press.net\/niger\/culture-et-art\/dosso-celebration-de-la-fete-de-lartisanat-le-secretaire-general-de-la-region-invite-la-population-a-acheter-les-produits-fabriques-par-les-artisans#breadcrumb","itemListElement":[{"@type":"ListItem","position":1,"name":"Accueil","item":"https:\/\/www.africa-press.net\/niger\/"},{"@type":"ListItem","position":2,"name":"Dosso\/C\u00e9l\u00e9bration de la f\u00eate de l\u2019artisanat : Le Secr\u00e9taire G\u00e9n\u00e9ral de la r\u00e9gion invite la population \u00e0 acheter les produits fabriqu\u00e9s par les artisans"}]},{"@type":"WebSite","@id":"https:\/\/www.africa-press.net\/niger\/#website","url":"https:\/\/www.africa-press.net\/niger\/","name":"niger","description":"Just another Africa News Agency Sites site","potentialAction":[{"@type":"SearchAction","target":{"@type":"EntryPoint","urlTemplate":"https:\/\/www.africa-press.net\/niger\/?s={search_term_string}"},"query-input":{"@type":"PropertyValueSpecification","valueRequired":true,"valueName":"search_term_string"}}],"inLanguage":"fr-FR"},{"@type":"Person","@id":"https:\/\/www.africa-press.net\/niger\/#\/schema\/person\/2b1cf3cd81a31e3cd26889ca66d677f1","name":"cfeditorfr"}]}},"_links":{"self":[{"href":"https:\/\/www.africa-press.net\/niger\/wp-json\/wp\/v2\/posts\/59121","targetHints":{"allow":["GET"]}}],"collection":[{"href":"https:\/\/www.africa-press.net\/niger\/wp-json\/wp\/v2\/posts"}],"about":[{"href":"https:\/\/www.africa-press.net\/niger\/wp-json\/wp\/v2\/types\/post"}],"author":[{"embeddable":true,"href":"https:\/\/www.africa-press.net\/niger\/wp-json\/wp\/v2\/users\/82"}],"replies":[{"embeddable":true,"href":"https:\/\/www.africa-press.net\/niger\/wp-json\/wp\/v2\/comments?post=59121"}],"version-history":[{"count":0,"href":"https:\/\/www.africa-press.net\/niger\/wp-json\/wp\/v2\/posts\/59121\/revisions"}],"wp:featuredmedia":[{"embeddable":true,"href":"https:\/\/www.africa-press.net\/niger\/wp-json\/wp\/v2\/media\/59120"}],"wp:attachment":[{"href":"https:\/\/www.africa-press.net\/niger\/wp-json\/wp\/v2\/media?parent=59121"}],"wp:term":[{"taxonomy":"category","embeddable":true,"href":"https:\/\/www.africa-press.net\/niger\/wp-json\/wp\/v2\/categories?post=59121"},{"taxonomy":"post_tag","embeddable":true,"href":"https:\/\/www.africa-press.net\/niger\/wp-json\/wp\/v2\/tags?post=59121"}],"curies":[{"name":"wp","href":"https:\/\/api.w.org\/{rel}","templated":true}]}}