{"id":59123,"date":"2024-02-26T19:51:35","date_gmt":"2024-02-26T19:51:35","guid":{"rendered":"https:\/\/www.africa-press.net\/niger\/politique\/agadez-le-gouverneur-de-la-region-prend-part-a-un-meeting-populaire-a-dirkou"},"modified":"2024-02-26T20:11:20","modified_gmt":"2024-02-26T20:11:20","slug":"agadez-le-gouverneur-de-la-region-prend-part-a-un-meeting-populaire-a-dirkou","status":"publish","type":"post","link":"https:\/\/www.africa-press.net\/niger\/politique\/agadez-le-gouverneur-de-la-region-prend-part-a-un-meeting-populaire-a-dirkou","title":{"rendered":"Agadez: Le Gouverneur de la r\u00e9gion prend part \u00e0 un meeting populaire \u00e0 Dirkou"},"content":{"rendered":"<p><span style=\"color: #ff6600\"><strong>Africa-Press &#8211; Niger. <\/strong><\/span><b>Le Gouverneur de la Re\u0301gion d\u2019Agadez, le Ge\u0301ne\u0301ral de Brigade Ibra Boulama Issa, a assiste\u0301 le mercredi 21 fe\u0301vrier 2024, a\u0300 un meeting populaire organise\u0301 par la population de la commune rurale de Dirkou. Au cours de ce meeting, le gouverneur a entretenu la population sur la vie de la Nation. Outre les responsables re\u0301gionaux, le gouverneur e\u0301tait accompagne\u0301 par le pre\u0301fet du de\u0301partement de Bilma, le maire, pre\u0301sident du Conseil municipale de ladite commune, du chef de canton de Dirkou et de plusieurs personnalite\u0301s de cette localite\u0301.<\/b><\/p>\n<p>Avant de prendre place a\u0300 cette rencontre, le gouverneur et la de\u0301le\u0301gation qui l\u2019accompagne ont rendu une visite de courtoisie au chef de canton de Dirkou. Les deux personnalite\u0301s ont e\u0301change\u0301 sur plusieurs questions d\u2019inte\u0301re\u0302t national. Le chef de canton, entoure\u0301 de ses notables et les autres chefs coutumiers de la zone, a exprime\u0301 sa reconnaissance et sa joie pour cette visite du Ge\u0301ne\u0301ral de Brigade Ibra Boulama Issa dans cette zone. A son tour le gouverneur a transmis au chef de canton, les remerciements et les encouragements du Pre\u0301sident du Conseil National pour la Sauvegarde de la Patrie, Chef de l\u2019Etat, le Ge\u0301ne\u0301ral de Brigade Abdourahamane Tiani et ceux du Gouvernement de transition, pour tout ce que les autorite\u0301s coutumie\u0300res de cette zone du Kawar en ge\u0301ne\u0301ral font pour contribuer a\u0300 la lutte contre l\u2019inse\u0301curite\u0301.<\/p>\n<p>Par la suite, le gouverneur a visite\u0301 une mini exposition des produits locaux pre\u0301pare\u0301s par les femmes de la commune rurale de Dirkou. Il s\u2019agit entre autres des dattes et de plusieurs autres produits transforme\u0301s a\u0300 base des dattes, des produits marai\u0302chers, des habits pour enfants et draps confectionne\u0301s par un groupement fe\u0301minin dans la que\u0302te de l\u2019autonomisation des femmes. Le gouverneur a appre\u0301cie\u0301 la re\u0301silience de ces femmes a\u0300 qu\u2019il a tenu a\u0300 transmettre ses encouragements.<\/p>\n<p>Le Ge\u0301ne\u0301ral de Brigade Ibra Boulama Issa et sa de\u0301le\u0301gation ont ensuite assiste\u0301 a\u0300 une se\u0301ance de lecture du Coran et d\u2019invocations en faveur du Niger et de son peuple. Cette se\u0301ance est une initiative des marabouts de la commune rurale de Dirkou, en re\u0301ponse a\u0300 l\u2019appel du CNSP a\u0300 l\u2019endroit de tous les marabouts du Niger, pour qu\u2019ils accompagnent le pays avec des prie\u0300res et des invocations afin qu\u2019Allah (SWA) nous prote\u0300ge contre les ennemis internes et externes du pays.<\/p>\n<p>Au meeting ou\u0300 une importante mobilisation a e\u0301te\u0301 faite a\u0300 l\u2019honneur du gouverneur, le maire de ladite commune, M. Mohamed Boubacar Djaram a, au nom de ses administre\u0301s, exprime\u0301 sa joie d\u2019accueillir le gouverneur dans son entite\u0301 administrative. \u00ab Cette visite en profondeur est le te\u0301moignage e\u0301loquent de votre engagement pour le de\u0301veloppement socioe\u0301conomique endoge\u0300ne de la re\u0301gion d\u2019Agadez base\u0301 sur l\u2019exploitation de nos riches et diverses potentialite\u0301s. A ce sujet, la commune de Dirkou constitue le plus grand po\u0302le de production marai\u0302che\u0300re. En plus de la demande locale, Dirkou ravitaille actuellement les marche\u0301s de Bilma et de Djado. Elle regorge e\u0301galement du plus grand nombre de palmeraies ainsi que les mares riches en natron de Ayama et Barara d\u2019ou\u0300 sont extraites plusieurs tonnes de ce produit. L\u2019e\u0301conomie locale est donc base\u0301e essentiellement sur l\u2019exploitation de ces ressources\u00bb, a souligne\u0301 le maire.<\/p>\n<p>M. Mohamed Boubacar Djaram a e\u0301galement note\u0301 que les femmes constituent une franche importante de la population et occupent une place de choix dans la transformation de la datte, du natron et dans les autres activite\u0301s ge\u0301ne\u0301ratrices de revenus. \u00ab Dans le contexte actuel de refondation et de recherche de la Souverainete\u0301 nationale, il est impe\u0301rieux d\u2019appuyer le plaidoyer des autorite\u0301s locales en faveur de l\u2019intensification des e\u0301changes commerciaux avec la Libye sans oublier la cre\u0301ation du port sec de Dirkou et la route goudronne\u0301e Dirkou-frontie\u0300re Libye. Ce qui permettra sans nul doute de relancer le commerce, de cre\u0301er des emplois pour les jeunes et surtout de renforcer les caisses de l\u2019Etat et celles des collectivite\u0301s territoriales \u00bb, a-t-il plaide\u0301.<\/p>\n<p>Parlant de la question cruciale de la paix et de la se\u0301curite\u0301, le maire de Dirkou a mentionne\u0301 que la population de son entite\u0301 administrative est toujours a\u0300 l\u2019avant-garde de la consolidation de la paix dans le de\u0301partement et la sous-re\u0301gion, a\u0300 travers l\u2019organisation des foras de sensibilisation des acteurs a\u0300 tous les niveaux.<\/p>\n<p>Prenant la parole a\u0300 cette occasion, le Ge\u0301ne\u0301ral de Brigade Ibra Boulama Issa a d\u2019abord transmis a\u0300 toute la population de Dirkou, les salutations fraternelles du Pre\u0301sident du Conseil National pour la Sauvegarde de la Patrie, Chef de l\u2019Etat, le Ge\u0301ne\u0301ral de Brigade Abdourahamane Tiani. Le Gouverneur a tenu e\u0301galement a\u0300 entretenir la population sur la vie de la patrie, particulie\u0300rement l\u2019objectif de l\u2019action militaire du 26 juillet 2023. Il a explique\u0301 que ces raisons sont d\u2019ordre se\u0301curitaire, de la recherche de la souverainete\u0301 nationale, de la reconque\u0302te de notre inde\u0301pendance et de la ne\u0301cessite\u0301 de la refondation du pays.<\/p>\n<p><b>Ali Maman ONEP Agadez<\/b><\/p>\n<p><strong>Pour plus d&rsquo;informations et d&rsquo;analyses sur la <a href=\"https:\/\/www.africa-press.net\/niger\">Niger<\/a>, suivez <a href=\"https:\/\/www.africa-press.net\/\">Africa-Press<\/a><\/strong><\/p>\n","protected":false},"excerpt":{"rendered":"<p>Africa-Press &#8211; Niger. Le Gouverneur de la Re\u0301gion d\u2019Agadez, le Ge\u0301ne\u0301ral de Brigade Ibra Boulama Issa, a assiste\u0301 le mercredi 21 fe\u0301vrier 2024, a\u0300 un meeting populaire organise\u0301 par la population de la commune rurale de Dirkou. Au cours de ce meeting, le gouverneur a entretenu la population sur la vie de la Nation. Outre [&hellip;]<\/p>\n","protected":false},"author":82,"featured_media":59122,"comment_status":"open","ping_status":"closed","sticky":false,"template":"","format":"standard","meta":{"footnotes":""},"categories":[2,10],"tags":[55,60,29],"class_list":["post-59123","post","type-post","status-publish","format-standard","has-post-thumbnail","hentry","category-politique","category-toutes-les-actualites","tag-africa-press","tag-africa-press-niger","tag-niger"],"yoast_head":"<!-- This site is optimized with the Yoast SEO Premium plugin v26.1 (Yoast SEO v27.0) - https:\/\/yoast.com\/product\/yoast-seo-premium-wordpress\/ -->\n<title>Agadez: Le Gouverneur de la r\u00e9gion prend part \u00e0 un meeting populaire \u00e0 Dirkou - niger<\/title>\n<meta name=\"description\" content=\"Le Gouverneur de la Re\u0301gion d\u2019Agadez, le Ge\u0301ne\u0301ral de Brigade Ibra Boulama Issa, a assiste\u0301 le mercredi 21 fe\u0301vrier 2 ...\" \/>\n<meta name=\"robots\" content=\"index, follow, max-snippet:-1, max-image-preview:large, max-video-preview:-1\" \/>\n<link rel=\"canonical\" href=\"https:\/\/www.africa-press.net\/niger\/politique\/agadez-le-gouverneur-de-la-region-prend-part-a-un-meeting-populaire-a-dirkou\" \/>\n<meta property=\"og:locale\" content=\"fr_FR\" \/>\n<meta property=\"og:type\" content=\"article\" \/>\n<meta property=\"og:title\" content=\"Agadez: Le Gouverneur de la r\u00e9gion prend part \u00e0 un meeting populaire \u00e0 Dirkou\" \/>\n<meta property=\"og:description\" content=\"Le Gouverneur de la Re\u0301gion d\u2019Agadez, le Ge\u0301ne\u0301ral de Brigade Ibra Boulama Issa, a assiste\u0301 le mercredi 21 fe\u0301vrier 2 ...\" \/>\n<meta property=\"og:url\" content=\"https:\/\/www.africa-press.net\/niger\/politique\/agadez-le-gouverneur-de-la-region-prend-part-a-un-meeting-populaire-a-dirkou\" \/>\n<meta property=\"og:site_name\" content=\"niger\" \/>\n<meta property=\"article:published_time\" content=\"2024-02-26T19:51:35+00:00\" \/>\n<meta property=\"article:modified_time\" content=\"2024-02-26T20:11:20+00:00\" \/>\n<meta property=\"og:image\" content=\"https:\/\/static.africa-press.net\/niger\/sites\/40\/2024\/02\/sm_1708965607.446761.jpg\" \/>\n\t<meta property=\"og:image:width\" content=\"1024\" \/>\n\t<meta property=\"og:image:height\" content=\"683\" \/>\n\t<meta property=\"og:image:type\" content=\"image\/jpeg\" \/>\n<meta name=\"author\" content=\"cfeditorfr\" \/>\n<meta name=\"twitter:card\" content=\"summary_large_image\" \/>\n<meta name=\"twitter:label1\" content=\"\u00c9crit par\" \/>\n\t<meta name=\"twitter:data1\" content=\"cfeditorfr\" \/>\n\t<meta name=\"twitter:label2\" content=\"Dur\u00e9e de lecture estim\u00e9e\" \/>\n\t<meta name=\"twitter:data2\" content=\"5 minutes\" \/>\n<script type=\"application\/ld+json\" class=\"yoast-schema-graph\">{\"@context\":\"https:\/\/schema.org\",\"@graph\":[{\"@type\":\"Article\",\"@id\":\"https:\/\/www.africa-press.net\/niger\/politique\/agadez-le-gouverneur-de-la-region-prend-part-a-un-meeting-populaire-a-dirkou#article\",\"isPartOf\":{\"@id\":\"https:\/\/www.africa-press.net\/niger\/politique\/agadez-le-gouverneur-de-la-region-prend-part-a-un-meeting-populaire-a-dirkou\"},\"author\":{\"name\":\"cfeditorfr\",\"@id\":\"https:\/\/www.africa-press.net\/niger\/#\/schema\/person\/2b1cf3cd81a31e3cd26889ca66d677f1\"},\"headline\":\"Agadez: Le Gouverneur de la r\u00e9gion prend part \u00e0 un meeting populaire \u00e0 Dirkou\",\"datePublished\":\"2024-02-26T19:51:35+00:00\",\"dateModified\":\"2024-02-26T20:11:20+00:00\",\"mainEntityOfPage\":{\"@id\":\"https:\/\/www.africa-press.net\/niger\/politique\/agadez-le-gouverneur-de-la-region-prend-part-a-un-meeting-populaire-a-dirkou\"},\"wordCount\":939,\"commentCount\":0,\"image\":{\"@id\":\"https:\/\/www.africa-press.net\/niger\/politique\/agadez-le-gouverneur-de-la-region-prend-part-a-un-meeting-populaire-a-dirkou#primaryimage\"},\"thumbnailUrl\":\"https:\/\/static.africa-press.net\/niger\/sites\/40\/2024\/02\/sm_1708965607.446761.jpg\",\"keywords\":[\"Africa Press\",\"Africa Press-Niger\",\"Niger\"],\"articleSection\":[\"Politique\",\"Toutes les actualit\u00e9s\"],\"inLanguage\":\"fr-FR\",\"potentialAction\":[{\"@type\":\"CommentAction\",\"name\":\"Comment\",\"target\":[\"https:\/\/www.africa-press.net\/niger\/politique\/agadez-le-gouverneur-de-la-region-prend-part-a-un-meeting-populaire-a-dirkou#respond\"]}]},{\"@type\":\"WebPage\",\"@id\":\"https:\/\/www.africa-press.net\/niger\/politique\/agadez-le-gouverneur-de-la-region-prend-part-a-un-meeting-populaire-a-dirkou\",\"url\":\"https:\/\/www.africa-press.net\/niger\/politique\/agadez-le-gouverneur-de-la-region-prend-part-a-un-meeting-populaire-a-dirkou\",\"name\":\"Agadez: Le Gouverneur de la r\u00e9gion prend part \u00e0 un meeting populaire \u00e0 Dirkou - niger\",\"isPartOf\":{\"@id\":\"https:\/\/www.africa-press.net\/niger\/#website\"},\"primaryImageOfPage\":{\"@id\":\"https:\/\/www.africa-press.net\/niger\/politique\/agadez-le-gouverneur-de-la-region-prend-part-a-un-meeting-populaire-a-dirkou#primaryimage\"},\"image\":{\"@id\":\"https:\/\/www.africa-press.net\/niger\/politique\/agadez-le-gouverneur-de-la-region-prend-part-a-un-meeting-populaire-a-dirkou#primaryimage\"},\"thumbnailUrl\":\"https:\/\/static.africa-press.net\/niger\/sites\/40\/2024\/02\/sm_1708965607.446761.jpg\",\"datePublished\":\"2024-02-26T19:51:35+00:00\",\"dateModified\":\"2024-02-26T20:11:20+00:00\",\"author\":{\"@id\":\"https:\/\/www.africa-press.net\/niger\/#\/schema\/person\/2b1cf3cd81a31e3cd26889ca66d677f1\"},\"description\":\"Le Gouverneur de la Re\u0301gion d\u2019Agadez, le Ge\u0301ne\u0301ral de Brigade Ibra Boulama Issa, a assiste\u0301 le mercredi 21 fe\u0301vrier 2 ...\",\"breadcrumb\":{\"@id\":\"https:\/\/www.africa-press.net\/niger\/politique\/agadez-le-gouverneur-de-la-region-prend-part-a-un-meeting-populaire-a-dirkou#breadcrumb\"},\"inLanguage\":\"fr-FR\",\"potentialAction\":[{\"@type\":\"ReadAction\",\"target\":[\"https:\/\/www.africa-press.net\/niger\/politique\/agadez-le-gouverneur-de-la-region-prend-part-a-un-meeting-populaire-a-dirkou\"]}]},{\"@type\":\"ImageObject\",\"inLanguage\":\"fr-FR\",\"@id\":\"https:\/\/www.africa-press.net\/niger\/politique\/agadez-le-gouverneur-de-la-region-prend-part-a-un-meeting-populaire-a-dirkou#primaryimage\",\"url\":\"https:\/\/static.africa-press.net\/niger\/sites\/40\/2024\/02\/sm_1708965607.446761.jpg\",\"contentUrl\":\"https:\/\/static.africa-press.net\/niger\/sites\/40\/2024\/02\/sm_1708965607.446761.jpg\",\"width\":1024,\"height\":683,\"caption\":\"Agadez: Le Gouverneur de la r\u00e9gion prend part \u00e0 un meeting populaire \u00e0 Dirkou\"},{\"@type\":\"BreadcrumbList\",\"@id\":\"https:\/\/www.africa-press.net\/niger\/politique\/agadez-le-gouverneur-de-la-region-prend-part-a-un-meeting-populaire-a-dirkou#breadcrumb\",\"itemListElement\":[{\"@type\":\"ListItem\",\"position\":1,\"name\":\"Accueil\",\"item\":\"https:\/\/www.africa-press.net\/niger\/\"},{\"@type\":\"ListItem\",\"position\":2,\"name\":\"Agadez: Le Gouverneur de la r\u00e9gion prend part \u00e0 un meeting populaire \u00e0 Dirkou\"}]},{\"@type\":\"WebSite\",\"@id\":\"https:\/\/www.africa-press.net\/niger\/#website\",\"url\":\"https:\/\/www.africa-press.net\/niger\/\",\"name\":\"niger\",\"description\":\"Just another Africa News Agency Sites site\",\"potentialAction\":[{\"@type\":\"SearchAction\",\"target\":{\"@type\":\"EntryPoint\",\"urlTemplate\":\"https:\/\/www.africa-press.net\/niger\/?s={search_term_string}\"},\"query-input\":{\"@type\":\"PropertyValueSpecification\",\"valueRequired\":true,\"valueName\":\"search_term_string\"}}],\"inLanguage\":\"fr-FR\"},{\"@type\":\"Person\",\"@id\":\"https:\/\/www.africa-press.net\/niger\/#\/schema\/person\/2b1cf3cd81a31e3cd26889ca66d677f1\",\"name\":\"cfeditorfr\"}]}<\/script>\n<!-- \/ Yoast SEO Premium plugin. -->","yoast_head_json":{"title":"Agadez: Le Gouverneur de la r\u00e9gion prend part \u00e0 un meeting populaire \u00e0 Dirkou - niger","description":"Le Gouverneur de la Re\u0301gion d\u2019Agadez, le Ge\u0301ne\u0301ral de Brigade Ibra Boulama Issa, a assiste\u0301 le mercredi 21 fe\u0301vrier 2 ...","robots":{"index":"index","follow":"follow","max-snippet":"max-snippet:-1","max-image-preview":"max-image-preview:large","max-video-preview":"max-video-preview:-1"},"canonical":"https:\/\/www.africa-press.net\/niger\/politique\/agadez-le-gouverneur-de-la-region-prend-part-a-un-meeting-populaire-a-dirkou","og_locale":"fr_FR","og_type":"article","og_title":"Agadez: Le Gouverneur de la r\u00e9gion prend part \u00e0 un meeting populaire \u00e0 Dirkou","og_description":"Le Gouverneur de la Re\u0301gion d\u2019Agadez, le Ge\u0301ne\u0301ral de Brigade Ibra Boulama Issa, a assiste\u0301 le mercredi 21 fe\u0301vrier 2 ...","og_url":"https:\/\/www.africa-press.net\/niger\/politique\/agadez-le-gouverneur-de-la-region-prend-part-a-un-meeting-populaire-a-dirkou","og_site_name":"niger","article_published_time":"2024-02-26T19:51:35+00:00","article_modified_time":"2024-02-26T20:11:20+00:00","og_image":[{"width":1024,"height":683,"url":"https:\/\/static.africa-press.net\/niger\/sites\/40\/2024\/02\/sm_1708965607.446761.jpg","type":"image\/jpeg"}],"author":"cfeditorfr","twitter_card":"summary_large_image","twitter_misc":{"\u00c9crit par":"cfeditorfr","Dur\u00e9e de lecture estim\u00e9e":"5 minutes"},"schema":{"@context":"https:\/\/schema.org","@graph":[{"@type":"Article","@id":"https:\/\/www.africa-press.net\/niger\/politique\/agadez-le-gouverneur-de-la-region-prend-part-a-un-meeting-populaire-a-dirkou#article","isPartOf":{"@id":"https:\/\/www.africa-press.net\/niger\/politique\/agadez-le-gouverneur-de-la-region-prend-part-a-un-meeting-populaire-a-dirkou"},"author":{"name":"cfeditorfr","@id":"https:\/\/www.africa-press.net\/niger\/#\/schema\/person\/2b1cf3cd81a31e3cd26889ca66d677f1"},"headline":"Agadez: Le Gouverneur de la r\u00e9gion prend part \u00e0 un meeting populaire \u00e0 Dirkou","datePublished":"2024-02-26T19:51:35+00:00","dateModified":"2024-02-26T20:11:20+00:00","mainEntityOfPage":{"@id":"https:\/\/www.africa-press.net\/niger\/politique\/agadez-le-gouverneur-de-la-region-prend-part-a-un-meeting-populaire-a-dirkou"},"wordCount":939,"commentCount":0,"image":{"@id":"https:\/\/www.africa-press.net\/niger\/politique\/agadez-le-gouverneur-de-la-region-prend-part-a-un-meeting-populaire-a-dirkou#primaryimage"},"thumbnailUrl":"https:\/\/static.africa-press.net\/niger\/sites\/40\/2024\/02\/sm_1708965607.446761.jpg","keywords":["Africa Press","Africa Press-Niger","Niger"],"articleSection":["Politique","Toutes les actualit\u00e9s"],"inLanguage":"fr-FR","potentialAction":[{"@type":"CommentAction","name":"Comment","target":["https:\/\/www.africa-press.net\/niger\/politique\/agadez-le-gouverneur-de-la-region-prend-part-a-un-meeting-populaire-a-dirkou#respond"]}]},{"@type":"WebPage","@id":"https:\/\/www.africa-press.net\/niger\/politique\/agadez-le-gouverneur-de-la-region-prend-part-a-un-meeting-populaire-a-dirkou","url":"https:\/\/www.africa-press.net\/niger\/politique\/agadez-le-gouverneur-de-la-region-prend-part-a-un-meeting-populaire-a-dirkou","name":"Agadez: Le Gouverneur de la r\u00e9gion prend part \u00e0 un meeting populaire \u00e0 Dirkou - niger","isPartOf":{"@id":"https:\/\/www.africa-press.net\/niger\/#website"},"primaryImageOfPage":{"@id":"https:\/\/www.africa-press.net\/niger\/politique\/agadez-le-gouverneur-de-la-region-prend-part-a-un-meeting-populaire-a-dirkou#primaryimage"},"image":{"@id":"https:\/\/www.africa-press.net\/niger\/politique\/agadez-le-gouverneur-de-la-region-prend-part-a-un-meeting-populaire-a-dirkou#primaryimage"},"thumbnailUrl":"https:\/\/static.africa-press.net\/niger\/sites\/40\/2024\/02\/sm_1708965607.446761.jpg","datePublished":"2024-02-26T19:51:35+00:00","dateModified":"2024-02-26T20:11:20+00:00","author":{"@id":"https:\/\/www.africa-press.net\/niger\/#\/schema\/person\/2b1cf3cd81a31e3cd26889ca66d677f1"},"description":"Le Gouverneur de la Re\u0301gion d\u2019Agadez, le Ge\u0301ne\u0301ral de Brigade Ibra Boulama Issa, a assiste\u0301 le mercredi 21 fe\u0301vrier 2 ...","breadcrumb":{"@id":"https:\/\/www.africa-press.net\/niger\/politique\/agadez-le-gouverneur-de-la-region-prend-part-a-un-meeting-populaire-a-dirkou#breadcrumb"},"inLanguage":"fr-FR","potentialAction":[{"@type":"ReadAction","target":["https:\/\/www.africa-press.net\/niger\/politique\/agadez-le-gouverneur-de-la-region-prend-part-a-un-meeting-populaire-a-dirkou"]}]},{"@type":"ImageObject","inLanguage":"fr-FR","@id":"https:\/\/www.africa-press.net\/niger\/politique\/agadez-le-gouverneur-de-la-region-prend-part-a-un-meeting-populaire-a-dirkou#primaryimage","url":"https:\/\/static.africa-press.net\/niger\/sites\/40\/2024\/02\/sm_1708965607.446761.jpg","contentUrl":"https:\/\/static.africa-press.net\/niger\/sites\/40\/2024\/02\/sm_1708965607.446761.jpg","width":1024,"height":683,"caption":"Agadez: Le Gouverneur de la r\u00e9gion prend part \u00e0 un meeting populaire \u00e0 Dirkou"},{"@type":"BreadcrumbList","@id":"https:\/\/www.africa-press.net\/niger\/politique\/agadez-le-gouverneur-de-la-region-prend-part-a-un-meeting-populaire-a-dirkou#breadcrumb","itemListElement":[{"@type":"ListItem","position":1,"name":"Accueil","item":"https:\/\/www.africa-press.net\/niger\/"},{"@type":"ListItem","position":2,"name":"Agadez: Le Gouverneur de la r\u00e9gion prend part \u00e0 un meeting populaire \u00e0 Dirkou"}]},{"@type":"WebSite","@id":"https:\/\/www.africa-press.net\/niger\/#website","url":"https:\/\/www.africa-press.net\/niger\/","name":"niger","description":"Just another Africa News Agency Sites site","potentialAction":[{"@type":"SearchAction","target":{"@type":"EntryPoint","urlTemplate":"https:\/\/www.africa-press.net\/niger\/?s={search_term_string}"},"query-input":{"@type":"PropertyValueSpecification","valueRequired":true,"valueName":"search_term_string"}}],"inLanguage":"fr-FR"},{"@type":"Person","@id":"https:\/\/www.africa-press.net\/niger\/#\/schema\/person\/2b1cf3cd81a31e3cd26889ca66d677f1","name":"cfeditorfr"}]}},"_links":{"self":[{"href":"https:\/\/www.africa-press.net\/niger\/wp-json\/wp\/v2\/posts\/59123","targetHints":{"allow":["GET"]}}],"collection":[{"href":"https:\/\/www.africa-press.net\/niger\/wp-json\/wp\/v2\/posts"}],"about":[{"href":"https:\/\/www.africa-press.net\/niger\/wp-json\/wp\/v2\/types\/post"}],"author":[{"embeddable":true,"href":"https:\/\/www.africa-press.net\/niger\/wp-json\/wp\/v2\/users\/82"}],"replies":[{"embeddable":true,"href":"https:\/\/www.africa-press.net\/niger\/wp-json\/wp\/v2\/comments?post=59123"}],"version-history":[{"count":0,"href":"https:\/\/www.africa-press.net\/niger\/wp-json\/wp\/v2\/posts\/59123\/revisions"}],"wp:featuredmedia":[{"embeddable":true,"href":"https:\/\/www.africa-press.net\/niger\/wp-json\/wp\/v2\/media\/59122"}],"wp:attachment":[{"href":"https:\/\/www.africa-press.net\/niger\/wp-json\/wp\/v2\/media?parent=59123"}],"wp:term":[{"taxonomy":"category","embeddable":true,"href":"https:\/\/www.africa-press.net\/niger\/wp-json\/wp\/v2\/categories?post=59123"},{"taxonomy":"post_tag","embeddable":true,"href":"https:\/\/www.africa-press.net\/niger\/wp-json\/wp\/v2\/tags?post=59123"}],"curies":[{"name":"wp","href":"https:\/\/api.w.org\/{rel}","templated":true}]}}