{"id":59126,"date":"2024-02-26T19:54:41","date_gmt":"2024-02-26T19:54:41","guid":{"rendered":"https:\/\/www.africa-press.net\/niger\/politique\/lutte-traditionnelle-la-region-de-zinder-va-accueillir-du-7-au-9-mars-prochain-le-tournoi-de-la-sauvegarde-de-la-patrie"},"modified":"2024-02-26T20:11:59","modified_gmt":"2024-02-26T20:11:59","slug":"lutte-traditionnelle-la-region-de-zinder-va-accueillir-du-7-au-9-mars-prochain-le-tournoi-de-la-sauvegarde-de-la-patrie","status":"publish","type":"post","link":"https:\/\/www.africa-press.net\/niger\/sports\/lutte-traditionnelle-la-region-de-zinder-va-accueillir-du-7-au-9-mars-prochain-le-tournoi-de-la-sauvegarde-de-la-patrie","title":{"rendered":"Lutte traditionnelle : La R\u00e9gion de Zinder va accueillir du 7 au 9 Mars prochain le \u2018\u2019Tournoi de la sauvegarde de la Patrie"},"content":{"rendered":"<p><span style=\"color: #ff6600\"><strong>Africa-Press &#8211; Niger. <\/strong><\/span><b>La Re\u0301gion de Zinder va abriter du 7 au 9 Mars prochain un Tournoi de lutte traditionnelle qui regroupera les huit re\u0301gions du Niger. Cette compe\u0301tition de\u0301nomme\u0301e \u2018\u2019Tournoi de la sauvegarde la Patrie\u2019\u2019 sera suivie de la Coupe du Pre\u0301sident du CNSP, Chef de l\u2019Etat, le Ge\u0301ne\u0301ral de Brigade Abdourahmane Tiani.<\/b><\/p>\n<p>En pre\u0301lude a\u0300 ces compe\u0301titions, le Gouverneur de la Re\u0301gion de Zinder, le Colonel Issoufou Labo qu\u2019accompagne une De\u0301le\u0301gation de la Fe\u0301de\u0301ration nige\u0301rienne de lutte traditionnelle (FENILUTTE) a visite\u0301, le mardi 20 fe\u0301vrier dernier, l\u2019Are\u0300ne de lutte traditionnelle Langa Langa dans le cadre des pre\u0301paratifs de cette grande rencontre. Il s\u2019agit dit-on, \u2018\u2019d\u2019offrir aux visiteurs un cadre agre\u0301able de se\u0301jour des diffe\u0301rentes de\u0301le\u0301gations accompagne\u0301 du bon de\u0301roulement des compe\u0301titions susceptibles d\u2019e\u0302tre appre\u0301cie\u0301es a\u0300 l\u2019e\u0301chelle nationale et internationale.\u2019\u2019<\/p>\n<p>Les \u2018\u2019autorite\u0301s re\u0301gionales et la FENILUTTE \u2018\u2019s\u2019engagent a\u0300 donner un second souffle a\u0300 l\u2019Are\u0300ne des jeux traditionnels pour \u2018\u2019re\u0301pondre aux attentes de tous, a fait remarquer le Gouverneur Issoufou Labo qui se \u2018\u2019fe\u0301licite du choix de Zinder pour accueillir ce grand e\u0301ve\u0301nement.\u2019\u2019<\/p>\n<p>&nbsp;<\/p>\n<p><strong>Pour plus d&rsquo;informations et d&rsquo;analyses sur la <a href=\"https:\/\/www.africa-press.net\/niger\">Niger<\/a>, suivez <a href=\"https:\/\/www.africa-press.net\/\">Africa-Press<\/a><\/strong><\/p>\n","protected":false},"excerpt":{"rendered":"<p>Africa-Press &#8211; Niger. La Re\u0301gion de Zinder va abriter du 7 au 9 Mars prochain un Tournoi de lutte traditionnelle qui regroupera les huit re\u0301gions du Niger. Cette compe\u0301tition de\u0301nomme\u0301e \u2018\u2019Tournoi de la sauvegarde la Patrie\u2019\u2019 sera suivie de la Coupe du Pre\u0301sident du CNSP, Chef de l\u2019Etat, le Ge\u0301ne\u0301ral de Brigade Abdourahmane Tiani. En [&hellip;]<\/p>\n","protected":false},"author":82,"featured_media":59125,"comment_status":"open","ping_status":"closed","sticky":false,"template":"","format":"standard","meta":{"footnotes":""},"categories":[6,10],"tags":[55,60,29],"class_list":["post-59126","post","type-post","status-publish","format-standard","has-post-thumbnail","hentry","category-sports","category-toutes-les-actualites","tag-africa-press","tag-africa-press-niger","tag-niger"],"yoast_head":"<!-- This site is optimized with the Yoast SEO Premium plugin v26.1 (Yoast SEO v27.0) - https:\/\/yoast.com\/product\/yoast-seo-premium-wordpress\/ -->\n<title>Lutte traditionnelle : La R\u00e9gion de Zinder va accueillir du 7 au 9 Mars prochain le \u2018\u2019Tournoi de la sauvegarde de la Patrie - niger<\/title>\n<meta name=\"description\" content=\"La Re\u0301gion de Zinder va abriter du 7 au 9 Mars prochain un Tournoi de lutte traditionnelle qui regroupera les huit re ...\" \/>\n<meta name=\"robots\" content=\"index, follow, max-snippet:-1, max-image-preview:large, max-video-preview:-1\" \/>\n<link rel=\"canonical\" href=\"https:\/\/www.africa-press.net\/niger\/sports\/lutte-traditionnelle-la-region-de-zinder-va-accueillir-du-7-au-9-mars-prochain-le-tournoi-de-la-sauvegarde-de-la-patrie\" \/>\n<meta property=\"og:locale\" content=\"fr_FR\" \/>\n<meta property=\"og:type\" content=\"article\" \/>\n<meta property=\"og:title\" content=\"Lutte traditionnelle : La R\u00e9gion de Zinder va accueillir du 7 au 9 Mars prochain le \u2018\u2019Tournoi de la sauvegarde de la Patrie\" \/>\n<meta property=\"og:description\" content=\"La Re\u0301gion de Zinder va abriter du 7 au 9 Mars prochain un Tournoi de lutte traditionnelle qui regroupera les huit re ...\" \/>\n<meta property=\"og:url\" content=\"https:\/\/www.africa-press.net\/niger\/sports\/lutte-traditionnelle-la-region-de-zinder-va-accueillir-du-7-au-9-mars-prochain-le-tournoi-de-la-sauvegarde-de-la-patrie\" \/>\n<meta property=\"og:site_name\" content=\"niger\" \/>\n<meta property=\"article:published_time\" content=\"2024-02-26T19:54:41+00:00\" \/>\n<meta property=\"article:modified_time\" content=\"2024-02-26T20:11:59+00:00\" \/>\n<meta property=\"og:image\" content=\"https:\/\/static.africa-press.net\/niger\/sites\/40\/2024\/02\/sm_1708965646.155058.jpg\" \/>\n\t<meta property=\"og:image:width\" content=\"908\" \/>\n\t<meta property=\"og:image:height\" content=\"510\" \/>\n\t<meta property=\"og:image:type\" content=\"image\/jpeg\" \/>\n<meta name=\"author\" content=\"cfeditorfr\" \/>\n<meta name=\"twitter:card\" content=\"summary_large_image\" \/>\n<meta name=\"twitter:label1\" content=\"\u00c9crit par\" \/>\n\t<meta name=\"twitter:data1\" content=\"cfeditorfr\" \/>\n\t<meta name=\"twitter:label2\" content=\"Dur\u00e9e de lecture estim\u00e9e\" \/>\n\t<meta name=\"twitter:data2\" content=\"2 minutes\" \/>\n<script type=\"application\/ld+json\" class=\"yoast-schema-graph\">{\"@context\":\"https:\/\/schema.org\",\"@graph\":[{\"@type\":\"Article\",\"@id\":\"https:\/\/www.africa-press.net\/niger\/sports\/lutte-traditionnelle-la-region-de-zinder-va-accueillir-du-7-au-9-mars-prochain-le-tournoi-de-la-sauvegarde-de-la-patrie#article\",\"isPartOf\":{\"@id\":\"https:\/\/www.africa-press.net\/niger\/sports\/lutte-traditionnelle-la-region-de-zinder-va-accueillir-du-7-au-9-mars-prochain-le-tournoi-de-la-sauvegarde-de-la-patrie\"},\"author\":{\"name\":\"cfeditorfr\",\"@id\":\"https:\/\/www.africa-press.net\/niger\/#\/schema\/person\/2b1cf3cd81a31e3cd26889ca66d677f1\"},\"headline\":\"Lutte traditionnelle : La R\u00e9gion de Zinder va accueillir du 7 au 9 Mars prochain le \u2018\u2019Tournoi de la sauvegarde de la Patrie\",\"datePublished\":\"2024-02-26T19:54:41+00:00\",\"dateModified\":\"2024-02-26T20:11:59+00:00\",\"mainEntityOfPage\":{\"@id\":\"https:\/\/www.africa-press.net\/niger\/sports\/lutte-traditionnelle-la-region-de-zinder-va-accueillir-du-7-au-9-mars-prochain-le-tournoi-de-la-sauvegarde-de-la-patrie\"},\"wordCount\":250,\"commentCount\":0,\"image\":{\"@id\":\"https:\/\/www.africa-press.net\/niger\/sports\/lutte-traditionnelle-la-region-de-zinder-va-accueillir-du-7-au-9-mars-prochain-le-tournoi-de-la-sauvegarde-de-la-patrie#primaryimage\"},\"thumbnailUrl\":\"https:\/\/static.africa-press.net\/niger\/sites\/40\/2024\/02\/sm_1708965646.155058.jpg\",\"keywords\":[\"Africa Press\",\"Africa Press-Niger\",\"Niger\"],\"articleSection\":[\"Sports\",\"Toutes les actualit\u00e9s\"],\"inLanguage\":\"fr-FR\",\"potentialAction\":[{\"@type\":\"CommentAction\",\"name\":\"Comment\",\"target\":[\"https:\/\/www.africa-press.net\/niger\/sports\/lutte-traditionnelle-la-region-de-zinder-va-accueillir-du-7-au-9-mars-prochain-le-tournoi-de-la-sauvegarde-de-la-patrie#respond\"]}]},{\"@type\":\"WebPage\",\"@id\":\"https:\/\/www.africa-press.net\/niger\/sports\/lutte-traditionnelle-la-region-de-zinder-va-accueillir-du-7-au-9-mars-prochain-le-tournoi-de-la-sauvegarde-de-la-patrie\",\"url\":\"https:\/\/www.africa-press.net\/niger\/sports\/lutte-traditionnelle-la-region-de-zinder-va-accueillir-du-7-au-9-mars-prochain-le-tournoi-de-la-sauvegarde-de-la-patrie\",\"name\":\"Lutte traditionnelle : La R\u00e9gion de Zinder va accueillir du 7 au 9 Mars prochain le \u2018\u2019Tournoi de la sauvegarde de la Patrie - niger\",\"isPartOf\":{\"@id\":\"https:\/\/www.africa-press.net\/niger\/#website\"},\"primaryImageOfPage\":{\"@id\":\"https:\/\/www.africa-press.net\/niger\/sports\/lutte-traditionnelle-la-region-de-zinder-va-accueillir-du-7-au-9-mars-prochain-le-tournoi-de-la-sauvegarde-de-la-patrie#primaryimage\"},\"image\":{\"@id\":\"https:\/\/www.africa-press.net\/niger\/sports\/lutte-traditionnelle-la-region-de-zinder-va-accueillir-du-7-au-9-mars-prochain-le-tournoi-de-la-sauvegarde-de-la-patrie#primaryimage\"},\"thumbnailUrl\":\"https:\/\/static.africa-press.net\/niger\/sites\/40\/2024\/02\/sm_1708965646.155058.jpg\",\"datePublished\":\"2024-02-26T19:54:41+00:00\",\"dateModified\":\"2024-02-26T20:11:59+00:00\",\"author\":{\"@id\":\"https:\/\/www.africa-press.net\/niger\/#\/schema\/person\/2b1cf3cd81a31e3cd26889ca66d677f1\"},\"description\":\"La Re\u0301gion de Zinder va abriter du 7 au 9 Mars prochain un Tournoi de lutte traditionnelle qui regroupera les huit re ...\",\"breadcrumb\":{\"@id\":\"https:\/\/www.africa-press.net\/niger\/sports\/lutte-traditionnelle-la-region-de-zinder-va-accueillir-du-7-au-9-mars-prochain-le-tournoi-de-la-sauvegarde-de-la-patrie#breadcrumb\"},\"inLanguage\":\"fr-FR\",\"potentialAction\":[{\"@type\":\"ReadAction\",\"target\":[\"https:\/\/www.africa-press.net\/niger\/sports\/lutte-traditionnelle-la-region-de-zinder-va-accueillir-du-7-au-9-mars-prochain-le-tournoi-de-la-sauvegarde-de-la-patrie\"]}]},{\"@type\":\"ImageObject\",\"inLanguage\":\"fr-FR\",\"@id\":\"https:\/\/www.africa-press.net\/niger\/sports\/lutte-traditionnelle-la-region-de-zinder-va-accueillir-du-7-au-9-mars-prochain-le-tournoi-de-la-sauvegarde-de-la-patrie#primaryimage\",\"url\":\"https:\/\/static.africa-press.net\/niger\/sites\/40\/2024\/02\/sm_1708965646.155058.jpg\",\"contentUrl\":\"https:\/\/static.africa-press.net\/niger\/sites\/40\/2024\/02\/sm_1708965646.155058.jpg\",\"width\":908,\"height\":510,\"caption\":\"Lutte traditionnelle : La R\u00e9gion de Zinder va accueillir du 7 au 9 Mars prochain le \u2018\u2019Tournoi de la sauvegarde de la Patrie\"},{\"@type\":\"BreadcrumbList\",\"@id\":\"https:\/\/www.africa-press.net\/niger\/sports\/lutte-traditionnelle-la-region-de-zinder-va-accueillir-du-7-au-9-mars-prochain-le-tournoi-de-la-sauvegarde-de-la-patrie#breadcrumb\",\"itemListElement\":[{\"@type\":\"ListItem\",\"position\":1,\"name\":\"Accueil\",\"item\":\"https:\/\/www.africa-press.net\/niger\/\"},{\"@type\":\"ListItem\",\"position\":2,\"name\":\"Lutte traditionnelle : La R\u00e9gion de Zinder va accueillir du 7 au 9 Mars prochain le \u2018\u2019Tournoi de la sauvegarde de la Patrie\"}]},{\"@type\":\"WebSite\",\"@id\":\"https:\/\/www.africa-press.net\/niger\/#website\",\"url\":\"https:\/\/www.africa-press.net\/niger\/\",\"name\":\"niger\",\"description\":\"Just another Africa News Agency Sites site\",\"potentialAction\":[{\"@type\":\"SearchAction\",\"target\":{\"@type\":\"EntryPoint\",\"urlTemplate\":\"https:\/\/www.africa-press.net\/niger\/?s={search_term_string}\"},\"query-input\":{\"@type\":\"PropertyValueSpecification\",\"valueRequired\":true,\"valueName\":\"search_term_string\"}}],\"inLanguage\":\"fr-FR\"},{\"@type\":\"Person\",\"@id\":\"https:\/\/www.africa-press.net\/niger\/#\/schema\/person\/2b1cf3cd81a31e3cd26889ca66d677f1\",\"name\":\"cfeditorfr\"}]}<\/script>\n<!-- \/ Yoast SEO Premium plugin. -->","yoast_head_json":{"title":"Lutte traditionnelle : La R\u00e9gion de Zinder va accueillir du 7 au 9 Mars prochain le \u2018\u2019Tournoi de la sauvegarde de la Patrie - niger","description":"La Re\u0301gion de Zinder va abriter du 7 au 9 Mars prochain un Tournoi de lutte traditionnelle qui regroupera les huit re ...","robots":{"index":"index","follow":"follow","max-snippet":"max-snippet:-1","max-image-preview":"max-image-preview:large","max-video-preview":"max-video-preview:-1"},"canonical":"https:\/\/www.africa-press.net\/niger\/sports\/lutte-traditionnelle-la-region-de-zinder-va-accueillir-du-7-au-9-mars-prochain-le-tournoi-de-la-sauvegarde-de-la-patrie","og_locale":"fr_FR","og_type":"article","og_title":"Lutte traditionnelle : La R\u00e9gion de Zinder va accueillir du 7 au 9 Mars prochain le \u2018\u2019Tournoi de la sauvegarde de la Patrie","og_description":"La Re\u0301gion de Zinder va abriter du 7 au 9 Mars prochain un Tournoi de lutte traditionnelle qui regroupera les huit re ...","og_url":"https:\/\/www.africa-press.net\/niger\/sports\/lutte-traditionnelle-la-region-de-zinder-va-accueillir-du-7-au-9-mars-prochain-le-tournoi-de-la-sauvegarde-de-la-patrie","og_site_name":"niger","article_published_time":"2024-02-26T19:54:41+00:00","article_modified_time":"2024-02-26T20:11:59+00:00","og_image":[{"width":908,"height":510,"url":"https:\/\/static.africa-press.net\/niger\/sites\/40\/2024\/02\/sm_1708965646.155058.jpg","type":"image\/jpeg"}],"author":"cfeditorfr","twitter_card":"summary_large_image","twitter_misc":{"\u00c9crit par":"cfeditorfr","Dur\u00e9e de lecture estim\u00e9e":"2 minutes"},"schema":{"@context":"https:\/\/schema.org","@graph":[{"@type":"Article","@id":"https:\/\/www.africa-press.net\/niger\/sports\/lutte-traditionnelle-la-region-de-zinder-va-accueillir-du-7-au-9-mars-prochain-le-tournoi-de-la-sauvegarde-de-la-patrie#article","isPartOf":{"@id":"https:\/\/www.africa-press.net\/niger\/sports\/lutte-traditionnelle-la-region-de-zinder-va-accueillir-du-7-au-9-mars-prochain-le-tournoi-de-la-sauvegarde-de-la-patrie"},"author":{"name":"cfeditorfr","@id":"https:\/\/www.africa-press.net\/niger\/#\/schema\/person\/2b1cf3cd81a31e3cd26889ca66d677f1"},"headline":"Lutte traditionnelle : La R\u00e9gion de Zinder va accueillir du 7 au 9 Mars prochain le \u2018\u2019Tournoi de la sauvegarde de la Patrie","datePublished":"2024-02-26T19:54:41+00:00","dateModified":"2024-02-26T20:11:59+00:00","mainEntityOfPage":{"@id":"https:\/\/www.africa-press.net\/niger\/sports\/lutte-traditionnelle-la-region-de-zinder-va-accueillir-du-7-au-9-mars-prochain-le-tournoi-de-la-sauvegarde-de-la-patrie"},"wordCount":250,"commentCount":0,"image":{"@id":"https:\/\/www.africa-press.net\/niger\/sports\/lutte-traditionnelle-la-region-de-zinder-va-accueillir-du-7-au-9-mars-prochain-le-tournoi-de-la-sauvegarde-de-la-patrie#primaryimage"},"thumbnailUrl":"https:\/\/static.africa-press.net\/niger\/sites\/40\/2024\/02\/sm_1708965646.155058.jpg","keywords":["Africa Press","Africa Press-Niger","Niger"],"articleSection":["Sports","Toutes les actualit\u00e9s"],"inLanguage":"fr-FR","potentialAction":[{"@type":"CommentAction","name":"Comment","target":["https:\/\/www.africa-press.net\/niger\/sports\/lutte-traditionnelle-la-region-de-zinder-va-accueillir-du-7-au-9-mars-prochain-le-tournoi-de-la-sauvegarde-de-la-patrie#respond"]}]},{"@type":"WebPage","@id":"https:\/\/www.africa-press.net\/niger\/sports\/lutte-traditionnelle-la-region-de-zinder-va-accueillir-du-7-au-9-mars-prochain-le-tournoi-de-la-sauvegarde-de-la-patrie","url":"https:\/\/www.africa-press.net\/niger\/sports\/lutte-traditionnelle-la-region-de-zinder-va-accueillir-du-7-au-9-mars-prochain-le-tournoi-de-la-sauvegarde-de-la-patrie","name":"Lutte traditionnelle : La R\u00e9gion de Zinder va accueillir du 7 au 9 Mars prochain le \u2018\u2019Tournoi de la sauvegarde de la Patrie - niger","isPartOf":{"@id":"https:\/\/www.africa-press.net\/niger\/#website"},"primaryImageOfPage":{"@id":"https:\/\/www.africa-press.net\/niger\/sports\/lutte-traditionnelle-la-region-de-zinder-va-accueillir-du-7-au-9-mars-prochain-le-tournoi-de-la-sauvegarde-de-la-patrie#primaryimage"},"image":{"@id":"https:\/\/www.africa-press.net\/niger\/sports\/lutte-traditionnelle-la-region-de-zinder-va-accueillir-du-7-au-9-mars-prochain-le-tournoi-de-la-sauvegarde-de-la-patrie#primaryimage"},"thumbnailUrl":"https:\/\/static.africa-press.net\/niger\/sites\/40\/2024\/02\/sm_1708965646.155058.jpg","datePublished":"2024-02-26T19:54:41+00:00","dateModified":"2024-02-26T20:11:59+00:00","author":{"@id":"https:\/\/www.africa-press.net\/niger\/#\/schema\/person\/2b1cf3cd81a31e3cd26889ca66d677f1"},"description":"La Re\u0301gion de Zinder va abriter du 7 au 9 Mars prochain un Tournoi de lutte traditionnelle qui regroupera les huit re ...","breadcrumb":{"@id":"https:\/\/www.africa-press.net\/niger\/sports\/lutte-traditionnelle-la-region-de-zinder-va-accueillir-du-7-au-9-mars-prochain-le-tournoi-de-la-sauvegarde-de-la-patrie#breadcrumb"},"inLanguage":"fr-FR","potentialAction":[{"@type":"ReadAction","target":["https:\/\/www.africa-press.net\/niger\/sports\/lutte-traditionnelle-la-region-de-zinder-va-accueillir-du-7-au-9-mars-prochain-le-tournoi-de-la-sauvegarde-de-la-patrie"]}]},{"@type":"ImageObject","inLanguage":"fr-FR","@id":"https:\/\/www.africa-press.net\/niger\/sports\/lutte-traditionnelle-la-region-de-zinder-va-accueillir-du-7-au-9-mars-prochain-le-tournoi-de-la-sauvegarde-de-la-patrie#primaryimage","url":"https:\/\/static.africa-press.net\/niger\/sites\/40\/2024\/02\/sm_1708965646.155058.jpg","contentUrl":"https:\/\/static.africa-press.net\/niger\/sites\/40\/2024\/02\/sm_1708965646.155058.jpg","width":908,"height":510,"caption":"Lutte traditionnelle : La R\u00e9gion de Zinder va accueillir du 7 au 9 Mars prochain le \u2018\u2019Tournoi de la sauvegarde de la Patrie"},{"@type":"BreadcrumbList","@id":"https:\/\/www.africa-press.net\/niger\/sports\/lutte-traditionnelle-la-region-de-zinder-va-accueillir-du-7-au-9-mars-prochain-le-tournoi-de-la-sauvegarde-de-la-patrie#breadcrumb","itemListElement":[{"@type":"ListItem","position":1,"name":"Accueil","item":"https:\/\/www.africa-press.net\/niger\/"},{"@type":"ListItem","position":2,"name":"Lutte traditionnelle : La R\u00e9gion de Zinder va accueillir du 7 au 9 Mars prochain le \u2018\u2019Tournoi de la sauvegarde de la Patrie"}]},{"@type":"WebSite","@id":"https:\/\/www.africa-press.net\/niger\/#website","url":"https:\/\/www.africa-press.net\/niger\/","name":"niger","description":"Just another Africa News Agency Sites site","potentialAction":[{"@type":"SearchAction","target":{"@type":"EntryPoint","urlTemplate":"https:\/\/www.africa-press.net\/niger\/?s={search_term_string}"},"query-input":{"@type":"PropertyValueSpecification","valueRequired":true,"valueName":"search_term_string"}}],"inLanguage":"fr-FR"},{"@type":"Person","@id":"https:\/\/www.africa-press.net\/niger\/#\/schema\/person\/2b1cf3cd81a31e3cd26889ca66d677f1","name":"cfeditorfr"}]}},"_links":{"self":[{"href":"https:\/\/www.africa-press.net\/niger\/wp-json\/wp\/v2\/posts\/59126","targetHints":{"allow":["GET"]}}],"collection":[{"href":"https:\/\/www.africa-press.net\/niger\/wp-json\/wp\/v2\/posts"}],"about":[{"href":"https:\/\/www.africa-press.net\/niger\/wp-json\/wp\/v2\/types\/post"}],"author":[{"embeddable":true,"href":"https:\/\/www.africa-press.net\/niger\/wp-json\/wp\/v2\/users\/82"}],"replies":[{"embeddable":true,"href":"https:\/\/www.africa-press.net\/niger\/wp-json\/wp\/v2\/comments?post=59126"}],"version-history":[{"count":0,"href":"https:\/\/www.africa-press.net\/niger\/wp-json\/wp\/v2\/posts\/59126\/revisions"}],"wp:featuredmedia":[{"embeddable":true,"href":"https:\/\/www.africa-press.net\/niger\/wp-json\/wp\/v2\/media\/59125"}],"wp:attachment":[{"href":"https:\/\/www.africa-press.net\/niger\/wp-json\/wp\/v2\/media?parent=59126"}],"wp:term":[{"taxonomy":"category","embeddable":true,"href":"https:\/\/www.africa-press.net\/niger\/wp-json\/wp\/v2\/categories?post=59126"},{"taxonomy":"post_tag","embeddable":true,"href":"https:\/\/www.africa-press.net\/niger\/wp-json\/wp\/v2\/tags?post=59126"}],"curies":[{"name":"wp","href":"https:\/\/api.w.org\/{rel}","templated":true}]}}