{"id":59172,"date":"2024-02-27T18:00:34","date_gmt":"2024-02-27T18:00:34","guid":{"rendered":"https:\/\/www.africa-press.net\/niger\/politique\/diffa-accueille-en-grande-pompe-les-journees-des-communes"},"modified":"2024-02-27T18:37:41","modified_gmt":"2024-02-27T18:37:41","slug":"diffa-accueille-en-grande-pompe-les-journees-des-communes","status":"publish","type":"post","link":"https:\/\/www.africa-press.net\/niger\/politique\/diffa-accueille-en-grande-pompe-les-journees-des-communes","title":{"rendered":"Diffa accueille en grande pompe les journ\u00e9es des communes"},"content":{"rendered":"<p><span style=\"color: #ff6600\"><strong>Africa-Press &#8211; Niger. <\/strong><\/span>C\u2019est dans une ambiance de fe\u0302te que se sont ouverts ce lundi les travaux de la 10e e\u0301dition des journe\u0301es des communes du Niger, a\u0300 l\u2019amphithe\u0301a\u0302tre de l\u2019universite\u0301 de Diffa, sous la pre\u0301sidence du secre\u0301taire ge\u0301ne\u0301ral du ministe\u0300re de l\u2019inte\u0301rieur, de la se\u0301curite\u0301 publique et de l\u2019administration territoriale, M. SAMAILA Idi Dan Bouzou. Ces assises, qui se tiendront du 26 au 28 fe\u0301vrier 2024 dans la re\u0301gion Diffa, ont pour the\u0300me \u00ab le de\u0301veloppement e\u0301conomique local dans le contexte de refondation de la Re\u0301publique \u00bb.<\/p>\n<p>La ce\u0301le\u0301bration des Journe\u0301es des communes du Niger, organise\u0301e depuis 2006 par l\u2019association des municipalite\u0301s du Niger (AMN), est une occasion unique pour les collectivite\u0301s territoriales du Niger de se retrouver, d\u2019e\u0301changer, de partager leurs expe\u0301riences et de renforcer leurs liens. C\u2019est aussi un moment privile\u0301gie\u0301 pour promouvoir la gouvernance locale, renforcer leurs capacite\u0301s et concourir a\u0300 leur propre de\u0301veloppement e\u0301conomique local.<\/p>\n<p>La mairesse de Diffa et le maire de Watagouna honore\u0301s<\/p>\n<p>Avant le de\u0301but des travaux, la mairesse de la commune urbaine de Diffa, madame Barmou Asmaou Kantz, a pris la parole pour souhaiter la bienvenue a\u0300 tous les participants et exprimer sa joie du choix porte\u0301 sur sa commune pour abriter la 10e e\u0301dition de la journe\u0301e des communes du Niger. Elle a e\u0301galement remercie\u0301 les autorite\u0301s re\u0301gionales et nationales pour leur soutien et leur accompagnement. Parmi les invite\u0301s de marque, il faut noter la pre\u0301sence remarque\u0301e de M. Mohamadou Abonbar, maire de Watagouna, centre d\u2019Assongo, venu repre\u0301senter les municipalite\u0301s de la Re\u0301publique s\u0153ur du Mali. Il a salue\u0301 la fraternite\u0301 et la solidarite\u0301 qui existent entre les collectivite\u0301s du Niger et du Mali et a fe\u0301licite\u0301 l\u2019AMN pour son initiative de rassembler les acteurs locaux autour des enjeux du de\u0301veloppement e\u0301conomique local.<\/p>\n<p>Un appel a\u0300 accompagner la transition militaire et la refondation de la Re\u0301publique<\/p>\n<p>En ouvrant les travaux, M. Samaila Idi dan Bouzou, apre\u0300s avoir salue\u0301 les autorite\u0301s de la re\u0301gion pour la parfaite organisation des pre\u0301sentes assises et l\u2019accueil \u00ab exceptionnel \u00bb dont il a be\u0301ne\u0301ficie\u0301, a encourage\u0301 les maires du Niger pre\u0301sents a\u0300 la rencontre a\u0300 continuer a\u0300 \u0153uvrer pour leurs populations, a\u0300 accompagner les autorite\u0301s nationales pour une bonne re\u0301ussite de la transition militaire. Selon lui, l\u2019E\u0301tat compte sur ces collectivite\u0301s pour \u00ab une contribution efficace a\u0300 la souverainete\u0301 nationale sur les plans se\u0301curitaire, social, financier et e\u0301conomique \u00bb, mais aussi pour le \u00ab respect des textes sur tous les plans \u00bb.<\/p>\n<p>Un vibrant hommage a\u0300 la fai\u0302tie\u0300re des municipalite\u0301s du Niger a\u0300 Diffa<\/p>\n<p>Le gouverneur de la re\u0301gion, le ge\u0301ne\u0301ral Ibrahim Bagadoma, a souhaite\u0301 la bienvenue a\u0300 tous ceux qui ont fait le de\u0301placement de la capitale du Soleil Levant, au nom de toute la population de la re\u0301gion de Diffa en ge\u0301ne\u0301ral et celle de la ville de Diffa en particulier. Il a e\u0301galement rendu un \u00ab vibrant hommage a\u0300 la fai\u0302tie\u0300re des municipalite\u0301s du Niger, qui a releve\u0301 le de\u0301fi d\u2019organiser une si grande rencontre dans son entite\u0301 administrative malgre\u0301 les difficulte\u0301s rencontre\u0301es \u00bb.<\/p>\n<p>Des opportunite\u0301s pour renforcer la de\u0301centralisation et le rapprochement re\u0301gional<\/p>\n<p>Pour le ge\u0301ne\u0301ral Bagadoma, ces genres de rencontres sont des opportunite\u0301s pour les municipalite\u0301s de \u00ab se concerter, de faire le bilan de la mise en \u0153uvre de la de\u0301centralisation dans tous ses aspects et de de\u0301finir de nouvelles orientations avec les experts qui les accompagnent \u00bb. La re\u0301silience, dit-il, a\u0300 laquelle on nous a soumis, nous incite a\u0300 explorer de nouveaux horizons et je vous invite donc a\u0300 ces re\u0301flexions aussi since\u0300res que productives afin de parvenir a\u0300 la cre\u0301ation de nouveaux ensembles favorisant le rapprochement entre les collectivite\u0301s des pays de l\u2019Alliance des E\u0301tats du Sahel (AES).<\/p>\n<p>Une opportunite\u0301 de proposer des actions de de\u0301veloppement e\u0301conomique local<\/p>\n<p>Le pre\u0301sident de l\u2019association des municipalite\u0301s du Niger, M. Abdou Ouhou Dodo, a remercie\u0301 les maires qui ont fait le de\u0301placement de Diffa ainsi que le gouverneur de la re\u0301gion pour son engagement total pour la re\u0301ussite des pre\u0301sentes assises. La journe\u0301e des communes du Niger 2024, dit-il, est \u00ab une opportunite\u0301 de proposer des actions de de\u0301veloppement qui re\u0301pondront aux attentes des autorite\u0301s de notre pays, avec en toile de fond le de\u0301veloppement e\u0301conomique local \u00bb. Il a aussi souligne\u0301 que les collectivite\u0301s ont un ro\u0302le \u00ab majeur et fondamental a\u0300 jouer dans la dure\u0301e pour l\u2019atteinte des objectifs de la refondation de notre pays \u00bb. \u00ab Il est donc ne\u0301cessaire d\u2019associer les collectivite\u0301s pour concevoir et mettre en \u0153uvre les programmes de refondation \u00bb, a indique\u0301 M. Abdou Ouhou Dodo, pre\u0301sident de l\u2019AMN.<\/p>\n<p><strong>Pour plus d&rsquo;informations et d&rsquo;analyses sur la <a href=\"https:\/\/www.africa-press.net\/niger\">Niger<\/a>, suivez <a href=\"https:\/\/www.africa-press.net\/\">Africa-Press<\/a><\/strong><\/p>\n","protected":false},"excerpt":{"rendered":"<p>Africa-Press &#8211; Niger. C\u2019est dans une ambiance de fe\u0302te que se sont ouverts ce lundi les travaux de la 10e e\u0301dition des journe\u0301es des communes du Niger, a\u0300 l\u2019amphithe\u0301a\u0302tre de l\u2019universite\u0301 de Diffa, sous la pre\u0301sidence du secre\u0301taire ge\u0301ne\u0301ral du ministe\u0300re de l\u2019inte\u0301rieur, de la se\u0301curite\u0301 publique et de l\u2019administration territoriale, M. SAMAILA Idi Dan [&hellip;]<\/p>\n","protected":false},"author":82,"featured_media":59171,"comment_status":"open","ping_status":"closed","sticky":false,"template":"","format":"standard","meta":{"footnotes":""},"categories":[2,10],"tags":[55,60,29],"class_list":["post-59172","post","type-post","status-publish","format-standard","has-post-thumbnail","hentry","category-politique","category-toutes-les-actualites","tag-africa-press","tag-africa-press-niger","tag-niger"],"yoast_head":"<!-- This site is optimized with the Yoast SEO Premium plugin v26.1 (Yoast SEO v27.0) - https:\/\/yoast.com\/product\/yoast-seo-premium-wordpress\/ -->\n<title>Diffa accueille en grande pompe les journ\u00e9es des communes - niger<\/title>\n<meta name=\"description\" content=\"C\u2019est dans une ambiance de fe\u0302te que se sont ouverts ce lundi les travaux de la 10e e\u0301dition des journe\u0301es des communes ...\" \/>\n<meta name=\"robots\" content=\"index, follow, max-snippet:-1, max-image-preview:large, max-video-preview:-1\" \/>\n<link rel=\"canonical\" href=\"https:\/\/www.africa-press.net\/niger\/politique\/diffa-accueille-en-grande-pompe-les-journees-des-communes\" \/>\n<meta property=\"og:locale\" content=\"fr_FR\" \/>\n<meta property=\"og:type\" content=\"article\" \/>\n<meta property=\"og:title\" content=\"Diffa accueille en grande pompe les journ\u00e9es des communes\" \/>\n<meta property=\"og:description\" content=\"C\u2019est dans une ambiance de fe\u0302te que se sont ouverts ce lundi les travaux de la 10e e\u0301dition des journe\u0301es des communes ...\" \/>\n<meta property=\"og:url\" content=\"https:\/\/www.africa-press.net\/niger\/politique\/diffa-accueille-en-grande-pompe-les-journees-des-communes\" \/>\n<meta property=\"og:site_name\" content=\"niger\" \/>\n<meta property=\"article:published_time\" content=\"2024-02-27T18:00:34+00:00\" \/>\n<meta property=\"article:modified_time\" content=\"2024-02-27T18:37:41+00:00\" \/>\n<meta property=\"og:image\" content=\"https:\/\/static.africa-press.net\/niger\/sites\/40\/2024\/02\/sm_1709046360.33864.jpg\" \/>\n\t<meta property=\"og:image:width\" content=\"780\" \/>\n\t<meta property=\"og:image:height\" content=\"440\" \/>\n\t<meta property=\"og:image:type\" content=\"image\/jpeg\" \/>\n<meta name=\"author\" content=\"cfeditorfr\" \/>\n<meta name=\"twitter:card\" content=\"summary_large_image\" \/>\n<meta name=\"twitter:label1\" content=\"\u00c9crit par\" \/>\n\t<meta name=\"twitter:data1\" content=\"cfeditorfr\" \/>\n\t<meta name=\"twitter:label2\" content=\"Dur\u00e9e de lecture estim\u00e9e\" \/>\n\t<meta name=\"twitter:data2\" content=\"5 minutes\" \/>\n<script type=\"application\/ld+json\" class=\"yoast-schema-graph\">{\"@context\":\"https:\/\/schema.org\",\"@graph\":[{\"@type\":\"Article\",\"@id\":\"https:\/\/www.africa-press.net\/niger\/politique\/diffa-accueille-en-grande-pompe-les-journees-des-communes#article\",\"isPartOf\":{\"@id\":\"https:\/\/www.africa-press.net\/niger\/politique\/diffa-accueille-en-grande-pompe-les-journees-des-communes\"},\"author\":{\"name\":\"cfeditorfr\",\"@id\":\"https:\/\/www.africa-press.net\/niger\/#\/schema\/person\/2b1cf3cd81a31e3cd26889ca66d677f1\"},\"headline\":\"Diffa accueille en grande pompe les journ\u00e9es des communes\",\"datePublished\":\"2024-02-27T18:00:34+00:00\",\"dateModified\":\"2024-02-27T18:37:41+00:00\",\"mainEntityOfPage\":{\"@id\":\"https:\/\/www.africa-press.net\/niger\/politique\/diffa-accueille-en-grande-pompe-les-journees-des-communes\"},\"wordCount\":887,\"commentCount\":0,\"image\":{\"@id\":\"https:\/\/www.africa-press.net\/niger\/politique\/diffa-accueille-en-grande-pompe-les-journees-des-communes#primaryimage\"},\"thumbnailUrl\":\"https:\/\/static.africa-press.net\/niger\/sites\/40\/2024\/02\/sm_1709046360.33864.jpg\",\"keywords\":[\"Africa Press\",\"Africa Press-Niger\",\"Niger\"],\"articleSection\":[\"Politique\",\"Toutes les actualit\u00e9s\"],\"inLanguage\":\"fr-FR\",\"potentialAction\":[{\"@type\":\"CommentAction\",\"name\":\"Comment\",\"target\":[\"https:\/\/www.africa-press.net\/niger\/politique\/diffa-accueille-en-grande-pompe-les-journees-des-communes#respond\"]}]},{\"@type\":\"WebPage\",\"@id\":\"https:\/\/www.africa-press.net\/niger\/politique\/diffa-accueille-en-grande-pompe-les-journees-des-communes\",\"url\":\"https:\/\/www.africa-press.net\/niger\/politique\/diffa-accueille-en-grande-pompe-les-journees-des-communes\",\"name\":\"Diffa accueille en grande pompe les journ\u00e9es des communes - niger\",\"isPartOf\":{\"@id\":\"https:\/\/www.africa-press.net\/niger\/#website\"},\"primaryImageOfPage\":{\"@id\":\"https:\/\/www.africa-press.net\/niger\/politique\/diffa-accueille-en-grande-pompe-les-journees-des-communes#primaryimage\"},\"image\":{\"@id\":\"https:\/\/www.africa-press.net\/niger\/politique\/diffa-accueille-en-grande-pompe-les-journees-des-communes#primaryimage\"},\"thumbnailUrl\":\"https:\/\/static.africa-press.net\/niger\/sites\/40\/2024\/02\/sm_1709046360.33864.jpg\",\"datePublished\":\"2024-02-27T18:00:34+00:00\",\"dateModified\":\"2024-02-27T18:37:41+00:00\",\"author\":{\"@id\":\"https:\/\/www.africa-press.net\/niger\/#\/schema\/person\/2b1cf3cd81a31e3cd26889ca66d677f1\"},\"description\":\"C\u2019est dans une ambiance de fe\u0302te que se sont ouverts ce lundi les travaux de la 10e e\u0301dition des journe\u0301es des communes ...\",\"breadcrumb\":{\"@id\":\"https:\/\/www.africa-press.net\/niger\/politique\/diffa-accueille-en-grande-pompe-les-journees-des-communes#breadcrumb\"},\"inLanguage\":\"fr-FR\",\"potentialAction\":[{\"@type\":\"ReadAction\",\"target\":[\"https:\/\/www.africa-press.net\/niger\/politique\/diffa-accueille-en-grande-pompe-les-journees-des-communes\"]}]},{\"@type\":\"ImageObject\",\"inLanguage\":\"fr-FR\",\"@id\":\"https:\/\/www.africa-press.net\/niger\/politique\/diffa-accueille-en-grande-pompe-les-journees-des-communes#primaryimage\",\"url\":\"https:\/\/static.africa-press.net\/niger\/sites\/40\/2024\/02\/sm_1709046360.33864.jpg\",\"contentUrl\":\"https:\/\/static.africa-press.net\/niger\/sites\/40\/2024\/02\/sm_1709046360.33864.jpg\",\"width\":780,\"height\":440,\"caption\":\"Diffa accueille en grande pompe les journ\u00e9es des communes\"},{\"@type\":\"BreadcrumbList\",\"@id\":\"https:\/\/www.africa-press.net\/niger\/politique\/diffa-accueille-en-grande-pompe-les-journees-des-communes#breadcrumb\",\"itemListElement\":[{\"@type\":\"ListItem\",\"position\":1,\"name\":\"Accueil\",\"item\":\"https:\/\/www.africa-press.net\/niger\/\"},{\"@type\":\"ListItem\",\"position\":2,\"name\":\"Diffa accueille en grande pompe les journ\u00e9es des communes\"}]},{\"@type\":\"WebSite\",\"@id\":\"https:\/\/www.africa-press.net\/niger\/#website\",\"url\":\"https:\/\/www.africa-press.net\/niger\/\",\"name\":\"niger\",\"description\":\"Just another Africa News Agency Sites site\",\"potentialAction\":[{\"@type\":\"SearchAction\",\"target\":{\"@type\":\"EntryPoint\",\"urlTemplate\":\"https:\/\/www.africa-press.net\/niger\/?s={search_term_string}\"},\"query-input\":{\"@type\":\"PropertyValueSpecification\",\"valueRequired\":true,\"valueName\":\"search_term_string\"}}],\"inLanguage\":\"fr-FR\"},{\"@type\":\"Person\",\"@id\":\"https:\/\/www.africa-press.net\/niger\/#\/schema\/person\/2b1cf3cd81a31e3cd26889ca66d677f1\",\"name\":\"cfeditorfr\"}]}<\/script>\n<!-- \/ Yoast SEO Premium plugin. -->","yoast_head_json":{"title":"Diffa accueille en grande pompe les journ\u00e9es des communes - niger","description":"C\u2019est dans une ambiance de fe\u0302te que se sont ouverts ce lundi les travaux de la 10e e\u0301dition des journe\u0301es des communes ...","robots":{"index":"index","follow":"follow","max-snippet":"max-snippet:-1","max-image-preview":"max-image-preview:large","max-video-preview":"max-video-preview:-1"},"canonical":"https:\/\/www.africa-press.net\/niger\/politique\/diffa-accueille-en-grande-pompe-les-journees-des-communes","og_locale":"fr_FR","og_type":"article","og_title":"Diffa accueille en grande pompe les journ\u00e9es des communes","og_description":"C\u2019est dans une ambiance de fe\u0302te que se sont ouverts ce lundi les travaux de la 10e e\u0301dition des journe\u0301es des communes ...","og_url":"https:\/\/www.africa-press.net\/niger\/politique\/diffa-accueille-en-grande-pompe-les-journees-des-communes","og_site_name":"niger","article_published_time":"2024-02-27T18:00:34+00:00","article_modified_time":"2024-02-27T18:37:41+00:00","og_image":[{"width":780,"height":440,"url":"https:\/\/static.africa-press.net\/niger\/sites\/40\/2024\/02\/sm_1709046360.33864.jpg","type":"image\/jpeg"}],"author":"cfeditorfr","twitter_card":"summary_large_image","twitter_misc":{"\u00c9crit par":"cfeditorfr","Dur\u00e9e de lecture estim\u00e9e":"5 minutes"},"schema":{"@context":"https:\/\/schema.org","@graph":[{"@type":"Article","@id":"https:\/\/www.africa-press.net\/niger\/politique\/diffa-accueille-en-grande-pompe-les-journees-des-communes#article","isPartOf":{"@id":"https:\/\/www.africa-press.net\/niger\/politique\/diffa-accueille-en-grande-pompe-les-journees-des-communes"},"author":{"name":"cfeditorfr","@id":"https:\/\/www.africa-press.net\/niger\/#\/schema\/person\/2b1cf3cd81a31e3cd26889ca66d677f1"},"headline":"Diffa accueille en grande pompe les journ\u00e9es des communes","datePublished":"2024-02-27T18:00:34+00:00","dateModified":"2024-02-27T18:37:41+00:00","mainEntityOfPage":{"@id":"https:\/\/www.africa-press.net\/niger\/politique\/diffa-accueille-en-grande-pompe-les-journees-des-communes"},"wordCount":887,"commentCount":0,"image":{"@id":"https:\/\/www.africa-press.net\/niger\/politique\/diffa-accueille-en-grande-pompe-les-journees-des-communes#primaryimage"},"thumbnailUrl":"https:\/\/static.africa-press.net\/niger\/sites\/40\/2024\/02\/sm_1709046360.33864.jpg","keywords":["Africa Press","Africa Press-Niger","Niger"],"articleSection":["Politique","Toutes les actualit\u00e9s"],"inLanguage":"fr-FR","potentialAction":[{"@type":"CommentAction","name":"Comment","target":["https:\/\/www.africa-press.net\/niger\/politique\/diffa-accueille-en-grande-pompe-les-journees-des-communes#respond"]}]},{"@type":"WebPage","@id":"https:\/\/www.africa-press.net\/niger\/politique\/diffa-accueille-en-grande-pompe-les-journees-des-communes","url":"https:\/\/www.africa-press.net\/niger\/politique\/diffa-accueille-en-grande-pompe-les-journees-des-communes","name":"Diffa accueille en grande pompe les journ\u00e9es des communes - niger","isPartOf":{"@id":"https:\/\/www.africa-press.net\/niger\/#website"},"primaryImageOfPage":{"@id":"https:\/\/www.africa-press.net\/niger\/politique\/diffa-accueille-en-grande-pompe-les-journees-des-communes#primaryimage"},"image":{"@id":"https:\/\/www.africa-press.net\/niger\/politique\/diffa-accueille-en-grande-pompe-les-journees-des-communes#primaryimage"},"thumbnailUrl":"https:\/\/static.africa-press.net\/niger\/sites\/40\/2024\/02\/sm_1709046360.33864.jpg","datePublished":"2024-02-27T18:00:34+00:00","dateModified":"2024-02-27T18:37:41+00:00","author":{"@id":"https:\/\/www.africa-press.net\/niger\/#\/schema\/person\/2b1cf3cd81a31e3cd26889ca66d677f1"},"description":"C\u2019est dans une ambiance de fe\u0302te que se sont ouverts ce lundi les travaux de la 10e e\u0301dition des journe\u0301es des communes ...","breadcrumb":{"@id":"https:\/\/www.africa-press.net\/niger\/politique\/diffa-accueille-en-grande-pompe-les-journees-des-communes#breadcrumb"},"inLanguage":"fr-FR","potentialAction":[{"@type":"ReadAction","target":["https:\/\/www.africa-press.net\/niger\/politique\/diffa-accueille-en-grande-pompe-les-journees-des-communes"]}]},{"@type":"ImageObject","inLanguage":"fr-FR","@id":"https:\/\/www.africa-press.net\/niger\/politique\/diffa-accueille-en-grande-pompe-les-journees-des-communes#primaryimage","url":"https:\/\/static.africa-press.net\/niger\/sites\/40\/2024\/02\/sm_1709046360.33864.jpg","contentUrl":"https:\/\/static.africa-press.net\/niger\/sites\/40\/2024\/02\/sm_1709046360.33864.jpg","width":780,"height":440,"caption":"Diffa accueille en grande pompe les journ\u00e9es des communes"},{"@type":"BreadcrumbList","@id":"https:\/\/www.africa-press.net\/niger\/politique\/diffa-accueille-en-grande-pompe-les-journees-des-communes#breadcrumb","itemListElement":[{"@type":"ListItem","position":1,"name":"Accueil","item":"https:\/\/www.africa-press.net\/niger\/"},{"@type":"ListItem","position":2,"name":"Diffa accueille en grande pompe les journ\u00e9es des communes"}]},{"@type":"WebSite","@id":"https:\/\/www.africa-press.net\/niger\/#website","url":"https:\/\/www.africa-press.net\/niger\/","name":"niger","description":"Just another Africa News Agency Sites site","potentialAction":[{"@type":"SearchAction","target":{"@type":"EntryPoint","urlTemplate":"https:\/\/www.africa-press.net\/niger\/?s={search_term_string}"},"query-input":{"@type":"PropertyValueSpecification","valueRequired":true,"valueName":"search_term_string"}}],"inLanguage":"fr-FR"},{"@type":"Person","@id":"https:\/\/www.africa-press.net\/niger\/#\/schema\/person\/2b1cf3cd81a31e3cd26889ca66d677f1","name":"cfeditorfr"}]}},"_links":{"self":[{"href":"https:\/\/www.africa-press.net\/niger\/wp-json\/wp\/v2\/posts\/59172","targetHints":{"allow":["GET"]}}],"collection":[{"href":"https:\/\/www.africa-press.net\/niger\/wp-json\/wp\/v2\/posts"}],"about":[{"href":"https:\/\/www.africa-press.net\/niger\/wp-json\/wp\/v2\/types\/post"}],"author":[{"embeddable":true,"href":"https:\/\/www.africa-press.net\/niger\/wp-json\/wp\/v2\/users\/82"}],"replies":[{"embeddable":true,"href":"https:\/\/www.africa-press.net\/niger\/wp-json\/wp\/v2\/comments?post=59172"}],"version-history":[{"count":0,"href":"https:\/\/www.africa-press.net\/niger\/wp-json\/wp\/v2\/posts\/59172\/revisions"}],"wp:featuredmedia":[{"embeddable":true,"href":"https:\/\/www.africa-press.net\/niger\/wp-json\/wp\/v2\/media\/59171"}],"wp:attachment":[{"href":"https:\/\/www.africa-press.net\/niger\/wp-json\/wp\/v2\/media?parent=59172"}],"wp:term":[{"taxonomy":"category","embeddable":true,"href":"https:\/\/www.africa-press.net\/niger\/wp-json\/wp\/v2\/categories?post=59172"},{"taxonomy":"post_tag","embeddable":true,"href":"https:\/\/www.africa-press.net\/niger\/wp-json\/wp\/v2\/tags?post=59172"}],"curies":[{"name":"wp","href":"https:\/\/api.w.org\/{rel}","templated":true}]}}