{"id":59180,"date":"2024-02-28T07:02:19","date_gmt":"2024-02-28T07:02:19","guid":{"rendered":"https:\/\/www.africa-press.net\/niger\/politique\/niger-mali-guinee-apres-la-levee-des-sanctions-economiques-quest-ce-qui-va-reellement-changer"},"modified":"2024-02-28T07:15:33","modified_gmt":"2024-02-28T07:15:33","slug":"niger-mali-guinee-apres-la-levee-des-sanctions-economiques-quest-ce-qui-va-reellement-changer","status":"publish","type":"post","link":"https:\/\/www.africa-press.net\/niger\/economie\/niger-mali-guinee-apres-la-levee-des-sanctions-economiques-quest-ce-qui-va-reellement-changer","title":{"rendered":"Niger, Mali, Guin\u00e9e\u2026 Apr\u00e8s la lev\u00e9e des sanctions \u00e9conomiques, qu\u2019est-ce qui va r\u00e9ellement changer ?"},"content":{"rendered":"<p><b>Nadoun Coulibaly <\/b><\/p>\n<p><span style=\"color: #ff6600\"><strong>Africa-Press &#8211; Niger. <\/strong><\/span><b>Bien que les ex-pays sanctionne\u0301s retrouvent l\u2019acce\u0300s aux e\u0301changes commerciaux et a\u0300 leurs re\u0301serves loge\u0301es au sein de la Banque centrale, les sce\u0301narios quant a\u0300 l\u2019avenir des relations entre l\u2019AES, d\u2019une part, et la Cedeao, d\u2019autre part, ne sont pas pour le moment unifie\u0301s.<\/b><\/p>\n<p>C\u2019est une main tendue du bloc re\u0301gional aux frondeurs de l\u2019Alliance des E\u0301tats du Sahel (AES) forme\u0301e par le Mali, le Burkina Faso et le Niger. Ces trois pays, alors sous sanctions, de\u0301cident en janvier dernier de claquer la porte de l\u2019organisation d\u2019inte\u0301gration e\u0301conomique.<\/p>\n<p>Ainsi, en pre\u0301lude au sommet d\u2019Abuja du 24 fe\u0301vrier, les dirigeants de l\u2019Union e\u0301conomique et mone\u0301taire ouest-africaine (Uemoa), re\u0301unis a\u0300 huis clos, sont tombe\u0301s d\u2019accord sur l\u2019urgence de lever les sanctions financie\u0300res les plus lourdes contre Niamey et les re\u0301gimes militaires de Bamako et de Ouagadougou. Une de\u0301cision reprise a\u0300 son compte par la Communaute\u0301 e\u0301conomique des E\u0301tats de l\u2019Afrique de l\u2019Ouest (Cedeao) dont l\u2019avenir est de\u0301sormais en suspens face a\u0300 la volonte\u0301 de retrait de l\u2019AES.<\/p>\n<p>Le dialogue entre l\u2019AES et la Cedeao sera-t-il re\u0301tabli ?<\/p>\n<p>Concre\u0300tement, Niamey retrouve l\u2019acce\u0300s aux comptes de l\u2019E\u0301tat loge\u0301s au sein de la Banque centrale des E\u0301tats d\u2019Afrique de l\u2019Ouest (BCEAO) ainsi qu\u2019a\u0300 la fluidite\u0301 des transactions financie\u0300res avec les autres pays de la Cedeao. Quant au Burkina, les sanctions reposaient uniquement sur l\u2019interdiction faite a\u0300 ses dirigeants de participer aux instances de l\u2019organisation re\u0301gionale et\/ou de voyager dans les E\u0301tats membres. Le pays a, jusque-la\u0300, e\u0301te\u0301 e\u0301pargne\u0301 par les sanctions financie\u0300res comme cela avait e\u0301te\u0301 le cas pour le Mali de janvier a\u0300 juin 2022 [elles ont depuis lors e\u0301te\u0301 abandonne\u0301es]. Enfin, la Guine\u0301e voit ses transactions et ses flux commerciaux re\u0301tablis avec le reste de la re\u0301gion. Elle posse\u0300de sa propre banque centrale, empe\u0302chant tout embargo financier sur les re\u0301serves du pays.<\/p>\n<p>Ces assouplissements vont-ils favoriser le dialogue et amener les pays de l\u2019AES a\u0300 reconside\u0301rer leur position ? Dans l\u2019attente d\u2019une re\u0301ponse politique concre\u0300te, et pour e\u0301viter toute de\u0301rive re\u0301gionale, les chefs d\u2019E\u0301tat ouest-africains ont passe\u0301 en revue les probables re\u0301percussions e\u0301conomiques majeures sur l\u2019ensemble des pays en cas de de\u0301part effectif des membres de l\u2019AES de la Cedeao.<\/p>\n<p>Alors que le sort re\u0301serve\u0301 au pre\u0301sident Mohamed Bazoum, toujours de\u0301tenu par la junte militaire dirige\u0301e par le ge\u0301ne\u0301ral Tiani, pre\u0301occupe ses anciens homologues, le pre\u0301sident togolais Faure Essozimna Gnassingbe\u0301 devra poursuivre les efforts de me\u0301diation pour concilier les \u00ab positions tranche\u0301es \u00bb des deux camps et sauver in fine la re\u0301gion d\u2019un possible e\u0301clatement. Les pourparlers s\u2019annoncent houleux notamment sur la question du mode\u0300le politique, les juntes militaires n\u2019ayant pas l\u2019intention d\u2019organiser des e\u0301lections dans leur pays. Cette e\u0301ventuelle exception devra faire jurisprudence, dans un espace unifie\u0301 salue\u0301 pour son mode\u0300le d\u2019inte\u0301gration e\u0301conomique.<\/p>\n<p><b>Trois sce\u0301narios possibles<\/b><\/p>\n<p>De\u0301sormais, plusieurs sce\u0301narios s\u2019ouvrent face a\u0300 l\u2019e\u0301ventualite\u0301 d\u2019un de\u0301part du trio sahe\u0301lien. D\u2019apre\u0300s un document de la Commission de la Cedeao, consulte\u0301 par Jeune Afrique, le retrait aura des implications politiques, socio-e\u0301conomiques, financie\u0300res et institutionnelles aussi bien pour les partants que pour l\u2019organisation re\u0301gionale. A\u0300 commencer par la lutte contre le terrorisme, l\u2019extre\u0301misme violent et le crime organise\u0301.<\/p>\n<p>Donc dans le cas d\u2019une rupture totale et dans l\u2019hypothe\u0300se ou\u0300 le retrait se concre\u0301tiserait, s\u2019alarme la Cedeao, la coope\u0301ration se\u0301curitaire sera enraille\u0301e au niveau des e\u0301changes de renseignements et de participation aux initiatives re\u0301gionales de lutte contre le terrorisme. De plus, la remise en cause du statut d\u2019immigration des citoyens de l\u2019espace communautaire, exempte\u0301s jusqu\u2019ici de formalite\u0301s d\u2019entre\u0301e sera toujours a\u0300 craindre. Pis, les financements estime\u0301s a\u0300 plus de 530 millions de dollars de projets ou programmes communautaires seront compromis.<\/p>\n<p>Dans l\u2019un des sce\u0301narios, plusieurs points majeurs ne sont pas concerne\u0301s pour le moment. C\u2019est notamment le cas du maintien ou non des pays de l\u2019AES dans le projet de monnaie commune, pre\u0301vue en 2027 et porte\u0301e par la Cedeao. L\u2019Alliance pro\u0302ne, en effet, la cre\u0301ation d\u2019une zone mone\u0301taire dont les contours restent flous et d\u2019une banque d\u2019investissement. Les ne\u0301gociateurs devraient trancher cette question dans le cas ou\u0300 le retrait viendrait a\u0300 e\u0302tre acte\u0301. Bien que le Burkina, le Mali et le Niger repre\u0301sentent ensemble environ 18 % des 425 millions d\u2019habitants de la re\u0301gion, ils ne pe\u0300sent que 10 % du PIB de la Cedeao.<\/p>\n<p>Enfin, un sce\u0301nario mois pessimiste consisterait, via des accords spe\u0301cifiques en matie\u0300re commerciale et tarifaire, a\u0300 ne\u0301gocier un maintien des financements communautaires et des parts de\u0301tenues par les E\u0301tats sahe\u0301liens dans le capital de la banque re\u0301gionale de de\u0301veloppement. Dans ce cas, la banque, qui a engage\u0301 plus de 321,6 millions d\u2019euros dans les trois pays, verra ses interventions maintenues. D\u2019autant que l\u2019AES de\u0301tient 22,5 % de la banque de la Cedeao pour un montant global de 33,14 millions de dollars, re\u0301partis a\u0300 13 millions pour Ouagadougou, 9,5 millions a\u0300 Bamako et le reliquat, soit 10,5 millions pour Niamey. En attendant, ses interventions (27 projets publics et 20 prive\u0301s) sont en berne.<\/p>\n<p><strong>Pour plus d&rsquo;informations et d&rsquo;analyses sur la <a href=\"https:\/\/www.africa-press.net\/niger\">Niger<\/a>, suivez <a href=\"https:\/\/www.africa-press.net\/\">Africa-Press<\/a><\/strong><\/p>\n","protected":false},"excerpt":{"rendered":"<p>Nadoun Coulibaly Africa-Press &#8211; Niger. Bien que les ex-pays sanctionne\u0301s retrouvent l\u2019acce\u0300s aux e\u0301changes commerciaux et a\u0300 leurs re\u0301serves loge\u0301es au sein de la Banque centrale, les sce\u0301narios quant a\u0300 l\u2019avenir des relations entre l\u2019AES, d\u2019une part, et la Cedeao, d\u2019autre part, ne sont pas pour le moment unifie\u0301s. C\u2019est une main tendue du bloc [&hellip;]<\/p>\n","protected":false},"author":82,"featured_media":59179,"comment_status":"open","ping_status":"closed","sticky":false,"template":"","format":"standard","meta":{"footnotes":""},"categories":[3,73,20,10],"tags":[55,60,29],"class_list":["post-59180","post","type-post","status-publish","format-standard","has-post-thumbnail","hentry","category-economie","category-to-homepage","category-top-nouvelles","category-toutes-les-actualites","tag-africa-press","tag-africa-press-niger","tag-niger"],"yoast_head":"<!-- This site is optimized with the Yoast SEO Premium plugin v26.1 (Yoast SEO v27.0) - https:\/\/yoast.com\/product\/yoast-seo-premium-wordpress\/ -->\n<title>Niger, Mali, Guin\u00e9e\u2026 Apr\u00e8s la lev\u00e9e des sanctions \u00e9conomiques, qu\u2019est-ce qui va r\u00e9ellement changer ? - niger<\/title>\n<meta name=\"description\" content=\"Bien que les ex-pays sanctionne\u0301s retrouvent l\u2019acce\u0300s aux e\u0301changes commerciaux et a\u0300 leurs re\u0301serves loge\u0301es au sein ...\" \/>\n<meta name=\"robots\" content=\"index, follow, max-snippet:-1, max-image-preview:large, max-video-preview:-1\" \/>\n<link rel=\"canonical\" href=\"https:\/\/www.africa-press.net\/niger\/economie\/niger-mali-guinee-apres-la-levee-des-sanctions-economiques-quest-ce-qui-va-reellement-changer\" \/>\n<meta property=\"og:locale\" content=\"fr_FR\" \/>\n<meta property=\"og:type\" content=\"article\" \/>\n<meta property=\"og:title\" content=\"Niger, Mali, Guin\u00e9e\u2026 Apr\u00e8s la lev\u00e9e des sanctions \u00e9conomiques, qu\u2019est-ce qui va r\u00e9ellement changer ?\" \/>\n<meta property=\"og:description\" content=\"Bien que les ex-pays sanctionne\u0301s retrouvent l\u2019acce\u0300s aux e\u0301changes commerciaux et a\u0300 leurs re\u0301serves loge\u0301es au sein ...\" \/>\n<meta property=\"og:url\" content=\"https:\/\/www.africa-press.net\/niger\/economie\/niger-mali-guinee-apres-la-levee-des-sanctions-economiques-quest-ce-qui-va-reellement-changer\" \/>\n<meta property=\"og:site_name\" content=\"niger\" \/>\n<meta property=\"article:published_time\" content=\"2024-02-28T07:02:19+00:00\" \/>\n<meta property=\"article:modified_time\" content=\"2024-02-28T07:15:33+00:00\" \/>\n<meta property=\"og:image\" content=\"https:\/\/static.africa-press.net\/niger\/sites\/40\/2024\/02\/sm_1709091827.952368.jpg\" \/>\n\t<meta property=\"og:image:width\" content=\"1280\" \/>\n\t<meta property=\"og:image:height\" content=\"720\" \/>\n\t<meta property=\"og:image:type\" content=\"image\/jpeg\" \/>\n<meta name=\"author\" content=\"cfeditorfr\" \/>\n<meta name=\"twitter:card\" content=\"summary_large_image\" \/>\n<meta name=\"twitter:label1\" content=\"\u00c9crit par\" \/>\n\t<meta name=\"twitter:data1\" content=\"cfeditorfr\" \/>\n\t<meta name=\"twitter:label2\" content=\"Dur\u00e9e de lecture estim\u00e9e\" \/>\n\t<meta name=\"twitter:data2\" content=\"5 minutes\" \/>\n<script type=\"application\/ld+json\" class=\"yoast-schema-graph\">{\"@context\":\"https:\/\/schema.org\",\"@graph\":[{\"@type\":\"Article\",\"@id\":\"https:\/\/www.africa-press.net\/niger\/economie\/niger-mali-guinee-apres-la-levee-des-sanctions-economiques-quest-ce-qui-va-reellement-changer#article\",\"isPartOf\":{\"@id\":\"https:\/\/www.africa-press.net\/niger\/economie\/niger-mali-guinee-apres-la-levee-des-sanctions-economiques-quest-ce-qui-va-reellement-changer\"},\"author\":{\"name\":\"cfeditorfr\",\"@id\":\"https:\/\/www.africa-press.net\/niger\/#\/schema\/person\/2b1cf3cd81a31e3cd26889ca66d677f1\"},\"headline\":\"Niger, Mali, Guin\u00e9e\u2026 Apr\u00e8s la lev\u00e9e des sanctions \u00e9conomiques, qu\u2019est-ce qui va r\u00e9ellement changer ?\",\"datePublished\":\"2024-02-28T07:02:19+00:00\",\"dateModified\":\"2024-02-28T07:15:33+00:00\",\"mainEntityOfPage\":{\"@id\":\"https:\/\/www.africa-press.net\/niger\/economie\/niger-mali-guinee-apres-la-levee-des-sanctions-economiques-quest-ce-qui-va-reellement-changer\"},\"wordCount\":1007,\"commentCount\":0,\"image\":{\"@id\":\"https:\/\/www.africa-press.net\/niger\/economie\/niger-mali-guinee-apres-la-levee-des-sanctions-economiques-quest-ce-qui-va-reellement-changer#primaryimage\"},\"thumbnailUrl\":\"https:\/\/static.africa-press.net\/niger\/sites\/40\/2024\/02\/sm_1709091827.952368.jpg\",\"keywords\":[\"Africa Press\",\"Africa Press-Niger\",\"Niger\"],\"articleSection\":[\"\u00c9conomie\",\"to-homepage\",\"Top Nouvelles\",\"Toutes les actualit\u00e9s\"],\"inLanguage\":\"fr-FR\",\"potentialAction\":[{\"@type\":\"CommentAction\",\"name\":\"Comment\",\"target\":[\"https:\/\/www.africa-press.net\/niger\/economie\/niger-mali-guinee-apres-la-levee-des-sanctions-economiques-quest-ce-qui-va-reellement-changer#respond\"]}]},{\"@type\":\"WebPage\",\"@id\":\"https:\/\/www.africa-press.net\/niger\/economie\/niger-mali-guinee-apres-la-levee-des-sanctions-economiques-quest-ce-qui-va-reellement-changer\",\"url\":\"https:\/\/www.africa-press.net\/niger\/economie\/niger-mali-guinee-apres-la-levee-des-sanctions-economiques-quest-ce-qui-va-reellement-changer\",\"name\":\"Niger, Mali, Guin\u00e9e\u2026 Apr\u00e8s la lev\u00e9e des sanctions \u00e9conomiques, qu\u2019est-ce qui va r\u00e9ellement changer ? - niger\",\"isPartOf\":{\"@id\":\"https:\/\/www.africa-press.net\/niger\/#website\"},\"primaryImageOfPage\":{\"@id\":\"https:\/\/www.africa-press.net\/niger\/economie\/niger-mali-guinee-apres-la-levee-des-sanctions-economiques-quest-ce-qui-va-reellement-changer#primaryimage\"},\"image\":{\"@id\":\"https:\/\/www.africa-press.net\/niger\/economie\/niger-mali-guinee-apres-la-levee-des-sanctions-economiques-quest-ce-qui-va-reellement-changer#primaryimage\"},\"thumbnailUrl\":\"https:\/\/static.africa-press.net\/niger\/sites\/40\/2024\/02\/sm_1709091827.952368.jpg\",\"datePublished\":\"2024-02-28T07:02:19+00:00\",\"dateModified\":\"2024-02-28T07:15:33+00:00\",\"author\":{\"@id\":\"https:\/\/www.africa-press.net\/niger\/#\/schema\/person\/2b1cf3cd81a31e3cd26889ca66d677f1\"},\"description\":\"Bien que les ex-pays sanctionne\u0301s retrouvent l\u2019acce\u0300s aux e\u0301changes commerciaux et a\u0300 leurs re\u0301serves loge\u0301es au sein ...\",\"breadcrumb\":{\"@id\":\"https:\/\/www.africa-press.net\/niger\/economie\/niger-mali-guinee-apres-la-levee-des-sanctions-economiques-quest-ce-qui-va-reellement-changer#breadcrumb\"},\"inLanguage\":\"fr-FR\",\"potentialAction\":[{\"@type\":\"ReadAction\",\"target\":[\"https:\/\/www.africa-press.net\/niger\/economie\/niger-mali-guinee-apres-la-levee-des-sanctions-economiques-quest-ce-qui-va-reellement-changer\"]}]},{\"@type\":\"ImageObject\",\"inLanguage\":\"fr-FR\",\"@id\":\"https:\/\/www.africa-press.net\/niger\/economie\/niger-mali-guinee-apres-la-levee-des-sanctions-economiques-quest-ce-qui-va-reellement-changer#primaryimage\",\"url\":\"https:\/\/static.africa-press.net\/niger\/sites\/40\/2024\/02\/sm_1709091827.952368.jpg\",\"contentUrl\":\"https:\/\/static.africa-press.net\/niger\/sites\/40\/2024\/02\/sm_1709091827.952368.jpg\",\"width\":1280,\"height\":720,\"caption\":\"Niger, Mali, Guin\u00e9e\u2026 Apr\u00e8s la lev\u00e9e des sanctions \u00e9conomiques, qu\u2019est-ce qui va r\u00e9ellement changer ?\"},{\"@type\":\"BreadcrumbList\",\"@id\":\"https:\/\/www.africa-press.net\/niger\/economie\/niger-mali-guinee-apres-la-levee-des-sanctions-economiques-quest-ce-qui-va-reellement-changer#breadcrumb\",\"itemListElement\":[{\"@type\":\"ListItem\",\"position\":1,\"name\":\"Accueil\",\"item\":\"https:\/\/www.africa-press.net\/niger\/\"},{\"@type\":\"ListItem\",\"position\":2,\"name\":\"Niger, Mali, Guin\u00e9e\u2026 Apr\u00e8s la lev\u00e9e des sanctions \u00e9conomiques, qu\u2019est-ce qui va r\u00e9ellement changer ?\"}]},{\"@type\":\"WebSite\",\"@id\":\"https:\/\/www.africa-press.net\/niger\/#website\",\"url\":\"https:\/\/www.africa-press.net\/niger\/\",\"name\":\"niger\",\"description\":\"Just another Africa News Agency Sites site\",\"potentialAction\":[{\"@type\":\"SearchAction\",\"target\":{\"@type\":\"EntryPoint\",\"urlTemplate\":\"https:\/\/www.africa-press.net\/niger\/?s={search_term_string}\"},\"query-input\":{\"@type\":\"PropertyValueSpecification\",\"valueRequired\":true,\"valueName\":\"search_term_string\"}}],\"inLanguage\":\"fr-FR\"},{\"@type\":\"Person\",\"@id\":\"https:\/\/www.africa-press.net\/niger\/#\/schema\/person\/2b1cf3cd81a31e3cd26889ca66d677f1\",\"name\":\"cfeditorfr\"}]}<\/script>\n<!-- \/ Yoast SEO Premium plugin. -->","yoast_head_json":{"title":"Niger, Mali, Guin\u00e9e\u2026 Apr\u00e8s la lev\u00e9e des sanctions \u00e9conomiques, qu\u2019est-ce qui va r\u00e9ellement changer ? - niger","description":"Bien que les ex-pays sanctionne\u0301s retrouvent l\u2019acce\u0300s aux e\u0301changes commerciaux et a\u0300 leurs re\u0301serves loge\u0301es au sein ...","robots":{"index":"index","follow":"follow","max-snippet":"max-snippet:-1","max-image-preview":"max-image-preview:large","max-video-preview":"max-video-preview:-1"},"canonical":"https:\/\/www.africa-press.net\/niger\/economie\/niger-mali-guinee-apres-la-levee-des-sanctions-economiques-quest-ce-qui-va-reellement-changer","og_locale":"fr_FR","og_type":"article","og_title":"Niger, Mali, Guin\u00e9e\u2026 Apr\u00e8s la lev\u00e9e des sanctions \u00e9conomiques, qu\u2019est-ce qui va r\u00e9ellement changer ?","og_description":"Bien que les ex-pays sanctionne\u0301s retrouvent l\u2019acce\u0300s aux e\u0301changes commerciaux et a\u0300 leurs re\u0301serves loge\u0301es au sein ...","og_url":"https:\/\/www.africa-press.net\/niger\/economie\/niger-mali-guinee-apres-la-levee-des-sanctions-economiques-quest-ce-qui-va-reellement-changer","og_site_name":"niger","article_published_time":"2024-02-28T07:02:19+00:00","article_modified_time":"2024-02-28T07:15:33+00:00","og_image":[{"width":1280,"height":720,"url":"https:\/\/static.africa-press.net\/niger\/sites\/40\/2024\/02\/sm_1709091827.952368.jpg","type":"image\/jpeg"}],"author":"cfeditorfr","twitter_card":"summary_large_image","twitter_misc":{"\u00c9crit par":"cfeditorfr","Dur\u00e9e de lecture estim\u00e9e":"5 minutes"},"schema":{"@context":"https:\/\/schema.org","@graph":[{"@type":"Article","@id":"https:\/\/www.africa-press.net\/niger\/economie\/niger-mali-guinee-apres-la-levee-des-sanctions-economiques-quest-ce-qui-va-reellement-changer#article","isPartOf":{"@id":"https:\/\/www.africa-press.net\/niger\/economie\/niger-mali-guinee-apres-la-levee-des-sanctions-economiques-quest-ce-qui-va-reellement-changer"},"author":{"name":"cfeditorfr","@id":"https:\/\/www.africa-press.net\/niger\/#\/schema\/person\/2b1cf3cd81a31e3cd26889ca66d677f1"},"headline":"Niger, Mali, Guin\u00e9e\u2026 Apr\u00e8s la lev\u00e9e des sanctions \u00e9conomiques, qu\u2019est-ce qui va r\u00e9ellement changer ?","datePublished":"2024-02-28T07:02:19+00:00","dateModified":"2024-02-28T07:15:33+00:00","mainEntityOfPage":{"@id":"https:\/\/www.africa-press.net\/niger\/economie\/niger-mali-guinee-apres-la-levee-des-sanctions-economiques-quest-ce-qui-va-reellement-changer"},"wordCount":1007,"commentCount":0,"image":{"@id":"https:\/\/www.africa-press.net\/niger\/economie\/niger-mali-guinee-apres-la-levee-des-sanctions-economiques-quest-ce-qui-va-reellement-changer#primaryimage"},"thumbnailUrl":"https:\/\/static.africa-press.net\/niger\/sites\/40\/2024\/02\/sm_1709091827.952368.jpg","keywords":["Africa Press","Africa Press-Niger","Niger"],"articleSection":["\u00c9conomie","to-homepage","Top Nouvelles","Toutes les actualit\u00e9s"],"inLanguage":"fr-FR","potentialAction":[{"@type":"CommentAction","name":"Comment","target":["https:\/\/www.africa-press.net\/niger\/economie\/niger-mali-guinee-apres-la-levee-des-sanctions-economiques-quest-ce-qui-va-reellement-changer#respond"]}]},{"@type":"WebPage","@id":"https:\/\/www.africa-press.net\/niger\/economie\/niger-mali-guinee-apres-la-levee-des-sanctions-economiques-quest-ce-qui-va-reellement-changer","url":"https:\/\/www.africa-press.net\/niger\/economie\/niger-mali-guinee-apres-la-levee-des-sanctions-economiques-quest-ce-qui-va-reellement-changer","name":"Niger, Mali, Guin\u00e9e\u2026 Apr\u00e8s la lev\u00e9e des sanctions \u00e9conomiques, qu\u2019est-ce qui va r\u00e9ellement changer ? - niger","isPartOf":{"@id":"https:\/\/www.africa-press.net\/niger\/#website"},"primaryImageOfPage":{"@id":"https:\/\/www.africa-press.net\/niger\/economie\/niger-mali-guinee-apres-la-levee-des-sanctions-economiques-quest-ce-qui-va-reellement-changer#primaryimage"},"image":{"@id":"https:\/\/www.africa-press.net\/niger\/economie\/niger-mali-guinee-apres-la-levee-des-sanctions-economiques-quest-ce-qui-va-reellement-changer#primaryimage"},"thumbnailUrl":"https:\/\/static.africa-press.net\/niger\/sites\/40\/2024\/02\/sm_1709091827.952368.jpg","datePublished":"2024-02-28T07:02:19+00:00","dateModified":"2024-02-28T07:15:33+00:00","author":{"@id":"https:\/\/www.africa-press.net\/niger\/#\/schema\/person\/2b1cf3cd81a31e3cd26889ca66d677f1"},"description":"Bien que les ex-pays sanctionne\u0301s retrouvent l\u2019acce\u0300s aux e\u0301changes commerciaux et a\u0300 leurs re\u0301serves loge\u0301es au sein ...","breadcrumb":{"@id":"https:\/\/www.africa-press.net\/niger\/economie\/niger-mali-guinee-apres-la-levee-des-sanctions-economiques-quest-ce-qui-va-reellement-changer#breadcrumb"},"inLanguage":"fr-FR","potentialAction":[{"@type":"ReadAction","target":["https:\/\/www.africa-press.net\/niger\/economie\/niger-mali-guinee-apres-la-levee-des-sanctions-economiques-quest-ce-qui-va-reellement-changer"]}]},{"@type":"ImageObject","inLanguage":"fr-FR","@id":"https:\/\/www.africa-press.net\/niger\/economie\/niger-mali-guinee-apres-la-levee-des-sanctions-economiques-quest-ce-qui-va-reellement-changer#primaryimage","url":"https:\/\/static.africa-press.net\/niger\/sites\/40\/2024\/02\/sm_1709091827.952368.jpg","contentUrl":"https:\/\/static.africa-press.net\/niger\/sites\/40\/2024\/02\/sm_1709091827.952368.jpg","width":1280,"height":720,"caption":"Niger, Mali, Guin\u00e9e\u2026 Apr\u00e8s la lev\u00e9e des sanctions \u00e9conomiques, qu\u2019est-ce qui va r\u00e9ellement changer ?"},{"@type":"BreadcrumbList","@id":"https:\/\/www.africa-press.net\/niger\/economie\/niger-mali-guinee-apres-la-levee-des-sanctions-economiques-quest-ce-qui-va-reellement-changer#breadcrumb","itemListElement":[{"@type":"ListItem","position":1,"name":"Accueil","item":"https:\/\/www.africa-press.net\/niger\/"},{"@type":"ListItem","position":2,"name":"Niger, Mali, Guin\u00e9e\u2026 Apr\u00e8s la lev\u00e9e des sanctions \u00e9conomiques, qu\u2019est-ce qui va r\u00e9ellement changer ?"}]},{"@type":"WebSite","@id":"https:\/\/www.africa-press.net\/niger\/#website","url":"https:\/\/www.africa-press.net\/niger\/","name":"niger","description":"Just another Africa News Agency Sites site","potentialAction":[{"@type":"SearchAction","target":{"@type":"EntryPoint","urlTemplate":"https:\/\/www.africa-press.net\/niger\/?s={search_term_string}"},"query-input":{"@type":"PropertyValueSpecification","valueRequired":true,"valueName":"search_term_string"}}],"inLanguage":"fr-FR"},{"@type":"Person","@id":"https:\/\/www.africa-press.net\/niger\/#\/schema\/person\/2b1cf3cd81a31e3cd26889ca66d677f1","name":"cfeditorfr"}]}},"_links":{"self":[{"href":"https:\/\/www.africa-press.net\/niger\/wp-json\/wp\/v2\/posts\/59180","targetHints":{"allow":["GET"]}}],"collection":[{"href":"https:\/\/www.africa-press.net\/niger\/wp-json\/wp\/v2\/posts"}],"about":[{"href":"https:\/\/www.africa-press.net\/niger\/wp-json\/wp\/v2\/types\/post"}],"author":[{"embeddable":true,"href":"https:\/\/www.africa-press.net\/niger\/wp-json\/wp\/v2\/users\/82"}],"replies":[{"embeddable":true,"href":"https:\/\/www.africa-press.net\/niger\/wp-json\/wp\/v2\/comments?post=59180"}],"version-history":[{"count":0,"href":"https:\/\/www.africa-press.net\/niger\/wp-json\/wp\/v2\/posts\/59180\/revisions"}],"wp:featuredmedia":[{"embeddable":true,"href":"https:\/\/www.africa-press.net\/niger\/wp-json\/wp\/v2\/media\/59179"}],"wp:attachment":[{"href":"https:\/\/www.africa-press.net\/niger\/wp-json\/wp\/v2\/media?parent=59180"}],"wp:term":[{"taxonomy":"category","embeddable":true,"href":"https:\/\/www.africa-press.net\/niger\/wp-json\/wp\/v2\/categories?post=59180"},{"taxonomy":"post_tag","embeddable":true,"href":"https:\/\/www.africa-press.net\/niger\/wp-json\/wp\/v2\/tags?post=59180"}],"curies":[{"name":"wp","href":"https:\/\/api.w.org\/{rel}","templated":true}]}}