{"id":59192,"date":"2024-02-28T17:39:32","date_gmt":"2024-02-28T17:39:32","guid":{"rendered":"https:\/\/www.africa-press.net\/niger\/politique\/transport-aerien-asky-annonce-la-reprise-de-ses-vols-vers-le-niger-apres-plus-de-7-mois-de-suspension"},"modified":"2024-02-28T18:27:25","modified_gmt":"2024-02-28T18:27:25","slug":"transport-aerien-asky-annonce-la-reprise-de-ses-vols-vers-le-niger-apres-plus-de-7-mois-de-suspension","status":"publish","type":"post","link":"https:\/\/www.africa-press.net\/niger\/economie\/transport-aerien-asky-annonce-la-reprise-de-ses-vols-vers-le-niger-apres-plus-de-7-mois-de-suspension","title":{"rendered":"Transport a\u00e9rien: Asky annonce la reprise de ses vols vers le Niger apr\u00e8s plus de 7 mois de suspension"},"content":{"rendered":"<p><span style=\"color: #ff6600\"><strong>Africa-Press &#8211; Niger. <\/strong><\/span>La compagnie ae\u0301rienne panafricaine Asky, base\u0301e a\u0300 Lome\u0301, a annonce\u0301 sur ses canaux sociaux la reprise de ses vols vers le Niger (Niamey) a\u0300 partir du 2 mars prochain.<\/p>\n<p>Cette reprise intervient apre\u0300s plus de 7 mois de suspension des services vers le Niger, conse\u0301quence des sanctions de la CEDEAO contre le pays a\u0300 la suite du coup d&rsquo;E\u0301tat ayant renverse\u0301 le pre\u0301sident Mohammed Bazoum en juillet 2023. Ces sanctions ont finalement e\u0301te\u0301 leve\u0301es par la Communaute\u0301 sous-re\u0301gionale, ouvrant la voie a\u0300 une normalisation progressive du trafic ae\u0301rien sous-re\u0301gional depuis le hub de Lome\u0301.<\/p>\n<p>Asky, soutenue par des institutions bancaires re\u0301gionales africaines telles que la Banque d&rsquo;Investissement et de De\u0301veloppement de la CEDEAO (BIDC), la Banque Ouest-Africaine de De\u0301veloppement (BOAD) et le groupe ECOBANK (ETI), compte Ethiopian Airlines comme partenaire strate\u0301gique et le Togo comme actionnaire.<\/p>\n<p>La compagnie ope\u0300re actuellement avec une flotte de quatorze appareils, desservant vingt-huit villes dans vingt-six pays africains.<\/p>\n<p><strong>Pour plus d&rsquo;informations et d&rsquo;analyses sur la <a href=\"https:\/\/www.africa-press.net\/niger\">Niger<\/a>, suivez <a href=\"https:\/\/www.africa-press.net\/\">Africa-Press<\/a><\/strong><\/p>\n","protected":false},"excerpt":{"rendered":"<p>Africa-Press &#8211; Niger. La compagnie ae\u0301rienne panafricaine Asky, base\u0301e a\u0300 Lome\u0301, a annonce\u0301 sur ses canaux sociaux la reprise de ses vols vers le Niger (Niamey) a\u0300 partir du 2 mars prochain. Cette reprise intervient apre\u0300s plus de 7 mois de suspension des services vers le Niger, conse\u0301quence des sanctions de la CEDEAO contre le [&hellip;]<\/p>\n","protected":false},"author":82,"featured_media":59191,"comment_status":"open","ping_status":"closed","sticky":false,"template":"","format":"standard","meta":{"footnotes":""},"categories":[3,73,10],"tags":[55,60,29],"class_list":["post-59192","post","type-post","status-publish","format-standard","has-post-thumbnail","hentry","category-economie","category-to-homepage","category-toutes-les-actualites","tag-africa-press","tag-africa-press-niger","tag-niger"],"yoast_head":"<!-- This site is optimized with the Yoast SEO Premium plugin v26.1 (Yoast SEO v27.0) - https:\/\/yoast.com\/product\/yoast-seo-premium-wordpress\/ -->\n<title>Transport a\u00e9rien: Asky annonce la reprise de ses vols vers le Niger apr\u00e8s plus de 7 mois de suspension - niger<\/title>\n<meta name=\"description\" content=\"La compagnie ae\u0301rienne panafricaine Asky, base\u0301e a\u0300 Lome\u0301, a annonce\u0301 sur ses canaux sociaux la reprise de ses vols vers ...\" \/>\n<meta name=\"robots\" content=\"index, follow, max-snippet:-1, max-image-preview:large, max-video-preview:-1\" \/>\n<link rel=\"canonical\" href=\"https:\/\/www.africa-press.net\/niger\/economie\/transport-aerien-asky-annonce-la-reprise-de-ses-vols-vers-le-niger-apres-plus-de-7-mois-de-suspension\" \/>\n<meta property=\"og:locale\" content=\"fr_FR\" \/>\n<meta property=\"og:type\" content=\"article\" \/>\n<meta property=\"og:title\" content=\"Transport a\u00e9rien: Asky annonce la reprise de ses vols vers le Niger apr\u00e8s plus de 7 mois de suspension\" \/>\n<meta property=\"og:description\" content=\"La compagnie ae\u0301rienne panafricaine Asky, base\u0301e a\u0300 Lome\u0301, a annonce\u0301 sur ses canaux sociaux la reprise de ses vols vers ...\" \/>\n<meta property=\"og:url\" content=\"https:\/\/www.africa-press.net\/niger\/economie\/transport-aerien-asky-annonce-la-reprise-de-ses-vols-vers-le-niger-apres-plus-de-7-mois-de-suspension\" \/>\n<meta property=\"og:site_name\" content=\"niger\" \/>\n<meta property=\"article:published_time\" content=\"2024-02-28T17:39:32+00:00\" \/>\n<meta property=\"article:modified_time\" content=\"2024-02-28T18:27:25+00:00\" \/>\n<meta property=\"og:image\" content=\"https:\/\/static.africa-press.net\/niger\/sites\/40\/2024\/02\/sm_1709132164.425858.jpg\" \/>\n\t<meta property=\"og:image:width\" content=\"720\" \/>\n\t<meta property=\"og:image:height\" content=\"456\" \/>\n\t<meta property=\"og:image:type\" content=\"image\/jpeg\" \/>\n<meta name=\"author\" content=\"cfeditorfr\" \/>\n<meta name=\"twitter:card\" content=\"summary_large_image\" \/>\n<meta name=\"twitter:label1\" content=\"\u00c9crit par\" \/>\n\t<meta name=\"twitter:data1\" content=\"cfeditorfr\" \/>\n\t<meta name=\"twitter:label2\" content=\"Dur\u00e9e de lecture estim\u00e9e\" \/>\n\t<meta name=\"twitter:data2\" content=\"2 minutes\" \/>\n<script type=\"application\/ld+json\" class=\"yoast-schema-graph\">{\"@context\":\"https:\/\/schema.org\",\"@graph\":[{\"@type\":\"Article\",\"@id\":\"https:\/\/www.africa-press.net\/niger\/economie\/transport-aerien-asky-annonce-la-reprise-de-ses-vols-vers-le-niger-apres-plus-de-7-mois-de-suspension#article\",\"isPartOf\":{\"@id\":\"https:\/\/www.africa-press.net\/niger\/economie\/transport-aerien-asky-annonce-la-reprise-de-ses-vols-vers-le-niger-apres-plus-de-7-mois-de-suspension\"},\"author\":{\"name\":\"cfeditorfr\",\"@id\":\"https:\/\/www.africa-press.net\/niger\/#\/schema\/person\/2b1cf3cd81a31e3cd26889ca66d677f1\"},\"headline\":\"Transport a\u00e9rien: Asky annonce la reprise de ses vols vers le Niger apr\u00e8s plus de 7 mois de suspension\",\"datePublished\":\"2024-02-28T17:39:32+00:00\",\"dateModified\":\"2024-02-28T18:27:25+00:00\",\"mainEntityOfPage\":{\"@id\":\"https:\/\/www.africa-press.net\/niger\/economie\/transport-aerien-asky-annonce-la-reprise-de-ses-vols-vers-le-niger-apres-plus-de-7-mois-de-suspension\"},\"wordCount\":203,\"commentCount\":0,\"image\":{\"@id\":\"https:\/\/www.africa-press.net\/niger\/economie\/transport-aerien-asky-annonce-la-reprise-de-ses-vols-vers-le-niger-apres-plus-de-7-mois-de-suspension#primaryimage\"},\"thumbnailUrl\":\"https:\/\/static.africa-press.net\/niger\/sites\/40\/2024\/02\/sm_1709132164.425858.jpg\",\"keywords\":[\"Africa Press\",\"Africa Press-Niger\",\"Niger\"],\"articleSection\":[\"\u00c9conomie\",\"to-homepage\",\"Toutes les actualit\u00e9s\"],\"inLanguage\":\"fr-FR\",\"potentialAction\":[{\"@type\":\"CommentAction\",\"name\":\"Comment\",\"target\":[\"https:\/\/www.africa-press.net\/niger\/economie\/transport-aerien-asky-annonce-la-reprise-de-ses-vols-vers-le-niger-apres-plus-de-7-mois-de-suspension#respond\"]}]},{\"@type\":\"WebPage\",\"@id\":\"https:\/\/www.africa-press.net\/niger\/economie\/transport-aerien-asky-annonce-la-reprise-de-ses-vols-vers-le-niger-apres-plus-de-7-mois-de-suspension\",\"url\":\"https:\/\/www.africa-press.net\/niger\/economie\/transport-aerien-asky-annonce-la-reprise-de-ses-vols-vers-le-niger-apres-plus-de-7-mois-de-suspension\",\"name\":\"Transport a\u00e9rien: Asky annonce la reprise de ses vols vers le Niger apr\u00e8s plus de 7 mois de suspension - niger\",\"isPartOf\":{\"@id\":\"https:\/\/www.africa-press.net\/niger\/#website\"},\"primaryImageOfPage\":{\"@id\":\"https:\/\/www.africa-press.net\/niger\/economie\/transport-aerien-asky-annonce-la-reprise-de-ses-vols-vers-le-niger-apres-plus-de-7-mois-de-suspension#primaryimage\"},\"image\":{\"@id\":\"https:\/\/www.africa-press.net\/niger\/economie\/transport-aerien-asky-annonce-la-reprise-de-ses-vols-vers-le-niger-apres-plus-de-7-mois-de-suspension#primaryimage\"},\"thumbnailUrl\":\"https:\/\/static.africa-press.net\/niger\/sites\/40\/2024\/02\/sm_1709132164.425858.jpg\",\"datePublished\":\"2024-02-28T17:39:32+00:00\",\"dateModified\":\"2024-02-28T18:27:25+00:00\",\"author\":{\"@id\":\"https:\/\/www.africa-press.net\/niger\/#\/schema\/person\/2b1cf3cd81a31e3cd26889ca66d677f1\"},\"description\":\"La compagnie ae\u0301rienne panafricaine Asky, base\u0301e a\u0300 Lome\u0301, a annonce\u0301 sur ses canaux sociaux la reprise de ses vols vers ...\",\"breadcrumb\":{\"@id\":\"https:\/\/www.africa-press.net\/niger\/economie\/transport-aerien-asky-annonce-la-reprise-de-ses-vols-vers-le-niger-apres-plus-de-7-mois-de-suspension#breadcrumb\"},\"inLanguage\":\"fr-FR\",\"potentialAction\":[{\"@type\":\"ReadAction\",\"target\":[\"https:\/\/www.africa-press.net\/niger\/economie\/transport-aerien-asky-annonce-la-reprise-de-ses-vols-vers-le-niger-apres-plus-de-7-mois-de-suspension\"]}]},{\"@type\":\"ImageObject\",\"inLanguage\":\"fr-FR\",\"@id\":\"https:\/\/www.africa-press.net\/niger\/economie\/transport-aerien-asky-annonce-la-reprise-de-ses-vols-vers-le-niger-apres-plus-de-7-mois-de-suspension#primaryimage\",\"url\":\"https:\/\/static.africa-press.net\/niger\/sites\/40\/2024\/02\/sm_1709132164.425858.jpg\",\"contentUrl\":\"https:\/\/static.africa-press.net\/niger\/sites\/40\/2024\/02\/sm_1709132164.425858.jpg\",\"width\":720,\"height\":456,\"caption\":\"Transport a\u00e9rien: Asky annonce la reprise de ses vols vers le Niger apr\u00e8s plus de 7 mois de suspension\"},{\"@type\":\"BreadcrumbList\",\"@id\":\"https:\/\/www.africa-press.net\/niger\/economie\/transport-aerien-asky-annonce-la-reprise-de-ses-vols-vers-le-niger-apres-plus-de-7-mois-de-suspension#breadcrumb\",\"itemListElement\":[{\"@type\":\"ListItem\",\"position\":1,\"name\":\"Accueil\",\"item\":\"https:\/\/www.africa-press.net\/niger\/\"},{\"@type\":\"ListItem\",\"position\":2,\"name\":\"Transport a\u00e9rien: Asky annonce la reprise de ses vols vers le Niger apr\u00e8s plus de 7 mois de suspension\"}]},{\"@type\":\"WebSite\",\"@id\":\"https:\/\/www.africa-press.net\/niger\/#website\",\"url\":\"https:\/\/www.africa-press.net\/niger\/\",\"name\":\"niger\",\"description\":\"Just another Africa News Agency Sites site\",\"potentialAction\":[{\"@type\":\"SearchAction\",\"target\":{\"@type\":\"EntryPoint\",\"urlTemplate\":\"https:\/\/www.africa-press.net\/niger\/?s={search_term_string}\"},\"query-input\":{\"@type\":\"PropertyValueSpecification\",\"valueRequired\":true,\"valueName\":\"search_term_string\"}}],\"inLanguage\":\"fr-FR\"},{\"@type\":\"Person\",\"@id\":\"https:\/\/www.africa-press.net\/niger\/#\/schema\/person\/2b1cf3cd81a31e3cd26889ca66d677f1\",\"name\":\"cfeditorfr\"}]}<\/script>\n<!-- \/ Yoast SEO Premium plugin. -->","yoast_head_json":{"title":"Transport a\u00e9rien: Asky annonce la reprise de ses vols vers le Niger apr\u00e8s plus de 7 mois de suspension - niger","description":"La compagnie ae\u0301rienne panafricaine Asky, base\u0301e a\u0300 Lome\u0301, a annonce\u0301 sur ses canaux sociaux la reprise de ses vols vers ...","robots":{"index":"index","follow":"follow","max-snippet":"max-snippet:-1","max-image-preview":"max-image-preview:large","max-video-preview":"max-video-preview:-1"},"canonical":"https:\/\/www.africa-press.net\/niger\/economie\/transport-aerien-asky-annonce-la-reprise-de-ses-vols-vers-le-niger-apres-plus-de-7-mois-de-suspension","og_locale":"fr_FR","og_type":"article","og_title":"Transport a\u00e9rien: Asky annonce la reprise de ses vols vers le Niger apr\u00e8s plus de 7 mois de suspension","og_description":"La compagnie ae\u0301rienne panafricaine Asky, base\u0301e a\u0300 Lome\u0301, a annonce\u0301 sur ses canaux sociaux la reprise de ses vols vers ...","og_url":"https:\/\/www.africa-press.net\/niger\/economie\/transport-aerien-asky-annonce-la-reprise-de-ses-vols-vers-le-niger-apres-plus-de-7-mois-de-suspension","og_site_name":"niger","article_published_time":"2024-02-28T17:39:32+00:00","article_modified_time":"2024-02-28T18:27:25+00:00","og_image":[{"width":720,"height":456,"url":"https:\/\/static.africa-press.net\/niger\/sites\/40\/2024\/02\/sm_1709132164.425858.jpg","type":"image\/jpeg"}],"author":"cfeditorfr","twitter_card":"summary_large_image","twitter_misc":{"\u00c9crit par":"cfeditorfr","Dur\u00e9e de lecture estim\u00e9e":"2 minutes"},"schema":{"@context":"https:\/\/schema.org","@graph":[{"@type":"Article","@id":"https:\/\/www.africa-press.net\/niger\/economie\/transport-aerien-asky-annonce-la-reprise-de-ses-vols-vers-le-niger-apres-plus-de-7-mois-de-suspension#article","isPartOf":{"@id":"https:\/\/www.africa-press.net\/niger\/economie\/transport-aerien-asky-annonce-la-reprise-de-ses-vols-vers-le-niger-apres-plus-de-7-mois-de-suspension"},"author":{"name":"cfeditorfr","@id":"https:\/\/www.africa-press.net\/niger\/#\/schema\/person\/2b1cf3cd81a31e3cd26889ca66d677f1"},"headline":"Transport a\u00e9rien: Asky annonce la reprise de ses vols vers le Niger apr\u00e8s plus de 7 mois de suspension","datePublished":"2024-02-28T17:39:32+00:00","dateModified":"2024-02-28T18:27:25+00:00","mainEntityOfPage":{"@id":"https:\/\/www.africa-press.net\/niger\/economie\/transport-aerien-asky-annonce-la-reprise-de-ses-vols-vers-le-niger-apres-plus-de-7-mois-de-suspension"},"wordCount":203,"commentCount":0,"image":{"@id":"https:\/\/www.africa-press.net\/niger\/economie\/transport-aerien-asky-annonce-la-reprise-de-ses-vols-vers-le-niger-apres-plus-de-7-mois-de-suspension#primaryimage"},"thumbnailUrl":"https:\/\/static.africa-press.net\/niger\/sites\/40\/2024\/02\/sm_1709132164.425858.jpg","keywords":["Africa Press","Africa Press-Niger","Niger"],"articleSection":["\u00c9conomie","to-homepage","Toutes les actualit\u00e9s"],"inLanguage":"fr-FR","potentialAction":[{"@type":"CommentAction","name":"Comment","target":["https:\/\/www.africa-press.net\/niger\/economie\/transport-aerien-asky-annonce-la-reprise-de-ses-vols-vers-le-niger-apres-plus-de-7-mois-de-suspension#respond"]}]},{"@type":"WebPage","@id":"https:\/\/www.africa-press.net\/niger\/economie\/transport-aerien-asky-annonce-la-reprise-de-ses-vols-vers-le-niger-apres-plus-de-7-mois-de-suspension","url":"https:\/\/www.africa-press.net\/niger\/economie\/transport-aerien-asky-annonce-la-reprise-de-ses-vols-vers-le-niger-apres-plus-de-7-mois-de-suspension","name":"Transport a\u00e9rien: Asky annonce la reprise de ses vols vers le Niger apr\u00e8s plus de 7 mois de suspension - niger","isPartOf":{"@id":"https:\/\/www.africa-press.net\/niger\/#website"},"primaryImageOfPage":{"@id":"https:\/\/www.africa-press.net\/niger\/economie\/transport-aerien-asky-annonce-la-reprise-de-ses-vols-vers-le-niger-apres-plus-de-7-mois-de-suspension#primaryimage"},"image":{"@id":"https:\/\/www.africa-press.net\/niger\/economie\/transport-aerien-asky-annonce-la-reprise-de-ses-vols-vers-le-niger-apres-plus-de-7-mois-de-suspension#primaryimage"},"thumbnailUrl":"https:\/\/static.africa-press.net\/niger\/sites\/40\/2024\/02\/sm_1709132164.425858.jpg","datePublished":"2024-02-28T17:39:32+00:00","dateModified":"2024-02-28T18:27:25+00:00","author":{"@id":"https:\/\/www.africa-press.net\/niger\/#\/schema\/person\/2b1cf3cd81a31e3cd26889ca66d677f1"},"description":"La compagnie ae\u0301rienne panafricaine Asky, base\u0301e a\u0300 Lome\u0301, a annonce\u0301 sur ses canaux sociaux la reprise de ses vols vers ...","breadcrumb":{"@id":"https:\/\/www.africa-press.net\/niger\/economie\/transport-aerien-asky-annonce-la-reprise-de-ses-vols-vers-le-niger-apres-plus-de-7-mois-de-suspension#breadcrumb"},"inLanguage":"fr-FR","potentialAction":[{"@type":"ReadAction","target":["https:\/\/www.africa-press.net\/niger\/economie\/transport-aerien-asky-annonce-la-reprise-de-ses-vols-vers-le-niger-apres-plus-de-7-mois-de-suspension"]}]},{"@type":"ImageObject","inLanguage":"fr-FR","@id":"https:\/\/www.africa-press.net\/niger\/economie\/transport-aerien-asky-annonce-la-reprise-de-ses-vols-vers-le-niger-apres-plus-de-7-mois-de-suspension#primaryimage","url":"https:\/\/static.africa-press.net\/niger\/sites\/40\/2024\/02\/sm_1709132164.425858.jpg","contentUrl":"https:\/\/static.africa-press.net\/niger\/sites\/40\/2024\/02\/sm_1709132164.425858.jpg","width":720,"height":456,"caption":"Transport a\u00e9rien: Asky annonce la reprise de ses vols vers le Niger apr\u00e8s plus de 7 mois de suspension"},{"@type":"BreadcrumbList","@id":"https:\/\/www.africa-press.net\/niger\/economie\/transport-aerien-asky-annonce-la-reprise-de-ses-vols-vers-le-niger-apres-plus-de-7-mois-de-suspension#breadcrumb","itemListElement":[{"@type":"ListItem","position":1,"name":"Accueil","item":"https:\/\/www.africa-press.net\/niger\/"},{"@type":"ListItem","position":2,"name":"Transport a\u00e9rien: Asky annonce la reprise de ses vols vers le Niger apr\u00e8s plus de 7 mois de suspension"}]},{"@type":"WebSite","@id":"https:\/\/www.africa-press.net\/niger\/#website","url":"https:\/\/www.africa-press.net\/niger\/","name":"niger","description":"Just another Africa News Agency Sites site","potentialAction":[{"@type":"SearchAction","target":{"@type":"EntryPoint","urlTemplate":"https:\/\/www.africa-press.net\/niger\/?s={search_term_string}"},"query-input":{"@type":"PropertyValueSpecification","valueRequired":true,"valueName":"search_term_string"}}],"inLanguage":"fr-FR"},{"@type":"Person","@id":"https:\/\/www.africa-press.net\/niger\/#\/schema\/person\/2b1cf3cd81a31e3cd26889ca66d677f1","name":"cfeditorfr"}]}},"_links":{"self":[{"href":"https:\/\/www.africa-press.net\/niger\/wp-json\/wp\/v2\/posts\/59192","targetHints":{"allow":["GET"]}}],"collection":[{"href":"https:\/\/www.africa-press.net\/niger\/wp-json\/wp\/v2\/posts"}],"about":[{"href":"https:\/\/www.africa-press.net\/niger\/wp-json\/wp\/v2\/types\/post"}],"author":[{"embeddable":true,"href":"https:\/\/www.africa-press.net\/niger\/wp-json\/wp\/v2\/users\/82"}],"replies":[{"embeddable":true,"href":"https:\/\/www.africa-press.net\/niger\/wp-json\/wp\/v2\/comments?post=59192"}],"version-history":[{"count":0,"href":"https:\/\/www.africa-press.net\/niger\/wp-json\/wp\/v2\/posts\/59192\/revisions"}],"wp:featuredmedia":[{"embeddable":true,"href":"https:\/\/www.africa-press.net\/niger\/wp-json\/wp\/v2\/media\/59191"}],"wp:attachment":[{"href":"https:\/\/www.africa-press.net\/niger\/wp-json\/wp\/v2\/media?parent=59192"}],"wp:term":[{"taxonomy":"category","embeddable":true,"href":"https:\/\/www.africa-press.net\/niger\/wp-json\/wp\/v2\/categories?post=59192"},{"taxonomy":"post_tag","embeddable":true,"href":"https:\/\/www.africa-press.net\/niger\/wp-json\/wp\/v2\/tags?post=59192"}],"curies":[{"name":"wp","href":"https:\/\/api.w.org\/{rel}","templated":true}]}}