{"id":59213,"date":"2024-02-28T17:35:31","date_gmt":"2024-02-28T17:35:31","guid":{"rendered":"https:\/\/www.africa-press.net\/niger\/politique\/la-cedeao-en-mode-rattrapage"},"modified":"2024-02-28T18:57:37","modified_gmt":"2024-02-28T18:57:37","slug":"la-cedeao-en-mode-rattrapage","status":"publish","type":"post","link":"https:\/\/www.africa-press.net\/niger\/politique\/la-cedeao-en-mode-rattrapage","title":{"rendered":"la Cedeao en mode rattrapage"},"content":{"rendered":"<p><span style=\"color: #ff6600\"><strong>Africa-Press &#8211; Niger. <\/strong><\/span>Les chefs d\u2019E\u0301tat des pays membres de la Communaute\u0301 e\u0301conomique des E\u0301tats de l\u2019Afrique de l\u2019Ouest, re\u0301unis ce samedi 24 fe\u0301vrier a\u0300 Abuja, ont de\u0301cide\u0301 de la leve\u0301e d\u2019une grande partie des sanctions contre le Niger. Au nombre de ces sanctions, figure la re\u0301ouverture des frontie\u0300res avec effet imme\u0301diat. Seulement, on se demande quel sera l\u2019effet de cette action sur un pays qui ne se reconnait plus membre de l\u2019organisation sous re\u0301gionale. N\u2019est-ce pas une totale capitulation face a\u0300 la fermete\u0301 d\u2019un pouvoir militaire de\u0301cide\u0301 a\u0300 aller jusqu\u2019au bout ?<\/p>\n<p>Le Niger aura finalement raison de la Communaute\u0301 e\u0301conomique des Etats de l\u2019Afrique de l\u2019Ouest. C\u2019est le constat que peut faire tout observateur averti. De la crise entre l\u2019organisation sous re\u0301gionale et ce pays, on retiendra que la junte militaire dirige\u0301e par le ge\u0301ne\u0301ral Tiani a tenu bon malgre\u0301 tout ce qui a e\u0301te\u0301 fait au sein de la communaute\u0301 et qu\u2019elle a me\u0302me fini par faire plier les chefs d\u2019Etat de la sous-re\u0301gion. Peu a\u0300 peu, mais avec assurance, le Niger s\u2019est impose\u0301 a\u0300 la Cedeao et vient de remporter une grande victoire.<\/p>\n<p>En effet, le samedi 24 fe\u0301vrier, apre\u0300s des mois de menaces et de pression, la Cedeao \u00ab a de\u0301cide\u0301 de lever avec effet imme\u0301diat \u00bb, les plus lourdes sanctions impose\u0301es au Niger depuis la prise du pouvoir a\u0300 Niamey du re\u0301gime militaire qui a renverse\u0301 le pre\u0301sident e\u0301lu Mohamed Bazoum en juillet. C\u2019est l\u2019annonce faite par Omar Alieu Touray, pre\u0301sident de la Commission de la Cedeao, le samedi apre\u0300s-midi.<\/p>\n<p>Ainsi, les frontie\u0300res et l\u2019espace ae\u0301rien nige\u0301rien seront rouverts, les transactions financie\u0300res entre les pays de la Cedeao et le Niger de nouveau autorise\u0301es, et les avoirs de l\u2019E\u0301tat nige\u0301rien de\u0301gele\u0301s, \u00ab pour des raisons humanitaires \u00bb, selon le pre\u0301sident de la Commission de la cedeao qui pre\u0301cise e\u0301galement que les sanctions individuelles et politiques restent en place \u00bb. Le Mali, le Burkina Faso et la Guine\u0301e, e\u0301galement dirige\u0301s par des re\u0301gimes militaires et sous le coup de sanctions de la Cedeao, ne sont pas concerne\u0301s par ces annonces. La Cedeao avait d\u2019abord menace\u0301 le nouveau re\u0301gime de Niamey d\u2019une intervention militaire, avant de faire marche arrie\u0300re. La junte au pouvoir e\u0301tait reste\u0301e ferme et imperturbable face a\u0300 tout ce qui se faisait.<\/p>\n<p><b>Une ope\u0301ration de charme<\/b><\/p>\n<p>La de\u0301cision de la Cedeao intervient dans un contexte ou\u0300 le Niger, le Mali et le Burkina Faso, qui ont notamment tourne\u0301 le dos a\u0300 la France et se sont rapproche\u0301s de la Russie, se sont regroupe\u0301s au sein de l\u2019Alliance des E\u0301tats du Sahel (AES). Avec effet imme\u0301diat avait pre\u0301cise\u0301 leur porte-parole.<\/p>\n<p><strong>Pour plus d&rsquo;informations et d&rsquo;analyses sur la <a href=\"https:\/\/www.africa-press.net\/niger\">Niger<\/a>, suivez <a href=\"https:\/\/www.africa-press.net\/\">Africa-Press<\/a><\/strong><\/p>\n","protected":false},"excerpt":{"rendered":"<p>Africa-Press &#8211; Niger. Les chefs d\u2019E\u0301tat des pays membres de la Communaute\u0301 e\u0301conomique des E\u0301tats de l\u2019Afrique de l\u2019Ouest, re\u0301unis ce samedi 24 fe\u0301vrier a\u0300 Abuja, ont de\u0301cide\u0301 de la leve\u0301e d\u2019une grande partie des sanctions contre le Niger. Au nombre de ces sanctions, figure la re\u0301ouverture des frontie\u0300res avec effet imme\u0301diat. Seulement, on se [&hellip;]<\/p>\n","protected":false},"author":82,"featured_media":59212,"comment_status":"open","ping_status":"closed","sticky":false,"template":"","format":"standard","meta":{"footnotes":""},"categories":[2,10],"tags":[55,60,29],"class_list":["post-59213","post","type-post","status-publish","format-standard","has-post-thumbnail","hentry","category-politique","category-toutes-les-actualites","tag-africa-press","tag-africa-press-niger","tag-niger"],"yoast_head":"<!-- This site is optimized with the Yoast SEO Premium plugin v26.1 (Yoast SEO v27.0) - https:\/\/yoast.com\/product\/yoast-seo-premium-wordpress\/ -->\n<title>la Cedeao en mode rattrapage - niger<\/title>\n<meta name=\"description\" content=\"Les chefs d\u2019E\u0301tat des pays membres de la Communaute\u0301 e\u0301conomique des E\u0301tats de l\u2019Afrique de l\u2019Ouest, re\u0301unis ce samedi 2 ...\" \/>\n<meta name=\"robots\" content=\"index, follow, max-snippet:-1, max-image-preview:large, max-video-preview:-1\" \/>\n<link rel=\"canonical\" href=\"https:\/\/www.africa-press.net\/niger\/politique\/la-cedeao-en-mode-rattrapage\" \/>\n<meta property=\"og:locale\" content=\"fr_FR\" \/>\n<meta property=\"og:type\" content=\"article\" \/>\n<meta property=\"og:title\" content=\"la Cedeao en mode rattrapage\" \/>\n<meta property=\"og:description\" content=\"Les chefs d\u2019E\u0301tat des pays membres de la Communaute\u0301 e\u0301conomique des E\u0301tats de l\u2019Afrique de l\u2019Ouest, re\u0301unis ce samedi 2 ...\" \/>\n<meta property=\"og:url\" content=\"https:\/\/www.africa-press.net\/niger\/politique\/la-cedeao-en-mode-rattrapage\" \/>\n<meta property=\"og:site_name\" content=\"niger\" \/>\n<meta property=\"article:published_time\" content=\"2024-02-28T17:35:31+00:00\" \/>\n<meta property=\"article:modified_time\" content=\"2024-02-28T18:57:37+00:00\" \/>\n<meta property=\"og:image\" content=\"https:\/\/static.africa-press.net\/niger\/sites\/40\/2024\/02\/sm_1709133432.455148.jpg\" \/>\n\t<meta property=\"og:image:width\" content=\"707\" \/>\n\t<meta property=\"og:image:height\" content=\"470\" \/>\n\t<meta property=\"og:image:type\" content=\"image\/jpeg\" \/>\n<meta name=\"author\" content=\"cfeditorfr\" \/>\n<meta name=\"twitter:card\" content=\"summary_large_image\" \/>\n<meta name=\"twitter:label1\" content=\"\u00c9crit par\" \/>\n\t<meta name=\"twitter:data1\" content=\"cfeditorfr\" \/>\n\t<meta name=\"twitter:label2\" content=\"Dur\u00e9e de lecture estim\u00e9e\" \/>\n\t<meta name=\"twitter:data2\" content=\"3 minutes\" \/>\n<script type=\"application\/ld+json\" class=\"yoast-schema-graph\">{\"@context\":\"https:\/\/schema.org\",\"@graph\":[{\"@type\":\"Article\",\"@id\":\"https:\/\/www.africa-press.net\/niger\/politique\/la-cedeao-en-mode-rattrapage#article\",\"isPartOf\":{\"@id\":\"https:\/\/www.africa-press.net\/niger\/politique\/la-cedeao-en-mode-rattrapage\"},\"author\":{\"name\":\"cfeditorfr\",\"@id\":\"https:\/\/www.africa-press.net\/niger\/#\/schema\/person\/2b1cf3cd81a31e3cd26889ca66d677f1\"},\"headline\":\"la Cedeao en mode rattrapage\",\"datePublished\":\"2024-02-28T17:35:31+00:00\",\"dateModified\":\"2024-02-28T18:57:37+00:00\",\"mainEntityOfPage\":{\"@id\":\"https:\/\/www.africa-press.net\/niger\/politique\/la-cedeao-en-mode-rattrapage\"},\"wordCount\":526,\"commentCount\":0,\"image\":{\"@id\":\"https:\/\/www.africa-press.net\/niger\/politique\/la-cedeao-en-mode-rattrapage#primaryimage\"},\"thumbnailUrl\":\"https:\/\/static.africa-press.net\/niger\/sites\/40\/2024\/02\/sm_1709133432.455148.jpg\",\"keywords\":[\"Africa Press\",\"Africa Press-Niger\",\"Niger\"],\"articleSection\":[\"Politique\",\"Toutes les actualit\u00e9s\"],\"inLanguage\":\"fr-FR\",\"potentialAction\":[{\"@type\":\"CommentAction\",\"name\":\"Comment\",\"target\":[\"https:\/\/www.africa-press.net\/niger\/politique\/la-cedeao-en-mode-rattrapage#respond\"]}]},{\"@type\":\"WebPage\",\"@id\":\"https:\/\/www.africa-press.net\/niger\/politique\/la-cedeao-en-mode-rattrapage\",\"url\":\"https:\/\/www.africa-press.net\/niger\/politique\/la-cedeao-en-mode-rattrapage\",\"name\":\"la Cedeao en mode rattrapage - niger\",\"isPartOf\":{\"@id\":\"https:\/\/www.africa-press.net\/niger\/#website\"},\"primaryImageOfPage\":{\"@id\":\"https:\/\/www.africa-press.net\/niger\/politique\/la-cedeao-en-mode-rattrapage#primaryimage\"},\"image\":{\"@id\":\"https:\/\/www.africa-press.net\/niger\/politique\/la-cedeao-en-mode-rattrapage#primaryimage\"},\"thumbnailUrl\":\"https:\/\/static.africa-press.net\/niger\/sites\/40\/2024\/02\/sm_1709133432.455148.jpg\",\"datePublished\":\"2024-02-28T17:35:31+00:00\",\"dateModified\":\"2024-02-28T18:57:37+00:00\",\"author\":{\"@id\":\"https:\/\/www.africa-press.net\/niger\/#\/schema\/person\/2b1cf3cd81a31e3cd26889ca66d677f1\"},\"description\":\"Les chefs d\u2019E\u0301tat des pays membres de la Communaute\u0301 e\u0301conomique des E\u0301tats de l\u2019Afrique de l\u2019Ouest, re\u0301unis ce samedi 2 ...\",\"breadcrumb\":{\"@id\":\"https:\/\/www.africa-press.net\/niger\/politique\/la-cedeao-en-mode-rattrapage#breadcrumb\"},\"inLanguage\":\"fr-FR\",\"potentialAction\":[{\"@type\":\"ReadAction\",\"target\":[\"https:\/\/www.africa-press.net\/niger\/politique\/la-cedeao-en-mode-rattrapage\"]}]},{\"@type\":\"ImageObject\",\"inLanguage\":\"fr-FR\",\"@id\":\"https:\/\/www.africa-press.net\/niger\/politique\/la-cedeao-en-mode-rattrapage#primaryimage\",\"url\":\"https:\/\/static.africa-press.net\/niger\/sites\/40\/2024\/02\/sm_1709133432.455148.jpg\",\"contentUrl\":\"https:\/\/static.africa-press.net\/niger\/sites\/40\/2024\/02\/sm_1709133432.455148.jpg\",\"width\":707,\"height\":470,\"caption\":\"la Cedeao en mode rattrapage\"},{\"@type\":\"BreadcrumbList\",\"@id\":\"https:\/\/www.africa-press.net\/niger\/politique\/la-cedeao-en-mode-rattrapage#breadcrumb\",\"itemListElement\":[{\"@type\":\"ListItem\",\"position\":1,\"name\":\"Accueil\",\"item\":\"https:\/\/www.africa-press.net\/niger\/\"},{\"@type\":\"ListItem\",\"position\":2,\"name\":\"la Cedeao en mode rattrapage\"}]},{\"@type\":\"WebSite\",\"@id\":\"https:\/\/www.africa-press.net\/niger\/#website\",\"url\":\"https:\/\/www.africa-press.net\/niger\/\",\"name\":\"niger\",\"description\":\"Just another Africa News Agency Sites site\",\"potentialAction\":[{\"@type\":\"SearchAction\",\"target\":{\"@type\":\"EntryPoint\",\"urlTemplate\":\"https:\/\/www.africa-press.net\/niger\/?s={search_term_string}\"},\"query-input\":{\"@type\":\"PropertyValueSpecification\",\"valueRequired\":true,\"valueName\":\"search_term_string\"}}],\"inLanguage\":\"fr-FR\"},{\"@type\":\"Person\",\"@id\":\"https:\/\/www.africa-press.net\/niger\/#\/schema\/person\/2b1cf3cd81a31e3cd26889ca66d677f1\",\"name\":\"cfeditorfr\"}]}<\/script>\n<!-- \/ Yoast SEO Premium plugin. -->","yoast_head_json":{"title":"la Cedeao en mode rattrapage - niger","description":"Les chefs d\u2019E\u0301tat des pays membres de la Communaute\u0301 e\u0301conomique des E\u0301tats de l\u2019Afrique de l\u2019Ouest, re\u0301unis ce samedi 2 ...","robots":{"index":"index","follow":"follow","max-snippet":"max-snippet:-1","max-image-preview":"max-image-preview:large","max-video-preview":"max-video-preview:-1"},"canonical":"https:\/\/www.africa-press.net\/niger\/politique\/la-cedeao-en-mode-rattrapage","og_locale":"fr_FR","og_type":"article","og_title":"la Cedeao en mode rattrapage","og_description":"Les chefs d\u2019E\u0301tat des pays membres de la Communaute\u0301 e\u0301conomique des E\u0301tats de l\u2019Afrique de l\u2019Ouest, re\u0301unis ce samedi 2 ...","og_url":"https:\/\/www.africa-press.net\/niger\/politique\/la-cedeao-en-mode-rattrapage","og_site_name":"niger","article_published_time":"2024-02-28T17:35:31+00:00","article_modified_time":"2024-02-28T18:57:37+00:00","og_image":[{"width":707,"height":470,"url":"https:\/\/static.africa-press.net\/niger\/sites\/40\/2024\/02\/sm_1709133432.455148.jpg","type":"image\/jpeg"}],"author":"cfeditorfr","twitter_card":"summary_large_image","twitter_misc":{"\u00c9crit par":"cfeditorfr","Dur\u00e9e de lecture estim\u00e9e":"3 minutes"},"schema":{"@context":"https:\/\/schema.org","@graph":[{"@type":"Article","@id":"https:\/\/www.africa-press.net\/niger\/politique\/la-cedeao-en-mode-rattrapage#article","isPartOf":{"@id":"https:\/\/www.africa-press.net\/niger\/politique\/la-cedeao-en-mode-rattrapage"},"author":{"name":"cfeditorfr","@id":"https:\/\/www.africa-press.net\/niger\/#\/schema\/person\/2b1cf3cd81a31e3cd26889ca66d677f1"},"headline":"la Cedeao en mode rattrapage","datePublished":"2024-02-28T17:35:31+00:00","dateModified":"2024-02-28T18:57:37+00:00","mainEntityOfPage":{"@id":"https:\/\/www.africa-press.net\/niger\/politique\/la-cedeao-en-mode-rattrapage"},"wordCount":526,"commentCount":0,"image":{"@id":"https:\/\/www.africa-press.net\/niger\/politique\/la-cedeao-en-mode-rattrapage#primaryimage"},"thumbnailUrl":"https:\/\/static.africa-press.net\/niger\/sites\/40\/2024\/02\/sm_1709133432.455148.jpg","keywords":["Africa Press","Africa Press-Niger","Niger"],"articleSection":["Politique","Toutes les actualit\u00e9s"],"inLanguage":"fr-FR","potentialAction":[{"@type":"CommentAction","name":"Comment","target":["https:\/\/www.africa-press.net\/niger\/politique\/la-cedeao-en-mode-rattrapage#respond"]}]},{"@type":"WebPage","@id":"https:\/\/www.africa-press.net\/niger\/politique\/la-cedeao-en-mode-rattrapage","url":"https:\/\/www.africa-press.net\/niger\/politique\/la-cedeao-en-mode-rattrapage","name":"la Cedeao en mode rattrapage - niger","isPartOf":{"@id":"https:\/\/www.africa-press.net\/niger\/#website"},"primaryImageOfPage":{"@id":"https:\/\/www.africa-press.net\/niger\/politique\/la-cedeao-en-mode-rattrapage#primaryimage"},"image":{"@id":"https:\/\/www.africa-press.net\/niger\/politique\/la-cedeao-en-mode-rattrapage#primaryimage"},"thumbnailUrl":"https:\/\/static.africa-press.net\/niger\/sites\/40\/2024\/02\/sm_1709133432.455148.jpg","datePublished":"2024-02-28T17:35:31+00:00","dateModified":"2024-02-28T18:57:37+00:00","author":{"@id":"https:\/\/www.africa-press.net\/niger\/#\/schema\/person\/2b1cf3cd81a31e3cd26889ca66d677f1"},"description":"Les chefs d\u2019E\u0301tat des pays membres de la Communaute\u0301 e\u0301conomique des E\u0301tats de l\u2019Afrique de l\u2019Ouest, re\u0301unis ce samedi 2 ...","breadcrumb":{"@id":"https:\/\/www.africa-press.net\/niger\/politique\/la-cedeao-en-mode-rattrapage#breadcrumb"},"inLanguage":"fr-FR","potentialAction":[{"@type":"ReadAction","target":["https:\/\/www.africa-press.net\/niger\/politique\/la-cedeao-en-mode-rattrapage"]}]},{"@type":"ImageObject","inLanguage":"fr-FR","@id":"https:\/\/www.africa-press.net\/niger\/politique\/la-cedeao-en-mode-rattrapage#primaryimage","url":"https:\/\/static.africa-press.net\/niger\/sites\/40\/2024\/02\/sm_1709133432.455148.jpg","contentUrl":"https:\/\/static.africa-press.net\/niger\/sites\/40\/2024\/02\/sm_1709133432.455148.jpg","width":707,"height":470,"caption":"la Cedeao en mode rattrapage"},{"@type":"BreadcrumbList","@id":"https:\/\/www.africa-press.net\/niger\/politique\/la-cedeao-en-mode-rattrapage#breadcrumb","itemListElement":[{"@type":"ListItem","position":1,"name":"Accueil","item":"https:\/\/www.africa-press.net\/niger\/"},{"@type":"ListItem","position":2,"name":"la Cedeao en mode rattrapage"}]},{"@type":"WebSite","@id":"https:\/\/www.africa-press.net\/niger\/#website","url":"https:\/\/www.africa-press.net\/niger\/","name":"niger","description":"Just another Africa News Agency Sites site","potentialAction":[{"@type":"SearchAction","target":{"@type":"EntryPoint","urlTemplate":"https:\/\/www.africa-press.net\/niger\/?s={search_term_string}"},"query-input":{"@type":"PropertyValueSpecification","valueRequired":true,"valueName":"search_term_string"}}],"inLanguage":"fr-FR"},{"@type":"Person","@id":"https:\/\/www.africa-press.net\/niger\/#\/schema\/person\/2b1cf3cd81a31e3cd26889ca66d677f1","name":"cfeditorfr"}]}},"_links":{"self":[{"href":"https:\/\/www.africa-press.net\/niger\/wp-json\/wp\/v2\/posts\/59213","targetHints":{"allow":["GET"]}}],"collection":[{"href":"https:\/\/www.africa-press.net\/niger\/wp-json\/wp\/v2\/posts"}],"about":[{"href":"https:\/\/www.africa-press.net\/niger\/wp-json\/wp\/v2\/types\/post"}],"author":[{"embeddable":true,"href":"https:\/\/www.africa-press.net\/niger\/wp-json\/wp\/v2\/users\/82"}],"replies":[{"embeddable":true,"href":"https:\/\/www.africa-press.net\/niger\/wp-json\/wp\/v2\/comments?post=59213"}],"version-history":[{"count":0,"href":"https:\/\/www.africa-press.net\/niger\/wp-json\/wp\/v2\/posts\/59213\/revisions"}],"wp:featuredmedia":[{"embeddable":true,"href":"https:\/\/www.africa-press.net\/niger\/wp-json\/wp\/v2\/media\/59212"}],"wp:attachment":[{"href":"https:\/\/www.africa-press.net\/niger\/wp-json\/wp\/v2\/media?parent=59213"}],"wp:term":[{"taxonomy":"category","embeddable":true,"href":"https:\/\/www.africa-press.net\/niger\/wp-json\/wp\/v2\/categories?post=59213"},{"taxonomy":"post_tag","embeddable":true,"href":"https:\/\/www.africa-press.net\/niger\/wp-json\/wp\/v2\/tags?post=59213"}],"curies":[{"name":"wp","href":"https:\/\/api.w.org\/{rel}","templated":true}]}}