{"id":59242,"date":"2024-02-29T19:41:23","date_gmt":"2024-02-29T19:41:23","guid":{"rendered":"https:\/\/www.africa-press.net\/niger\/politique\/malgre-la-levee-des-sanctions-les-frontieres-entre-le-benin-et-le-niger-demeurent-closes"},"modified":"2024-02-29T19:55:56","modified_gmt":"2024-02-29T19:55:56","slug":"malgre-la-levee-des-sanctions-les-frontieres-entre-le-benin-et-le-niger-demeurent-closes","status":"publish","type":"post","link":"https:\/\/www.africa-press.net\/niger\/politique\/malgre-la-levee-des-sanctions-les-frontieres-entre-le-benin-et-le-niger-demeurent-closes","title":{"rendered":"Malgr\u00e9 la lev\u00e9e des sanctions : les fronti\u00e8res entre le B\u00e9nin et le Niger demeurent closes"},"content":{"rendered":"<p><span style=\"color: #ff6600\"><strong>Africa-Press &#8211; Niger. <\/strong><\/span>Une de\u0301le\u0301gation ministe\u0301rielle be\u0301ninoise, conduite par Abdoulaye Bio Tchane\u0301, Romuald Wadagni et Gaston Dossouhoui, s&rsquo;est rendue a\u0300 Malanville, a\u0300 la frontie\u0300re entre le Be\u0301nin et le Niger le mercredi 28 fe\u0301vrier, suite a\u0300 la leve\u0301e des sanctions de la CEDEAO, comme rapporte\u0301 par un me\u0301dia local be\u0301ninois. Bien que des mesures aient e\u0301te\u0301 prises pour faciliter la circulation du co\u0302te\u0301 be\u0301ninois, le Niger n&rsquo;a pas encore leve\u0301 ses dispositifs de fermeture de la frontie\u0300re.<\/p>\n<p>Abdoulaye Bio Tchane\u0301, ministre d&rsquo;E\u0301tat, a de\u0301clare\u0301: \u00ab\u00a0Nous sommes ici pour constater l\u2019effectivite\u0301 de l\u2019ouverture de nos frontie\u0300res vers le Niger. Les services douaniers, les services de se\u0301curite\u0301, les services des fore\u0302ts et des eaux sont en place pour assurer la fluidite\u0301 entre notre pays et le Niger. La frontie\u0300re est ouverte, et nous espe\u0301rons que dans quelques jours, elle le sera aussi de l\u2019autre co\u0302te\u0301 pour que les populations des deux pays de la frontie\u0300re puissent recommencer a\u0300 vaquer a\u0300 leurs occupations\u00a0\u00bb, selon les informations rapporte\u0301es par Bip Radio.<\/p>\n<p>Pendant ce temps, le Niger et le Mali ont garde\u0301 un silence notable face a\u0300 la leve\u0301e des sanctions. La de\u0301cision de la CEDEAO, prise le dimanche 25 fe\u0301vrier, de lever les sanctions e\u0301conomiques et financie\u0300res sur le Mali, et le Niger de\u0301ja\u0300 be\u0301ne\u0301ficiaire de cette mesure auparavant, n&rsquo;a pas suscite\u0301 de re\u0301actions officielles de la part des dirigeants des deux E\u0301tats concerne\u0301s. Abdoulaye Diop, chef de la diplomatie malienne, interroge\u0301 depuis Moscou ou\u0300 il est en visite de travail depuis le mercredi 28 fe\u0301vrier, a de\u0301cline\u0301 tout commentaire sur la de\u0301cision, de\u0301clarant: \u00ab\u00a0Je ne veux pas commenter une de\u0301cision d\u2019une organisation a\u0300 laquelle le Mali n\u2019appartient pas\u00a0\u00bb. Il a souligne\u0301 que l&rsquo;objectif primordial pour les pays de l&rsquo;Association des E\u0301tats Sahe\u0301lo-Sahariens (AES), notamment le Mali, le Niger et le Burkina Faso, e\u0301tait de poursuivre leurs propres objectifs, inde\u0301pendamment de la CEDEAO.<\/p>\n<p>Il est a\u0300 rappeler que le Mali, le Niger et le Burkina Faso avaient annonce\u0301 leur sortie imme\u0301diate de la CEDEAO le 06 fe\u0301vrier dernier.<\/p>\n<p><strong>Pour plus d&rsquo;informations et d&rsquo;analyses sur la <a href=\"https:\/\/www.africa-press.net\/niger\">Niger<\/a>, suivez <a href=\"https:\/\/www.africa-press.net\/\">Africa-Press<\/a><\/strong><\/p>\n","protected":false},"excerpt":{"rendered":"<p>Africa-Press &#8211; Niger. Une de\u0301le\u0301gation ministe\u0301rielle be\u0301ninoise, conduite par Abdoulaye Bio Tchane\u0301, Romuald Wadagni et Gaston Dossouhoui, s&rsquo;est rendue a\u0300 Malanville, a\u0300 la frontie\u0300re entre le Be\u0301nin et le Niger le mercredi 28 fe\u0301vrier, suite a\u0300 la leve\u0301e des sanctions de la CEDEAO, comme rapporte\u0301 par un me\u0301dia local be\u0301ninois. Bien que des mesures aient [&hellip;]<\/p>\n","protected":false},"author":82,"featured_media":59241,"comment_status":"open","ping_status":"closed","sticky":false,"template":"","format":"standard","meta":{"footnotes":""},"categories":[2,20,10],"tags":[55,60,29],"class_list":["post-59242","post","type-post","status-publish","format-standard","has-post-thumbnail","hentry","category-politique","category-top-nouvelles","category-toutes-les-actualites","tag-africa-press","tag-africa-press-niger","tag-niger"],"yoast_head":"<!-- This site is optimized with the Yoast SEO Premium plugin v26.1 (Yoast SEO v27.0) - https:\/\/yoast.com\/product\/yoast-seo-premium-wordpress\/ -->\n<title>Malgr\u00e9 la lev\u00e9e des sanctions : les fronti\u00e8res entre le B\u00e9nin et le Niger demeurent closes - niger<\/title>\n<meta name=\"description\" content=\"Une de\u0301le\u0301gation ministe\u0301rielle be\u0301ninoise, conduite par Abdoulaye Bio Tchane\u0301, Romuald Wadagni et Gaston Dossouhoui, s&#039; ...\" \/>\n<meta name=\"robots\" content=\"index, follow, max-snippet:-1, max-image-preview:large, max-video-preview:-1\" \/>\n<link rel=\"canonical\" href=\"https:\/\/www.africa-press.net\/niger\/politique\/malgre-la-levee-des-sanctions-les-frontieres-entre-le-benin-et-le-niger-demeurent-closes\" \/>\n<meta property=\"og:locale\" content=\"fr_FR\" \/>\n<meta property=\"og:type\" content=\"article\" \/>\n<meta property=\"og:title\" content=\"Malgr\u00e9 la lev\u00e9e des sanctions : les fronti\u00e8res entre le B\u00e9nin et le Niger demeurent closes\" \/>\n<meta property=\"og:description\" content=\"Une de\u0301le\u0301gation ministe\u0301rielle be\u0301ninoise, conduite par Abdoulaye Bio Tchane\u0301, Romuald Wadagni et Gaston Dossouhoui, s&#039; ...\" \/>\n<meta property=\"og:url\" content=\"https:\/\/www.africa-press.net\/niger\/politique\/malgre-la-levee-des-sanctions-les-frontieres-entre-le-benin-et-le-niger-demeurent-closes\" \/>\n<meta property=\"og:site_name\" content=\"niger\" \/>\n<meta property=\"article:published_time\" content=\"2024-02-29T19:41:23+00:00\" \/>\n<meta property=\"article:modified_time\" content=\"2024-02-29T19:55:56+00:00\" \/>\n<meta property=\"og:image\" content=\"https:\/\/static.africa-press.net\/niger\/sites\/40\/2024\/02\/sm_1709223552.345159.jpg\" \/>\n\t<meta property=\"og:image:width\" content=\"1280\" \/>\n\t<meta property=\"og:image:height\" content=\"720\" \/>\n\t<meta property=\"og:image:type\" content=\"image\/jpeg\" \/>\n<meta name=\"author\" content=\"cfeditorfr\" \/>\n<meta name=\"twitter:card\" content=\"summary_large_image\" \/>\n<meta name=\"twitter:label1\" content=\"\u00c9crit par\" \/>\n\t<meta name=\"twitter:data1\" content=\"cfeditorfr\" \/>\n\t<meta name=\"twitter:label2\" content=\"Dur\u00e9e de lecture estim\u00e9e\" \/>\n\t<meta name=\"twitter:data2\" content=\"2 minutes\" \/>\n<script type=\"application\/ld+json\" class=\"yoast-schema-graph\">{\"@context\":\"https:\/\/schema.org\",\"@graph\":[{\"@type\":\"Article\",\"@id\":\"https:\/\/www.africa-press.net\/niger\/politique\/malgre-la-levee-des-sanctions-les-frontieres-entre-le-benin-et-le-niger-demeurent-closes#article\",\"isPartOf\":{\"@id\":\"https:\/\/www.africa-press.net\/niger\/politique\/malgre-la-levee-des-sanctions-les-frontieres-entre-le-benin-et-le-niger-demeurent-closes\"},\"author\":{\"name\":\"cfeditorfr\",\"@id\":\"https:\/\/www.africa-press.net\/niger\/#\/schema\/person\/2b1cf3cd81a31e3cd26889ca66d677f1\"},\"headline\":\"Malgr\u00e9 la lev\u00e9e des sanctions : les fronti\u00e8res entre le B\u00e9nin et le Niger demeurent closes\",\"datePublished\":\"2024-02-29T19:41:23+00:00\",\"dateModified\":\"2024-02-29T19:55:56+00:00\",\"mainEntityOfPage\":{\"@id\":\"https:\/\/www.africa-press.net\/niger\/politique\/malgre-la-levee-des-sanctions-les-frontieres-entre-le-benin-et-le-niger-demeurent-closes\"},\"wordCount\":417,\"commentCount\":0,\"image\":{\"@id\":\"https:\/\/www.africa-press.net\/niger\/politique\/malgre-la-levee-des-sanctions-les-frontieres-entre-le-benin-et-le-niger-demeurent-closes#primaryimage\"},\"thumbnailUrl\":\"https:\/\/static.africa-press.net\/niger\/sites\/40\/2024\/02\/sm_1709223552.345159.jpg\",\"keywords\":[\"Africa Press\",\"Africa Press-Niger\",\"Niger\"],\"articleSection\":[\"Politique\",\"Top Nouvelles\",\"Toutes les actualit\u00e9s\"],\"inLanguage\":\"fr-FR\",\"potentialAction\":[{\"@type\":\"CommentAction\",\"name\":\"Comment\",\"target\":[\"https:\/\/www.africa-press.net\/niger\/politique\/malgre-la-levee-des-sanctions-les-frontieres-entre-le-benin-et-le-niger-demeurent-closes#respond\"]}]},{\"@type\":\"WebPage\",\"@id\":\"https:\/\/www.africa-press.net\/niger\/politique\/malgre-la-levee-des-sanctions-les-frontieres-entre-le-benin-et-le-niger-demeurent-closes\",\"url\":\"https:\/\/www.africa-press.net\/niger\/politique\/malgre-la-levee-des-sanctions-les-frontieres-entre-le-benin-et-le-niger-demeurent-closes\",\"name\":\"Malgr\u00e9 la lev\u00e9e des sanctions : les fronti\u00e8res entre le B\u00e9nin et le Niger demeurent closes - niger\",\"isPartOf\":{\"@id\":\"https:\/\/www.africa-press.net\/niger\/#website\"},\"primaryImageOfPage\":{\"@id\":\"https:\/\/www.africa-press.net\/niger\/politique\/malgre-la-levee-des-sanctions-les-frontieres-entre-le-benin-et-le-niger-demeurent-closes#primaryimage\"},\"image\":{\"@id\":\"https:\/\/www.africa-press.net\/niger\/politique\/malgre-la-levee-des-sanctions-les-frontieres-entre-le-benin-et-le-niger-demeurent-closes#primaryimage\"},\"thumbnailUrl\":\"https:\/\/static.africa-press.net\/niger\/sites\/40\/2024\/02\/sm_1709223552.345159.jpg\",\"datePublished\":\"2024-02-29T19:41:23+00:00\",\"dateModified\":\"2024-02-29T19:55:56+00:00\",\"author\":{\"@id\":\"https:\/\/www.africa-press.net\/niger\/#\/schema\/person\/2b1cf3cd81a31e3cd26889ca66d677f1\"},\"description\":\"Une de\u0301le\u0301gation ministe\u0301rielle be\u0301ninoise, conduite par Abdoulaye Bio Tchane\u0301, Romuald Wadagni et Gaston Dossouhoui, s' ...\",\"breadcrumb\":{\"@id\":\"https:\/\/www.africa-press.net\/niger\/politique\/malgre-la-levee-des-sanctions-les-frontieres-entre-le-benin-et-le-niger-demeurent-closes#breadcrumb\"},\"inLanguage\":\"fr-FR\",\"potentialAction\":[{\"@type\":\"ReadAction\",\"target\":[\"https:\/\/www.africa-press.net\/niger\/politique\/malgre-la-levee-des-sanctions-les-frontieres-entre-le-benin-et-le-niger-demeurent-closes\"]}]},{\"@type\":\"ImageObject\",\"inLanguage\":\"fr-FR\",\"@id\":\"https:\/\/www.africa-press.net\/niger\/politique\/malgre-la-levee-des-sanctions-les-frontieres-entre-le-benin-et-le-niger-demeurent-closes#primaryimage\",\"url\":\"https:\/\/static.africa-press.net\/niger\/sites\/40\/2024\/02\/sm_1709223552.345159.jpg\",\"contentUrl\":\"https:\/\/static.africa-press.net\/niger\/sites\/40\/2024\/02\/sm_1709223552.345159.jpg\",\"width\":1280,\"height\":720,\"caption\":\"Malgr\u00e9 la lev\u00e9e des sanctions : les fronti\u00e8res entre le B\u00e9nin et le Niger demeurent closes\"},{\"@type\":\"BreadcrumbList\",\"@id\":\"https:\/\/www.africa-press.net\/niger\/politique\/malgre-la-levee-des-sanctions-les-frontieres-entre-le-benin-et-le-niger-demeurent-closes#breadcrumb\",\"itemListElement\":[{\"@type\":\"ListItem\",\"position\":1,\"name\":\"Accueil\",\"item\":\"https:\/\/www.africa-press.net\/niger\/\"},{\"@type\":\"ListItem\",\"position\":2,\"name\":\"Malgr\u00e9 la lev\u00e9e des sanctions : les fronti\u00e8res entre le B\u00e9nin et le Niger demeurent closes\"}]},{\"@type\":\"WebSite\",\"@id\":\"https:\/\/www.africa-press.net\/niger\/#website\",\"url\":\"https:\/\/www.africa-press.net\/niger\/\",\"name\":\"niger\",\"description\":\"Just another Africa News Agency Sites site\",\"potentialAction\":[{\"@type\":\"SearchAction\",\"target\":{\"@type\":\"EntryPoint\",\"urlTemplate\":\"https:\/\/www.africa-press.net\/niger\/?s={search_term_string}\"},\"query-input\":{\"@type\":\"PropertyValueSpecification\",\"valueRequired\":true,\"valueName\":\"search_term_string\"}}],\"inLanguage\":\"fr-FR\"},{\"@type\":\"Person\",\"@id\":\"https:\/\/www.africa-press.net\/niger\/#\/schema\/person\/2b1cf3cd81a31e3cd26889ca66d677f1\",\"name\":\"cfeditorfr\"}]}<\/script>\n<!-- \/ Yoast SEO Premium plugin. -->","yoast_head_json":{"title":"Malgr\u00e9 la lev\u00e9e des sanctions : les fronti\u00e8res entre le B\u00e9nin et le Niger demeurent closes - niger","description":"Une de\u0301le\u0301gation ministe\u0301rielle be\u0301ninoise, conduite par Abdoulaye Bio Tchane\u0301, Romuald Wadagni et Gaston Dossouhoui, s' ...","robots":{"index":"index","follow":"follow","max-snippet":"max-snippet:-1","max-image-preview":"max-image-preview:large","max-video-preview":"max-video-preview:-1"},"canonical":"https:\/\/www.africa-press.net\/niger\/politique\/malgre-la-levee-des-sanctions-les-frontieres-entre-le-benin-et-le-niger-demeurent-closes","og_locale":"fr_FR","og_type":"article","og_title":"Malgr\u00e9 la lev\u00e9e des sanctions : les fronti\u00e8res entre le B\u00e9nin et le Niger demeurent closes","og_description":"Une de\u0301le\u0301gation ministe\u0301rielle be\u0301ninoise, conduite par Abdoulaye Bio Tchane\u0301, Romuald Wadagni et Gaston Dossouhoui, s' ...","og_url":"https:\/\/www.africa-press.net\/niger\/politique\/malgre-la-levee-des-sanctions-les-frontieres-entre-le-benin-et-le-niger-demeurent-closes","og_site_name":"niger","article_published_time":"2024-02-29T19:41:23+00:00","article_modified_time":"2024-02-29T19:55:56+00:00","og_image":[{"width":1280,"height":720,"url":"https:\/\/static.africa-press.net\/niger\/sites\/40\/2024\/02\/sm_1709223552.345159.jpg","type":"image\/jpeg"}],"author":"cfeditorfr","twitter_card":"summary_large_image","twitter_misc":{"\u00c9crit par":"cfeditorfr","Dur\u00e9e de lecture estim\u00e9e":"2 minutes"},"schema":{"@context":"https:\/\/schema.org","@graph":[{"@type":"Article","@id":"https:\/\/www.africa-press.net\/niger\/politique\/malgre-la-levee-des-sanctions-les-frontieres-entre-le-benin-et-le-niger-demeurent-closes#article","isPartOf":{"@id":"https:\/\/www.africa-press.net\/niger\/politique\/malgre-la-levee-des-sanctions-les-frontieres-entre-le-benin-et-le-niger-demeurent-closes"},"author":{"name":"cfeditorfr","@id":"https:\/\/www.africa-press.net\/niger\/#\/schema\/person\/2b1cf3cd81a31e3cd26889ca66d677f1"},"headline":"Malgr\u00e9 la lev\u00e9e des sanctions : les fronti\u00e8res entre le B\u00e9nin et le Niger demeurent closes","datePublished":"2024-02-29T19:41:23+00:00","dateModified":"2024-02-29T19:55:56+00:00","mainEntityOfPage":{"@id":"https:\/\/www.africa-press.net\/niger\/politique\/malgre-la-levee-des-sanctions-les-frontieres-entre-le-benin-et-le-niger-demeurent-closes"},"wordCount":417,"commentCount":0,"image":{"@id":"https:\/\/www.africa-press.net\/niger\/politique\/malgre-la-levee-des-sanctions-les-frontieres-entre-le-benin-et-le-niger-demeurent-closes#primaryimage"},"thumbnailUrl":"https:\/\/static.africa-press.net\/niger\/sites\/40\/2024\/02\/sm_1709223552.345159.jpg","keywords":["Africa Press","Africa Press-Niger","Niger"],"articleSection":["Politique","Top Nouvelles","Toutes les actualit\u00e9s"],"inLanguage":"fr-FR","potentialAction":[{"@type":"CommentAction","name":"Comment","target":["https:\/\/www.africa-press.net\/niger\/politique\/malgre-la-levee-des-sanctions-les-frontieres-entre-le-benin-et-le-niger-demeurent-closes#respond"]}]},{"@type":"WebPage","@id":"https:\/\/www.africa-press.net\/niger\/politique\/malgre-la-levee-des-sanctions-les-frontieres-entre-le-benin-et-le-niger-demeurent-closes","url":"https:\/\/www.africa-press.net\/niger\/politique\/malgre-la-levee-des-sanctions-les-frontieres-entre-le-benin-et-le-niger-demeurent-closes","name":"Malgr\u00e9 la lev\u00e9e des sanctions : les fronti\u00e8res entre le B\u00e9nin et le Niger demeurent closes - niger","isPartOf":{"@id":"https:\/\/www.africa-press.net\/niger\/#website"},"primaryImageOfPage":{"@id":"https:\/\/www.africa-press.net\/niger\/politique\/malgre-la-levee-des-sanctions-les-frontieres-entre-le-benin-et-le-niger-demeurent-closes#primaryimage"},"image":{"@id":"https:\/\/www.africa-press.net\/niger\/politique\/malgre-la-levee-des-sanctions-les-frontieres-entre-le-benin-et-le-niger-demeurent-closes#primaryimage"},"thumbnailUrl":"https:\/\/static.africa-press.net\/niger\/sites\/40\/2024\/02\/sm_1709223552.345159.jpg","datePublished":"2024-02-29T19:41:23+00:00","dateModified":"2024-02-29T19:55:56+00:00","author":{"@id":"https:\/\/www.africa-press.net\/niger\/#\/schema\/person\/2b1cf3cd81a31e3cd26889ca66d677f1"},"description":"Une de\u0301le\u0301gation ministe\u0301rielle be\u0301ninoise, conduite par Abdoulaye Bio Tchane\u0301, Romuald Wadagni et Gaston Dossouhoui, s' ...","breadcrumb":{"@id":"https:\/\/www.africa-press.net\/niger\/politique\/malgre-la-levee-des-sanctions-les-frontieres-entre-le-benin-et-le-niger-demeurent-closes#breadcrumb"},"inLanguage":"fr-FR","potentialAction":[{"@type":"ReadAction","target":["https:\/\/www.africa-press.net\/niger\/politique\/malgre-la-levee-des-sanctions-les-frontieres-entre-le-benin-et-le-niger-demeurent-closes"]}]},{"@type":"ImageObject","inLanguage":"fr-FR","@id":"https:\/\/www.africa-press.net\/niger\/politique\/malgre-la-levee-des-sanctions-les-frontieres-entre-le-benin-et-le-niger-demeurent-closes#primaryimage","url":"https:\/\/static.africa-press.net\/niger\/sites\/40\/2024\/02\/sm_1709223552.345159.jpg","contentUrl":"https:\/\/static.africa-press.net\/niger\/sites\/40\/2024\/02\/sm_1709223552.345159.jpg","width":1280,"height":720,"caption":"Malgr\u00e9 la lev\u00e9e des sanctions : les fronti\u00e8res entre le B\u00e9nin et le Niger demeurent closes"},{"@type":"BreadcrumbList","@id":"https:\/\/www.africa-press.net\/niger\/politique\/malgre-la-levee-des-sanctions-les-frontieres-entre-le-benin-et-le-niger-demeurent-closes#breadcrumb","itemListElement":[{"@type":"ListItem","position":1,"name":"Accueil","item":"https:\/\/www.africa-press.net\/niger\/"},{"@type":"ListItem","position":2,"name":"Malgr\u00e9 la lev\u00e9e des sanctions : les fronti\u00e8res entre le B\u00e9nin et le Niger demeurent closes"}]},{"@type":"WebSite","@id":"https:\/\/www.africa-press.net\/niger\/#website","url":"https:\/\/www.africa-press.net\/niger\/","name":"niger","description":"Just another Africa News Agency Sites site","potentialAction":[{"@type":"SearchAction","target":{"@type":"EntryPoint","urlTemplate":"https:\/\/www.africa-press.net\/niger\/?s={search_term_string}"},"query-input":{"@type":"PropertyValueSpecification","valueRequired":true,"valueName":"search_term_string"}}],"inLanguage":"fr-FR"},{"@type":"Person","@id":"https:\/\/www.africa-press.net\/niger\/#\/schema\/person\/2b1cf3cd81a31e3cd26889ca66d677f1","name":"cfeditorfr"}]}},"_links":{"self":[{"href":"https:\/\/www.africa-press.net\/niger\/wp-json\/wp\/v2\/posts\/59242","targetHints":{"allow":["GET"]}}],"collection":[{"href":"https:\/\/www.africa-press.net\/niger\/wp-json\/wp\/v2\/posts"}],"about":[{"href":"https:\/\/www.africa-press.net\/niger\/wp-json\/wp\/v2\/types\/post"}],"author":[{"embeddable":true,"href":"https:\/\/www.africa-press.net\/niger\/wp-json\/wp\/v2\/users\/82"}],"replies":[{"embeddable":true,"href":"https:\/\/www.africa-press.net\/niger\/wp-json\/wp\/v2\/comments?post=59242"}],"version-history":[{"count":0,"href":"https:\/\/www.africa-press.net\/niger\/wp-json\/wp\/v2\/posts\/59242\/revisions"}],"wp:featuredmedia":[{"embeddable":true,"href":"https:\/\/www.africa-press.net\/niger\/wp-json\/wp\/v2\/media\/59241"}],"wp:attachment":[{"href":"https:\/\/www.africa-press.net\/niger\/wp-json\/wp\/v2\/media?parent=59242"}],"wp:term":[{"taxonomy":"category","embeddable":true,"href":"https:\/\/www.africa-press.net\/niger\/wp-json\/wp\/v2\/categories?post=59242"},{"taxonomy":"post_tag","embeddable":true,"href":"https:\/\/www.africa-press.net\/niger\/wp-json\/wp\/v2\/tags?post=59242"}],"curies":[{"name":"wp","href":"https:\/\/api.w.org\/{rel}","templated":true}]}}