{"id":59266,"date":"2024-03-01T19:55:49","date_gmt":"2024-03-01T19:55:49","guid":{"rendered":"https:\/\/www.africa-press.net\/niger\/politique\/niamey-le-premier-ministre-de-la-transition-recoit-le-ministre-congolais-des-affaires-etrangeres"},"modified":"2024-03-01T20:12:53","modified_gmt":"2024-03-01T20:12:53","slug":"niamey-le-premier-ministre-de-la-transition-recoit-le-ministre-congolais-des-affaires-etrangeres","status":"publish","type":"post","link":"https:\/\/www.africa-press.net\/niger\/politique\/niamey-le-premier-ministre-de-la-transition-recoit-le-ministre-congolais-des-affaires-etrangeres","title":{"rendered":"Niamey : Le Premier Ministre de la Transition re\u00e7oit le Ministre Congolais des Affaires Etrang\u00e8res"},"content":{"rendered":"<p><span style=\"color: #ff6600\"><strong>Africa-Press &#8211; Niger. <\/strong><\/span>Le Premier Ministre de la Transition, Ali Mahaman Lamine Zeine a re\u00e7u, dans l\u2019apr\u00e8s-midi de ce jeudi 29 f\u00e9vrier 2024, le Ministre des Affaires Etrang\u00e8res, de la Francophonie et des Congolais \u00e0 l\u2019Etranger, M. Jean Claude Gakosso.<\/p>\n<p>A l\u2019issue de l\u2019audience, le diplomate Congolais a d\u00e9clar\u00e9 \u00e0 la presse qu\u2019il est porteur d\u2019un message d\u2019amiti\u00e9 et de fraternit\u00e9 du Pr\u00e9sident du Congo au Pr\u00e9sident du Conseil National pour la Sauvegarde de la Patrie, le G\u00e9n\u00e9ral de Brigade Abdourahamane Tiani.<\/p>\n<p>&lsquo;\u2019Nous savons que le Niger traverse des moments difficiles\u2019\u2019a relev\u00e9 M. Jean Claude Gakosso qui a tenu \u00e0 exprimer son enti\u00e8re solidarit\u00e9 \u00e0 \u00a0\u00bbce brave peuple qui se bat pour son avenir et qui a pris en main son destin\u2019&rsquo; a conclu le Ministre congolais des affaires \u00e9trang\u00e8res.<\/p>\n<p>Notons que cette audience s\u2019est d\u00e9roul\u00e9e en pr\u00e9sence du Ministre Nig\u00e9rien des Affaires Etrang\u00e8res, de la Coop\u00e9ration et des Nig\u00e9riens \u00e0 l\u2019Ext\u00e9rieur.<\/p>\n<p><strong>Pour plus d&rsquo;informations et d&rsquo;analyses sur la <a href=\"https:\/\/www.africa-press.net\/niger\">Niger<\/a>, suivez <a href=\"https:\/\/www.africa-press.net\/\">Africa-Press<\/a><\/strong><\/p>\n","protected":false},"excerpt":{"rendered":"<p>Africa-Press &#8211; Niger. Le Premier Ministre de la Transition, Ali Mahaman Lamine Zeine a re\u00e7u, dans l\u2019apr\u00e8s-midi de ce jeudi 29 f\u00e9vrier 2024, le Ministre des Affaires Etrang\u00e8res, de la Francophonie et des Congolais \u00e0 l\u2019Etranger, M. Jean Claude Gakosso. A l\u2019issue de l\u2019audience, le diplomate Congolais a d\u00e9clar\u00e9 \u00e0 la presse qu\u2019il est porteur [&hellip;]<\/p>\n","protected":false},"author":82,"featured_media":59265,"comment_status":"open","ping_status":"closed","sticky":false,"template":"","format":"standard","meta":{"footnotes":""},"categories":[2,20,10],"tags":[55,60,29],"class_list":["post-59266","post","type-post","status-publish","format-standard","has-post-thumbnail","hentry","category-politique","category-top-nouvelles","category-toutes-les-actualites","tag-africa-press","tag-africa-press-niger","tag-niger"],"yoast_head":"<!-- This site is optimized with the Yoast SEO Premium plugin v26.1 (Yoast SEO v27.0) - https:\/\/yoast.com\/product\/yoast-seo-premium-wordpress\/ -->\n<title>Niamey : Le Premier Ministre de la Transition re\u00e7oit le Ministre Congolais des Affaires Etrang\u00e8res - niger<\/title>\n<meta name=\"description\" content=\"Le Premier Ministre de la Transition, Ali Mahaman Lamine Zeine a rec\u0327u, dans l\u2019apre\u0300s-midi de ce jeudi 29 fe\u0301vrier 2024, le ...\" \/>\n<meta name=\"robots\" content=\"index, follow, max-snippet:-1, max-image-preview:large, max-video-preview:-1\" \/>\n<link rel=\"canonical\" href=\"https:\/\/www.africa-press.net\/niger\/politique\/niamey-le-premier-ministre-de-la-transition-recoit-le-ministre-congolais-des-affaires-etrangeres\" \/>\n<meta property=\"og:locale\" content=\"fr_FR\" \/>\n<meta property=\"og:type\" content=\"article\" \/>\n<meta property=\"og:title\" content=\"Niamey : Le Premier Ministre de la Transition re\u00e7oit le Ministre Congolais des Affaires Etrang\u00e8res\" \/>\n<meta property=\"og:description\" content=\"Le Premier Ministre de la Transition, Ali Mahaman Lamine Zeine a rec\u0327u, dans l\u2019apre\u0300s-midi de ce jeudi 29 fe\u0301vrier 2024, le ...\" \/>\n<meta property=\"og:url\" content=\"https:\/\/www.africa-press.net\/niger\/politique\/niamey-le-premier-ministre-de-la-transition-recoit-le-ministre-congolais-des-affaires-etrangeres\" \/>\n<meta property=\"og:site_name\" content=\"niger\" \/>\n<meta property=\"article:published_time\" content=\"2024-03-01T19:55:49+00:00\" \/>\n<meta property=\"article:modified_time\" content=\"2024-03-01T20:12:53+00:00\" \/>\n<meta property=\"og:image\" content=\"https:\/\/static.africa-press.net\/niger\/sites\/40\/2024\/03\/sm_1709310971.497371.jpg\" \/>\n\t<meta property=\"og:image:width\" content=\"720\" \/>\n\t<meta property=\"og:image:height\" content=\"479\" \/>\n\t<meta property=\"og:image:type\" content=\"image\/jpeg\" \/>\n<meta name=\"author\" content=\"cfeditorfr\" \/>\n<meta name=\"twitter:card\" content=\"summary_large_image\" \/>\n<meta name=\"twitter:label1\" content=\"\u00c9crit par\" \/>\n\t<meta name=\"twitter:data1\" content=\"cfeditorfr\" \/>\n\t<meta name=\"twitter:label2\" content=\"Dur\u00e9e de lecture estim\u00e9e\" \/>\n\t<meta name=\"twitter:data2\" content=\"1 minute\" \/>\n<script type=\"application\/ld+json\" class=\"yoast-schema-graph\">{\"@context\":\"https:\/\/schema.org\",\"@graph\":[{\"@type\":\"Article\",\"@id\":\"https:\/\/www.africa-press.net\/niger\/politique\/niamey-le-premier-ministre-de-la-transition-recoit-le-ministre-congolais-des-affaires-etrangeres#article\",\"isPartOf\":{\"@id\":\"https:\/\/www.africa-press.net\/niger\/politique\/niamey-le-premier-ministre-de-la-transition-recoit-le-ministre-congolais-des-affaires-etrangeres\"},\"author\":{\"name\":\"cfeditorfr\",\"@id\":\"https:\/\/www.africa-press.net\/niger\/#\/schema\/person\/2b1cf3cd81a31e3cd26889ca66d677f1\"},\"headline\":\"Niamey : Le Premier Ministre de la Transition re\u00e7oit le Ministre Congolais des Affaires Etrang\u00e8res\",\"datePublished\":\"2024-03-01T19:55:49+00:00\",\"dateModified\":\"2024-03-01T20:12:53+00:00\",\"mainEntityOfPage\":{\"@id\":\"https:\/\/www.africa-press.net\/niger\/politique\/niamey-le-premier-ministre-de-la-transition-recoit-le-ministre-congolais-des-affaires-etrangeres\"},\"wordCount\":202,\"commentCount\":0,\"image\":{\"@id\":\"https:\/\/www.africa-press.net\/niger\/politique\/niamey-le-premier-ministre-de-la-transition-recoit-le-ministre-congolais-des-affaires-etrangeres#primaryimage\"},\"thumbnailUrl\":\"https:\/\/static.africa-press.net\/niger\/sites\/40\/2024\/03\/sm_1709310971.497371.jpg\",\"keywords\":[\"Africa Press\",\"Africa Press-Niger\",\"Niger\"],\"articleSection\":[\"Politique\",\"Top Nouvelles\",\"Toutes les actualit\u00e9s\"],\"inLanguage\":\"fr-FR\",\"potentialAction\":[{\"@type\":\"CommentAction\",\"name\":\"Comment\",\"target\":[\"https:\/\/www.africa-press.net\/niger\/politique\/niamey-le-premier-ministre-de-la-transition-recoit-le-ministre-congolais-des-affaires-etrangeres#respond\"]}]},{\"@type\":\"WebPage\",\"@id\":\"https:\/\/www.africa-press.net\/niger\/politique\/niamey-le-premier-ministre-de-la-transition-recoit-le-ministre-congolais-des-affaires-etrangeres\",\"url\":\"https:\/\/www.africa-press.net\/niger\/politique\/niamey-le-premier-ministre-de-la-transition-recoit-le-ministre-congolais-des-affaires-etrangeres\",\"name\":\"Niamey : Le Premier Ministre de la Transition re\u00e7oit le Ministre Congolais des Affaires Etrang\u00e8res - niger\",\"isPartOf\":{\"@id\":\"https:\/\/www.africa-press.net\/niger\/#website\"},\"primaryImageOfPage\":{\"@id\":\"https:\/\/www.africa-press.net\/niger\/politique\/niamey-le-premier-ministre-de-la-transition-recoit-le-ministre-congolais-des-affaires-etrangeres#primaryimage\"},\"image\":{\"@id\":\"https:\/\/www.africa-press.net\/niger\/politique\/niamey-le-premier-ministre-de-la-transition-recoit-le-ministre-congolais-des-affaires-etrangeres#primaryimage\"},\"thumbnailUrl\":\"https:\/\/static.africa-press.net\/niger\/sites\/40\/2024\/03\/sm_1709310971.497371.jpg\",\"datePublished\":\"2024-03-01T19:55:49+00:00\",\"dateModified\":\"2024-03-01T20:12:53+00:00\",\"author\":{\"@id\":\"https:\/\/www.africa-press.net\/niger\/#\/schema\/person\/2b1cf3cd81a31e3cd26889ca66d677f1\"},\"description\":\"Le Premier Ministre de la Transition, Ali Mahaman Lamine Zeine a rec\u0327u, dans l\u2019apre\u0300s-midi de ce jeudi 29 fe\u0301vrier 2024, le ...\",\"breadcrumb\":{\"@id\":\"https:\/\/www.africa-press.net\/niger\/politique\/niamey-le-premier-ministre-de-la-transition-recoit-le-ministre-congolais-des-affaires-etrangeres#breadcrumb\"},\"inLanguage\":\"fr-FR\",\"potentialAction\":[{\"@type\":\"ReadAction\",\"target\":[\"https:\/\/www.africa-press.net\/niger\/politique\/niamey-le-premier-ministre-de-la-transition-recoit-le-ministre-congolais-des-affaires-etrangeres\"]}]},{\"@type\":\"ImageObject\",\"inLanguage\":\"fr-FR\",\"@id\":\"https:\/\/www.africa-press.net\/niger\/politique\/niamey-le-premier-ministre-de-la-transition-recoit-le-ministre-congolais-des-affaires-etrangeres#primaryimage\",\"url\":\"https:\/\/static.africa-press.net\/niger\/sites\/40\/2024\/03\/sm_1709310971.497371.jpg\",\"contentUrl\":\"https:\/\/static.africa-press.net\/niger\/sites\/40\/2024\/03\/sm_1709310971.497371.jpg\",\"width\":720,\"height\":479,\"caption\":\"Niamey : Le Premier Ministre de la Transition re\u00e7oit le Ministre Congolais des Affaires Etrang\u00e8res\"},{\"@type\":\"BreadcrumbList\",\"@id\":\"https:\/\/www.africa-press.net\/niger\/politique\/niamey-le-premier-ministre-de-la-transition-recoit-le-ministre-congolais-des-affaires-etrangeres#breadcrumb\",\"itemListElement\":[{\"@type\":\"ListItem\",\"position\":1,\"name\":\"Accueil\",\"item\":\"https:\/\/www.africa-press.net\/niger\/\"},{\"@type\":\"ListItem\",\"position\":2,\"name\":\"Niamey : Le Premier Ministre de la Transition re\u00e7oit le Ministre Congolais des Affaires Etrang\u00e8res\"}]},{\"@type\":\"WebSite\",\"@id\":\"https:\/\/www.africa-press.net\/niger\/#website\",\"url\":\"https:\/\/www.africa-press.net\/niger\/\",\"name\":\"niger\",\"description\":\"Just another Africa News Agency Sites site\",\"potentialAction\":[{\"@type\":\"SearchAction\",\"target\":{\"@type\":\"EntryPoint\",\"urlTemplate\":\"https:\/\/www.africa-press.net\/niger\/?s={search_term_string}\"},\"query-input\":{\"@type\":\"PropertyValueSpecification\",\"valueRequired\":true,\"valueName\":\"search_term_string\"}}],\"inLanguage\":\"fr-FR\"},{\"@type\":\"Person\",\"@id\":\"https:\/\/www.africa-press.net\/niger\/#\/schema\/person\/2b1cf3cd81a31e3cd26889ca66d677f1\",\"name\":\"cfeditorfr\"}]}<\/script>\n<!-- \/ Yoast SEO Premium plugin. -->","yoast_head_json":{"title":"Niamey : Le Premier Ministre de la Transition re\u00e7oit le Ministre Congolais des Affaires Etrang\u00e8res - niger","description":"Le Premier Ministre de la Transition, Ali Mahaman Lamine Zeine a rec\u0327u, dans l\u2019apre\u0300s-midi de ce jeudi 29 fe\u0301vrier 2024, le ...","robots":{"index":"index","follow":"follow","max-snippet":"max-snippet:-1","max-image-preview":"max-image-preview:large","max-video-preview":"max-video-preview:-1"},"canonical":"https:\/\/www.africa-press.net\/niger\/politique\/niamey-le-premier-ministre-de-la-transition-recoit-le-ministre-congolais-des-affaires-etrangeres","og_locale":"fr_FR","og_type":"article","og_title":"Niamey : Le Premier Ministre de la Transition re\u00e7oit le Ministre Congolais des Affaires Etrang\u00e8res","og_description":"Le Premier Ministre de la Transition, Ali Mahaman Lamine Zeine a rec\u0327u, dans l\u2019apre\u0300s-midi de ce jeudi 29 fe\u0301vrier 2024, le ...","og_url":"https:\/\/www.africa-press.net\/niger\/politique\/niamey-le-premier-ministre-de-la-transition-recoit-le-ministre-congolais-des-affaires-etrangeres","og_site_name":"niger","article_published_time":"2024-03-01T19:55:49+00:00","article_modified_time":"2024-03-01T20:12:53+00:00","og_image":[{"width":720,"height":479,"url":"https:\/\/static.africa-press.net\/niger\/sites\/40\/2024\/03\/sm_1709310971.497371.jpg","type":"image\/jpeg"}],"author":"cfeditorfr","twitter_card":"summary_large_image","twitter_misc":{"\u00c9crit par":"cfeditorfr","Dur\u00e9e de lecture estim\u00e9e":"1 minute"},"schema":{"@context":"https:\/\/schema.org","@graph":[{"@type":"Article","@id":"https:\/\/www.africa-press.net\/niger\/politique\/niamey-le-premier-ministre-de-la-transition-recoit-le-ministre-congolais-des-affaires-etrangeres#article","isPartOf":{"@id":"https:\/\/www.africa-press.net\/niger\/politique\/niamey-le-premier-ministre-de-la-transition-recoit-le-ministre-congolais-des-affaires-etrangeres"},"author":{"name":"cfeditorfr","@id":"https:\/\/www.africa-press.net\/niger\/#\/schema\/person\/2b1cf3cd81a31e3cd26889ca66d677f1"},"headline":"Niamey : Le Premier Ministre de la Transition re\u00e7oit le Ministre Congolais des Affaires Etrang\u00e8res","datePublished":"2024-03-01T19:55:49+00:00","dateModified":"2024-03-01T20:12:53+00:00","mainEntityOfPage":{"@id":"https:\/\/www.africa-press.net\/niger\/politique\/niamey-le-premier-ministre-de-la-transition-recoit-le-ministre-congolais-des-affaires-etrangeres"},"wordCount":202,"commentCount":0,"image":{"@id":"https:\/\/www.africa-press.net\/niger\/politique\/niamey-le-premier-ministre-de-la-transition-recoit-le-ministre-congolais-des-affaires-etrangeres#primaryimage"},"thumbnailUrl":"https:\/\/static.africa-press.net\/niger\/sites\/40\/2024\/03\/sm_1709310971.497371.jpg","keywords":["Africa Press","Africa Press-Niger","Niger"],"articleSection":["Politique","Top Nouvelles","Toutes les actualit\u00e9s"],"inLanguage":"fr-FR","potentialAction":[{"@type":"CommentAction","name":"Comment","target":["https:\/\/www.africa-press.net\/niger\/politique\/niamey-le-premier-ministre-de-la-transition-recoit-le-ministre-congolais-des-affaires-etrangeres#respond"]}]},{"@type":"WebPage","@id":"https:\/\/www.africa-press.net\/niger\/politique\/niamey-le-premier-ministre-de-la-transition-recoit-le-ministre-congolais-des-affaires-etrangeres","url":"https:\/\/www.africa-press.net\/niger\/politique\/niamey-le-premier-ministre-de-la-transition-recoit-le-ministre-congolais-des-affaires-etrangeres","name":"Niamey : Le Premier Ministre de la Transition re\u00e7oit le Ministre Congolais des Affaires Etrang\u00e8res - niger","isPartOf":{"@id":"https:\/\/www.africa-press.net\/niger\/#website"},"primaryImageOfPage":{"@id":"https:\/\/www.africa-press.net\/niger\/politique\/niamey-le-premier-ministre-de-la-transition-recoit-le-ministre-congolais-des-affaires-etrangeres#primaryimage"},"image":{"@id":"https:\/\/www.africa-press.net\/niger\/politique\/niamey-le-premier-ministre-de-la-transition-recoit-le-ministre-congolais-des-affaires-etrangeres#primaryimage"},"thumbnailUrl":"https:\/\/static.africa-press.net\/niger\/sites\/40\/2024\/03\/sm_1709310971.497371.jpg","datePublished":"2024-03-01T19:55:49+00:00","dateModified":"2024-03-01T20:12:53+00:00","author":{"@id":"https:\/\/www.africa-press.net\/niger\/#\/schema\/person\/2b1cf3cd81a31e3cd26889ca66d677f1"},"description":"Le Premier Ministre de la Transition, Ali Mahaman Lamine Zeine a rec\u0327u, dans l\u2019apre\u0300s-midi de ce jeudi 29 fe\u0301vrier 2024, le ...","breadcrumb":{"@id":"https:\/\/www.africa-press.net\/niger\/politique\/niamey-le-premier-ministre-de-la-transition-recoit-le-ministre-congolais-des-affaires-etrangeres#breadcrumb"},"inLanguage":"fr-FR","potentialAction":[{"@type":"ReadAction","target":["https:\/\/www.africa-press.net\/niger\/politique\/niamey-le-premier-ministre-de-la-transition-recoit-le-ministre-congolais-des-affaires-etrangeres"]}]},{"@type":"ImageObject","inLanguage":"fr-FR","@id":"https:\/\/www.africa-press.net\/niger\/politique\/niamey-le-premier-ministre-de-la-transition-recoit-le-ministre-congolais-des-affaires-etrangeres#primaryimage","url":"https:\/\/static.africa-press.net\/niger\/sites\/40\/2024\/03\/sm_1709310971.497371.jpg","contentUrl":"https:\/\/static.africa-press.net\/niger\/sites\/40\/2024\/03\/sm_1709310971.497371.jpg","width":720,"height":479,"caption":"Niamey : Le Premier Ministre de la Transition re\u00e7oit le Ministre Congolais des Affaires Etrang\u00e8res"},{"@type":"BreadcrumbList","@id":"https:\/\/www.africa-press.net\/niger\/politique\/niamey-le-premier-ministre-de-la-transition-recoit-le-ministre-congolais-des-affaires-etrangeres#breadcrumb","itemListElement":[{"@type":"ListItem","position":1,"name":"Accueil","item":"https:\/\/www.africa-press.net\/niger\/"},{"@type":"ListItem","position":2,"name":"Niamey : Le Premier Ministre de la Transition re\u00e7oit le Ministre Congolais des Affaires Etrang\u00e8res"}]},{"@type":"WebSite","@id":"https:\/\/www.africa-press.net\/niger\/#website","url":"https:\/\/www.africa-press.net\/niger\/","name":"niger","description":"Just another Africa News Agency Sites site","potentialAction":[{"@type":"SearchAction","target":{"@type":"EntryPoint","urlTemplate":"https:\/\/www.africa-press.net\/niger\/?s={search_term_string}"},"query-input":{"@type":"PropertyValueSpecification","valueRequired":true,"valueName":"search_term_string"}}],"inLanguage":"fr-FR"},{"@type":"Person","@id":"https:\/\/www.africa-press.net\/niger\/#\/schema\/person\/2b1cf3cd81a31e3cd26889ca66d677f1","name":"cfeditorfr"}]}},"_links":{"self":[{"href":"https:\/\/www.africa-press.net\/niger\/wp-json\/wp\/v2\/posts\/59266","targetHints":{"allow":["GET"]}}],"collection":[{"href":"https:\/\/www.africa-press.net\/niger\/wp-json\/wp\/v2\/posts"}],"about":[{"href":"https:\/\/www.africa-press.net\/niger\/wp-json\/wp\/v2\/types\/post"}],"author":[{"embeddable":true,"href":"https:\/\/www.africa-press.net\/niger\/wp-json\/wp\/v2\/users\/82"}],"replies":[{"embeddable":true,"href":"https:\/\/www.africa-press.net\/niger\/wp-json\/wp\/v2\/comments?post=59266"}],"version-history":[{"count":0,"href":"https:\/\/www.africa-press.net\/niger\/wp-json\/wp\/v2\/posts\/59266\/revisions"}],"wp:featuredmedia":[{"embeddable":true,"href":"https:\/\/www.africa-press.net\/niger\/wp-json\/wp\/v2\/media\/59265"}],"wp:attachment":[{"href":"https:\/\/www.africa-press.net\/niger\/wp-json\/wp\/v2\/media?parent=59266"}],"wp:term":[{"taxonomy":"category","embeddable":true,"href":"https:\/\/www.africa-press.net\/niger\/wp-json\/wp\/v2\/categories?post=59266"},{"taxonomy":"post_tag","embeddable":true,"href":"https:\/\/www.africa-press.net\/niger\/wp-json\/wp\/v2\/tags?post=59266"}],"curies":[{"name":"wp","href":"https:\/\/api.w.org\/{rel}","templated":true}]}}