{"id":59274,"date":"2024-03-01T20:02:41","date_gmt":"2024-03-01T20:02:41","guid":{"rendered":"https:\/\/www.africa-press.net\/niger\/politique\/lancement-a-filingue-tillaberi-de-la-7eme-edition-du-festival-dokin-iska-dan-filingue-fidif"},"modified":"2024-03-01T20:27:56","modified_gmt":"2024-03-01T20:27:56","slug":"lancement-a-filingue-tillaberi-de-la-7eme-edition-du-festival-dokin-iska-dan-filingue-fidif","status":"publish","type":"post","link":"https:\/\/www.africa-press.net\/niger\/culture-et-art\/lancement-a-filingue-tillaberi-de-la-7eme-edition-du-festival-dokin-iska-dan-filingue-fidif","title":{"rendered":"Lancement \u00e0 Filingu\u00e9 (Tillab\u00e9ri) de la 7\u00e8me \u00e9dition du festival \u2018\u2019Dokin iska dan filingu\u00e9\u2019\u2019 (FIDIF)"},"content":{"rendered":"<p><span style=\"color: #ff6600\"><strong>Africa-Press &#8211; Niger. <\/strong><\/span>Le Ministre de la jeunesse, des sporsts, des arts et de la culture, le Colonel-Major Amadou Abdourahamane a proce\u0301de\u0301, le jeudi 29 fe\u0301vrier 2024 a\u0300 Filingue\u0301 (Tillabe\u0301ri), au lancement du festival \u2018\u2019dokin iska dan filingue\u0301\u2019\u2019 (FIDIF).<\/p>\n<p>C\u2019e\u0301tait en pre\u0301sence du ministre d\u2019Etat a\u0300 la culture du Burkina Faso, des membres du gouvernement nige\u0301rien, des responsables re\u0301gionaux et de\u0301partementaux et des populations du kourfey, d\u2019Imanan, du Tagazar et du Tondikandia.<\/p>\n<p>Ce festival, en tant qu\u2019espace d\u2019e\u0301changes, de loisirs, et de mutualisation des efforts pour le de\u0301veloppement de cette zone, vise a\u0300 contribuer a\u0300 la promotion du de\u0301veloppement social, e\u0301conomique et culturel des de\u0301partements de d\u2019Abala, Filingue\u0301 et de Ballayara.<\/p>\n<p>Il vise e\u0301galement a\u0300 sauvegarder le patrimoine culturel immate\u0301riel de cette zone de la re\u0301gion de Tillabe\u0301ri.<\/p>\n<p>Rappelons que ce festival \u2018\u2019Dokin iska dan Filingue\u0301\u2019\u2019 est porte\u0301 par une association du me\u0302me nom pre\u0301side\u0301e par l\u2019ancien Ministre de la culture, Assoumana Malam Issa.<\/p>\n<p><strong>Pour plus d&rsquo;informations et d&rsquo;analyses sur la <a href=\"https:\/\/www.africa-press.net\/niger\">Niger<\/a>, suivez <a href=\"https:\/\/www.africa-press.net\/\">Africa-Press<\/a><\/strong><\/p>\n","protected":false},"excerpt":{"rendered":"<p>Africa-Press &#8211; Niger. Le Ministre de la jeunesse, des sporsts, des arts et de la culture, le Colonel-Major Amadou Abdourahamane a proce\u0301de\u0301, le jeudi 29 fe\u0301vrier 2024 a\u0300 Filingue\u0301 (Tillabe\u0301ri), au lancement du festival \u2018\u2019dokin iska dan filingue\u0301\u2019\u2019 (FIDIF). C\u2019e\u0301tait en pre\u0301sence du ministre d\u2019Etat a\u0300 la culture du Burkina Faso, des membres du gouvernement [&hellip;]<\/p>\n","protected":false},"author":82,"featured_media":59272,"comment_status":"open","ping_status":"closed","sticky":false,"template":"","format":"standard","meta":{"footnotes":""},"categories":[5,10],"tags":[55,60,29],"class_list":["post-59274","post","type-post","status-publish","format-standard","has-post-thumbnail","hentry","category-culture-et-art","category-toutes-les-actualites","tag-africa-press","tag-africa-press-niger","tag-niger"],"yoast_head":"<!-- This site is optimized with the Yoast SEO Premium plugin v26.1 (Yoast SEO v27.0) - https:\/\/yoast.com\/product\/yoast-seo-premium-wordpress\/ -->\n<title>Lancement \u00e0 Filingu\u00e9 (Tillab\u00e9ri) de la 7\u00e8me \u00e9dition du festival \u2018\u2019Dokin iska dan filingu\u00e9\u2019\u2019 (FIDIF) - niger<\/title>\n<meta name=\"description\" content=\"Le Ministre de la jeunesse, des sporsts, des arts et de la culture, le Colonel-Major Amadou Abdourahamane a proce\u0301de\u0301, l ...\" \/>\n<meta name=\"robots\" content=\"index, follow, max-snippet:-1, max-image-preview:large, max-video-preview:-1\" \/>\n<link rel=\"canonical\" href=\"https:\/\/www.africa-press.net\/niger\/culture-et-art\/lancement-a-filingue-tillaberi-de-la-7eme-edition-du-festival-dokin-iska-dan-filingue-fidif\" \/>\n<meta property=\"og:locale\" content=\"fr_FR\" \/>\n<meta property=\"og:type\" content=\"article\" \/>\n<meta property=\"og:title\" content=\"Lancement \u00e0 Filingu\u00e9 (Tillab\u00e9ri) de la 7\u00e8me \u00e9dition du festival \u2018\u2019Dokin iska dan filingu\u00e9\u2019\u2019 (FIDIF)\" \/>\n<meta property=\"og:description\" content=\"Le Ministre de la jeunesse, des sporsts, des arts et de la culture, le Colonel-Major Amadou Abdourahamane a proce\u0301de\u0301, l ...\" \/>\n<meta property=\"og:url\" content=\"https:\/\/www.africa-press.net\/niger\/culture-et-art\/lancement-a-filingue-tillaberi-de-la-7eme-edition-du-festival-dokin-iska-dan-filingue-fidif\" \/>\n<meta property=\"og:site_name\" content=\"niger\" \/>\n<meta property=\"article:published_time\" content=\"2024-03-01T20:02:41+00:00\" \/>\n<meta property=\"article:modified_time\" content=\"2024-03-01T20:27:56+00:00\" \/>\n<meta property=\"og:image\" content=\"https:\/\/static.africa-press.net\/niger\/sites\/40\/2024\/03\/sm_1709311370.710208.jpg\" \/>\n\t<meta property=\"og:image:width\" content=\"720\" \/>\n\t<meta property=\"og:image:height\" content=\"480\" \/>\n\t<meta property=\"og:image:type\" content=\"image\/jpeg\" \/>\n<meta name=\"author\" content=\"cfeditorfr\" \/>\n<meta name=\"twitter:card\" content=\"summary_large_image\" \/>\n<meta name=\"twitter:label1\" content=\"\u00c9crit par\" \/>\n\t<meta name=\"twitter:data1\" content=\"cfeditorfr\" \/>\n\t<meta name=\"twitter:label2\" content=\"Dur\u00e9e de lecture estim\u00e9e\" \/>\n\t<meta name=\"twitter:data2\" content=\"2 minutes\" \/>\n<script type=\"application\/ld+json\" class=\"yoast-schema-graph\">{\"@context\":\"https:\/\/schema.org\",\"@graph\":[{\"@type\":\"Article\",\"@id\":\"https:\/\/www.africa-press.net\/niger\/culture-et-art\/lancement-a-filingue-tillaberi-de-la-7eme-edition-du-festival-dokin-iska-dan-filingue-fidif#article\",\"isPartOf\":{\"@id\":\"https:\/\/www.africa-press.net\/niger\/culture-et-art\/lancement-a-filingue-tillaberi-de-la-7eme-edition-du-festival-dokin-iska-dan-filingue-fidif\"},\"author\":{\"name\":\"cfeditorfr\",\"@id\":\"https:\/\/www.africa-press.net\/niger\/#\/schema\/person\/2b1cf3cd81a31e3cd26889ca66d677f1\"},\"headline\":\"Lancement \u00e0 Filingu\u00e9 (Tillab\u00e9ri) de la 7\u00e8me \u00e9dition du festival \u2018\u2019Dokin iska dan filingu\u00e9\u2019\u2019 (FIDIF)\",\"datePublished\":\"2024-03-01T20:02:41+00:00\",\"dateModified\":\"2024-03-01T20:27:56+00:00\",\"mainEntityOfPage\":{\"@id\":\"https:\/\/www.africa-press.net\/niger\/culture-et-art\/lancement-a-filingue-tillaberi-de-la-7eme-edition-du-festival-dokin-iska-dan-filingue-fidif\"},\"wordCount\":206,\"commentCount\":0,\"image\":{\"@id\":\"https:\/\/www.africa-press.net\/niger\/culture-et-art\/lancement-a-filingue-tillaberi-de-la-7eme-edition-du-festival-dokin-iska-dan-filingue-fidif#primaryimage\"},\"thumbnailUrl\":\"https:\/\/static.africa-press.net\/niger\/sites\/40\/2024\/03\/sm_1709311370.710208.jpg\",\"keywords\":[\"Africa Press\",\"Africa Press-Niger\",\"Niger\"],\"articleSection\":[\"Culture et Art\",\"Toutes les actualit\u00e9s\"],\"inLanguage\":\"fr-FR\",\"potentialAction\":[{\"@type\":\"CommentAction\",\"name\":\"Comment\",\"target\":[\"https:\/\/www.africa-press.net\/niger\/culture-et-art\/lancement-a-filingue-tillaberi-de-la-7eme-edition-du-festival-dokin-iska-dan-filingue-fidif#respond\"]}]},{\"@type\":\"WebPage\",\"@id\":\"https:\/\/www.africa-press.net\/niger\/culture-et-art\/lancement-a-filingue-tillaberi-de-la-7eme-edition-du-festival-dokin-iska-dan-filingue-fidif\",\"url\":\"https:\/\/www.africa-press.net\/niger\/culture-et-art\/lancement-a-filingue-tillaberi-de-la-7eme-edition-du-festival-dokin-iska-dan-filingue-fidif\",\"name\":\"Lancement \u00e0 Filingu\u00e9 (Tillab\u00e9ri) de la 7\u00e8me \u00e9dition du festival \u2018\u2019Dokin iska dan filingu\u00e9\u2019\u2019 (FIDIF) - niger\",\"isPartOf\":{\"@id\":\"https:\/\/www.africa-press.net\/niger\/#website\"},\"primaryImageOfPage\":{\"@id\":\"https:\/\/www.africa-press.net\/niger\/culture-et-art\/lancement-a-filingue-tillaberi-de-la-7eme-edition-du-festival-dokin-iska-dan-filingue-fidif#primaryimage\"},\"image\":{\"@id\":\"https:\/\/www.africa-press.net\/niger\/culture-et-art\/lancement-a-filingue-tillaberi-de-la-7eme-edition-du-festival-dokin-iska-dan-filingue-fidif#primaryimage\"},\"thumbnailUrl\":\"https:\/\/static.africa-press.net\/niger\/sites\/40\/2024\/03\/sm_1709311370.710208.jpg\",\"datePublished\":\"2024-03-01T20:02:41+00:00\",\"dateModified\":\"2024-03-01T20:27:56+00:00\",\"author\":{\"@id\":\"https:\/\/www.africa-press.net\/niger\/#\/schema\/person\/2b1cf3cd81a31e3cd26889ca66d677f1\"},\"description\":\"Le Ministre de la jeunesse, des sporsts, des arts et de la culture, le Colonel-Major Amadou Abdourahamane a proce\u0301de\u0301, l ...\",\"breadcrumb\":{\"@id\":\"https:\/\/www.africa-press.net\/niger\/culture-et-art\/lancement-a-filingue-tillaberi-de-la-7eme-edition-du-festival-dokin-iska-dan-filingue-fidif#breadcrumb\"},\"inLanguage\":\"fr-FR\",\"potentialAction\":[{\"@type\":\"ReadAction\",\"target\":[\"https:\/\/www.africa-press.net\/niger\/culture-et-art\/lancement-a-filingue-tillaberi-de-la-7eme-edition-du-festival-dokin-iska-dan-filingue-fidif\"]}]},{\"@type\":\"ImageObject\",\"inLanguage\":\"fr-FR\",\"@id\":\"https:\/\/www.africa-press.net\/niger\/culture-et-art\/lancement-a-filingue-tillaberi-de-la-7eme-edition-du-festival-dokin-iska-dan-filingue-fidif#primaryimage\",\"url\":\"https:\/\/static.africa-press.net\/niger\/sites\/40\/2024\/03\/sm_1709311370.710208.jpg\",\"contentUrl\":\"https:\/\/static.africa-press.net\/niger\/sites\/40\/2024\/03\/sm_1709311370.710208.jpg\",\"width\":720,\"height\":480,\"caption\":\"Lancement \u00e0 Filingu\u00e9 (Tillab\u00e9ri) de la 7\u00e8me \u00e9dition du festival \u2018\u2019Dokin iska dan filingu\u00e9\u2019\u2019 (FIDIF)\"},{\"@type\":\"BreadcrumbList\",\"@id\":\"https:\/\/www.africa-press.net\/niger\/culture-et-art\/lancement-a-filingue-tillaberi-de-la-7eme-edition-du-festival-dokin-iska-dan-filingue-fidif#breadcrumb\",\"itemListElement\":[{\"@type\":\"ListItem\",\"position\":1,\"name\":\"Accueil\",\"item\":\"https:\/\/www.africa-press.net\/niger\/\"},{\"@type\":\"ListItem\",\"position\":2,\"name\":\"Lancement \u00e0 Filingu\u00e9 (Tillab\u00e9ri) de la 7\u00e8me \u00e9dition du festival \u2018\u2019Dokin iska dan filingu\u00e9\u2019\u2019 (FIDIF)\"}]},{\"@type\":\"WebSite\",\"@id\":\"https:\/\/www.africa-press.net\/niger\/#website\",\"url\":\"https:\/\/www.africa-press.net\/niger\/\",\"name\":\"niger\",\"description\":\"Just another Africa News Agency Sites site\",\"potentialAction\":[{\"@type\":\"SearchAction\",\"target\":{\"@type\":\"EntryPoint\",\"urlTemplate\":\"https:\/\/www.africa-press.net\/niger\/?s={search_term_string}\"},\"query-input\":{\"@type\":\"PropertyValueSpecification\",\"valueRequired\":true,\"valueName\":\"search_term_string\"}}],\"inLanguage\":\"fr-FR\"},{\"@type\":\"Person\",\"@id\":\"https:\/\/www.africa-press.net\/niger\/#\/schema\/person\/2b1cf3cd81a31e3cd26889ca66d677f1\",\"name\":\"cfeditorfr\"}]}<\/script>\n<!-- \/ Yoast SEO Premium plugin. -->","yoast_head_json":{"title":"Lancement \u00e0 Filingu\u00e9 (Tillab\u00e9ri) de la 7\u00e8me \u00e9dition du festival \u2018\u2019Dokin iska dan filingu\u00e9\u2019\u2019 (FIDIF) - niger","description":"Le Ministre de la jeunesse, des sporsts, des arts et de la culture, le Colonel-Major Amadou Abdourahamane a proce\u0301de\u0301, l ...","robots":{"index":"index","follow":"follow","max-snippet":"max-snippet:-1","max-image-preview":"max-image-preview:large","max-video-preview":"max-video-preview:-1"},"canonical":"https:\/\/www.africa-press.net\/niger\/culture-et-art\/lancement-a-filingue-tillaberi-de-la-7eme-edition-du-festival-dokin-iska-dan-filingue-fidif","og_locale":"fr_FR","og_type":"article","og_title":"Lancement \u00e0 Filingu\u00e9 (Tillab\u00e9ri) de la 7\u00e8me \u00e9dition du festival \u2018\u2019Dokin iska dan filingu\u00e9\u2019\u2019 (FIDIF)","og_description":"Le Ministre de la jeunesse, des sporsts, des arts et de la culture, le Colonel-Major Amadou Abdourahamane a proce\u0301de\u0301, l ...","og_url":"https:\/\/www.africa-press.net\/niger\/culture-et-art\/lancement-a-filingue-tillaberi-de-la-7eme-edition-du-festival-dokin-iska-dan-filingue-fidif","og_site_name":"niger","article_published_time":"2024-03-01T20:02:41+00:00","article_modified_time":"2024-03-01T20:27:56+00:00","og_image":[{"width":720,"height":480,"url":"https:\/\/static.africa-press.net\/niger\/sites\/40\/2024\/03\/sm_1709311370.710208.jpg","type":"image\/jpeg"}],"author":"cfeditorfr","twitter_card":"summary_large_image","twitter_misc":{"\u00c9crit par":"cfeditorfr","Dur\u00e9e de lecture estim\u00e9e":"2 minutes"},"schema":{"@context":"https:\/\/schema.org","@graph":[{"@type":"Article","@id":"https:\/\/www.africa-press.net\/niger\/culture-et-art\/lancement-a-filingue-tillaberi-de-la-7eme-edition-du-festival-dokin-iska-dan-filingue-fidif#article","isPartOf":{"@id":"https:\/\/www.africa-press.net\/niger\/culture-et-art\/lancement-a-filingue-tillaberi-de-la-7eme-edition-du-festival-dokin-iska-dan-filingue-fidif"},"author":{"name":"cfeditorfr","@id":"https:\/\/www.africa-press.net\/niger\/#\/schema\/person\/2b1cf3cd81a31e3cd26889ca66d677f1"},"headline":"Lancement \u00e0 Filingu\u00e9 (Tillab\u00e9ri) de la 7\u00e8me \u00e9dition du festival \u2018\u2019Dokin iska dan filingu\u00e9\u2019\u2019 (FIDIF)","datePublished":"2024-03-01T20:02:41+00:00","dateModified":"2024-03-01T20:27:56+00:00","mainEntityOfPage":{"@id":"https:\/\/www.africa-press.net\/niger\/culture-et-art\/lancement-a-filingue-tillaberi-de-la-7eme-edition-du-festival-dokin-iska-dan-filingue-fidif"},"wordCount":206,"commentCount":0,"image":{"@id":"https:\/\/www.africa-press.net\/niger\/culture-et-art\/lancement-a-filingue-tillaberi-de-la-7eme-edition-du-festival-dokin-iska-dan-filingue-fidif#primaryimage"},"thumbnailUrl":"https:\/\/static.africa-press.net\/niger\/sites\/40\/2024\/03\/sm_1709311370.710208.jpg","keywords":["Africa Press","Africa Press-Niger","Niger"],"articleSection":["Culture et Art","Toutes les actualit\u00e9s"],"inLanguage":"fr-FR","potentialAction":[{"@type":"CommentAction","name":"Comment","target":["https:\/\/www.africa-press.net\/niger\/culture-et-art\/lancement-a-filingue-tillaberi-de-la-7eme-edition-du-festival-dokin-iska-dan-filingue-fidif#respond"]}]},{"@type":"WebPage","@id":"https:\/\/www.africa-press.net\/niger\/culture-et-art\/lancement-a-filingue-tillaberi-de-la-7eme-edition-du-festival-dokin-iska-dan-filingue-fidif","url":"https:\/\/www.africa-press.net\/niger\/culture-et-art\/lancement-a-filingue-tillaberi-de-la-7eme-edition-du-festival-dokin-iska-dan-filingue-fidif","name":"Lancement \u00e0 Filingu\u00e9 (Tillab\u00e9ri) de la 7\u00e8me \u00e9dition du festival \u2018\u2019Dokin iska dan filingu\u00e9\u2019\u2019 (FIDIF) - niger","isPartOf":{"@id":"https:\/\/www.africa-press.net\/niger\/#website"},"primaryImageOfPage":{"@id":"https:\/\/www.africa-press.net\/niger\/culture-et-art\/lancement-a-filingue-tillaberi-de-la-7eme-edition-du-festival-dokin-iska-dan-filingue-fidif#primaryimage"},"image":{"@id":"https:\/\/www.africa-press.net\/niger\/culture-et-art\/lancement-a-filingue-tillaberi-de-la-7eme-edition-du-festival-dokin-iska-dan-filingue-fidif#primaryimage"},"thumbnailUrl":"https:\/\/static.africa-press.net\/niger\/sites\/40\/2024\/03\/sm_1709311370.710208.jpg","datePublished":"2024-03-01T20:02:41+00:00","dateModified":"2024-03-01T20:27:56+00:00","author":{"@id":"https:\/\/www.africa-press.net\/niger\/#\/schema\/person\/2b1cf3cd81a31e3cd26889ca66d677f1"},"description":"Le Ministre de la jeunesse, des sporsts, des arts et de la culture, le Colonel-Major Amadou Abdourahamane a proce\u0301de\u0301, l ...","breadcrumb":{"@id":"https:\/\/www.africa-press.net\/niger\/culture-et-art\/lancement-a-filingue-tillaberi-de-la-7eme-edition-du-festival-dokin-iska-dan-filingue-fidif#breadcrumb"},"inLanguage":"fr-FR","potentialAction":[{"@type":"ReadAction","target":["https:\/\/www.africa-press.net\/niger\/culture-et-art\/lancement-a-filingue-tillaberi-de-la-7eme-edition-du-festival-dokin-iska-dan-filingue-fidif"]}]},{"@type":"ImageObject","inLanguage":"fr-FR","@id":"https:\/\/www.africa-press.net\/niger\/culture-et-art\/lancement-a-filingue-tillaberi-de-la-7eme-edition-du-festival-dokin-iska-dan-filingue-fidif#primaryimage","url":"https:\/\/static.africa-press.net\/niger\/sites\/40\/2024\/03\/sm_1709311370.710208.jpg","contentUrl":"https:\/\/static.africa-press.net\/niger\/sites\/40\/2024\/03\/sm_1709311370.710208.jpg","width":720,"height":480,"caption":"Lancement \u00e0 Filingu\u00e9 (Tillab\u00e9ri) de la 7\u00e8me \u00e9dition du festival \u2018\u2019Dokin iska dan filingu\u00e9\u2019\u2019 (FIDIF)"},{"@type":"BreadcrumbList","@id":"https:\/\/www.africa-press.net\/niger\/culture-et-art\/lancement-a-filingue-tillaberi-de-la-7eme-edition-du-festival-dokin-iska-dan-filingue-fidif#breadcrumb","itemListElement":[{"@type":"ListItem","position":1,"name":"Accueil","item":"https:\/\/www.africa-press.net\/niger\/"},{"@type":"ListItem","position":2,"name":"Lancement \u00e0 Filingu\u00e9 (Tillab\u00e9ri) de la 7\u00e8me \u00e9dition du festival \u2018\u2019Dokin iska dan filingu\u00e9\u2019\u2019 (FIDIF)"}]},{"@type":"WebSite","@id":"https:\/\/www.africa-press.net\/niger\/#website","url":"https:\/\/www.africa-press.net\/niger\/","name":"niger","description":"Just another Africa News Agency Sites site","potentialAction":[{"@type":"SearchAction","target":{"@type":"EntryPoint","urlTemplate":"https:\/\/www.africa-press.net\/niger\/?s={search_term_string}"},"query-input":{"@type":"PropertyValueSpecification","valueRequired":true,"valueName":"search_term_string"}}],"inLanguage":"fr-FR"},{"@type":"Person","@id":"https:\/\/www.africa-press.net\/niger\/#\/schema\/person\/2b1cf3cd81a31e3cd26889ca66d677f1","name":"cfeditorfr"}]}},"_links":{"self":[{"href":"https:\/\/www.africa-press.net\/niger\/wp-json\/wp\/v2\/posts\/59274","targetHints":{"allow":["GET"]}}],"collection":[{"href":"https:\/\/www.africa-press.net\/niger\/wp-json\/wp\/v2\/posts"}],"about":[{"href":"https:\/\/www.africa-press.net\/niger\/wp-json\/wp\/v2\/types\/post"}],"author":[{"embeddable":true,"href":"https:\/\/www.africa-press.net\/niger\/wp-json\/wp\/v2\/users\/82"}],"replies":[{"embeddable":true,"href":"https:\/\/www.africa-press.net\/niger\/wp-json\/wp\/v2\/comments?post=59274"}],"version-history":[{"count":0,"href":"https:\/\/www.africa-press.net\/niger\/wp-json\/wp\/v2\/posts\/59274\/revisions"}],"wp:featuredmedia":[{"embeddable":true,"href":"https:\/\/www.africa-press.net\/niger\/wp-json\/wp\/v2\/media\/59272"}],"wp:attachment":[{"href":"https:\/\/www.africa-press.net\/niger\/wp-json\/wp\/v2\/media?parent=59274"}],"wp:term":[{"taxonomy":"category","embeddable":true,"href":"https:\/\/www.africa-press.net\/niger\/wp-json\/wp\/v2\/categories?post=59274"},{"taxonomy":"post_tag","embeddable":true,"href":"https:\/\/www.africa-press.net\/niger\/wp-json\/wp\/v2\/tags?post=59274"}],"curies":[{"name":"wp","href":"https:\/\/api.w.org\/{rel}","templated":true}]}}