{"id":59318,"date":"2024-03-03T17:55:46","date_gmt":"2024-03-03T17:55:46","guid":{"rendered":"https:\/\/www.africa-press.net\/niger\/politique\/niger-benin-bientot-la-reconciliation-une-delegation-nigerienne-attendue-a-cotonou"},"modified":"2024-03-03T18:30:46","modified_gmt":"2024-03-03T18:30:46","slug":"niger-benin-bientot-la-reconciliation-une-delegation-nigerienne-attendue-a-cotonou","status":"publish","type":"post","link":"https:\/\/www.africa-press.net\/niger\/politique\/niger-benin-bientot-la-reconciliation-une-delegation-nigerienne-attendue-a-cotonou","title":{"rendered":"Niger-Benin : bient\u00f4t la r\u00e9conciliation ? Une d\u00e9l\u00e9gation nig\u00e9rienne attendue \u00e0 Cotonou"},"content":{"rendered":"<p><span style=\"color: #ff6600\"><strong>Africa-Press &#8211; Niger. <\/strong><\/span>Il se pourrait que ce soit biento\u0302t la re\u0301conciliation entre le Niger et son voisin, le Be\u0301nin.<\/p>\n<p>En effet, apre\u0300s la leve\u0301e des sanctions de la Communaute\u0301 E\u0301conomique des E\u0301tats de l\u2019Afrique de l\u2019Ouest (CEDEAO), des e\u0301missaires de la douane nige\u0301rienne sont annonce\u0301s au Be\u0301nin.<\/p>\n<p>Selon les informations, la de\u0301le\u0301gation devrait se\u0301journer pendant une semaine a\u0300 Cotonou. Leur venue est annonce\u0301e pour ce dimanche 03 mars 2024.<\/p>\n<p>C\u2019est une premie\u0300re depuis le coup d\u2019E\u0301tat du 26 juillet 2023 qui a renverse\u0301 Mohamed Bazoum.<\/p>\n<p>Depuis ce coup de force, les relations entre Niamey et Cotonou sont tendues.<\/p>\n<p>Une visite qui intervient une semaine apre\u0300s la leve\u0301e des sanctions inflige\u0301es par la CEDEAO suite au sommet d\u2019Abuja.<\/p>\n<p>Syste\u0301matiquement apre\u0300s ce sommet, le Be\u0301nin avait ouvert ses frontie\u0300res avec le Niger.<\/p>\n<p>Cependant, du co\u0302te\u0301 de Niamey, les camions en destination du Niger restent bloque\u0301s, car les autorite\u0301s nige\u0301riennes maintiennent leur frontie\u0300re ferme\u0301e.<\/p>\n<p>Pour l\u2019heure, les raisons de cette mission ne sont pas encore connues.<\/p>\n<p>Notons que cette situation qui perdue depuis maintenant sept mois n\u2019a pas e\u0301te\u0301 sans conse\u0301quence. Elle a empe\u0302che\u0301 la circulation des biens et des personnes entre le Be\u0301nin et le Niger. Environ 13 000 conteneurs en destination de Niamey sont bloque\u0301s au Port de Cotonou.<\/p>\n<p><strong>Pour plus d&rsquo;informations et d&rsquo;analyses sur la <a href=\"https:\/\/www.africa-press.net\/niger\">Niger<\/a>, suivez <a href=\"https:\/\/www.africa-press.net\/\">Africa-Press<\/a><\/strong><\/p>\n","protected":false},"excerpt":{"rendered":"<p>Africa-Press &#8211; Niger. Il se pourrait que ce soit biento\u0302t la re\u0301conciliation entre le Niger et son voisin, le Be\u0301nin. En effet, apre\u0300s la leve\u0301e des sanctions de la Communaute\u0301 E\u0301conomique des E\u0301tats de l\u2019Afrique de l\u2019Ouest (CEDEAO), des e\u0301missaires de la douane nige\u0301rienne sont annonce\u0301s au Be\u0301nin. Selon les informations, la de\u0301le\u0301gation devrait se\u0301journer [&hellip;]<\/p>\n","protected":false},"author":82,"featured_media":59317,"comment_status":"open","ping_status":"closed","sticky":false,"template":"","format":"standard","meta":{"footnotes":""},"categories":[2,20,10],"tags":[55,60,29],"class_list":["post-59318","post","type-post","status-publish","format-standard","has-post-thumbnail","hentry","category-politique","category-top-nouvelles","category-toutes-les-actualites","tag-africa-press","tag-africa-press-niger","tag-niger"],"yoast_head":"<!-- This site is optimized with the Yoast SEO Premium plugin v26.1 (Yoast SEO v27.0) - https:\/\/yoast.com\/product\/yoast-seo-premium-wordpress\/ -->\n<title>Niger-Benin : bient\u00f4t la r\u00e9conciliation ? Une d\u00e9l\u00e9gation nig\u00e9rienne attendue \u00e0 Cotonou - niger<\/title>\n<meta name=\"description\" content=\"Il se pourrait que ce soit biento\u0302t la re\u0301conciliation entre le Niger et son voisin, le Be\u0301nin. En effet, apre\u0300s la lev ...\" \/>\n<meta name=\"robots\" content=\"index, follow, max-snippet:-1, max-image-preview:large, max-video-preview:-1\" \/>\n<link rel=\"canonical\" href=\"https:\/\/www.africa-press.net\/niger\/politique\/niger-benin-bientot-la-reconciliation-une-delegation-nigerienne-attendue-a-cotonou\" \/>\n<meta property=\"og:locale\" content=\"fr_FR\" \/>\n<meta property=\"og:type\" content=\"article\" \/>\n<meta property=\"og:title\" content=\"Niger-Benin : bient\u00f4t la r\u00e9conciliation ? Une d\u00e9l\u00e9gation nig\u00e9rienne attendue \u00e0 Cotonou\" \/>\n<meta property=\"og:description\" content=\"Il se pourrait que ce soit biento\u0302t la re\u0301conciliation entre le Niger et son voisin, le Be\u0301nin. En effet, apre\u0300s la lev ...\" \/>\n<meta property=\"og:url\" content=\"https:\/\/www.africa-press.net\/niger\/politique\/niger-benin-bientot-la-reconciliation-une-delegation-nigerienne-attendue-a-cotonou\" \/>\n<meta property=\"og:site_name\" content=\"niger\" \/>\n<meta property=\"article:published_time\" content=\"2024-03-03T17:55:46+00:00\" \/>\n<meta property=\"article:modified_time\" content=\"2024-03-03T18:30:46+00:00\" \/>\n<meta property=\"og:image\" content=\"https:\/\/static.africa-press.net\/niger\/sites\/40\/2024\/03\/sm_1709477671.087548.jpg\" \/>\n\t<meta property=\"og:image:width\" content=\"720\" \/>\n\t<meta property=\"og:image:height\" content=\"485\" \/>\n\t<meta property=\"og:image:type\" content=\"image\/jpeg\" \/>\n<meta name=\"author\" content=\"cfeditorfr\" \/>\n<meta name=\"twitter:card\" content=\"summary_large_image\" \/>\n<meta name=\"twitter:label1\" content=\"\u00c9crit par\" \/>\n\t<meta name=\"twitter:data1\" content=\"cfeditorfr\" \/>\n\t<meta name=\"twitter:label2\" content=\"Dur\u00e9e de lecture estim\u00e9e\" \/>\n\t<meta name=\"twitter:data2\" content=\"2 minutes\" \/>\n<script type=\"application\/ld+json\" class=\"yoast-schema-graph\">{\"@context\":\"https:\/\/schema.org\",\"@graph\":[{\"@type\":\"Article\",\"@id\":\"https:\/\/www.africa-press.net\/niger\/politique\/niger-benin-bientot-la-reconciliation-une-delegation-nigerienne-attendue-a-cotonou#article\",\"isPartOf\":{\"@id\":\"https:\/\/www.africa-press.net\/niger\/politique\/niger-benin-bientot-la-reconciliation-une-delegation-nigerienne-attendue-a-cotonou\"},\"author\":{\"name\":\"cfeditorfr\",\"@id\":\"https:\/\/www.africa-press.net\/niger\/#\/schema\/person\/2b1cf3cd81a31e3cd26889ca66d677f1\"},\"headline\":\"Niger-Benin : bient\u00f4t la r\u00e9conciliation ? Une d\u00e9l\u00e9gation nig\u00e9rienne attendue \u00e0 Cotonou\",\"datePublished\":\"2024-03-03T17:55:46+00:00\",\"dateModified\":\"2024-03-03T18:30:46+00:00\",\"mainEntityOfPage\":{\"@id\":\"https:\/\/www.africa-press.net\/niger\/politique\/niger-benin-bientot-la-reconciliation-une-delegation-nigerienne-attendue-a-cotonou\"},\"wordCount\":271,\"commentCount\":0,\"image\":{\"@id\":\"https:\/\/www.africa-press.net\/niger\/politique\/niger-benin-bientot-la-reconciliation-une-delegation-nigerienne-attendue-a-cotonou#primaryimage\"},\"thumbnailUrl\":\"https:\/\/static.africa-press.net\/niger\/sites\/40\/2024\/03\/sm_1709477671.087548.jpg\",\"keywords\":[\"Africa Press\",\"Africa Press-Niger\",\"Niger\"],\"articleSection\":[\"Politique\",\"Top Nouvelles\",\"Toutes les actualit\u00e9s\"],\"inLanguage\":\"fr-FR\",\"potentialAction\":[{\"@type\":\"CommentAction\",\"name\":\"Comment\",\"target\":[\"https:\/\/www.africa-press.net\/niger\/politique\/niger-benin-bientot-la-reconciliation-une-delegation-nigerienne-attendue-a-cotonou#respond\"]}]},{\"@type\":\"WebPage\",\"@id\":\"https:\/\/www.africa-press.net\/niger\/politique\/niger-benin-bientot-la-reconciliation-une-delegation-nigerienne-attendue-a-cotonou\",\"url\":\"https:\/\/www.africa-press.net\/niger\/politique\/niger-benin-bientot-la-reconciliation-une-delegation-nigerienne-attendue-a-cotonou\",\"name\":\"Niger-Benin : bient\u00f4t la r\u00e9conciliation ? Une d\u00e9l\u00e9gation nig\u00e9rienne attendue \u00e0 Cotonou - niger\",\"isPartOf\":{\"@id\":\"https:\/\/www.africa-press.net\/niger\/#website\"},\"primaryImageOfPage\":{\"@id\":\"https:\/\/www.africa-press.net\/niger\/politique\/niger-benin-bientot-la-reconciliation-une-delegation-nigerienne-attendue-a-cotonou#primaryimage\"},\"image\":{\"@id\":\"https:\/\/www.africa-press.net\/niger\/politique\/niger-benin-bientot-la-reconciliation-une-delegation-nigerienne-attendue-a-cotonou#primaryimage\"},\"thumbnailUrl\":\"https:\/\/static.africa-press.net\/niger\/sites\/40\/2024\/03\/sm_1709477671.087548.jpg\",\"datePublished\":\"2024-03-03T17:55:46+00:00\",\"dateModified\":\"2024-03-03T18:30:46+00:00\",\"author\":{\"@id\":\"https:\/\/www.africa-press.net\/niger\/#\/schema\/person\/2b1cf3cd81a31e3cd26889ca66d677f1\"},\"description\":\"Il se pourrait que ce soit biento\u0302t la re\u0301conciliation entre le Niger et son voisin, le Be\u0301nin. En effet, apre\u0300s la lev ...\",\"breadcrumb\":{\"@id\":\"https:\/\/www.africa-press.net\/niger\/politique\/niger-benin-bientot-la-reconciliation-une-delegation-nigerienne-attendue-a-cotonou#breadcrumb\"},\"inLanguage\":\"fr-FR\",\"potentialAction\":[{\"@type\":\"ReadAction\",\"target\":[\"https:\/\/www.africa-press.net\/niger\/politique\/niger-benin-bientot-la-reconciliation-une-delegation-nigerienne-attendue-a-cotonou\"]}]},{\"@type\":\"ImageObject\",\"inLanguage\":\"fr-FR\",\"@id\":\"https:\/\/www.africa-press.net\/niger\/politique\/niger-benin-bientot-la-reconciliation-une-delegation-nigerienne-attendue-a-cotonou#primaryimage\",\"url\":\"https:\/\/static.africa-press.net\/niger\/sites\/40\/2024\/03\/sm_1709477671.087548.jpg\",\"contentUrl\":\"https:\/\/static.africa-press.net\/niger\/sites\/40\/2024\/03\/sm_1709477671.087548.jpg\",\"width\":720,\"height\":485,\"caption\":\"Niger-Benin : bient\u00f4t la r\u00e9conciliation ? Une d\u00e9l\u00e9gation nig\u00e9rienne attendue \u00e0 Cotonou\"},{\"@type\":\"BreadcrumbList\",\"@id\":\"https:\/\/www.africa-press.net\/niger\/politique\/niger-benin-bientot-la-reconciliation-une-delegation-nigerienne-attendue-a-cotonou#breadcrumb\",\"itemListElement\":[{\"@type\":\"ListItem\",\"position\":1,\"name\":\"Accueil\",\"item\":\"https:\/\/www.africa-press.net\/niger\/\"},{\"@type\":\"ListItem\",\"position\":2,\"name\":\"Niger-Benin : bient\u00f4t la r\u00e9conciliation ? Une d\u00e9l\u00e9gation nig\u00e9rienne attendue \u00e0 Cotonou\"}]},{\"@type\":\"WebSite\",\"@id\":\"https:\/\/www.africa-press.net\/niger\/#website\",\"url\":\"https:\/\/www.africa-press.net\/niger\/\",\"name\":\"niger\",\"description\":\"Just another Africa News Agency Sites site\",\"potentialAction\":[{\"@type\":\"SearchAction\",\"target\":{\"@type\":\"EntryPoint\",\"urlTemplate\":\"https:\/\/www.africa-press.net\/niger\/?s={search_term_string}\"},\"query-input\":{\"@type\":\"PropertyValueSpecification\",\"valueRequired\":true,\"valueName\":\"search_term_string\"}}],\"inLanguage\":\"fr-FR\"},{\"@type\":\"Person\",\"@id\":\"https:\/\/www.africa-press.net\/niger\/#\/schema\/person\/2b1cf3cd81a31e3cd26889ca66d677f1\",\"name\":\"cfeditorfr\"}]}<\/script>\n<!-- \/ Yoast SEO Premium plugin. -->","yoast_head_json":{"title":"Niger-Benin : bient\u00f4t la r\u00e9conciliation ? Une d\u00e9l\u00e9gation nig\u00e9rienne attendue \u00e0 Cotonou - niger","description":"Il se pourrait que ce soit biento\u0302t la re\u0301conciliation entre le Niger et son voisin, le Be\u0301nin. En effet, apre\u0300s la lev ...","robots":{"index":"index","follow":"follow","max-snippet":"max-snippet:-1","max-image-preview":"max-image-preview:large","max-video-preview":"max-video-preview:-1"},"canonical":"https:\/\/www.africa-press.net\/niger\/politique\/niger-benin-bientot-la-reconciliation-une-delegation-nigerienne-attendue-a-cotonou","og_locale":"fr_FR","og_type":"article","og_title":"Niger-Benin : bient\u00f4t la r\u00e9conciliation ? Une d\u00e9l\u00e9gation nig\u00e9rienne attendue \u00e0 Cotonou","og_description":"Il se pourrait que ce soit biento\u0302t la re\u0301conciliation entre le Niger et son voisin, le Be\u0301nin. En effet, apre\u0300s la lev ...","og_url":"https:\/\/www.africa-press.net\/niger\/politique\/niger-benin-bientot-la-reconciliation-une-delegation-nigerienne-attendue-a-cotonou","og_site_name":"niger","article_published_time":"2024-03-03T17:55:46+00:00","article_modified_time":"2024-03-03T18:30:46+00:00","og_image":[{"width":720,"height":485,"url":"https:\/\/static.africa-press.net\/niger\/sites\/40\/2024\/03\/sm_1709477671.087548.jpg","type":"image\/jpeg"}],"author":"cfeditorfr","twitter_card":"summary_large_image","twitter_misc":{"\u00c9crit par":"cfeditorfr","Dur\u00e9e de lecture estim\u00e9e":"2 minutes"},"schema":{"@context":"https:\/\/schema.org","@graph":[{"@type":"Article","@id":"https:\/\/www.africa-press.net\/niger\/politique\/niger-benin-bientot-la-reconciliation-une-delegation-nigerienne-attendue-a-cotonou#article","isPartOf":{"@id":"https:\/\/www.africa-press.net\/niger\/politique\/niger-benin-bientot-la-reconciliation-une-delegation-nigerienne-attendue-a-cotonou"},"author":{"name":"cfeditorfr","@id":"https:\/\/www.africa-press.net\/niger\/#\/schema\/person\/2b1cf3cd81a31e3cd26889ca66d677f1"},"headline":"Niger-Benin : bient\u00f4t la r\u00e9conciliation ? Une d\u00e9l\u00e9gation nig\u00e9rienne attendue \u00e0 Cotonou","datePublished":"2024-03-03T17:55:46+00:00","dateModified":"2024-03-03T18:30:46+00:00","mainEntityOfPage":{"@id":"https:\/\/www.africa-press.net\/niger\/politique\/niger-benin-bientot-la-reconciliation-une-delegation-nigerienne-attendue-a-cotonou"},"wordCount":271,"commentCount":0,"image":{"@id":"https:\/\/www.africa-press.net\/niger\/politique\/niger-benin-bientot-la-reconciliation-une-delegation-nigerienne-attendue-a-cotonou#primaryimage"},"thumbnailUrl":"https:\/\/static.africa-press.net\/niger\/sites\/40\/2024\/03\/sm_1709477671.087548.jpg","keywords":["Africa Press","Africa Press-Niger","Niger"],"articleSection":["Politique","Top Nouvelles","Toutes les actualit\u00e9s"],"inLanguage":"fr-FR","potentialAction":[{"@type":"CommentAction","name":"Comment","target":["https:\/\/www.africa-press.net\/niger\/politique\/niger-benin-bientot-la-reconciliation-une-delegation-nigerienne-attendue-a-cotonou#respond"]}]},{"@type":"WebPage","@id":"https:\/\/www.africa-press.net\/niger\/politique\/niger-benin-bientot-la-reconciliation-une-delegation-nigerienne-attendue-a-cotonou","url":"https:\/\/www.africa-press.net\/niger\/politique\/niger-benin-bientot-la-reconciliation-une-delegation-nigerienne-attendue-a-cotonou","name":"Niger-Benin : bient\u00f4t la r\u00e9conciliation ? Une d\u00e9l\u00e9gation nig\u00e9rienne attendue \u00e0 Cotonou - niger","isPartOf":{"@id":"https:\/\/www.africa-press.net\/niger\/#website"},"primaryImageOfPage":{"@id":"https:\/\/www.africa-press.net\/niger\/politique\/niger-benin-bientot-la-reconciliation-une-delegation-nigerienne-attendue-a-cotonou#primaryimage"},"image":{"@id":"https:\/\/www.africa-press.net\/niger\/politique\/niger-benin-bientot-la-reconciliation-une-delegation-nigerienne-attendue-a-cotonou#primaryimage"},"thumbnailUrl":"https:\/\/static.africa-press.net\/niger\/sites\/40\/2024\/03\/sm_1709477671.087548.jpg","datePublished":"2024-03-03T17:55:46+00:00","dateModified":"2024-03-03T18:30:46+00:00","author":{"@id":"https:\/\/www.africa-press.net\/niger\/#\/schema\/person\/2b1cf3cd81a31e3cd26889ca66d677f1"},"description":"Il se pourrait que ce soit biento\u0302t la re\u0301conciliation entre le Niger et son voisin, le Be\u0301nin. En effet, apre\u0300s la lev ...","breadcrumb":{"@id":"https:\/\/www.africa-press.net\/niger\/politique\/niger-benin-bientot-la-reconciliation-une-delegation-nigerienne-attendue-a-cotonou#breadcrumb"},"inLanguage":"fr-FR","potentialAction":[{"@type":"ReadAction","target":["https:\/\/www.africa-press.net\/niger\/politique\/niger-benin-bientot-la-reconciliation-une-delegation-nigerienne-attendue-a-cotonou"]}]},{"@type":"ImageObject","inLanguage":"fr-FR","@id":"https:\/\/www.africa-press.net\/niger\/politique\/niger-benin-bientot-la-reconciliation-une-delegation-nigerienne-attendue-a-cotonou#primaryimage","url":"https:\/\/static.africa-press.net\/niger\/sites\/40\/2024\/03\/sm_1709477671.087548.jpg","contentUrl":"https:\/\/static.africa-press.net\/niger\/sites\/40\/2024\/03\/sm_1709477671.087548.jpg","width":720,"height":485,"caption":"Niger-Benin : bient\u00f4t la r\u00e9conciliation ? Une d\u00e9l\u00e9gation nig\u00e9rienne attendue \u00e0 Cotonou"},{"@type":"BreadcrumbList","@id":"https:\/\/www.africa-press.net\/niger\/politique\/niger-benin-bientot-la-reconciliation-une-delegation-nigerienne-attendue-a-cotonou#breadcrumb","itemListElement":[{"@type":"ListItem","position":1,"name":"Accueil","item":"https:\/\/www.africa-press.net\/niger\/"},{"@type":"ListItem","position":2,"name":"Niger-Benin : bient\u00f4t la r\u00e9conciliation ? Une d\u00e9l\u00e9gation nig\u00e9rienne attendue \u00e0 Cotonou"}]},{"@type":"WebSite","@id":"https:\/\/www.africa-press.net\/niger\/#website","url":"https:\/\/www.africa-press.net\/niger\/","name":"niger","description":"Just another Africa News Agency Sites site","potentialAction":[{"@type":"SearchAction","target":{"@type":"EntryPoint","urlTemplate":"https:\/\/www.africa-press.net\/niger\/?s={search_term_string}"},"query-input":{"@type":"PropertyValueSpecification","valueRequired":true,"valueName":"search_term_string"}}],"inLanguage":"fr-FR"},{"@type":"Person","@id":"https:\/\/www.africa-press.net\/niger\/#\/schema\/person\/2b1cf3cd81a31e3cd26889ca66d677f1","name":"cfeditorfr"}]}},"_links":{"self":[{"href":"https:\/\/www.africa-press.net\/niger\/wp-json\/wp\/v2\/posts\/59318","targetHints":{"allow":["GET"]}}],"collection":[{"href":"https:\/\/www.africa-press.net\/niger\/wp-json\/wp\/v2\/posts"}],"about":[{"href":"https:\/\/www.africa-press.net\/niger\/wp-json\/wp\/v2\/types\/post"}],"author":[{"embeddable":true,"href":"https:\/\/www.africa-press.net\/niger\/wp-json\/wp\/v2\/users\/82"}],"replies":[{"embeddable":true,"href":"https:\/\/www.africa-press.net\/niger\/wp-json\/wp\/v2\/comments?post=59318"}],"version-history":[{"count":0,"href":"https:\/\/www.africa-press.net\/niger\/wp-json\/wp\/v2\/posts\/59318\/revisions"}],"wp:featuredmedia":[{"embeddable":true,"href":"https:\/\/www.africa-press.net\/niger\/wp-json\/wp\/v2\/media\/59317"}],"wp:attachment":[{"href":"https:\/\/www.africa-press.net\/niger\/wp-json\/wp\/v2\/media?parent=59318"}],"wp:term":[{"taxonomy":"category","embeddable":true,"href":"https:\/\/www.africa-press.net\/niger\/wp-json\/wp\/v2\/categories?post=59318"},{"taxonomy":"post_tag","embeddable":true,"href":"https:\/\/www.africa-press.net\/niger\/wp-json\/wp\/v2\/tags?post=59318"}],"curies":[{"name":"wp","href":"https:\/\/api.w.org\/{rel}","templated":true}]}}