{"id":59358,"date":"2024-03-04T16:15:17","date_gmt":"2024-03-04T16:15:17","guid":{"rendered":"https:\/\/www.africa-press.net\/niger\/politique\/agadez-le-gouverneur-preside-la-ceremonie-douverture-dun-forum-sur-la-paix-la-securite-et-la-cohesion-sociale-a-mint-guerboubou"},"modified":"2024-03-04T17:41:22","modified_gmt":"2024-03-04T17:41:22","slug":"agadez-le-gouverneur-preside-la-ceremonie-douverture-dun-forum-sur-la-paix-la-securite-et-la-cohesion-sociale-a-mint-guerboubou","status":"publish","type":"post","link":"https:\/\/www.africa-press.net\/niger\/politique\/agadez-le-gouverneur-preside-la-ceremonie-douverture-dun-forum-sur-la-paix-la-securite-et-la-cohesion-sociale-a-mint-guerboubou","title":{"rendered":"Agadez : Le Gouverneur pr\u00e9side la c\u00e9r\u00e9monie d\u2019ouverture d\u2019un forum sur la paix, la s\u00e9curit\u00e9 et la coh\u00e9sion sociale \u00e0 Mint Guerboubou"},"content":{"rendered":"<p><span style=\"color: #ff6600\"><strong>Africa-Press &#8211; Niger. <\/strong><\/span><b>Le Gouverneur de la re\u0301gion d\u2019Agadez, le Ge\u0301ne\u0301ral de Brigade Ibra Boulama Issa a pre\u0301side\u0301, le samedi 02 Mars 2024 a\u0300 Mint Guerboubou, un village de la Commune Rurale d\u2019Ingall, la ce\u0301re\u0301monie d\u2019ouverture d\u2019un forum sur la paix, la se\u0301curite\u0301 et la cohe\u0301sion sociale. Cette initiative a re\u0301uni les communaute\u0301s des de\u0301partements d\u2019Ingall, d\u2019Arlit, de Tchiroze\u0301rine et d\u2019Adarbissanat. Elle s\u2019est de\u0301roule\u0301e en pre\u0301sence de plusieurs personnalite\u0301s civiles et militaires de la re\u0301gion, dont le 2e\u0300me Vice-pre\u0301sident du Conseil Re\u0301gional, le Sultan de l\u2019Ai\u0308r et les autorite\u0301s administratives, coutumie\u0300res et religieuses des de\u0301partements concerne\u0301s par l\u2019organisation du forum.<\/b><\/p>\n<p>Un accueil chaleureux a e\u0301te\u0301 re\u0301serve\u0301 au gouverneur et a\u0300 la de\u0301le\u0301gation qui l\u2019accompagne, par les responsables des diffe\u0301rents de\u0301partements, ceux des communes cibles et les populations peu avant le de\u0301but des assises.<\/p>\n<p>A l\u2019ouverture du forum, le Ge\u0301ne\u0301ral de Brigade Ibra Boulama Issa s\u2019est re\u0301joui de cette initiative qui cadre avec la vision et les attentes du Conseil National pour la Sauvegarde de la Patrie (CNSP) dont le but est de contribuer au renforcement de la paix, de la cohe\u0301sion, de l\u2019entente et de la se\u0301curite\u0301 des personnes et des biens. Il a, au nom du Pre\u0301sident du CNSP, Chef de l\u2019E\u0301tat, le Ge\u0301ne\u0301ral de Brigade Abdourahamane Tiani et de celui du Premier ministre de transition, invite\u0301 l\u2019ensemble de la population de la re\u0301gion d\u2019Agadez a\u0300 soutenir ces genres d\u2019initiatives pour la paix et la se\u0301curite\u0301 dans la re\u0301gion, mais aussi sur toute l\u2019e\u0301tendue du territoire national.<\/p>\n<p>Le Gouverneur a salue\u0301 dans ce sens, tous ceux qui \u0153uvrent pour le renforcement de la paix et de la quie\u0301tude sociale au Niger. Le Ge\u0301ne\u0301ral de Brigade Ibra Boulama Issa devait e\u0301galement saisir l\u2019opportunite\u0301 pour rendre un vibrant hommage au CNSP et au gouvernement pour les multiples initiatives qu\u2019ils ne cessent d\u2019encourager et d\u2019entreprendre pour l\u2019ame\u0301lioration des conditions de vie des Nige\u0301riens, depuis le.26 juillet 2023, malgre\u0301 un contexte difficile. Un contexte conse\u0301cutif aux diffe\u0301rentes souffrances inflige\u0301es a\u0300 la population nige\u0301rienne par la CEDEAO avec ces sanctions iniques et injustifie\u0301es que le peuple souverain du Niger n\u2019oubliera jamais.<\/p>\n<p>Le Gouverneur a ensuite re\u0301ite\u0301re\u0301 l\u2019engagement du Ge\u0301ne\u0301ral de Brigade Abdourahamane Tiani, Pre\u0301sident du CNSP, Chef de l\u2019E\u0301tat et celui de M. Ali Mahamane Lamine Zeine, Premier ministre du Gouvernement de transition, a\u0300 poursuivre cet effort jusqu\u2019a\u0300 la libe\u0301ration totale de notre pays, confronte\u0301 a\u0300 une inse\u0301curite\u0301 grandissante qui trouble la quie\u0301tude sociale et qui mine les efforts de de\u0301veloppement, autant dans les villes que dans les campagnes.<\/p>\n<p>Le Gouverneur a rassure\u0301 la population que toutes les dispositions sont prises et des initiatives engage\u0301es pour garantir la se\u0301curite\u0301 et la paix, la quie\u0301tude des populations et leurs biens.<\/p>\n<p>\u00ab Cependant, vous conviendrez avec moi que dans le contexte actuel les seuls moyens de l\u2019E\u0301tat ne permettent pas de relever tous le de\u0301fis qui se dressent devant les autorite\u0301s, en particulier dans le domaine de la se\u0301curite\u0301 et celui du de\u0301veloppement. C\u2019est pourquoi, j\u2019invite instamment nos laborieuses populations a\u0300 se mobiliser aux co\u0302te\u0301s des autorite\u0301s pour apporter, chacun sa contribution a\u0300 la dynamique de stabilisation et de de\u0301veloppement de notre re\u0301gion \u00bb, a-t-il dit, tout en rendant un hommage aux organisateurs qui, dit-il, \u2018\u2019nous donnent aujourd\u2019hui l\u2019occasion de nous re\u0301unir pour trouver par nous-me\u0302mes des solutions aux proble\u0300mes qui minent notre cohe\u0301sion sociale et d\u2019en de\u0301gager des pistes de solutions\u00bb, a-t-il ajoute\u0301.<\/p>\n<p>Le Gouverneur a souligne\u0301 que le pre\u0301sent forum devra e\u0301galement se pencher sur les questions de de\u0301veloppement durable. Il a pre\u0301cise\u0301 que dans la re\u0301gion d\u2019Agadez, la premie\u0300re pre\u0301occupation semble e\u0302tre la situation alimentaire qui est souvent pre\u0301caire. \u00ab Ma re\u0301cente tourne\u0301e en profondeur dans le de\u0301partement de Bilma m\u2019en a donne\u0301 la preuve e\u0301loquente. En effet l\u2019agriculture et l\u2019e\u0301levage, principales activite\u0301s qui assurent cette se\u0301curite\u0301 alimentaire, sont de\u0301pendants des ale\u0301as climatiques qui ne sont malheureusement plus favorables aux productions marai\u0302che\u0300res et fourrage\u0300res. D\u2019ou\u0300 la ne\u0301cessite\u0301 pour nous de re\u0301fle\u0301chir sur les voies et moyens permettant entre autres de de\u0301velopper l\u2019industrie agroalimentaire et ame\u0301liorer le circuit de commercialisation des produits agropastoraux \u00bb, a de\u0301clare\u0301 le Ge\u0301ne\u0301ral de Brigade Ibra Boulama Issa.<\/p>\n<p>Ainsi le Gouverneur a, par la me\u0302me occasion, invite\u0301 toutes les forces vives de la re\u0301gion au renforcement des initiatives favorisant la rentabilite\u0301 e\u0301conomique des productions agricoles et pastorales. Il a enfin invite\u0301 les participants au forum a\u0300 des e\u0301changes francs et a\u0300 la formulation de recommandations fortes et la de\u0301finition de perspectives pour faire face a\u0300 tous les de\u0301fis.<\/p>\n<p>Pour sa part, le pre\u0301fet du de\u0301partement d\u2019Ingall a souligne\u0301 la pertinence du the\u0300me choisi pour la tenue de ce forum. Il a souligne\u0301 que ce the\u0300me est d\u2019autant plus d\u2019actualite\u0301, car sans paix, ni se\u0301curite\u0301 aucun de\u0301veloppement n\u2019est possible. Le pre\u0301fet s\u2019est re\u0301joui de la tenue de ces assises dans son entite\u0301 administrative et a invite\u0301 les populations du de\u0301partement d\u2019Ingall a\u0300 se mobiliser pour accompagner la re\u0301ussite de ce forum dont les conclusions sont fortement attendues par autorite\u0301s du pays.<\/p>\n<p>Enfin, le pre\u0301sident du comite\u0301 d\u2019organisation du forum a largement explique\u0301 en langue locale, la quintessence et l\u2019importance de cette rencontre a\u0300 la population. Il a aussi exprime\u0301 le soutien de toutes les diffe\u0301rentes communaute\u0301s au Conseil National pour la Sauvegarde de la Patrie.<\/p>\n<p>Enfin, la population du village de Mint Guerboubou a rendu publique une de\u0301claration de soutien au CNSP. Elle a e\u0301te\u0301 suivie de l\u2019ouverture d\u2019une caisse libre pour les contributions au Fonds de Solidarite\u0301 pour la Sauvegarde de la Partie.<\/p>\n<p>&nbsp;<\/p>\n<p><strong>Pour plus d&rsquo;informations et d&rsquo;analyses sur la <a href=\"https:\/\/www.africa-press.net\/niger\">Niger<\/a>, suivez <a href=\"https:\/\/www.africa-press.net\/\">Africa-Press<\/a><\/strong><\/p>\n","protected":false},"excerpt":{"rendered":"<p>Africa-Press &#8211; Niger. Le Gouverneur de la re\u0301gion d\u2019Agadez, le Ge\u0301ne\u0301ral de Brigade Ibra Boulama Issa a pre\u0301side\u0301, le samedi 02 Mars 2024 a\u0300 Mint Guerboubou, un village de la Commune Rurale d\u2019Ingall, la ce\u0301re\u0301monie d\u2019ouverture d\u2019un forum sur la paix, la se\u0301curite\u0301 et la cohe\u0301sion sociale. Cette initiative a re\u0301uni les communaute\u0301s des de\u0301partements [&hellip;]<\/p>\n","protected":false},"author":82,"featured_media":59357,"comment_status":"open","ping_status":"closed","sticky":false,"template":"","format":"standard","meta":{"footnotes":""},"categories":[2,10],"tags":[55,60,29],"class_list":["post-59358","post","type-post","status-publish","format-standard","has-post-thumbnail","hentry","category-politique","category-toutes-les-actualites","tag-africa-press","tag-africa-press-niger","tag-niger"],"yoast_head":"<!-- This site is optimized with the Yoast SEO Premium plugin v26.1 (Yoast SEO v27.0) - https:\/\/yoast.com\/product\/yoast-seo-premium-wordpress\/ -->\n<title>Agadez : Le Gouverneur pr\u00e9side la c\u00e9r\u00e9monie d\u2019ouverture d\u2019un forum sur la paix, la s\u00e9curit\u00e9 et la coh\u00e9sion sociale \u00e0 Mint Guerboubou - niger<\/title>\n<meta name=\"description\" content=\"Le Gouverneur de la re\u0301gion d\u2019Agadez, le Ge\u0301ne\u0301ral de Brigade Ibra Boulama Issa a pre\u0301side\u0301, le samedi 02 Mars 2024 a ...\" \/>\n<meta name=\"robots\" content=\"index, follow, max-snippet:-1, max-image-preview:large, max-video-preview:-1\" \/>\n<link rel=\"canonical\" href=\"https:\/\/www.africa-press.net\/niger\/politique\/agadez-le-gouverneur-preside-la-ceremonie-douverture-dun-forum-sur-la-paix-la-securite-et-la-cohesion-sociale-a-mint-guerboubou\" \/>\n<meta property=\"og:locale\" content=\"fr_FR\" \/>\n<meta property=\"og:type\" content=\"article\" \/>\n<meta property=\"og:title\" content=\"Agadez : Le Gouverneur pr\u00e9side la c\u00e9r\u00e9monie d\u2019ouverture d\u2019un forum sur la paix, la s\u00e9curit\u00e9 et la coh\u00e9sion sociale \u00e0 Mint Guerboubou\" \/>\n<meta property=\"og:description\" content=\"Le Gouverneur de la re\u0301gion d\u2019Agadez, le Ge\u0301ne\u0301ral de Brigade Ibra Boulama Issa a pre\u0301side\u0301, le samedi 02 Mars 2024 a ...\" \/>\n<meta property=\"og:url\" content=\"https:\/\/www.africa-press.net\/niger\/politique\/agadez-le-gouverneur-preside-la-ceremonie-douverture-dun-forum-sur-la-paix-la-securite-et-la-cohesion-sociale-a-mint-guerboubou\" \/>\n<meta property=\"og:site_name\" content=\"niger\" \/>\n<meta property=\"article:published_time\" content=\"2024-03-04T16:15:17+00:00\" \/>\n<meta property=\"article:modified_time\" content=\"2024-03-04T17:41:22+00:00\" \/>\n<meta property=\"og:image\" content=\"https:\/\/static.africa-press.net\/niger\/sites\/40\/2024\/03\/sm_1709561167.938746.jpg\" \/>\n\t<meta property=\"og:image:width\" content=\"1000\" \/>\n\t<meta property=\"og:image:height\" content=\"750\" \/>\n\t<meta property=\"og:image:type\" content=\"image\/jpeg\" \/>\n<meta name=\"author\" content=\"cfeditorfr\" \/>\n<meta name=\"twitter:card\" content=\"summary_large_image\" \/>\n<meta name=\"twitter:label1\" content=\"\u00c9crit par\" \/>\n\t<meta name=\"twitter:data1\" content=\"cfeditorfr\" \/>\n\t<meta name=\"twitter:label2\" content=\"Dur\u00e9e de lecture estim\u00e9e\" \/>\n\t<meta name=\"twitter:data2\" content=\"5 minutes\" \/>\n<script type=\"application\/ld+json\" class=\"yoast-schema-graph\">{\"@context\":\"https:\/\/schema.org\",\"@graph\":[{\"@type\":\"Article\",\"@id\":\"https:\/\/www.africa-press.net\/niger\/politique\/agadez-le-gouverneur-preside-la-ceremonie-douverture-dun-forum-sur-la-paix-la-securite-et-la-cohesion-sociale-a-mint-guerboubou#article\",\"isPartOf\":{\"@id\":\"https:\/\/www.africa-press.net\/niger\/politique\/agadez-le-gouverneur-preside-la-ceremonie-douverture-dun-forum-sur-la-paix-la-securite-et-la-cohesion-sociale-a-mint-guerboubou\"},\"author\":{\"name\":\"cfeditorfr\",\"@id\":\"https:\/\/www.africa-press.net\/niger\/#\/schema\/person\/2b1cf3cd81a31e3cd26889ca66d677f1\"},\"headline\":\"Agadez : Le Gouverneur pr\u00e9side la c\u00e9r\u00e9monie d\u2019ouverture d\u2019un forum sur la paix, la s\u00e9curit\u00e9 et la coh\u00e9sion sociale \u00e0 Mint Guerboubou\",\"datePublished\":\"2024-03-04T16:15:17+00:00\",\"dateModified\":\"2024-03-04T17:41:22+00:00\",\"mainEntityOfPage\":{\"@id\":\"https:\/\/www.africa-press.net\/niger\/politique\/agadez-le-gouverneur-preside-la-ceremonie-douverture-dun-forum-sur-la-paix-la-securite-et-la-cohesion-sociale-a-mint-guerboubou\"},\"wordCount\":1122,\"commentCount\":0,\"image\":{\"@id\":\"https:\/\/www.africa-press.net\/niger\/politique\/agadez-le-gouverneur-preside-la-ceremonie-douverture-dun-forum-sur-la-paix-la-securite-et-la-cohesion-sociale-a-mint-guerboubou#primaryimage\"},\"thumbnailUrl\":\"https:\/\/static.africa-press.net\/niger\/sites\/40\/2024\/03\/sm_1709561167.938746.jpg\",\"keywords\":[\"Africa Press\",\"Africa Press-Niger\",\"Niger\"],\"articleSection\":[\"Politique\",\"Toutes les actualit\u00e9s\"],\"inLanguage\":\"fr-FR\",\"potentialAction\":[{\"@type\":\"CommentAction\",\"name\":\"Comment\",\"target\":[\"https:\/\/www.africa-press.net\/niger\/politique\/agadez-le-gouverneur-preside-la-ceremonie-douverture-dun-forum-sur-la-paix-la-securite-et-la-cohesion-sociale-a-mint-guerboubou#respond\"]}]},{\"@type\":\"WebPage\",\"@id\":\"https:\/\/www.africa-press.net\/niger\/politique\/agadez-le-gouverneur-preside-la-ceremonie-douverture-dun-forum-sur-la-paix-la-securite-et-la-cohesion-sociale-a-mint-guerboubou\",\"url\":\"https:\/\/www.africa-press.net\/niger\/politique\/agadez-le-gouverneur-preside-la-ceremonie-douverture-dun-forum-sur-la-paix-la-securite-et-la-cohesion-sociale-a-mint-guerboubou\",\"name\":\"Agadez : Le Gouverneur pr\u00e9side la c\u00e9r\u00e9monie d\u2019ouverture d\u2019un forum sur la paix, la s\u00e9curit\u00e9 et la coh\u00e9sion sociale \u00e0 Mint Guerboubou - niger\",\"isPartOf\":{\"@id\":\"https:\/\/www.africa-press.net\/niger\/#website\"},\"primaryImageOfPage\":{\"@id\":\"https:\/\/www.africa-press.net\/niger\/politique\/agadez-le-gouverneur-preside-la-ceremonie-douverture-dun-forum-sur-la-paix-la-securite-et-la-cohesion-sociale-a-mint-guerboubou#primaryimage\"},\"image\":{\"@id\":\"https:\/\/www.africa-press.net\/niger\/politique\/agadez-le-gouverneur-preside-la-ceremonie-douverture-dun-forum-sur-la-paix-la-securite-et-la-cohesion-sociale-a-mint-guerboubou#primaryimage\"},\"thumbnailUrl\":\"https:\/\/static.africa-press.net\/niger\/sites\/40\/2024\/03\/sm_1709561167.938746.jpg\",\"datePublished\":\"2024-03-04T16:15:17+00:00\",\"dateModified\":\"2024-03-04T17:41:22+00:00\",\"author\":{\"@id\":\"https:\/\/www.africa-press.net\/niger\/#\/schema\/person\/2b1cf3cd81a31e3cd26889ca66d677f1\"},\"description\":\"Le Gouverneur de la re\u0301gion d\u2019Agadez, le Ge\u0301ne\u0301ral de Brigade Ibra Boulama Issa a pre\u0301side\u0301, le samedi 02 Mars 2024 a ...\",\"breadcrumb\":{\"@id\":\"https:\/\/www.africa-press.net\/niger\/politique\/agadez-le-gouverneur-preside-la-ceremonie-douverture-dun-forum-sur-la-paix-la-securite-et-la-cohesion-sociale-a-mint-guerboubou#breadcrumb\"},\"inLanguage\":\"fr-FR\",\"potentialAction\":[{\"@type\":\"ReadAction\",\"target\":[\"https:\/\/www.africa-press.net\/niger\/politique\/agadez-le-gouverneur-preside-la-ceremonie-douverture-dun-forum-sur-la-paix-la-securite-et-la-cohesion-sociale-a-mint-guerboubou\"]}]},{\"@type\":\"ImageObject\",\"inLanguage\":\"fr-FR\",\"@id\":\"https:\/\/www.africa-press.net\/niger\/politique\/agadez-le-gouverneur-preside-la-ceremonie-douverture-dun-forum-sur-la-paix-la-securite-et-la-cohesion-sociale-a-mint-guerboubou#primaryimage\",\"url\":\"https:\/\/static.africa-press.net\/niger\/sites\/40\/2024\/03\/sm_1709561167.938746.jpg\",\"contentUrl\":\"https:\/\/static.africa-press.net\/niger\/sites\/40\/2024\/03\/sm_1709561167.938746.jpg\",\"width\":1000,\"height\":750,\"caption\":\"Agadez : Le Gouverneur pr\u00e9side la c\u00e9r\u00e9monie d\u2019ouverture d\u2019un forum sur la paix, la s\u00e9curit\u00e9 et la coh\u00e9sion sociale \u00e0 Mint Guerboubou\"},{\"@type\":\"BreadcrumbList\",\"@id\":\"https:\/\/www.africa-press.net\/niger\/politique\/agadez-le-gouverneur-preside-la-ceremonie-douverture-dun-forum-sur-la-paix-la-securite-et-la-cohesion-sociale-a-mint-guerboubou#breadcrumb\",\"itemListElement\":[{\"@type\":\"ListItem\",\"position\":1,\"name\":\"Accueil\",\"item\":\"https:\/\/www.africa-press.net\/niger\/\"},{\"@type\":\"ListItem\",\"position\":2,\"name\":\"Agadez : Le Gouverneur pr\u00e9side la c\u00e9r\u00e9monie d\u2019ouverture d\u2019un forum sur la paix, la s\u00e9curit\u00e9 et la coh\u00e9sion sociale \u00e0 Mint Guerboubou\"}]},{\"@type\":\"WebSite\",\"@id\":\"https:\/\/www.africa-press.net\/niger\/#website\",\"url\":\"https:\/\/www.africa-press.net\/niger\/\",\"name\":\"niger\",\"description\":\"Just another Africa News Agency Sites site\",\"potentialAction\":[{\"@type\":\"SearchAction\",\"target\":{\"@type\":\"EntryPoint\",\"urlTemplate\":\"https:\/\/www.africa-press.net\/niger\/?s={search_term_string}\"},\"query-input\":{\"@type\":\"PropertyValueSpecification\",\"valueRequired\":true,\"valueName\":\"search_term_string\"}}],\"inLanguage\":\"fr-FR\"},{\"@type\":\"Person\",\"@id\":\"https:\/\/www.africa-press.net\/niger\/#\/schema\/person\/2b1cf3cd81a31e3cd26889ca66d677f1\",\"name\":\"cfeditorfr\"}]}<\/script>\n<!-- \/ Yoast SEO Premium plugin. -->","yoast_head_json":{"title":"Agadez : Le Gouverneur pr\u00e9side la c\u00e9r\u00e9monie d\u2019ouverture d\u2019un forum sur la paix, la s\u00e9curit\u00e9 et la coh\u00e9sion sociale \u00e0 Mint Guerboubou - niger","description":"Le Gouverneur de la re\u0301gion d\u2019Agadez, le Ge\u0301ne\u0301ral de Brigade Ibra Boulama Issa a pre\u0301side\u0301, le samedi 02 Mars 2024 a ...","robots":{"index":"index","follow":"follow","max-snippet":"max-snippet:-1","max-image-preview":"max-image-preview:large","max-video-preview":"max-video-preview:-1"},"canonical":"https:\/\/www.africa-press.net\/niger\/politique\/agadez-le-gouverneur-preside-la-ceremonie-douverture-dun-forum-sur-la-paix-la-securite-et-la-cohesion-sociale-a-mint-guerboubou","og_locale":"fr_FR","og_type":"article","og_title":"Agadez : Le Gouverneur pr\u00e9side la c\u00e9r\u00e9monie d\u2019ouverture d\u2019un forum sur la paix, la s\u00e9curit\u00e9 et la coh\u00e9sion sociale \u00e0 Mint Guerboubou","og_description":"Le Gouverneur de la re\u0301gion d\u2019Agadez, le Ge\u0301ne\u0301ral de Brigade Ibra Boulama Issa a pre\u0301side\u0301, le samedi 02 Mars 2024 a ...","og_url":"https:\/\/www.africa-press.net\/niger\/politique\/agadez-le-gouverneur-preside-la-ceremonie-douverture-dun-forum-sur-la-paix-la-securite-et-la-cohesion-sociale-a-mint-guerboubou","og_site_name":"niger","article_published_time":"2024-03-04T16:15:17+00:00","article_modified_time":"2024-03-04T17:41:22+00:00","og_image":[{"width":1000,"height":750,"url":"https:\/\/static.africa-press.net\/niger\/sites\/40\/2024\/03\/sm_1709561167.938746.jpg","type":"image\/jpeg"}],"author":"cfeditorfr","twitter_card":"summary_large_image","twitter_misc":{"\u00c9crit par":"cfeditorfr","Dur\u00e9e de lecture estim\u00e9e":"5 minutes"},"schema":{"@context":"https:\/\/schema.org","@graph":[{"@type":"Article","@id":"https:\/\/www.africa-press.net\/niger\/politique\/agadez-le-gouverneur-preside-la-ceremonie-douverture-dun-forum-sur-la-paix-la-securite-et-la-cohesion-sociale-a-mint-guerboubou#article","isPartOf":{"@id":"https:\/\/www.africa-press.net\/niger\/politique\/agadez-le-gouverneur-preside-la-ceremonie-douverture-dun-forum-sur-la-paix-la-securite-et-la-cohesion-sociale-a-mint-guerboubou"},"author":{"name":"cfeditorfr","@id":"https:\/\/www.africa-press.net\/niger\/#\/schema\/person\/2b1cf3cd81a31e3cd26889ca66d677f1"},"headline":"Agadez : Le Gouverneur pr\u00e9side la c\u00e9r\u00e9monie d\u2019ouverture d\u2019un forum sur la paix, la s\u00e9curit\u00e9 et la coh\u00e9sion sociale \u00e0 Mint Guerboubou","datePublished":"2024-03-04T16:15:17+00:00","dateModified":"2024-03-04T17:41:22+00:00","mainEntityOfPage":{"@id":"https:\/\/www.africa-press.net\/niger\/politique\/agadez-le-gouverneur-preside-la-ceremonie-douverture-dun-forum-sur-la-paix-la-securite-et-la-cohesion-sociale-a-mint-guerboubou"},"wordCount":1122,"commentCount":0,"image":{"@id":"https:\/\/www.africa-press.net\/niger\/politique\/agadez-le-gouverneur-preside-la-ceremonie-douverture-dun-forum-sur-la-paix-la-securite-et-la-cohesion-sociale-a-mint-guerboubou#primaryimage"},"thumbnailUrl":"https:\/\/static.africa-press.net\/niger\/sites\/40\/2024\/03\/sm_1709561167.938746.jpg","keywords":["Africa Press","Africa Press-Niger","Niger"],"articleSection":["Politique","Toutes les actualit\u00e9s"],"inLanguage":"fr-FR","potentialAction":[{"@type":"CommentAction","name":"Comment","target":["https:\/\/www.africa-press.net\/niger\/politique\/agadez-le-gouverneur-preside-la-ceremonie-douverture-dun-forum-sur-la-paix-la-securite-et-la-cohesion-sociale-a-mint-guerboubou#respond"]}]},{"@type":"WebPage","@id":"https:\/\/www.africa-press.net\/niger\/politique\/agadez-le-gouverneur-preside-la-ceremonie-douverture-dun-forum-sur-la-paix-la-securite-et-la-cohesion-sociale-a-mint-guerboubou","url":"https:\/\/www.africa-press.net\/niger\/politique\/agadez-le-gouverneur-preside-la-ceremonie-douverture-dun-forum-sur-la-paix-la-securite-et-la-cohesion-sociale-a-mint-guerboubou","name":"Agadez : Le Gouverneur pr\u00e9side la c\u00e9r\u00e9monie d\u2019ouverture d\u2019un forum sur la paix, la s\u00e9curit\u00e9 et la coh\u00e9sion sociale \u00e0 Mint Guerboubou - niger","isPartOf":{"@id":"https:\/\/www.africa-press.net\/niger\/#website"},"primaryImageOfPage":{"@id":"https:\/\/www.africa-press.net\/niger\/politique\/agadez-le-gouverneur-preside-la-ceremonie-douverture-dun-forum-sur-la-paix-la-securite-et-la-cohesion-sociale-a-mint-guerboubou#primaryimage"},"image":{"@id":"https:\/\/www.africa-press.net\/niger\/politique\/agadez-le-gouverneur-preside-la-ceremonie-douverture-dun-forum-sur-la-paix-la-securite-et-la-cohesion-sociale-a-mint-guerboubou#primaryimage"},"thumbnailUrl":"https:\/\/static.africa-press.net\/niger\/sites\/40\/2024\/03\/sm_1709561167.938746.jpg","datePublished":"2024-03-04T16:15:17+00:00","dateModified":"2024-03-04T17:41:22+00:00","author":{"@id":"https:\/\/www.africa-press.net\/niger\/#\/schema\/person\/2b1cf3cd81a31e3cd26889ca66d677f1"},"description":"Le Gouverneur de la re\u0301gion d\u2019Agadez, le Ge\u0301ne\u0301ral de Brigade Ibra Boulama Issa a pre\u0301side\u0301, le samedi 02 Mars 2024 a ...","breadcrumb":{"@id":"https:\/\/www.africa-press.net\/niger\/politique\/agadez-le-gouverneur-preside-la-ceremonie-douverture-dun-forum-sur-la-paix-la-securite-et-la-cohesion-sociale-a-mint-guerboubou#breadcrumb"},"inLanguage":"fr-FR","potentialAction":[{"@type":"ReadAction","target":["https:\/\/www.africa-press.net\/niger\/politique\/agadez-le-gouverneur-preside-la-ceremonie-douverture-dun-forum-sur-la-paix-la-securite-et-la-cohesion-sociale-a-mint-guerboubou"]}]},{"@type":"ImageObject","inLanguage":"fr-FR","@id":"https:\/\/www.africa-press.net\/niger\/politique\/agadez-le-gouverneur-preside-la-ceremonie-douverture-dun-forum-sur-la-paix-la-securite-et-la-cohesion-sociale-a-mint-guerboubou#primaryimage","url":"https:\/\/static.africa-press.net\/niger\/sites\/40\/2024\/03\/sm_1709561167.938746.jpg","contentUrl":"https:\/\/static.africa-press.net\/niger\/sites\/40\/2024\/03\/sm_1709561167.938746.jpg","width":1000,"height":750,"caption":"Agadez : Le Gouverneur pr\u00e9side la c\u00e9r\u00e9monie d\u2019ouverture d\u2019un forum sur la paix, la s\u00e9curit\u00e9 et la coh\u00e9sion sociale \u00e0 Mint Guerboubou"},{"@type":"BreadcrumbList","@id":"https:\/\/www.africa-press.net\/niger\/politique\/agadez-le-gouverneur-preside-la-ceremonie-douverture-dun-forum-sur-la-paix-la-securite-et-la-cohesion-sociale-a-mint-guerboubou#breadcrumb","itemListElement":[{"@type":"ListItem","position":1,"name":"Accueil","item":"https:\/\/www.africa-press.net\/niger\/"},{"@type":"ListItem","position":2,"name":"Agadez : Le Gouverneur pr\u00e9side la c\u00e9r\u00e9monie d\u2019ouverture d\u2019un forum sur la paix, la s\u00e9curit\u00e9 et la coh\u00e9sion sociale \u00e0 Mint Guerboubou"}]},{"@type":"WebSite","@id":"https:\/\/www.africa-press.net\/niger\/#website","url":"https:\/\/www.africa-press.net\/niger\/","name":"niger","description":"Just another Africa News Agency Sites site","potentialAction":[{"@type":"SearchAction","target":{"@type":"EntryPoint","urlTemplate":"https:\/\/www.africa-press.net\/niger\/?s={search_term_string}"},"query-input":{"@type":"PropertyValueSpecification","valueRequired":true,"valueName":"search_term_string"}}],"inLanguage":"fr-FR"},{"@type":"Person","@id":"https:\/\/www.africa-press.net\/niger\/#\/schema\/person\/2b1cf3cd81a31e3cd26889ca66d677f1","name":"cfeditorfr"}]}},"_links":{"self":[{"href":"https:\/\/www.africa-press.net\/niger\/wp-json\/wp\/v2\/posts\/59358","targetHints":{"allow":["GET"]}}],"collection":[{"href":"https:\/\/www.africa-press.net\/niger\/wp-json\/wp\/v2\/posts"}],"about":[{"href":"https:\/\/www.africa-press.net\/niger\/wp-json\/wp\/v2\/types\/post"}],"author":[{"embeddable":true,"href":"https:\/\/www.africa-press.net\/niger\/wp-json\/wp\/v2\/users\/82"}],"replies":[{"embeddable":true,"href":"https:\/\/www.africa-press.net\/niger\/wp-json\/wp\/v2\/comments?post=59358"}],"version-history":[{"count":0,"href":"https:\/\/www.africa-press.net\/niger\/wp-json\/wp\/v2\/posts\/59358\/revisions"}],"wp:featuredmedia":[{"embeddable":true,"href":"https:\/\/www.africa-press.net\/niger\/wp-json\/wp\/v2\/media\/59357"}],"wp:attachment":[{"href":"https:\/\/www.africa-press.net\/niger\/wp-json\/wp\/v2\/media?parent=59358"}],"wp:term":[{"taxonomy":"category","embeddable":true,"href":"https:\/\/www.africa-press.net\/niger\/wp-json\/wp\/v2\/categories?post=59358"},{"taxonomy":"post_tag","embeddable":true,"href":"https:\/\/www.africa-press.net\/niger\/wp-json\/wp\/v2\/tags?post=59358"}],"curies":[{"name":"wp","href":"https:\/\/api.w.org\/{rel}","templated":true}]}}