{"id":59402,"date":"2024-03-05T16:18:59","date_gmt":"2024-03-05T16:18:59","guid":{"rendered":"https:\/\/www.africa-press.net\/niger\/politique\/assemblee-generale-elective-des-membres-de-la-coordination-regionale-de-niamey-de-la-dctr"},"modified":"2024-03-05T16:18:59","modified_gmt":"2024-03-05T16:18:59","slug":"assemblee-generale-elective-des-membres-de-la-coordination-regionale-de-niamey-de-la-dctr","status":"publish","type":"post","link":"https:\/\/www.africa-press.net\/niger\/politique\/assemblee-generale-elective-des-membres-de-la-coordination-regionale-de-niamey-de-la-dctr","title":{"rendered":"Assembl\u00e9e g\u00e9n\u00e9rale \u00e9lective des membres de la coordination r\u00e9gionale de Niamey de la DCTR"},"content":{"rendered":"<p><span style=\"color: #ff6600\"><strong>Africa-Press &#8211; Niger. <\/strong><\/span>La mise en place des membres de la coordination re\u0301gionale de Niamey de la Dynamique Citoyenne pour une Transition Re\u0301ussie (DCTR) a eu lieu, ce dimanche 4 mars 2024 dans la salle des confe\u0301rences du CCOG, sous la supervision du Coordonnateur national, M. Issoufou Sidibe\u0301.<\/p>\n<p>Prenant la parole a\u0300 cette occasion, et apre\u0300s avoir souhaite\u0301 la chaleureuse bienvenue a\u0300 tous les participants, le coordonnateur national de la DCTR s&rsquo;est re\u0301joui de l\u2019organisation de cette grande rencontre, tout en adressant ses remerciements aux organisateurs du comite\u0301 d\u2019orientation pour avoir convoque\u0301 cette assemble\u0301e ge\u0301ne\u0301rale e\u0301lective, en vue de la mise en place du bureau de la coordination re\u0301gionale de Niamey.<\/p>\n<p>Pour rappel \u2018\u2019le comite\u0301 d\u2019orientation de la DCTR a paracheve\u0301, il y\u2019a quelques semaines, la mise en place des bureaux provisoires des coordinations re\u0301gionales de la DCTR au niveau des 8 re\u0301gions du Niger \u2018\u2019.<\/p>\n<p>A pre\u0301sent, c&rsquo;est la phase de mise en place du bureau de\u0301finitif avec un cahier de charge bien pre\u0301cis pour toute la dure\u0301e de la transition dans laquelle et engage\u0301 le pays.<\/p>\n<p>La DCTR, indique le Coordonnateur \u2018\u2019s\u2019est inscrite depuis le de\u0301but de sa cre\u0301ation dans l\u2019accompagnement des autorite\u0301s de transition en vue, non seulement d\u2019une sortie de crise, mais aussi d\u2019un retour a\u0300 l\u2019ordre de\u0301mocratique et constitutionnel\u2019\u2019.<\/p>\n<p>La de\u0301marche de la DCTR repose essentiellement, a-t-il poursuivi, sur \u2018\u2019 l\u2019e\u0301coute, la fraternite\u0301 la cohe\u0301sion et l\u2019unite\u0301 nationale, la promotion de la paix, de la tole\u0301rance et des plaidoyers pour lever les sanctions injustes et inhumaines impose\u0301es a\u0300 notre pays apre\u0300s les e\u0301ve\u0301nements du 26 juillet 2023\u2019\u2019 a-t-il ajoute\u0301.<\/p>\n<p>Ainsi \u2018\u2019 je constate avec satisfaction, que nos plaidoyers et nos cris de c\u0153ur pour la leve\u0301e de ces sanctions iniques ont e\u0301te\u0301 entendus par les chefs d\u2019Etat de la CEDEAO, qui ont leve\u0301 l\u2019embargo contre notre pays\u00a0\u00bb s&rsquo;est encore re\u0301joui M. Sidibe\u0301 qui a saisi cette occasion pour rappeler qu\u2019ils poursuivront leur soutien au Conseil National pour la Sauvegarde de la Patrie (CNSP), dans leurs engagements par rapport a\u0300 la se\u0301curisation du pays, a\u0300 ses choix strate\u0301giques pour la souverainete\u0301, au dialogue national inclusif, a\u0300 la mise en place des institutions devant accompagner la transition, a\u0300 la lutte contre la de\u0301linquance financie\u0300re et fiscale.<\/p>\n<p>Aussi, \u2018\u2019par rapport aux efforts consentis par les forces de de\u0301fense et de se\u0301curite\u0301 (FDS) dans le cadre de la se\u0301curisation et la de\u0301fense de notre pays, nos encouragements et notre soutien inde\u0301fectible aux parents des victimes civils et militaires, de la barbarie des groupes arme\u0301s terroristes, j\u2019adresse au nom de la DCTR les condole\u0301ances les plus e\u0301mues et souhaite un prompt re\u0301tablissement aux blesse\u0301s\u2018\u2019 a fait savoir le coordonnateur national.<\/p>\n<p>E\u0301voquant la mise en place de la coordination re\u0301gionale de la DCTR Niamey, le comite\u0301 d\u2019orientation a recommande\u0301 \u2018\u2019la discipline, la courtoisie, et la cohe\u0301sion ainsi que le choix des hommes et des femmes valeureux afin de re\u0301pondre aux profondes aspirations de nos populations\u2019\u2019 a conclu, M. Issoufou Sidibe\u0301 coordonnateur National de la DCTR.<\/p>\n<p><strong>Pour plus d&rsquo;informations et d&rsquo;analyses sur la <a href=\"https:\/\/www.africa-press.net\/niger\">Niger<\/a>, suivez <a href=\"https:\/\/www.africa-press.net\/\">Africa-Press<\/a><\/strong><\/p>\n","protected":false},"excerpt":{"rendered":"<p>Africa-Press &#8211; Niger. La mise en place des membres de la coordination re\u0301gionale de Niamey de la Dynamique Citoyenne pour une Transition Re\u0301ussie (DCTR) a eu lieu, ce dimanche 4 mars 2024 dans la salle des confe\u0301rences du CCOG, sous la supervision du Coordonnateur national, M. Issoufou Sidibe\u0301. Prenant la parole a\u0300 cette occasion, et [&hellip;]<\/p>\n","protected":false},"author":82,"featured_media":59401,"comment_status":"open","ping_status":"closed","sticky":false,"template":"","format":"standard","meta":{"footnotes":""},"categories":[2,10],"tags":[55,60,29],"class_list":["post-59402","post","type-post","status-publish","format-standard","has-post-thumbnail","hentry","category-politique","category-toutes-les-actualites","tag-africa-press","tag-africa-press-niger","tag-niger"],"yoast_head":"<!-- This site is optimized with the Yoast SEO Premium plugin v26.1 (Yoast SEO v27.0) - https:\/\/yoast.com\/product\/yoast-seo-premium-wordpress\/ -->\n<title>Assembl\u00e9e g\u00e9n\u00e9rale \u00e9lective des membres de la coordination r\u00e9gionale de Niamey de la DCTR - niger<\/title>\n<meta name=\"robots\" content=\"index, follow, max-snippet:-1, max-image-preview:large, max-video-preview:-1\" \/>\n<link rel=\"canonical\" href=\"https:\/\/www.africa-press.net\/niger\/politique\/assemblee-generale-elective-des-membres-de-la-coordination-regionale-de-niamey-de-la-dctr\" \/>\n<meta property=\"og:locale\" content=\"fr_FR\" \/>\n<meta property=\"og:type\" content=\"article\" \/>\n<meta property=\"og:title\" content=\"Assembl\u00e9e g\u00e9n\u00e9rale \u00e9lective des membres de la coordination r\u00e9gionale de Niamey de la DCTR\" \/>\n<meta property=\"og:description\" content=\"Africa-Press &#8211; Niger. La mise en place des membres de la coordination re\u0301gionale de Niamey de la Dynamique Citoyenne pour une Transition Re\u0301ussie (DCTR) a eu lieu, ce dimanche 4 mars 2024 dans la salle des confe\u0301rences du CCOG, sous la supervision du Coordonnateur national, M. Issoufou Sidibe\u0301. Prenant la parole a\u0300 cette occasion, et [&hellip;]\" \/>\n<meta property=\"og:url\" content=\"https:\/\/www.africa-press.net\/niger\/politique\/assemblee-generale-elective-des-membres-de-la-coordination-regionale-de-niamey-de-la-dctr\" \/>\n<meta property=\"og:site_name\" content=\"niger\" \/>\n<meta property=\"article:published_time\" content=\"2024-03-05T16:18:59+00:00\" \/>\n<meta name=\"author\" content=\"cfeditorfr\" \/>\n<meta name=\"twitter:card\" content=\"summary_large_image\" \/>\n<meta name=\"twitter:label1\" content=\"\u00c9crit par\" \/>\n\t<meta name=\"twitter:data1\" content=\"cfeditorfr\" \/>\n\t<meta name=\"twitter:label2\" content=\"Dur\u00e9e de lecture estim\u00e9e\" \/>\n\t<meta name=\"twitter:data2\" content=\"3 minutes\" \/>\n<script type=\"application\/ld+json\" class=\"yoast-schema-graph\">{\"@context\":\"https:\/\/schema.org\",\"@graph\":[{\"@type\":\"Article\",\"@id\":\"https:\/\/www.africa-press.net\/niger\/politique\/assemblee-generale-elective-des-membres-de-la-coordination-regionale-de-niamey-de-la-dctr#article\",\"isPartOf\":{\"@id\":\"https:\/\/www.africa-press.net\/niger\/politique\/assemblee-generale-elective-des-membres-de-la-coordination-regionale-de-niamey-de-la-dctr\"},\"author\":{\"name\":\"cfeditorfr\",\"@id\":\"https:\/\/www.africa-press.net\/niger\/#\/schema\/person\/2b1cf3cd81a31e3cd26889ca66d677f1\"},\"headline\":\"Assembl\u00e9e g\u00e9n\u00e9rale \u00e9lective des membres de la coordination r\u00e9gionale de Niamey de la DCTR\",\"datePublished\":\"2024-03-05T16:18:59+00:00\",\"mainEntityOfPage\":{\"@id\":\"https:\/\/www.africa-press.net\/niger\/politique\/assemblee-generale-elective-des-membres-de-la-coordination-regionale-de-niamey-de-la-dctr\"},\"wordCount\":585,\"commentCount\":0,\"image\":{\"@id\":\"https:\/\/www.africa-press.net\/niger\/politique\/assemblee-generale-elective-des-membres-de-la-coordination-regionale-de-niamey-de-la-dctr#primaryimage\"},\"thumbnailUrl\":\"https:\/\/static.africa-press.net\/niger\/sites\/40\/2024\/03\/sm_1709645123.613987.jpg\",\"keywords\":[\"Africa Press\",\"Africa Press-Niger\",\"Niger\"],\"articleSection\":[\"Politique\",\"Toutes les actualit\u00e9s\"],\"inLanguage\":\"fr-FR\",\"potentialAction\":[{\"@type\":\"CommentAction\",\"name\":\"Comment\",\"target\":[\"https:\/\/www.africa-press.net\/niger\/politique\/assemblee-generale-elective-des-membres-de-la-coordination-regionale-de-niamey-de-la-dctr#respond\"]}]},{\"@type\":\"WebPage\",\"@id\":\"https:\/\/www.africa-press.net\/niger\/politique\/assemblee-generale-elective-des-membres-de-la-coordination-regionale-de-niamey-de-la-dctr\",\"url\":\"https:\/\/www.africa-press.net\/niger\/politique\/assemblee-generale-elective-des-membres-de-la-coordination-regionale-de-niamey-de-la-dctr\",\"name\":\"Assembl\u00e9e g\u00e9n\u00e9rale \u00e9lective des membres de la coordination r\u00e9gionale de Niamey de la DCTR - niger\",\"isPartOf\":{\"@id\":\"https:\/\/www.africa-press.net\/niger\/#website\"},\"primaryImageOfPage\":{\"@id\":\"https:\/\/www.africa-press.net\/niger\/politique\/assemblee-generale-elective-des-membres-de-la-coordination-regionale-de-niamey-de-la-dctr#primaryimage\"},\"image\":{\"@id\":\"https:\/\/www.africa-press.net\/niger\/politique\/assemblee-generale-elective-des-membres-de-la-coordination-regionale-de-niamey-de-la-dctr#primaryimage\"},\"thumbnailUrl\":\"https:\/\/static.africa-press.net\/niger\/sites\/40\/2024\/03\/sm_1709645123.613987.jpg\",\"datePublished\":\"2024-03-05T16:18:59+00:00\",\"author\":{\"@id\":\"https:\/\/www.africa-press.net\/niger\/#\/schema\/person\/2b1cf3cd81a31e3cd26889ca66d677f1\"},\"breadcrumb\":{\"@id\":\"https:\/\/www.africa-press.net\/niger\/politique\/assemblee-generale-elective-des-membres-de-la-coordination-regionale-de-niamey-de-la-dctr#breadcrumb\"},\"inLanguage\":\"fr-FR\",\"potentialAction\":[{\"@type\":\"ReadAction\",\"target\":[\"https:\/\/www.africa-press.net\/niger\/politique\/assemblee-generale-elective-des-membres-de-la-coordination-regionale-de-niamey-de-la-dctr\"]}]},{\"@type\":\"ImageObject\",\"inLanguage\":\"fr-FR\",\"@id\":\"https:\/\/www.africa-press.net\/niger\/politique\/assemblee-generale-elective-des-membres-de-la-coordination-regionale-de-niamey-de-la-dctr#primaryimage\",\"url\":\"https:\/\/static.africa-press.net\/niger\/sites\/40\/2024\/03\/sm_1709645123.613987.jpg\",\"contentUrl\":\"https:\/\/static.africa-press.net\/niger\/sites\/40\/2024\/03\/sm_1709645123.613987.jpg\",\"width\":868,\"height\":580,\"caption\":\"Assembl\u00e9e g\u00e9n\u00e9rale \u00e9lective des membres de la coordination r\u00e9gionale de Niamey de la DCTR\"},{\"@type\":\"BreadcrumbList\",\"@id\":\"https:\/\/www.africa-press.net\/niger\/politique\/assemblee-generale-elective-des-membres-de-la-coordination-regionale-de-niamey-de-la-dctr#breadcrumb\",\"itemListElement\":[{\"@type\":\"ListItem\",\"position\":1,\"name\":\"Accueil\",\"item\":\"https:\/\/www.africa-press.net\/niger\/\"},{\"@type\":\"ListItem\",\"position\":2,\"name\":\"Assembl\u00e9e g\u00e9n\u00e9rale \u00e9lective des membres de la coordination r\u00e9gionale de Niamey de la DCTR\"}]},{\"@type\":\"WebSite\",\"@id\":\"https:\/\/www.africa-press.net\/niger\/#website\",\"url\":\"https:\/\/www.africa-press.net\/niger\/\",\"name\":\"niger\",\"description\":\"Just another Africa News Agency Sites site\",\"potentialAction\":[{\"@type\":\"SearchAction\",\"target\":{\"@type\":\"EntryPoint\",\"urlTemplate\":\"https:\/\/www.africa-press.net\/niger\/?s={search_term_string}\"},\"query-input\":{\"@type\":\"PropertyValueSpecification\",\"valueRequired\":true,\"valueName\":\"search_term_string\"}}],\"inLanguage\":\"fr-FR\"},{\"@type\":\"Person\",\"@id\":\"https:\/\/www.africa-press.net\/niger\/#\/schema\/person\/2b1cf3cd81a31e3cd26889ca66d677f1\",\"name\":\"cfeditorfr\"}]}<\/script>\n<!-- \/ Yoast SEO Premium plugin. -->","yoast_head_json":{"title":"Assembl\u00e9e g\u00e9n\u00e9rale \u00e9lective des membres de la coordination r\u00e9gionale de Niamey de la DCTR - niger","robots":{"index":"index","follow":"follow","max-snippet":"max-snippet:-1","max-image-preview":"max-image-preview:large","max-video-preview":"max-video-preview:-1"},"canonical":"https:\/\/www.africa-press.net\/niger\/politique\/assemblee-generale-elective-des-membres-de-la-coordination-regionale-de-niamey-de-la-dctr","og_locale":"fr_FR","og_type":"article","og_title":"Assembl\u00e9e g\u00e9n\u00e9rale \u00e9lective des membres de la coordination r\u00e9gionale de Niamey de la DCTR","og_description":"Africa-Press &#8211; Niger. La mise en place des membres de la coordination re\u0301gionale de Niamey de la Dynamique Citoyenne pour une Transition Re\u0301ussie (DCTR) a eu lieu, ce dimanche 4 mars 2024 dans la salle des confe\u0301rences du CCOG, sous la supervision du Coordonnateur national, M. Issoufou Sidibe\u0301. Prenant la parole a\u0300 cette occasion, et [&hellip;]","og_url":"https:\/\/www.africa-press.net\/niger\/politique\/assemblee-generale-elective-des-membres-de-la-coordination-regionale-de-niamey-de-la-dctr","og_site_name":"niger","article_published_time":"2024-03-05T16:18:59+00:00","author":"cfeditorfr","twitter_card":"summary_large_image","twitter_misc":{"\u00c9crit par":"cfeditorfr","Dur\u00e9e de lecture estim\u00e9e":"3 minutes"},"schema":{"@context":"https:\/\/schema.org","@graph":[{"@type":"Article","@id":"https:\/\/www.africa-press.net\/niger\/politique\/assemblee-generale-elective-des-membres-de-la-coordination-regionale-de-niamey-de-la-dctr#article","isPartOf":{"@id":"https:\/\/www.africa-press.net\/niger\/politique\/assemblee-generale-elective-des-membres-de-la-coordination-regionale-de-niamey-de-la-dctr"},"author":{"name":"cfeditorfr","@id":"https:\/\/www.africa-press.net\/niger\/#\/schema\/person\/2b1cf3cd81a31e3cd26889ca66d677f1"},"headline":"Assembl\u00e9e g\u00e9n\u00e9rale \u00e9lective des membres de la coordination r\u00e9gionale de Niamey de la DCTR","datePublished":"2024-03-05T16:18:59+00:00","mainEntityOfPage":{"@id":"https:\/\/www.africa-press.net\/niger\/politique\/assemblee-generale-elective-des-membres-de-la-coordination-regionale-de-niamey-de-la-dctr"},"wordCount":585,"commentCount":0,"image":{"@id":"https:\/\/www.africa-press.net\/niger\/politique\/assemblee-generale-elective-des-membres-de-la-coordination-regionale-de-niamey-de-la-dctr#primaryimage"},"thumbnailUrl":"https:\/\/static.africa-press.net\/niger\/sites\/40\/2024\/03\/sm_1709645123.613987.jpg","keywords":["Africa Press","Africa Press-Niger","Niger"],"articleSection":["Politique","Toutes les actualit\u00e9s"],"inLanguage":"fr-FR","potentialAction":[{"@type":"CommentAction","name":"Comment","target":["https:\/\/www.africa-press.net\/niger\/politique\/assemblee-generale-elective-des-membres-de-la-coordination-regionale-de-niamey-de-la-dctr#respond"]}]},{"@type":"WebPage","@id":"https:\/\/www.africa-press.net\/niger\/politique\/assemblee-generale-elective-des-membres-de-la-coordination-regionale-de-niamey-de-la-dctr","url":"https:\/\/www.africa-press.net\/niger\/politique\/assemblee-generale-elective-des-membres-de-la-coordination-regionale-de-niamey-de-la-dctr","name":"Assembl\u00e9e g\u00e9n\u00e9rale \u00e9lective des membres de la coordination r\u00e9gionale de Niamey de la DCTR - niger","isPartOf":{"@id":"https:\/\/www.africa-press.net\/niger\/#website"},"primaryImageOfPage":{"@id":"https:\/\/www.africa-press.net\/niger\/politique\/assemblee-generale-elective-des-membres-de-la-coordination-regionale-de-niamey-de-la-dctr#primaryimage"},"image":{"@id":"https:\/\/www.africa-press.net\/niger\/politique\/assemblee-generale-elective-des-membres-de-la-coordination-regionale-de-niamey-de-la-dctr#primaryimage"},"thumbnailUrl":"https:\/\/static.africa-press.net\/niger\/sites\/40\/2024\/03\/sm_1709645123.613987.jpg","datePublished":"2024-03-05T16:18:59+00:00","author":{"@id":"https:\/\/www.africa-press.net\/niger\/#\/schema\/person\/2b1cf3cd81a31e3cd26889ca66d677f1"},"breadcrumb":{"@id":"https:\/\/www.africa-press.net\/niger\/politique\/assemblee-generale-elective-des-membres-de-la-coordination-regionale-de-niamey-de-la-dctr#breadcrumb"},"inLanguage":"fr-FR","potentialAction":[{"@type":"ReadAction","target":["https:\/\/www.africa-press.net\/niger\/politique\/assemblee-generale-elective-des-membres-de-la-coordination-regionale-de-niamey-de-la-dctr"]}]},{"@type":"ImageObject","inLanguage":"fr-FR","@id":"https:\/\/www.africa-press.net\/niger\/politique\/assemblee-generale-elective-des-membres-de-la-coordination-regionale-de-niamey-de-la-dctr#primaryimage","url":"https:\/\/static.africa-press.net\/niger\/sites\/40\/2024\/03\/sm_1709645123.613987.jpg","contentUrl":"https:\/\/static.africa-press.net\/niger\/sites\/40\/2024\/03\/sm_1709645123.613987.jpg","width":868,"height":580,"caption":"Assembl\u00e9e g\u00e9n\u00e9rale \u00e9lective des membres de la coordination r\u00e9gionale de Niamey de la DCTR"},{"@type":"BreadcrumbList","@id":"https:\/\/www.africa-press.net\/niger\/politique\/assemblee-generale-elective-des-membres-de-la-coordination-regionale-de-niamey-de-la-dctr#breadcrumb","itemListElement":[{"@type":"ListItem","position":1,"name":"Accueil","item":"https:\/\/www.africa-press.net\/niger\/"},{"@type":"ListItem","position":2,"name":"Assembl\u00e9e g\u00e9n\u00e9rale \u00e9lective des membres de la coordination r\u00e9gionale de Niamey de la DCTR"}]},{"@type":"WebSite","@id":"https:\/\/www.africa-press.net\/niger\/#website","url":"https:\/\/www.africa-press.net\/niger\/","name":"niger","description":"Just another Africa News Agency Sites site","potentialAction":[{"@type":"SearchAction","target":{"@type":"EntryPoint","urlTemplate":"https:\/\/www.africa-press.net\/niger\/?s={search_term_string}"},"query-input":{"@type":"PropertyValueSpecification","valueRequired":true,"valueName":"search_term_string"}}],"inLanguage":"fr-FR"},{"@type":"Person","@id":"https:\/\/www.africa-press.net\/niger\/#\/schema\/person\/2b1cf3cd81a31e3cd26889ca66d677f1","name":"cfeditorfr"}]}},"_links":{"self":[{"href":"https:\/\/www.africa-press.net\/niger\/wp-json\/wp\/v2\/posts\/59402","targetHints":{"allow":["GET"]}}],"collection":[{"href":"https:\/\/www.africa-press.net\/niger\/wp-json\/wp\/v2\/posts"}],"about":[{"href":"https:\/\/www.africa-press.net\/niger\/wp-json\/wp\/v2\/types\/post"}],"author":[{"embeddable":true,"href":"https:\/\/www.africa-press.net\/niger\/wp-json\/wp\/v2\/users\/82"}],"replies":[{"embeddable":true,"href":"https:\/\/www.africa-press.net\/niger\/wp-json\/wp\/v2\/comments?post=59402"}],"version-history":[{"count":0,"href":"https:\/\/www.africa-press.net\/niger\/wp-json\/wp\/v2\/posts\/59402\/revisions"}],"wp:featuredmedia":[{"embeddable":true,"href":"https:\/\/www.africa-press.net\/niger\/wp-json\/wp\/v2\/media\/59401"}],"wp:attachment":[{"href":"https:\/\/www.africa-press.net\/niger\/wp-json\/wp\/v2\/media?parent=59402"}],"wp:term":[{"taxonomy":"category","embeddable":true,"href":"https:\/\/www.africa-press.net\/niger\/wp-json\/wp\/v2\/categories?post=59402"},{"taxonomy":"post_tag","embeddable":true,"href":"https:\/\/www.africa-press.net\/niger\/wp-json\/wp\/v2\/tags?post=59402"}],"curies":[{"name":"wp","href":"https:\/\/api.w.org\/{rel}","templated":true}]}}