{"id":59426,"date":"2024-03-06T15:54:40","date_gmt":"2024-03-06T15:54:40","guid":{"rendered":"https:\/\/www.africa-press.net\/niger\/politique\/visite-de-travail-de-la-ministre-de-leducation-nationale-a-maradi-senquerir-des-conditions-de-travail-des-eleves-et-enseignants"},"modified":"2024-03-06T16:24:03","modified_gmt":"2024-03-06T16:24:03","slug":"visite-de-travail-de-la-ministre-de-leducation-nationale-a-maradi-senquerir-des-conditions-de-travail-des-eleves-et-enseignants","status":"publish","type":"post","link":"https:\/\/www.africa-press.net\/niger\/culture-et-art\/visite-de-travail-de-la-ministre-de-leducation-nationale-a-maradi-senquerir-des-conditions-de-travail-des-eleves-et-enseignants","title":{"rendered":"Visite de travail de la ministre de l\u2019Education Nationale \u00e0 Maradi : S\u2019enqu\u00e9rir des conditions de travail des \u00e9l\u00e8ves et enseignants"},"content":{"rendered":"<p><span style=\"color: #ff6600\"><strong>Africa-Press &#8211; Niger. <\/strong><\/span><b>La ministre de l\u2019Education Nationale, de l\u2019Alphabe\u0301tisation, de l\u2019Enseignement Professionnel et de la Promotion des Langues Nationales, Dr Elisabeth Sherif a entame\u0301 le lundi 04 Mars 2024, une visite de travail de quatre jours a\u0300 Maradi. Accompagne\u0301e des cadres centraux de son de\u0301partement ministe\u0301riel, la ministre pre\u0301voit plusieurs visites a\u0300 Maradi et dans quelques de\u0301partements ou\u0300 elle visitera des e\u0301coles et centres de formation professionnels pour s\u2019enque\u0301rir des conditions de travail des enseignants et d\u2019e\u0301tude des e\u0301le\u0300ves.<\/b><\/p>\n<p>De\u0300s son arrive\u0301e le lundi 04 mars 2024, elle a rendu une visite de courtoisie au sultan de Katsina, l\u2019honorable Ahmed Ali Zaki et a\u0300 celui de Gobir, l\u2019honorable Abdou Balla Marafa. Dans l\u2019apre\u0300s-midi, la ministre Elisabeth Sherif a rencontre\u0301 le personnel enseignant du Lyce\u0301e Technique Dan kassaoua de Maradi et les e\u0301le\u0300ve de cet e\u0301tablissement. La ministre a pris tout son temps pour e\u0301couter les deux parties afin d\u2019aplanir les proble\u0300mes qui assaillent cet e\u0301tablissement depuis quelques mois. Selon ce qui a filtre\u0301 de cette re\u0301union, la ministre a pu convaincre les deux parties de la ne\u0301cessite\u0301 d\u2019une compre\u0301hension mutuelle afin que l\u2019anne\u0301e scolaire puisse se de\u0301rouler convenablement.<\/p>\n<p>Au deuxie\u0300me jour de cette visite, la ministre de l\u2019Education Nationale, de l\u2019Alphabe\u0301tisation, de l\u2019Enseignement Professionnel et de la Promotion des Langues Nationales a assiste\u0301, dans une e\u0301cole a\u0300 cantine scolaire a\u0300 Djirataoua, (De\u0301partement de Madarounfa) a\u0300 la ce\u0301le\u0301bration de la journe\u0301e africaine de l\u2019alimentation scolaire. Dans ce cadre le Programme Alimentaire Mondial est un grand partenaire de l\u2019Etat, avec 360.000 enfants qui rec\u0327oivent des repas chauds pour l\u2019anne\u0301e en cours. Cette anne\u0301e, le the\u0300me retenu est \u00ab Investir dans l\u2019alimentation scolaire base\u0301e sur la production locale pour transformer les syste\u0300mes e\u0301ducatifs pour un avenir inclusif et prospe\u0300re du continent africain \u00bb.<\/p>\n<p>Selon le Directeur pays adjoint du PAM au Niger, M. Aboubacar KOISHA, ce programme de l\u2019alimentation scolaire en cours dans plusieurs re\u0301gions du Niger constitue de ve\u0301ritables opportunite\u0301s de re\u0301ponse aux de\u0301fis alimentaires et e\u0301ducatifs des couches vulne\u0301rables et permettent d\u2019initier une dynamique vertueuse ayant un effet d\u2019entrainement sur l\u2019e\u0301conomie locale, contribuant a\u0300 la mise en place de syste\u0300mes alimentaires locaux et nationaux efficaces et re\u0301silients. Il fait remarquer que le taux de fre\u0301quentation moyen a atteint 97 % dans des e\u0301coles a\u0300 cantine, contre 90 % dans les e\u0301coles sans cantines en 2021-2022. Aussi, la probabilite\u0301 qu\u2019une fille abandonne l\u2019e\u0301cole est 4,5 fois plus e\u0301leve\u0301e dans les e\u0301coles sans cantine que dans celles be\u0301ne\u0301ficiant de l\u2019alimentation scolaire. En termes de retombe\u0301es positives sur l\u2019e\u0301conomie locale, M. Aboubacar KOISHA a indique\u0301 qu\u2019au cours de l\u2019anne\u0301e 2022, un peu plus de 9 milliards de FCFA ont e\u0301te\u0301 injecte\u0301s dans l\u2019e\u0301conomie locale a\u0300 travers cette approche de mise en \u0153uvre. Toutefois, il a e\u0301voque\u0301 quelques de\u0301fis a\u0300 relever qui sont entre autres, un niveau de financement insuffisant ; une gestion responsable des vivres et des ressources qui doit faire l\u2019objet d\u2019une attention renouvele\u0301e ; la ne\u0301cessite\u0301 d\u2019un engagement et un niveau d\u2019appropriation accrus des communes et communaute\u0301s be\u0301ne\u0301ficiaires.<\/p>\n<p>Pour sa part, la ministre de l\u2019Education Nationale, de l\u2019Alphabe\u0301tisation, de l\u2019Enseignement Professionnel et de la Promotion des Langues Nationales a ajoute\u0301 que l\u2019institution de cette journe\u0301e vise a\u0300 renforcer l\u2019engagement des de\u0301cideurs en faveur d\u2019une prise en charge efficace de l\u2019alimentation de nos enfants dans les e\u0301tablissements scolaires. \u00ab Cette ce\u0301re\u0301monie est le reflet de l\u2019engagement des plus hautes autorite\u0301s a\u0300 redoubler les efforts pour que chaque enfant nige\u0301rien puisse avoir acce\u0300s a\u0300 une alimentation saine et ade\u0301quate lui permettant de suivre ses apprentissages \u00bb, a-elle-dit. Pour elle, le the\u0300me retenu cadre avec le contexte actuel du pays marque\u0301 par la de\u0301termination du Pre\u0301sident du Conseil National pour la Sauvegarde de la Patrie, Chef de l\u2019Etat, le Ge\u0301ne\u0301ral de Brigade Abdourahamane Tiani, du Premier ministre Ali Mahaman Lamine Zeine et des membres du CNSP et du gouvernement a\u0300 promouvoir l\u2019efficacite\u0301 et l\u2019effectivite\u0301 du syste\u0300me e\u0301ducatif. Dr Elisabeth Sherif a ajoute\u0301 que l\u2019alimentation scolaire fait partie des instruments indispensables pour la re\u0301alisation de ce noble objectif. De haute voix, elle a remercie\u0301 les partenaires, en particulier le PAM pour ses efforts inlassables au profit de l\u2019Ecole Nige\u0301rienne.<\/p>\n<p>Toujours dans le cadre de cette comme\u0301moration, la ministre et sa de\u0301le\u0301gation ont assiste\u0301 a\u0300 une se\u0301ance de de\u0301gustation du menu du jour, un instant convivial qui a e\u0301pate\u0301 les e\u0301le\u0300ves. La ministre et sa de\u0301le\u0301gation ont e\u0301galement assiste\u0301 a\u0300 la table ronde sur l\u2019e\u0301ducation intitule\u0301e \u00ab Sauvons l\u2019e\u0301cole de la ville de Maradi \u00bb un cadre cre\u0301e\u0301 pour redorer le blason de l\u2019e\u0301cole a\u0300 travers l\u2019implication de tous.<\/p>\n<p><b>Tie\u0301mogo Amadou ANP ONEP Maradi<\/b><\/p>\n<p><strong>Pour plus d&rsquo;informations et d&rsquo;analyses sur la <a href=\"https:\/\/www.africa-press.net\/niger\">Niger<\/a>, suivez <a href=\"https:\/\/www.africa-press.net\/\">Africa-Press<\/a><\/strong><\/p>\n","protected":false},"excerpt":{"rendered":"<p>Africa-Press &#8211; Niger. La ministre de l\u2019Education Nationale, de l\u2019Alphabe\u0301tisation, de l\u2019Enseignement Professionnel et de la Promotion des Langues Nationales, Dr Elisabeth Sherif a entame\u0301 le lundi 04 Mars 2024, une visite de travail de quatre jours a\u0300 Maradi. Accompagne\u0301e des cadres centraux de son de\u0301partement ministe\u0301riel, la ministre pre\u0301voit plusieurs visites a\u0300 Maradi et [&hellip;]<\/p>\n","protected":false},"author":82,"featured_media":59425,"comment_status":"open","ping_status":"closed","sticky":false,"template":"","format":"standard","meta":{"footnotes":""},"categories":[5,10],"tags":[55,60,29],"class_list":["post-59426","post","type-post","status-publish","format-standard","has-post-thumbnail","hentry","category-culture-et-art","category-toutes-les-actualites","tag-africa-press","tag-africa-press-niger","tag-niger"],"yoast_head":"<!-- This site is optimized with the Yoast SEO Premium plugin v26.1 (Yoast SEO v27.0) - https:\/\/yoast.com\/product\/yoast-seo-premium-wordpress\/ -->\n<title>Visite de travail de la ministre de l\u2019Education Nationale \u00e0 Maradi : S\u2019enqu\u00e9rir des conditions de travail des \u00e9l\u00e8ves et enseignants - niger<\/title>\n<meta name=\"description\" content=\"La ministre de l\u2019Education Nationale, de l\u2019Alphabe\u0301tisation, de l\u2019Enseignement Professionnel et de la Promotion des L ...\" \/>\n<meta name=\"robots\" content=\"index, follow, max-snippet:-1, max-image-preview:large, max-video-preview:-1\" \/>\n<link rel=\"canonical\" href=\"https:\/\/www.africa-press.net\/niger\/culture-et-art\/visite-de-travail-de-la-ministre-de-leducation-nationale-a-maradi-senquerir-des-conditions-de-travail-des-eleves-et-enseignants\" \/>\n<meta property=\"og:locale\" content=\"fr_FR\" \/>\n<meta property=\"og:type\" content=\"article\" \/>\n<meta property=\"og:title\" content=\"Visite de travail de la ministre de l\u2019Education Nationale \u00e0 Maradi : S\u2019enqu\u00e9rir des conditions de travail des \u00e9l\u00e8ves et enseignants\" \/>\n<meta property=\"og:description\" content=\"La ministre de l\u2019Education Nationale, de l\u2019Alphabe\u0301tisation, de l\u2019Enseignement Professionnel et de la Promotion des L ...\" \/>\n<meta property=\"og:url\" content=\"https:\/\/www.africa-press.net\/niger\/culture-et-art\/visite-de-travail-de-la-ministre-de-leducation-nationale-a-maradi-senquerir-des-conditions-de-travail-des-eleves-et-enseignants\" \/>\n<meta property=\"og:site_name\" content=\"niger\" \/>\n<meta property=\"article:published_time\" content=\"2024-03-06T15:54:40+00:00\" \/>\n<meta property=\"article:modified_time\" content=\"2024-03-06T16:24:03+00:00\" \/>\n<meta property=\"og:image\" content=\"https:\/\/static.africa-press.net\/niger\/sites\/40\/2024\/03\/sm_1709729495.642826.jpg\" \/>\n\t<meta property=\"og:image:width\" content=\"1024\" \/>\n\t<meta property=\"og:image:height\" content=\"768\" \/>\n\t<meta property=\"og:image:type\" content=\"image\/jpeg\" \/>\n<meta name=\"author\" content=\"cfeditorfr\" \/>\n<meta name=\"twitter:card\" content=\"summary_large_image\" \/>\n<meta name=\"twitter:label1\" content=\"\u00c9crit par\" \/>\n\t<meta name=\"twitter:data1\" content=\"cfeditorfr\" \/>\n\t<meta name=\"twitter:label2\" content=\"Dur\u00e9e de lecture estim\u00e9e\" \/>\n\t<meta name=\"twitter:data2\" content=\"5 minutes\" \/>\n<script type=\"application\/ld+json\" class=\"yoast-schema-graph\">{\"@context\":\"https:\/\/schema.org\",\"@graph\":[{\"@type\":\"Article\",\"@id\":\"https:\/\/www.africa-press.net\/niger\/culture-et-art\/visite-de-travail-de-la-ministre-de-leducation-nationale-a-maradi-senquerir-des-conditions-de-travail-des-eleves-et-enseignants#article\",\"isPartOf\":{\"@id\":\"https:\/\/www.africa-press.net\/niger\/culture-et-art\/visite-de-travail-de-la-ministre-de-leducation-nationale-a-maradi-senquerir-des-conditions-de-travail-des-eleves-et-enseignants\"},\"author\":{\"name\":\"cfeditorfr\",\"@id\":\"https:\/\/www.africa-press.net\/niger\/#\/schema\/person\/2b1cf3cd81a31e3cd26889ca66d677f1\"},\"headline\":\"Visite de travail de la ministre de l\u2019Education Nationale \u00e0 Maradi : S\u2019enqu\u00e9rir des conditions de travail des \u00e9l\u00e8ves et enseignants\",\"datePublished\":\"2024-03-06T15:54:40+00:00\",\"dateModified\":\"2024-03-06T16:24:03+00:00\",\"mainEntityOfPage\":{\"@id\":\"https:\/\/www.africa-press.net\/niger\/culture-et-art\/visite-de-travail-de-la-ministre-de-leducation-nationale-a-maradi-senquerir-des-conditions-de-travail-des-eleves-et-enseignants\"},\"wordCount\":932,\"commentCount\":0,\"image\":{\"@id\":\"https:\/\/www.africa-press.net\/niger\/culture-et-art\/visite-de-travail-de-la-ministre-de-leducation-nationale-a-maradi-senquerir-des-conditions-de-travail-des-eleves-et-enseignants#primaryimage\"},\"thumbnailUrl\":\"https:\/\/static.africa-press.net\/niger\/sites\/40\/2024\/03\/sm_1709729495.642826.jpg\",\"keywords\":[\"Africa Press\",\"Africa Press-Niger\",\"Niger\"],\"articleSection\":[\"Culture et Art\",\"Toutes les actualit\u00e9s\"],\"inLanguage\":\"fr-FR\",\"potentialAction\":[{\"@type\":\"CommentAction\",\"name\":\"Comment\",\"target\":[\"https:\/\/www.africa-press.net\/niger\/culture-et-art\/visite-de-travail-de-la-ministre-de-leducation-nationale-a-maradi-senquerir-des-conditions-de-travail-des-eleves-et-enseignants#respond\"]}]},{\"@type\":\"WebPage\",\"@id\":\"https:\/\/www.africa-press.net\/niger\/culture-et-art\/visite-de-travail-de-la-ministre-de-leducation-nationale-a-maradi-senquerir-des-conditions-de-travail-des-eleves-et-enseignants\",\"url\":\"https:\/\/www.africa-press.net\/niger\/culture-et-art\/visite-de-travail-de-la-ministre-de-leducation-nationale-a-maradi-senquerir-des-conditions-de-travail-des-eleves-et-enseignants\",\"name\":\"Visite de travail de la ministre de l\u2019Education Nationale \u00e0 Maradi : S\u2019enqu\u00e9rir des conditions de travail des \u00e9l\u00e8ves et enseignants - niger\",\"isPartOf\":{\"@id\":\"https:\/\/www.africa-press.net\/niger\/#website\"},\"primaryImageOfPage\":{\"@id\":\"https:\/\/www.africa-press.net\/niger\/culture-et-art\/visite-de-travail-de-la-ministre-de-leducation-nationale-a-maradi-senquerir-des-conditions-de-travail-des-eleves-et-enseignants#primaryimage\"},\"image\":{\"@id\":\"https:\/\/www.africa-press.net\/niger\/culture-et-art\/visite-de-travail-de-la-ministre-de-leducation-nationale-a-maradi-senquerir-des-conditions-de-travail-des-eleves-et-enseignants#primaryimage\"},\"thumbnailUrl\":\"https:\/\/static.africa-press.net\/niger\/sites\/40\/2024\/03\/sm_1709729495.642826.jpg\",\"datePublished\":\"2024-03-06T15:54:40+00:00\",\"dateModified\":\"2024-03-06T16:24:03+00:00\",\"author\":{\"@id\":\"https:\/\/www.africa-press.net\/niger\/#\/schema\/person\/2b1cf3cd81a31e3cd26889ca66d677f1\"},\"description\":\"La ministre de l\u2019Education Nationale, de l\u2019Alphabe\u0301tisation, de l\u2019Enseignement Professionnel et de la Promotion des L ...\",\"breadcrumb\":{\"@id\":\"https:\/\/www.africa-press.net\/niger\/culture-et-art\/visite-de-travail-de-la-ministre-de-leducation-nationale-a-maradi-senquerir-des-conditions-de-travail-des-eleves-et-enseignants#breadcrumb\"},\"inLanguage\":\"fr-FR\",\"potentialAction\":[{\"@type\":\"ReadAction\",\"target\":[\"https:\/\/www.africa-press.net\/niger\/culture-et-art\/visite-de-travail-de-la-ministre-de-leducation-nationale-a-maradi-senquerir-des-conditions-de-travail-des-eleves-et-enseignants\"]}]},{\"@type\":\"ImageObject\",\"inLanguage\":\"fr-FR\",\"@id\":\"https:\/\/www.africa-press.net\/niger\/culture-et-art\/visite-de-travail-de-la-ministre-de-leducation-nationale-a-maradi-senquerir-des-conditions-de-travail-des-eleves-et-enseignants#primaryimage\",\"url\":\"https:\/\/static.africa-press.net\/niger\/sites\/40\/2024\/03\/sm_1709729495.642826.jpg\",\"contentUrl\":\"https:\/\/static.africa-press.net\/niger\/sites\/40\/2024\/03\/sm_1709729495.642826.jpg\",\"width\":1024,\"height\":768,\"caption\":\"Visite de travail de la ministre de l\u2019Education Nationale \u00e0 Maradi : S\u2019enqu\u00e9rir des conditions de travail des \u00e9l\u00e8ves et enseignants\"},{\"@type\":\"BreadcrumbList\",\"@id\":\"https:\/\/www.africa-press.net\/niger\/culture-et-art\/visite-de-travail-de-la-ministre-de-leducation-nationale-a-maradi-senquerir-des-conditions-de-travail-des-eleves-et-enseignants#breadcrumb\",\"itemListElement\":[{\"@type\":\"ListItem\",\"position\":1,\"name\":\"Accueil\",\"item\":\"https:\/\/www.africa-press.net\/niger\/\"},{\"@type\":\"ListItem\",\"position\":2,\"name\":\"Visite de travail de la ministre de l\u2019Education Nationale \u00e0 Maradi : S\u2019enqu\u00e9rir des conditions de travail des \u00e9l\u00e8ves et enseignants\"}]},{\"@type\":\"WebSite\",\"@id\":\"https:\/\/www.africa-press.net\/niger\/#website\",\"url\":\"https:\/\/www.africa-press.net\/niger\/\",\"name\":\"niger\",\"description\":\"Just another Africa News Agency Sites site\",\"potentialAction\":[{\"@type\":\"SearchAction\",\"target\":{\"@type\":\"EntryPoint\",\"urlTemplate\":\"https:\/\/www.africa-press.net\/niger\/?s={search_term_string}\"},\"query-input\":{\"@type\":\"PropertyValueSpecification\",\"valueRequired\":true,\"valueName\":\"search_term_string\"}}],\"inLanguage\":\"fr-FR\"},{\"@type\":\"Person\",\"@id\":\"https:\/\/www.africa-press.net\/niger\/#\/schema\/person\/2b1cf3cd81a31e3cd26889ca66d677f1\",\"name\":\"cfeditorfr\"}]}<\/script>\n<!-- \/ Yoast SEO Premium plugin. -->","yoast_head_json":{"title":"Visite de travail de la ministre de l\u2019Education Nationale \u00e0 Maradi : S\u2019enqu\u00e9rir des conditions de travail des \u00e9l\u00e8ves et enseignants - niger","description":"La ministre de l\u2019Education Nationale, de l\u2019Alphabe\u0301tisation, de l\u2019Enseignement Professionnel et de la Promotion des L ...","robots":{"index":"index","follow":"follow","max-snippet":"max-snippet:-1","max-image-preview":"max-image-preview:large","max-video-preview":"max-video-preview:-1"},"canonical":"https:\/\/www.africa-press.net\/niger\/culture-et-art\/visite-de-travail-de-la-ministre-de-leducation-nationale-a-maradi-senquerir-des-conditions-de-travail-des-eleves-et-enseignants","og_locale":"fr_FR","og_type":"article","og_title":"Visite de travail de la ministre de l\u2019Education Nationale \u00e0 Maradi : S\u2019enqu\u00e9rir des conditions de travail des \u00e9l\u00e8ves et enseignants","og_description":"La ministre de l\u2019Education Nationale, de l\u2019Alphabe\u0301tisation, de l\u2019Enseignement Professionnel et de la Promotion des L ...","og_url":"https:\/\/www.africa-press.net\/niger\/culture-et-art\/visite-de-travail-de-la-ministre-de-leducation-nationale-a-maradi-senquerir-des-conditions-de-travail-des-eleves-et-enseignants","og_site_name":"niger","article_published_time":"2024-03-06T15:54:40+00:00","article_modified_time":"2024-03-06T16:24:03+00:00","og_image":[{"width":1024,"height":768,"url":"https:\/\/static.africa-press.net\/niger\/sites\/40\/2024\/03\/sm_1709729495.642826.jpg","type":"image\/jpeg"}],"author":"cfeditorfr","twitter_card":"summary_large_image","twitter_misc":{"\u00c9crit par":"cfeditorfr","Dur\u00e9e de lecture estim\u00e9e":"5 minutes"},"schema":{"@context":"https:\/\/schema.org","@graph":[{"@type":"Article","@id":"https:\/\/www.africa-press.net\/niger\/culture-et-art\/visite-de-travail-de-la-ministre-de-leducation-nationale-a-maradi-senquerir-des-conditions-de-travail-des-eleves-et-enseignants#article","isPartOf":{"@id":"https:\/\/www.africa-press.net\/niger\/culture-et-art\/visite-de-travail-de-la-ministre-de-leducation-nationale-a-maradi-senquerir-des-conditions-de-travail-des-eleves-et-enseignants"},"author":{"name":"cfeditorfr","@id":"https:\/\/www.africa-press.net\/niger\/#\/schema\/person\/2b1cf3cd81a31e3cd26889ca66d677f1"},"headline":"Visite de travail de la ministre de l\u2019Education Nationale \u00e0 Maradi : S\u2019enqu\u00e9rir des conditions de travail des \u00e9l\u00e8ves et enseignants","datePublished":"2024-03-06T15:54:40+00:00","dateModified":"2024-03-06T16:24:03+00:00","mainEntityOfPage":{"@id":"https:\/\/www.africa-press.net\/niger\/culture-et-art\/visite-de-travail-de-la-ministre-de-leducation-nationale-a-maradi-senquerir-des-conditions-de-travail-des-eleves-et-enseignants"},"wordCount":932,"commentCount":0,"image":{"@id":"https:\/\/www.africa-press.net\/niger\/culture-et-art\/visite-de-travail-de-la-ministre-de-leducation-nationale-a-maradi-senquerir-des-conditions-de-travail-des-eleves-et-enseignants#primaryimage"},"thumbnailUrl":"https:\/\/static.africa-press.net\/niger\/sites\/40\/2024\/03\/sm_1709729495.642826.jpg","keywords":["Africa Press","Africa Press-Niger","Niger"],"articleSection":["Culture et Art","Toutes les actualit\u00e9s"],"inLanguage":"fr-FR","potentialAction":[{"@type":"CommentAction","name":"Comment","target":["https:\/\/www.africa-press.net\/niger\/culture-et-art\/visite-de-travail-de-la-ministre-de-leducation-nationale-a-maradi-senquerir-des-conditions-de-travail-des-eleves-et-enseignants#respond"]}]},{"@type":"WebPage","@id":"https:\/\/www.africa-press.net\/niger\/culture-et-art\/visite-de-travail-de-la-ministre-de-leducation-nationale-a-maradi-senquerir-des-conditions-de-travail-des-eleves-et-enseignants","url":"https:\/\/www.africa-press.net\/niger\/culture-et-art\/visite-de-travail-de-la-ministre-de-leducation-nationale-a-maradi-senquerir-des-conditions-de-travail-des-eleves-et-enseignants","name":"Visite de travail de la ministre de l\u2019Education Nationale \u00e0 Maradi : S\u2019enqu\u00e9rir des conditions de travail des \u00e9l\u00e8ves et enseignants - niger","isPartOf":{"@id":"https:\/\/www.africa-press.net\/niger\/#website"},"primaryImageOfPage":{"@id":"https:\/\/www.africa-press.net\/niger\/culture-et-art\/visite-de-travail-de-la-ministre-de-leducation-nationale-a-maradi-senquerir-des-conditions-de-travail-des-eleves-et-enseignants#primaryimage"},"image":{"@id":"https:\/\/www.africa-press.net\/niger\/culture-et-art\/visite-de-travail-de-la-ministre-de-leducation-nationale-a-maradi-senquerir-des-conditions-de-travail-des-eleves-et-enseignants#primaryimage"},"thumbnailUrl":"https:\/\/static.africa-press.net\/niger\/sites\/40\/2024\/03\/sm_1709729495.642826.jpg","datePublished":"2024-03-06T15:54:40+00:00","dateModified":"2024-03-06T16:24:03+00:00","author":{"@id":"https:\/\/www.africa-press.net\/niger\/#\/schema\/person\/2b1cf3cd81a31e3cd26889ca66d677f1"},"description":"La ministre de l\u2019Education Nationale, de l\u2019Alphabe\u0301tisation, de l\u2019Enseignement Professionnel et de la Promotion des L ...","breadcrumb":{"@id":"https:\/\/www.africa-press.net\/niger\/culture-et-art\/visite-de-travail-de-la-ministre-de-leducation-nationale-a-maradi-senquerir-des-conditions-de-travail-des-eleves-et-enseignants#breadcrumb"},"inLanguage":"fr-FR","potentialAction":[{"@type":"ReadAction","target":["https:\/\/www.africa-press.net\/niger\/culture-et-art\/visite-de-travail-de-la-ministre-de-leducation-nationale-a-maradi-senquerir-des-conditions-de-travail-des-eleves-et-enseignants"]}]},{"@type":"ImageObject","inLanguage":"fr-FR","@id":"https:\/\/www.africa-press.net\/niger\/culture-et-art\/visite-de-travail-de-la-ministre-de-leducation-nationale-a-maradi-senquerir-des-conditions-de-travail-des-eleves-et-enseignants#primaryimage","url":"https:\/\/static.africa-press.net\/niger\/sites\/40\/2024\/03\/sm_1709729495.642826.jpg","contentUrl":"https:\/\/static.africa-press.net\/niger\/sites\/40\/2024\/03\/sm_1709729495.642826.jpg","width":1024,"height":768,"caption":"Visite de travail de la ministre de l\u2019Education Nationale \u00e0 Maradi : S\u2019enqu\u00e9rir des conditions de travail des \u00e9l\u00e8ves et enseignants"},{"@type":"BreadcrumbList","@id":"https:\/\/www.africa-press.net\/niger\/culture-et-art\/visite-de-travail-de-la-ministre-de-leducation-nationale-a-maradi-senquerir-des-conditions-de-travail-des-eleves-et-enseignants#breadcrumb","itemListElement":[{"@type":"ListItem","position":1,"name":"Accueil","item":"https:\/\/www.africa-press.net\/niger\/"},{"@type":"ListItem","position":2,"name":"Visite de travail de la ministre de l\u2019Education Nationale \u00e0 Maradi : S\u2019enqu\u00e9rir des conditions de travail des \u00e9l\u00e8ves et enseignants"}]},{"@type":"WebSite","@id":"https:\/\/www.africa-press.net\/niger\/#website","url":"https:\/\/www.africa-press.net\/niger\/","name":"niger","description":"Just another Africa News Agency Sites site","potentialAction":[{"@type":"SearchAction","target":{"@type":"EntryPoint","urlTemplate":"https:\/\/www.africa-press.net\/niger\/?s={search_term_string}"},"query-input":{"@type":"PropertyValueSpecification","valueRequired":true,"valueName":"search_term_string"}}],"inLanguage":"fr-FR"},{"@type":"Person","@id":"https:\/\/www.africa-press.net\/niger\/#\/schema\/person\/2b1cf3cd81a31e3cd26889ca66d677f1","name":"cfeditorfr"}]}},"_links":{"self":[{"href":"https:\/\/www.africa-press.net\/niger\/wp-json\/wp\/v2\/posts\/59426","targetHints":{"allow":["GET"]}}],"collection":[{"href":"https:\/\/www.africa-press.net\/niger\/wp-json\/wp\/v2\/posts"}],"about":[{"href":"https:\/\/www.africa-press.net\/niger\/wp-json\/wp\/v2\/types\/post"}],"author":[{"embeddable":true,"href":"https:\/\/www.africa-press.net\/niger\/wp-json\/wp\/v2\/users\/82"}],"replies":[{"embeddable":true,"href":"https:\/\/www.africa-press.net\/niger\/wp-json\/wp\/v2\/comments?post=59426"}],"version-history":[{"count":0,"href":"https:\/\/www.africa-press.net\/niger\/wp-json\/wp\/v2\/posts\/59426\/revisions"}],"wp:featuredmedia":[{"embeddable":true,"href":"https:\/\/www.africa-press.net\/niger\/wp-json\/wp\/v2\/media\/59425"}],"wp:attachment":[{"href":"https:\/\/www.africa-press.net\/niger\/wp-json\/wp\/v2\/media?parent=59426"}],"wp:term":[{"taxonomy":"category","embeddable":true,"href":"https:\/\/www.africa-press.net\/niger\/wp-json\/wp\/v2\/categories?post=59426"},{"taxonomy":"post_tag","embeddable":true,"href":"https:\/\/www.africa-press.net\/niger\/wp-json\/wp\/v2\/tags?post=59426"}],"curies":[{"name":"wp","href":"https:\/\/api.w.org\/{rel}","templated":true}]}}