{"id":59450,"date":"2024-03-06T16:02:28","date_gmt":"2024-03-06T16:02:28","guid":{"rendered":"https:\/\/www.africa-press.net\/niger\/politique\/residence-prefectorale-de-ngourti-le-prefet-issoufou-koraou-finance-le-mur-de-cloture"},"modified":"2024-03-06T16:48:56","modified_gmt":"2024-03-06T16:48:56","slug":"residence-prefectorale-de-ngourti-le-prefet-issoufou-koraou-finance-le-mur-de-cloture","status":"publish","type":"post","link":"https:\/\/www.africa-press.net\/niger\/toutes-les-actualites\/residence-prefectorale-de-ngourti-le-prefet-issoufou-koraou-finance-le-mur-de-cloture","title":{"rendered":"R\u00e9sidence pr\u00e9fectorale de N\u2019Gourti : le pr\u00e9fet Issoufou Koraou finance le mur de cl\u00f4ture"},"content":{"rendered":"<p><span style=\"color: #ff6600\"><strong>Africa-Press &#8211; Niger. <\/strong><\/span>Le pre\u0301fet du de\u0301partement de N\u2019Gourti (re\u0301gion de Diffa), a entie\u0300rement finance\u0301 sur fond propre, les travaux du mur de clo\u0302ture de la re\u0301sidence pre\u0301fectorale dudit de\u0301partement.<\/p>\n<p>Les travaux de ce mur de clo\u0302ture qui ont dure\u0301 5 mois, ont e\u0301te\u0301 re\u0301alise\u0301s a\u0300 hauteur d\u2019environ 7 millions de francs CFA, finance\u0301s par le premier responsable du de\u0301partement qui n\u2019a que 6 mois de fonction.<\/p>\n<p>\u2018\u2019 J\u2019ai re\u0301alise\u0301 ces travaux sur fond propre et cela dans le but de contribuer aussi a\u0300 l\u2019e\u0301lan de patriotisme qu\u2019observent les Nige\u0301riens depuis l\u2019arrive\u0301e au pouvoir du CNSP \u2018\u2019, a confie\u0301 le capitaine Issoufou Koraou.<\/p>\n<p>Le pre\u0301fet Issoufou Koraou d\u2019indiquer que \u2018\u2019 j\u2019ai fais c\u0327a pour mon pays, pour mon entite\u0301, pour ma famille mais aussi pour permettre aux autres Nige\u0301riens qui seront appele\u0301s a\u0300 e\u0302tre aux destine\u0301es de ce de\u0301partement, de travailler dans des tre\u0300s bonnes conditions, car ce pays nous appartient tous et c\u2019est a\u0300 nous de le faire avancer pas d\u2019autres \u2018\u2019.<\/p>\n<p>\u2018\u2019 Mon souhait est que les autres Nige\u0301riens comme moi, les responsables administratifs a\u0300 tous les niveaux puissent s\u2019approprier cette initiative pour pallier certaines difficulte\u0301s que rencontrent nos entite\u0301s surtout les plus recule\u0301es du pays, du moment ou\u0300 l\u2019E\u0301tat ne pourra pas tout faire. Nous devrons aussi avec nos maigres moyens contribuer a\u0300 notre manie\u0300re \u2018\u2019, a\u0300 lance\u0301 le capitaine Issoufou Koraou, pre\u0301fet du de\u0301partement de N\u2019Gourti dans la re\u0301gion de Diffa.<\/p>\n<p>Depuis des de\u0301cennies, indique-t-on, cette re\u0301sidence pre\u0301fectorale, servant de domicile au premier responsable administratif du de\u0301partement, e\u0301tait clo\u0302ture\u0301e avec des grillages, donc reste\u0301e a\u0300 l\u2019air libre.<\/p>\n<p>Il a fallu l\u2019arrive\u0301e du CNSP au pouvoir qui a nomme\u0301 le capitaine Issoufou Koraou, qui en 5 mois de fonctions, a pu doter cette enceinte administrative d\u2019un mur de clo\u0302ture en mate\u0301riaux de\u0301finitifs.<\/p>\n<p>Il faut souligner que cette localite\u0301 de N\u2019Gourti qui e\u0301tait reste\u0301e le poste administratif de 1962 a\u0300 Aou\u0302t 2011, date qu\u2019elle a\u0300 e\u0301te\u0301 e\u0301rige\u0301e en de\u0301partement, a\u0300 e\u0301te\u0301 ge\u0301re\u0301e par 30 chefs de poste et 8 Pre\u0301fets, dont le 8e est actuellement le capitaine Issoufou Koraou qui est d\u2019ailleurs le 38e responsable administratif de la localite\u0301.<\/p>\n<p><strong>Pour plus d&rsquo;informations et d&rsquo;analyses sur la <a href=\"https:\/\/www.africa-press.net\/niger\">Niger<\/a>, suivez <a href=\"https:\/\/www.africa-press.net\/\">Africa-Press<\/a><\/strong><\/p>\n","protected":false},"excerpt":{"rendered":"<p>Africa-Press &#8211; Niger. Le pre\u0301fet du de\u0301partement de N\u2019Gourti (re\u0301gion de Diffa), a entie\u0300rement finance\u0301 sur fond propre, les travaux du mur de clo\u0302ture de la re\u0301sidence pre\u0301fectorale dudit de\u0301partement. Les travaux de ce mur de clo\u0302ture qui ont dure\u0301 5 mois, ont e\u0301te\u0301 re\u0301alise\u0301s a\u0300 hauteur d\u2019environ 7 millions de francs CFA, finance\u0301s par [&hellip;]<\/p>\n","protected":false},"author":82,"featured_media":59449,"comment_status":"open","ping_status":"closed","sticky":false,"template":"","format":"standard","meta":{"footnotes":""},"categories":[21,10],"tags":[55,60,29],"class_list":["post-59450","post","type-post","status-publish","format-standard","has-post-thumbnail","hentry","category-communaute","category-toutes-les-actualites","tag-africa-press","tag-africa-press-niger","tag-niger"],"yoast_head":"<!-- This site is optimized with the Yoast SEO Premium plugin v26.1 (Yoast SEO v27.0) - https:\/\/yoast.com\/product\/yoast-seo-premium-wordpress\/ -->\n<title>R\u00e9sidence pr\u00e9fectorale de N\u2019Gourti : le pr\u00e9fet Issoufou Koraou finance le mur de cl\u00f4ture - niger<\/title>\n<meta name=\"description\" content=\"Le pre\u0301fet du de\u0301partement de N\u2019Gourti (re\u0301gion de Diffa), a entie\u0300rement finance\u0301 sur fond propre, les travaux du mur d ...\" \/>\n<meta name=\"robots\" content=\"index, follow, max-snippet:-1, max-image-preview:large, max-video-preview:-1\" \/>\n<link rel=\"canonical\" href=\"https:\/\/www.africa-press.net\/niger\/toutes-les-actualites\/residence-prefectorale-de-ngourti-le-prefet-issoufou-koraou-finance-le-mur-de-cloture\" \/>\n<meta property=\"og:locale\" content=\"fr_FR\" \/>\n<meta property=\"og:type\" content=\"article\" \/>\n<meta property=\"og:title\" content=\"R\u00e9sidence pr\u00e9fectorale de N\u2019Gourti : le pr\u00e9fet Issoufou Koraou finance le mur de cl\u00f4ture\" \/>\n<meta property=\"og:description\" content=\"Le pre\u0301fet du de\u0301partement de N\u2019Gourti (re\u0301gion de Diffa), a entie\u0300rement finance\u0301 sur fond propre, les travaux du mur d ...\" \/>\n<meta property=\"og:url\" content=\"https:\/\/www.africa-press.net\/niger\/toutes-les-actualites\/residence-prefectorale-de-ngourti-le-prefet-issoufou-koraou-finance-le-mur-de-cloture\" \/>\n<meta property=\"og:site_name\" content=\"niger\" \/>\n<meta property=\"article:published_time\" content=\"2024-03-06T16:02:28+00:00\" \/>\n<meta property=\"article:modified_time\" content=\"2024-03-06T16:48:56+00:00\" \/>\n<meta property=\"og:image\" content=\"https:\/\/static.africa-press.net\/niger\/sites\/40\/2024\/03\/sm_1709730879.093699.jpg\" \/>\n\t<meta property=\"og:image:width\" content=\"992\" \/>\n\t<meta property=\"og:image:height\" content=\"744\" \/>\n\t<meta property=\"og:image:type\" content=\"image\/jpeg\" \/>\n<meta name=\"author\" content=\"cfeditorfr\" \/>\n<meta name=\"twitter:card\" content=\"summary_large_image\" \/>\n<meta name=\"twitter:label1\" content=\"\u00c9crit par\" \/>\n\t<meta name=\"twitter:data1\" content=\"cfeditorfr\" \/>\n\t<meta name=\"twitter:label2\" content=\"Dur\u00e9e de lecture estim\u00e9e\" \/>\n\t<meta name=\"twitter:data2\" content=\"3 minutes\" \/>\n<script type=\"application\/ld+json\" class=\"yoast-schema-graph\">{\"@context\":\"https:\/\/schema.org\",\"@graph\":[{\"@type\":\"Article\",\"@id\":\"https:\/\/www.africa-press.net\/niger\/toutes-les-actualites\/residence-prefectorale-de-ngourti-le-prefet-issoufou-koraou-finance-le-mur-de-cloture#article\",\"isPartOf\":{\"@id\":\"https:\/\/www.africa-press.net\/niger\/toutes-les-actualites\/residence-prefectorale-de-ngourti-le-prefet-issoufou-koraou-finance-le-mur-de-cloture\"},\"author\":{\"name\":\"cfeditorfr\",\"@id\":\"https:\/\/www.africa-press.net\/niger\/#\/schema\/person\/2b1cf3cd81a31e3cd26889ca66d677f1\"},\"headline\":\"R\u00e9sidence pr\u00e9fectorale de N\u2019Gourti : le pr\u00e9fet Issoufou Koraou finance le mur de cl\u00f4ture\",\"datePublished\":\"2024-03-06T16:02:28+00:00\",\"dateModified\":\"2024-03-06T16:48:56+00:00\",\"mainEntityOfPage\":{\"@id\":\"https:\/\/www.africa-press.net\/niger\/toutes-les-actualites\/residence-prefectorale-de-ngourti-le-prefet-issoufou-koraou-finance-le-mur-de-cloture\"},\"wordCount\":445,\"commentCount\":0,\"image\":{\"@id\":\"https:\/\/www.africa-press.net\/niger\/toutes-les-actualites\/residence-prefectorale-de-ngourti-le-prefet-issoufou-koraou-finance-le-mur-de-cloture#primaryimage\"},\"thumbnailUrl\":\"https:\/\/static.africa-press.net\/niger\/sites\/40\/2024\/03\/sm_1709730879.093699.jpg\",\"keywords\":[\"Africa Press\",\"Africa Press-Niger\",\"Niger\"],\"articleSection\":[\"Communaut\u00e9\",\"Toutes les actualit\u00e9s\"],\"inLanguage\":\"fr-FR\",\"potentialAction\":[{\"@type\":\"CommentAction\",\"name\":\"Comment\",\"target\":[\"https:\/\/www.africa-press.net\/niger\/toutes-les-actualites\/residence-prefectorale-de-ngourti-le-prefet-issoufou-koraou-finance-le-mur-de-cloture#respond\"]}]},{\"@type\":\"WebPage\",\"@id\":\"https:\/\/www.africa-press.net\/niger\/toutes-les-actualites\/residence-prefectorale-de-ngourti-le-prefet-issoufou-koraou-finance-le-mur-de-cloture\",\"url\":\"https:\/\/www.africa-press.net\/niger\/toutes-les-actualites\/residence-prefectorale-de-ngourti-le-prefet-issoufou-koraou-finance-le-mur-de-cloture\",\"name\":\"R\u00e9sidence pr\u00e9fectorale de N\u2019Gourti : le pr\u00e9fet Issoufou Koraou finance le mur de cl\u00f4ture - niger\",\"isPartOf\":{\"@id\":\"https:\/\/www.africa-press.net\/niger\/#website\"},\"primaryImageOfPage\":{\"@id\":\"https:\/\/www.africa-press.net\/niger\/toutes-les-actualites\/residence-prefectorale-de-ngourti-le-prefet-issoufou-koraou-finance-le-mur-de-cloture#primaryimage\"},\"image\":{\"@id\":\"https:\/\/www.africa-press.net\/niger\/toutes-les-actualites\/residence-prefectorale-de-ngourti-le-prefet-issoufou-koraou-finance-le-mur-de-cloture#primaryimage\"},\"thumbnailUrl\":\"https:\/\/static.africa-press.net\/niger\/sites\/40\/2024\/03\/sm_1709730879.093699.jpg\",\"datePublished\":\"2024-03-06T16:02:28+00:00\",\"dateModified\":\"2024-03-06T16:48:56+00:00\",\"author\":{\"@id\":\"https:\/\/www.africa-press.net\/niger\/#\/schema\/person\/2b1cf3cd81a31e3cd26889ca66d677f1\"},\"description\":\"Le pre\u0301fet du de\u0301partement de N\u2019Gourti (re\u0301gion de Diffa), a entie\u0300rement finance\u0301 sur fond propre, les travaux du mur d ...\",\"breadcrumb\":{\"@id\":\"https:\/\/www.africa-press.net\/niger\/toutes-les-actualites\/residence-prefectorale-de-ngourti-le-prefet-issoufou-koraou-finance-le-mur-de-cloture#breadcrumb\"},\"inLanguage\":\"fr-FR\",\"potentialAction\":[{\"@type\":\"ReadAction\",\"target\":[\"https:\/\/www.africa-press.net\/niger\/toutes-les-actualites\/residence-prefectorale-de-ngourti-le-prefet-issoufou-koraou-finance-le-mur-de-cloture\"]}]},{\"@type\":\"ImageObject\",\"inLanguage\":\"fr-FR\",\"@id\":\"https:\/\/www.africa-press.net\/niger\/toutes-les-actualites\/residence-prefectorale-de-ngourti-le-prefet-issoufou-koraou-finance-le-mur-de-cloture#primaryimage\",\"url\":\"https:\/\/static.africa-press.net\/niger\/sites\/40\/2024\/03\/sm_1709730879.093699.jpg\",\"contentUrl\":\"https:\/\/static.africa-press.net\/niger\/sites\/40\/2024\/03\/sm_1709730879.093699.jpg\",\"width\":992,\"height\":744,\"caption\":\"R\u00e9sidence pr\u00e9fectorale de N\u2019Gourti : le pr\u00e9fet Issoufou Koraou finance le mur de cl\u00f4ture\"},{\"@type\":\"BreadcrumbList\",\"@id\":\"https:\/\/www.africa-press.net\/niger\/toutes-les-actualites\/residence-prefectorale-de-ngourti-le-prefet-issoufou-koraou-finance-le-mur-de-cloture#breadcrumb\",\"itemListElement\":[{\"@type\":\"ListItem\",\"position\":1,\"name\":\"Accueil\",\"item\":\"https:\/\/www.africa-press.net\/niger\/\"},{\"@type\":\"ListItem\",\"position\":2,\"name\":\"R\u00e9sidence pr\u00e9fectorale de N\u2019Gourti : le pr\u00e9fet Issoufou Koraou finance le mur de cl\u00f4ture\"}]},{\"@type\":\"WebSite\",\"@id\":\"https:\/\/www.africa-press.net\/niger\/#website\",\"url\":\"https:\/\/www.africa-press.net\/niger\/\",\"name\":\"niger\",\"description\":\"Just another Africa News Agency Sites site\",\"potentialAction\":[{\"@type\":\"SearchAction\",\"target\":{\"@type\":\"EntryPoint\",\"urlTemplate\":\"https:\/\/www.africa-press.net\/niger\/?s={search_term_string}\"},\"query-input\":{\"@type\":\"PropertyValueSpecification\",\"valueRequired\":true,\"valueName\":\"search_term_string\"}}],\"inLanguage\":\"fr-FR\"},{\"@type\":\"Person\",\"@id\":\"https:\/\/www.africa-press.net\/niger\/#\/schema\/person\/2b1cf3cd81a31e3cd26889ca66d677f1\",\"name\":\"cfeditorfr\"}]}<\/script>\n<!-- \/ Yoast SEO Premium plugin. -->","yoast_head_json":{"title":"R\u00e9sidence pr\u00e9fectorale de N\u2019Gourti : le pr\u00e9fet Issoufou Koraou finance le mur de cl\u00f4ture - niger","description":"Le pre\u0301fet du de\u0301partement de N\u2019Gourti (re\u0301gion de Diffa), a entie\u0300rement finance\u0301 sur fond propre, les travaux du mur d ...","robots":{"index":"index","follow":"follow","max-snippet":"max-snippet:-1","max-image-preview":"max-image-preview:large","max-video-preview":"max-video-preview:-1"},"canonical":"https:\/\/www.africa-press.net\/niger\/toutes-les-actualites\/residence-prefectorale-de-ngourti-le-prefet-issoufou-koraou-finance-le-mur-de-cloture","og_locale":"fr_FR","og_type":"article","og_title":"R\u00e9sidence pr\u00e9fectorale de N\u2019Gourti : le pr\u00e9fet Issoufou Koraou finance le mur de cl\u00f4ture","og_description":"Le pre\u0301fet du de\u0301partement de N\u2019Gourti (re\u0301gion de Diffa), a entie\u0300rement finance\u0301 sur fond propre, les travaux du mur d ...","og_url":"https:\/\/www.africa-press.net\/niger\/toutes-les-actualites\/residence-prefectorale-de-ngourti-le-prefet-issoufou-koraou-finance-le-mur-de-cloture","og_site_name":"niger","article_published_time":"2024-03-06T16:02:28+00:00","article_modified_time":"2024-03-06T16:48:56+00:00","og_image":[{"width":992,"height":744,"url":"https:\/\/static.africa-press.net\/niger\/sites\/40\/2024\/03\/sm_1709730879.093699.jpg","type":"image\/jpeg"}],"author":"cfeditorfr","twitter_card":"summary_large_image","twitter_misc":{"\u00c9crit par":"cfeditorfr","Dur\u00e9e de lecture estim\u00e9e":"3 minutes"},"schema":{"@context":"https:\/\/schema.org","@graph":[{"@type":"Article","@id":"https:\/\/www.africa-press.net\/niger\/toutes-les-actualites\/residence-prefectorale-de-ngourti-le-prefet-issoufou-koraou-finance-le-mur-de-cloture#article","isPartOf":{"@id":"https:\/\/www.africa-press.net\/niger\/toutes-les-actualites\/residence-prefectorale-de-ngourti-le-prefet-issoufou-koraou-finance-le-mur-de-cloture"},"author":{"name":"cfeditorfr","@id":"https:\/\/www.africa-press.net\/niger\/#\/schema\/person\/2b1cf3cd81a31e3cd26889ca66d677f1"},"headline":"R\u00e9sidence pr\u00e9fectorale de N\u2019Gourti : le pr\u00e9fet Issoufou Koraou finance le mur de cl\u00f4ture","datePublished":"2024-03-06T16:02:28+00:00","dateModified":"2024-03-06T16:48:56+00:00","mainEntityOfPage":{"@id":"https:\/\/www.africa-press.net\/niger\/toutes-les-actualites\/residence-prefectorale-de-ngourti-le-prefet-issoufou-koraou-finance-le-mur-de-cloture"},"wordCount":445,"commentCount":0,"image":{"@id":"https:\/\/www.africa-press.net\/niger\/toutes-les-actualites\/residence-prefectorale-de-ngourti-le-prefet-issoufou-koraou-finance-le-mur-de-cloture#primaryimage"},"thumbnailUrl":"https:\/\/static.africa-press.net\/niger\/sites\/40\/2024\/03\/sm_1709730879.093699.jpg","keywords":["Africa Press","Africa Press-Niger","Niger"],"articleSection":["Communaut\u00e9","Toutes les actualit\u00e9s"],"inLanguage":"fr-FR","potentialAction":[{"@type":"CommentAction","name":"Comment","target":["https:\/\/www.africa-press.net\/niger\/toutes-les-actualites\/residence-prefectorale-de-ngourti-le-prefet-issoufou-koraou-finance-le-mur-de-cloture#respond"]}]},{"@type":"WebPage","@id":"https:\/\/www.africa-press.net\/niger\/toutes-les-actualites\/residence-prefectorale-de-ngourti-le-prefet-issoufou-koraou-finance-le-mur-de-cloture","url":"https:\/\/www.africa-press.net\/niger\/toutes-les-actualites\/residence-prefectorale-de-ngourti-le-prefet-issoufou-koraou-finance-le-mur-de-cloture","name":"R\u00e9sidence pr\u00e9fectorale de N\u2019Gourti : le pr\u00e9fet Issoufou Koraou finance le mur de cl\u00f4ture - niger","isPartOf":{"@id":"https:\/\/www.africa-press.net\/niger\/#website"},"primaryImageOfPage":{"@id":"https:\/\/www.africa-press.net\/niger\/toutes-les-actualites\/residence-prefectorale-de-ngourti-le-prefet-issoufou-koraou-finance-le-mur-de-cloture#primaryimage"},"image":{"@id":"https:\/\/www.africa-press.net\/niger\/toutes-les-actualites\/residence-prefectorale-de-ngourti-le-prefet-issoufou-koraou-finance-le-mur-de-cloture#primaryimage"},"thumbnailUrl":"https:\/\/static.africa-press.net\/niger\/sites\/40\/2024\/03\/sm_1709730879.093699.jpg","datePublished":"2024-03-06T16:02:28+00:00","dateModified":"2024-03-06T16:48:56+00:00","author":{"@id":"https:\/\/www.africa-press.net\/niger\/#\/schema\/person\/2b1cf3cd81a31e3cd26889ca66d677f1"},"description":"Le pre\u0301fet du de\u0301partement de N\u2019Gourti (re\u0301gion de Diffa), a entie\u0300rement finance\u0301 sur fond propre, les travaux du mur d ...","breadcrumb":{"@id":"https:\/\/www.africa-press.net\/niger\/toutes-les-actualites\/residence-prefectorale-de-ngourti-le-prefet-issoufou-koraou-finance-le-mur-de-cloture#breadcrumb"},"inLanguage":"fr-FR","potentialAction":[{"@type":"ReadAction","target":["https:\/\/www.africa-press.net\/niger\/toutes-les-actualites\/residence-prefectorale-de-ngourti-le-prefet-issoufou-koraou-finance-le-mur-de-cloture"]}]},{"@type":"ImageObject","inLanguage":"fr-FR","@id":"https:\/\/www.africa-press.net\/niger\/toutes-les-actualites\/residence-prefectorale-de-ngourti-le-prefet-issoufou-koraou-finance-le-mur-de-cloture#primaryimage","url":"https:\/\/static.africa-press.net\/niger\/sites\/40\/2024\/03\/sm_1709730879.093699.jpg","contentUrl":"https:\/\/static.africa-press.net\/niger\/sites\/40\/2024\/03\/sm_1709730879.093699.jpg","width":992,"height":744,"caption":"R\u00e9sidence pr\u00e9fectorale de N\u2019Gourti : le pr\u00e9fet Issoufou Koraou finance le mur de cl\u00f4ture"},{"@type":"BreadcrumbList","@id":"https:\/\/www.africa-press.net\/niger\/toutes-les-actualites\/residence-prefectorale-de-ngourti-le-prefet-issoufou-koraou-finance-le-mur-de-cloture#breadcrumb","itemListElement":[{"@type":"ListItem","position":1,"name":"Accueil","item":"https:\/\/www.africa-press.net\/niger\/"},{"@type":"ListItem","position":2,"name":"R\u00e9sidence pr\u00e9fectorale de N\u2019Gourti : le pr\u00e9fet Issoufou Koraou finance le mur de cl\u00f4ture"}]},{"@type":"WebSite","@id":"https:\/\/www.africa-press.net\/niger\/#website","url":"https:\/\/www.africa-press.net\/niger\/","name":"niger","description":"Just another Africa News Agency Sites site","potentialAction":[{"@type":"SearchAction","target":{"@type":"EntryPoint","urlTemplate":"https:\/\/www.africa-press.net\/niger\/?s={search_term_string}"},"query-input":{"@type":"PropertyValueSpecification","valueRequired":true,"valueName":"search_term_string"}}],"inLanguage":"fr-FR"},{"@type":"Person","@id":"https:\/\/www.africa-press.net\/niger\/#\/schema\/person\/2b1cf3cd81a31e3cd26889ca66d677f1","name":"cfeditorfr"}]}},"_links":{"self":[{"href":"https:\/\/www.africa-press.net\/niger\/wp-json\/wp\/v2\/posts\/59450","targetHints":{"allow":["GET"]}}],"collection":[{"href":"https:\/\/www.africa-press.net\/niger\/wp-json\/wp\/v2\/posts"}],"about":[{"href":"https:\/\/www.africa-press.net\/niger\/wp-json\/wp\/v2\/types\/post"}],"author":[{"embeddable":true,"href":"https:\/\/www.africa-press.net\/niger\/wp-json\/wp\/v2\/users\/82"}],"replies":[{"embeddable":true,"href":"https:\/\/www.africa-press.net\/niger\/wp-json\/wp\/v2\/comments?post=59450"}],"version-history":[{"count":0,"href":"https:\/\/www.africa-press.net\/niger\/wp-json\/wp\/v2\/posts\/59450\/revisions"}],"wp:featuredmedia":[{"embeddable":true,"href":"https:\/\/www.africa-press.net\/niger\/wp-json\/wp\/v2\/media\/59449"}],"wp:attachment":[{"href":"https:\/\/www.africa-press.net\/niger\/wp-json\/wp\/v2\/media?parent=59450"}],"wp:term":[{"taxonomy":"category","embeddable":true,"href":"https:\/\/www.africa-press.net\/niger\/wp-json\/wp\/v2\/categories?post=59450"},{"taxonomy":"post_tag","embeddable":true,"href":"https:\/\/www.africa-press.net\/niger\/wp-json\/wp\/v2\/tags?post=59450"}],"curies":[{"name":"wp","href":"https:\/\/api.w.org\/{rel}","templated":true}]}}