{"id":59457,"date":"2024-03-06T16:10:45","date_gmt":"2024-03-06T16:10:45","guid":{"rendered":"https:\/\/www.africa-press.net\/niger\/politique\/niamey-maintient-son-espace-aerien-ferme-a-la-cote-divoire"},"modified":"2024-03-06T16:58:48","modified_gmt":"2024-03-06T16:58:48","slug":"niamey-maintient-son-espace-aerien-ferme-a-la-cote-divoire","status":"publish","type":"post","link":"https:\/\/www.africa-press.net\/niger\/politique\/niamey-maintient-son-espace-aerien-ferme-a-la-cote-divoire","title":{"rendered":"Niamey maintient son espace a\u00e9rien ferm\u00e9 \u00e0 la C\u00f4te d\u2019Ivoire"},"content":{"rendered":"<p><span style=\"color: #ff6600\"><strong>Africa-Press &#8211; Niger. <\/strong><\/span>Malgre\u0301 la leve\u0301e des sanctions de la CEDEAO, le gouvernement nige\u0301rien maintient son espace ae\u0301rien ferme\u0301 a\u0300 la Co\u0302te d\u2019Ivoire.<\/p>\n<p>Le de\u0301saccord persiste entre le Niger et la Co\u0302te d\u2019Ivoire concernant la re\u0301ouverture de l\u2019espace ae\u0301rien. Bien que la CEDEAO ait leve\u0301 l\u2019embargo, l\u2019approbation de l\u2019ouverture de l\u2019espace ae\u0301rien a\u0300 la Co\u0302te d\u2019Ivoire n\u2019a pas encore e\u0301te\u0301 obtenue du co\u0302te\u0301 nige\u0301rien.<\/p>\n<p>Cette situation pourrait e\u0302tre due a\u0300 diverses raisons telles que des pre\u0301occupations de se\u0301curite\u0301, des questions administratives ou d\u2019autres conside\u0301rations. Cependant, le Niger n\u2019a pas encore rendu de verdict concernant la situation apre\u0300s la leve\u0301e des sanctions par la commission.<\/p>\n<p>Notons que la compagnie ae\u0301rienne Asky a repris ses vols vers Niamey malgre\u0301 la situation, ce qui sugge\u0300re des ne\u0301gociations en cours entre les autorite\u0301s ae\u0301riennes des deux pays.<\/p>\n<p><strong>Pour plus d&rsquo;informations et d&rsquo;analyses sur la <a href=\"https:\/\/www.africa-press.net\/niger\">Niger<\/a>, suivez <a href=\"https:\/\/www.africa-press.net\/\">Africa-Press<\/a><\/strong><\/p>\n","protected":false},"excerpt":{"rendered":"<p>Africa-Press &#8211; Niger. Malgre\u0301 la leve\u0301e des sanctions de la CEDEAO, le gouvernement nige\u0301rien maintient son espace ae\u0301rien ferme\u0301 a\u0300 la Co\u0302te d\u2019Ivoire. Le de\u0301saccord persiste entre le Niger et la Co\u0302te d\u2019Ivoire concernant la re\u0301ouverture de l\u2019espace ae\u0301rien. Bien que la CEDEAO ait leve\u0301 l\u2019embargo, l\u2019approbation de l\u2019ouverture de l\u2019espace ae\u0301rien a\u0300 la Co\u0302te [&hellip;]<\/p>\n","protected":false},"author":82,"featured_media":59456,"comment_status":"open","ping_status":"closed","sticky":false,"template":"","format":"standard","meta":{"footnotes":""},"categories":[2,10],"tags":[55,60,29],"class_list":["post-59457","post","type-post","status-publish","format-standard","has-post-thumbnail","hentry","category-politique","category-toutes-les-actualites","tag-africa-press","tag-africa-press-niger","tag-niger"],"yoast_head":"<!-- This site is optimized with the Yoast SEO Premium plugin v26.1 (Yoast SEO v27.0) - https:\/\/yoast.com\/product\/yoast-seo-premium-wordpress\/ -->\n<title>Niamey maintient son espace a\u00e9rien ferm\u00e9 \u00e0 la C\u00f4te d\u2019Ivoire - niger<\/title>\n<meta name=\"description\" content=\"Malgre\u0301 la leve\u0301e des sanctions de la CEDEAO, le gouvernement nige\u0301rien maintient son espace ae\u0301rien ferme\u0301 a\u0300 la Co\u0302te ...\" \/>\n<meta name=\"robots\" content=\"index, follow, max-snippet:-1, max-image-preview:large, max-video-preview:-1\" \/>\n<link rel=\"canonical\" href=\"https:\/\/www.africa-press.net\/niger\/politique\/niamey-maintient-son-espace-aerien-ferme-a-la-cote-divoire\" \/>\n<meta property=\"og:locale\" content=\"fr_FR\" \/>\n<meta property=\"og:type\" content=\"article\" \/>\n<meta property=\"og:title\" content=\"Niamey maintient son espace a\u00e9rien ferm\u00e9 \u00e0 la C\u00f4te d\u2019Ivoire\" \/>\n<meta property=\"og:description\" content=\"Malgre\u0301 la leve\u0301e des sanctions de la CEDEAO, le gouvernement nige\u0301rien maintient son espace ae\u0301rien ferme\u0301 a\u0300 la Co\u0302te ...\" \/>\n<meta property=\"og:url\" content=\"https:\/\/www.africa-press.net\/niger\/politique\/niamey-maintient-son-espace-aerien-ferme-a-la-cote-divoire\" \/>\n<meta property=\"og:site_name\" content=\"niger\" \/>\n<meta property=\"article:published_time\" content=\"2024-03-06T16:10:45+00:00\" \/>\n<meta property=\"article:modified_time\" content=\"2024-03-06T16:58:48+00:00\" \/>\n<meta property=\"og:image\" content=\"https:\/\/static.africa-press.net\/niger\/sites\/40\/2024\/03\/sm_1709731468.354567.jpg\" \/>\n\t<meta property=\"og:image:width\" content=\"1200\" \/>\n\t<meta property=\"og:image:height\" content=\"600\" \/>\n\t<meta property=\"og:image:type\" content=\"image\/jpeg\" \/>\n<meta name=\"author\" content=\"cfeditorfr\" \/>\n<meta name=\"twitter:card\" content=\"summary_large_image\" \/>\n<meta name=\"twitter:label1\" content=\"\u00c9crit par\" \/>\n\t<meta name=\"twitter:data1\" content=\"cfeditorfr\" \/>\n\t<meta name=\"twitter:label2\" content=\"Dur\u00e9e de lecture estim\u00e9e\" \/>\n\t<meta name=\"twitter:data2\" content=\"1 minute\" \/>\n<script type=\"application\/ld+json\" class=\"yoast-schema-graph\">{\"@context\":\"https:\/\/schema.org\",\"@graph\":[{\"@type\":\"Article\",\"@id\":\"https:\/\/www.africa-press.net\/niger\/politique\/niamey-maintient-son-espace-aerien-ferme-a-la-cote-divoire#article\",\"isPartOf\":{\"@id\":\"https:\/\/www.africa-press.net\/niger\/politique\/niamey-maintient-son-espace-aerien-ferme-a-la-cote-divoire\"},\"author\":{\"name\":\"cfeditorfr\",\"@id\":\"https:\/\/www.africa-press.net\/niger\/#\/schema\/person\/2b1cf3cd81a31e3cd26889ca66d677f1\"},\"headline\":\"Niamey maintient son espace a\u00e9rien ferm\u00e9 \u00e0 la C\u00f4te d\u2019Ivoire\",\"datePublished\":\"2024-03-06T16:10:45+00:00\",\"dateModified\":\"2024-03-06T16:58:48+00:00\",\"mainEntityOfPage\":{\"@id\":\"https:\/\/www.africa-press.net\/niger\/politique\/niamey-maintient-son-espace-aerien-ferme-a-la-cote-divoire\"},\"wordCount\":192,\"commentCount\":0,\"image\":{\"@id\":\"https:\/\/www.africa-press.net\/niger\/politique\/niamey-maintient-son-espace-aerien-ferme-a-la-cote-divoire#primaryimage\"},\"thumbnailUrl\":\"https:\/\/static.africa-press.net\/niger\/sites\/40\/2024\/03\/sm_1709731468.354567.jpg\",\"keywords\":[\"Africa Press\",\"Africa Press-Niger\",\"Niger\"],\"articleSection\":[\"Politique\",\"Toutes les actualit\u00e9s\"],\"inLanguage\":\"fr-FR\",\"potentialAction\":[{\"@type\":\"CommentAction\",\"name\":\"Comment\",\"target\":[\"https:\/\/www.africa-press.net\/niger\/politique\/niamey-maintient-son-espace-aerien-ferme-a-la-cote-divoire#respond\"]}]},{\"@type\":\"WebPage\",\"@id\":\"https:\/\/www.africa-press.net\/niger\/politique\/niamey-maintient-son-espace-aerien-ferme-a-la-cote-divoire\",\"url\":\"https:\/\/www.africa-press.net\/niger\/politique\/niamey-maintient-son-espace-aerien-ferme-a-la-cote-divoire\",\"name\":\"Niamey maintient son espace a\u00e9rien ferm\u00e9 \u00e0 la C\u00f4te d\u2019Ivoire - niger\",\"isPartOf\":{\"@id\":\"https:\/\/www.africa-press.net\/niger\/#website\"},\"primaryImageOfPage\":{\"@id\":\"https:\/\/www.africa-press.net\/niger\/politique\/niamey-maintient-son-espace-aerien-ferme-a-la-cote-divoire#primaryimage\"},\"image\":{\"@id\":\"https:\/\/www.africa-press.net\/niger\/politique\/niamey-maintient-son-espace-aerien-ferme-a-la-cote-divoire#primaryimage\"},\"thumbnailUrl\":\"https:\/\/static.africa-press.net\/niger\/sites\/40\/2024\/03\/sm_1709731468.354567.jpg\",\"datePublished\":\"2024-03-06T16:10:45+00:00\",\"dateModified\":\"2024-03-06T16:58:48+00:00\",\"author\":{\"@id\":\"https:\/\/www.africa-press.net\/niger\/#\/schema\/person\/2b1cf3cd81a31e3cd26889ca66d677f1\"},\"description\":\"Malgre\u0301 la leve\u0301e des sanctions de la CEDEAO, le gouvernement nige\u0301rien maintient son espace ae\u0301rien ferme\u0301 a\u0300 la Co\u0302te ...\",\"breadcrumb\":{\"@id\":\"https:\/\/www.africa-press.net\/niger\/politique\/niamey-maintient-son-espace-aerien-ferme-a-la-cote-divoire#breadcrumb\"},\"inLanguage\":\"fr-FR\",\"potentialAction\":[{\"@type\":\"ReadAction\",\"target\":[\"https:\/\/www.africa-press.net\/niger\/politique\/niamey-maintient-son-espace-aerien-ferme-a-la-cote-divoire\"]}]},{\"@type\":\"ImageObject\",\"inLanguage\":\"fr-FR\",\"@id\":\"https:\/\/www.africa-press.net\/niger\/politique\/niamey-maintient-son-espace-aerien-ferme-a-la-cote-divoire#primaryimage\",\"url\":\"https:\/\/static.africa-press.net\/niger\/sites\/40\/2024\/03\/sm_1709731468.354567.jpg\",\"contentUrl\":\"https:\/\/static.africa-press.net\/niger\/sites\/40\/2024\/03\/sm_1709731468.354567.jpg\",\"width\":1200,\"height\":600,\"caption\":\"Niamey maintient son espace a\u00e9rien ferm\u00e9 \u00e0 la C\u00f4te d\u2019Ivoire\"},{\"@type\":\"BreadcrumbList\",\"@id\":\"https:\/\/www.africa-press.net\/niger\/politique\/niamey-maintient-son-espace-aerien-ferme-a-la-cote-divoire#breadcrumb\",\"itemListElement\":[{\"@type\":\"ListItem\",\"position\":1,\"name\":\"Accueil\",\"item\":\"https:\/\/www.africa-press.net\/niger\/\"},{\"@type\":\"ListItem\",\"position\":2,\"name\":\"Niamey maintient son espace a\u00e9rien ferm\u00e9 \u00e0 la C\u00f4te d\u2019Ivoire\"}]},{\"@type\":\"WebSite\",\"@id\":\"https:\/\/www.africa-press.net\/niger\/#website\",\"url\":\"https:\/\/www.africa-press.net\/niger\/\",\"name\":\"niger\",\"description\":\"Just another Africa News Agency Sites site\",\"potentialAction\":[{\"@type\":\"SearchAction\",\"target\":{\"@type\":\"EntryPoint\",\"urlTemplate\":\"https:\/\/www.africa-press.net\/niger\/?s={search_term_string}\"},\"query-input\":{\"@type\":\"PropertyValueSpecification\",\"valueRequired\":true,\"valueName\":\"search_term_string\"}}],\"inLanguage\":\"fr-FR\"},{\"@type\":\"Person\",\"@id\":\"https:\/\/www.africa-press.net\/niger\/#\/schema\/person\/2b1cf3cd81a31e3cd26889ca66d677f1\",\"name\":\"cfeditorfr\"}]}<\/script>\n<!-- \/ Yoast SEO Premium plugin. -->","yoast_head_json":{"title":"Niamey maintient son espace a\u00e9rien ferm\u00e9 \u00e0 la C\u00f4te d\u2019Ivoire - niger","description":"Malgre\u0301 la leve\u0301e des sanctions de la CEDEAO, le gouvernement nige\u0301rien maintient son espace ae\u0301rien ferme\u0301 a\u0300 la Co\u0302te ...","robots":{"index":"index","follow":"follow","max-snippet":"max-snippet:-1","max-image-preview":"max-image-preview:large","max-video-preview":"max-video-preview:-1"},"canonical":"https:\/\/www.africa-press.net\/niger\/politique\/niamey-maintient-son-espace-aerien-ferme-a-la-cote-divoire","og_locale":"fr_FR","og_type":"article","og_title":"Niamey maintient son espace a\u00e9rien ferm\u00e9 \u00e0 la C\u00f4te d\u2019Ivoire","og_description":"Malgre\u0301 la leve\u0301e des sanctions de la CEDEAO, le gouvernement nige\u0301rien maintient son espace ae\u0301rien ferme\u0301 a\u0300 la Co\u0302te ...","og_url":"https:\/\/www.africa-press.net\/niger\/politique\/niamey-maintient-son-espace-aerien-ferme-a-la-cote-divoire","og_site_name":"niger","article_published_time":"2024-03-06T16:10:45+00:00","article_modified_time":"2024-03-06T16:58:48+00:00","og_image":[{"width":1200,"height":600,"url":"https:\/\/static.africa-press.net\/niger\/sites\/40\/2024\/03\/sm_1709731468.354567.jpg","type":"image\/jpeg"}],"author":"cfeditorfr","twitter_card":"summary_large_image","twitter_misc":{"\u00c9crit par":"cfeditorfr","Dur\u00e9e de lecture estim\u00e9e":"1 minute"},"schema":{"@context":"https:\/\/schema.org","@graph":[{"@type":"Article","@id":"https:\/\/www.africa-press.net\/niger\/politique\/niamey-maintient-son-espace-aerien-ferme-a-la-cote-divoire#article","isPartOf":{"@id":"https:\/\/www.africa-press.net\/niger\/politique\/niamey-maintient-son-espace-aerien-ferme-a-la-cote-divoire"},"author":{"name":"cfeditorfr","@id":"https:\/\/www.africa-press.net\/niger\/#\/schema\/person\/2b1cf3cd81a31e3cd26889ca66d677f1"},"headline":"Niamey maintient son espace a\u00e9rien ferm\u00e9 \u00e0 la C\u00f4te d\u2019Ivoire","datePublished":"2024-03-06T16:10:45+00:00","dateModified":"2024-03-06T16:58:48+00:00","mainEntityOfPage":{"@id":"https:\/\/www.africa-press.net\/niger\/politique\/niamey-maintient-son-espace-aerien-ferme-a-la-cote-divoire"},"wordCount":192,"commentCount":0,"image":{"@id":"https:\/\/www.africa-press.net\/niger\/politique\/niamey-maintient-son-espace-aerien-ferme-a-la-cote-divoire#primaryimage"},"thumbnailUrl":"https:\/\/static.africa-press.net\/niger\/sites\/40\/2024\/03\/sm_1709731468.354567.jpg","keywords":["Africa Press","Africa Press-Niger","Niger"],"articleSection":["Politique","Toutes les actualit\u00e9s"],"inLanguage":"fr-FR","potentialAction":[{"@type":"CommentAction","name":"Comment","target":["https:\/\/www.africa-press.net\/niger\/politique\/niamey-maintient-son-espace-aerien-ferme-a-la-cote-divoire#respond"]}]},{"@type":"WebPage","@id":"https:\/\/www.africa-press.net\/niger\/politique\/niamey-maintient-son-espace-aerien-ferme-a-la-cote-divoire","url":"https:\/\/www.africa-press.net\/niger\/politique\/niamey-maintient-son-espace-aerien-ferme-a-la-cote-divoire","name":"Niamey maintient son espace a\u00e9rien ferm\u00e9 \u00e0 la C\u00f4te d\u2019Ivoire - niger","isPartOf":{"@id":"https:\/\/www.africa-press.net\/niger\/#website"},"primaryImageOfPage":{"@id":"https:\/\/www.africa-press.net\/niger\/politique\/niamey-maintient-son-espace-aerien-ferme-a-la-cote-divoire#primaryimage"},"image":{"@id":"https:\/\/www.africa-press.net\/niger\/politique\/niamey-maintient-son-espace-aerien-ferme-a-la-cote-divoire#primaryimage"},"thumbnailUrl":"https:\/\/static.africa-press.net\/niger\/sites\/40\/2024\/03\/sm_1709731468.354567.jpg","datePublished":"2024-03-06T16:10:45+00:00","dateModified":"2024-03-06T16:58:48+00:00","author":{"@id":"https:\/\/www.africa-press.net\/niger\/#\/schema\/person\/2b1cf3cd81a31e3cd26889ca66d677f1"},"description":"Malgre\u0301 la leve\u0301e des sanctions de la CEDEAO, le gouvernement nige\u0301rien maintient son espace ae\u0301rien ferme\u0301 a\u0300 la Co\u0302te ...","breadcrumb":{"@id":"https:\/\/www.africa-press.net\/niger\/politique\/niamey-maintient-son-espace-aerien-ferme-a-la-cote-divoire#breadcrumb"},"inLanguage":"fr-FR","potentialAction":[{"@type":"ReadAction","target":["https:\/\/www.africa-press.net\/niger\/politique\/niamey-maintient-son-espace-aerien-ferme-a-la-cote-divoire"]}]},{"@type":"ImageObject","inLanguage":"fr-FR","@id":"https:\/\/www.africa-press.net\/niger\/politique\/niamey-maintient-son-espace-aerien-ferme-a-la-cote-divoire#primaryimage","url":"https:\/\/static.africa-press.net\/niger\/sites\/40\/2024\/03\/sm_1709731468.354567.jpg","contentUrl":"https:\/\/static.africa-press.net\/niger\/sites\/40\/2024\/03\/sm_1709731468.354567.jpg","width":1200,"height":600,"caption":"Niamey maintient son espace a\u00e9rien ferm\u00e9 \u00e0 la C\u00f4te d\u2019Ivoire"},{"@type":"BreadcrumbList","@id":"https:\/\/www.africa-press.net\/niger\/politique\/niamey-maintient-son-espace-aerien-ferme-a-la-cote-divoire#breadcrumb","itemListElement":[{"@type":"ListItem","position":1,"name":"Accueil","item":"https:\/\/www.africa-press.net\/niger\/"},{"@type":"ListItem","position":2,"name":"Niamey maintient son espace a\u00e9rien ferm\u00e9 \u00e0 la C\u00f4te d\u2019Ivoire"}]},{"@type":"WebSite","@id":"https:\/\/www.africa-press.net\/niger\/#website","url":"https:\/\/www.africa-press.net\/niger\/","name":"niger","description":"Just another Africa News Agency Sites site","potentialAction":[{"@type":"SearchAction","target":{"@type":"EntryPoint","urlTemplate":"https:\/\/www.africa-press.net\/niger\/?s={search_term_string}"},"query-input":{"@type":"PropertyValueSpecification","valueRequired":true,"valueName":"search_term_string"}}],"inLanguage":"fr-FR"},{"@type":"Person","@id":"https:\/\/www.africa-press.net\/niger\/#\/schema\/person\/2b1cf3cd81a31e3cd26889ca66d677f1","name":"cfeditorfr"}]}},"_links":{"self":[{"href":"https:\/\/www.africa-press.net\/niger\/wp-json\/wp\/v2\/posts\/59457","targetHints":{"allow":["GET"]}}],"collection":[{"href":"https:\/\/www.africa-press.net\/niger\/wp-json\/wp\/v2\/posts"}],"about":[{"href":"https:\/\/www.africa-press.net\/niger\/wp-json\/wp\/v2\/types\/post"}],"author":[{"embeddable":true,"href":"https:\/\/www.africa-press.net\/niger\/wp-json\/wp\/v2\/users\/82"}],"replies":[{"embeddable":true,"href":"https:\/\/www.africa-press.net\/niger\/wp-json\/wp\/v2\/comments?post=59457"}],"version-history":[{"count":0,"href":"https:\/\/www.africa-press.net\/niger\/wp-json\/wp\/v2\/posts\/59457\/revisions"}],"wp:featuredmedia":[{"embeddable":true,"href":"https:\/\/www.africa-press.net\/niger\/wp-json\/wp\/v2\/media\/59456"}],"wp:attachment":[{"href":"https:\/\/www.africa-press.net\/niger\/wp-json\/wp\/v2\/media?parent=59457"}],"wp:term":[{"taxonomy":"category","embeddable":true,"href":"https:\/\/www.africa-press.net\/niger\/wp-json\/wp\/v2\/categories?post=59457"},{"taxonomy":"post_tag","embeddable":true,"href":"https:\/\/www.africa-press.net\/niger\/wp-json\/wp\/v2\/tags?post=59457"}],"curies":[{"name":"wp","href":"https:\/\/api.w.org\/{rel}","templated":true}]}}