{"id":59479,"date":"2024-03-06T16:01:53","date_gmt":"2024-03-06T16:01:53","guid":{"rendered":"https:\/\/www.africa-press.net\/niger\/politique\/ouverture-a-niamey-de-la-1ere-reunion-du-conseil-des-chefs-detat-major-des-pays-de-laes"},"modified":"2024-03-06T17:14:37","modified_gmt":"2024-03-06T17:14:37","slug":"ouverture-a-niamey-de-la-1ere-reunion-du-conseil-des-chefs-detat-major-des-pays-de-laes","status":"publish","type":"post","link":"https:\/\/www.africa-press.net\/niger\/politique\/ouverture-a-niamey-de-la-1ere-reunion-du-conseil-des-chefs-detat-major-des-pays-de-laes","title":{"rendered":"Ouverture \u00e0 Niamey de la 1\u00e8re r\u00e9union du Conseil des Chefs d\u2019Etat- Major des pays de l\u2019AES"},"content":{"rendered":"<p><span style=\"color: #ff6600\"><strong>Africa-Press &#8211; Niger. <\/strong><\/span>La premie\u0300re re\u0301union du Conseil des Chefs d\u2019Etat-Major des pays membres de l\u2019Alliance des Etats du Sahel (AES), s\u2019est ouverte, ce mercredi 06 Mars 2024 au Centre international des Confe\u0301rences Mahatma Gandhi de Niamey.<\/p>\n<p>Pour rappel, cette re\u0301union fait suite a\u0300 celles des Hauts Fonctionnaires et des Ministres de l&rsquo;AES tenues a\u0300 Ouagadougou du 12 au 15 fe\u0301vrier 2024, qui ont abouti a\u0300 plusieurs propositions et recommandations entrant dans le cadre de la cre\u0301ation des conditions de stabilisation et de de\u0301veloppement inte\u0301gre\u0301s de l\u2019espace AES.<\/p>\n<p>Ainsi, cette rencontre de Niamey servira de plateforme pour examiner les propositions et recommandations faites par les Experts et les Ministres des pays respectifs, pour, in fine, aboutir a\u0300 un Sche\u0301ma de Force a\u0300 ge\u0301ne\u0301rer pour la se\u0301curisation du territoire de l&rsquo;Alliance des Etats du Sahel.<\/p>\n<p>En ouvrant les travaux, le Chef d\u2019Etat -Major des Arme\u0301es du Niger, le ge\u0301ne\u0301ral de brigade Moussa Salaou Barmou a, au nom du Pre\u0301sident du Conseil National pour la Sauvegarde de la Patrie, Chef de l&rsquo;Etat, Chef Supre\u0302me des Arme\u0301es, le Ge\u0301ne\u0301ral de Brigade Abdourahamane Tiani, souhaite\u0301 la chaleureuse bienvenue a\u0300 Niamey a\u0300 toutes les de\u0301le\u0301gations venues pour prendre part a\u0300 cette importante et premie\u0300re re\u0301union.<\/p>\n<p>\u00ab Conscients, qu&rsquo;il n&rsquo;y a pas de de\u0301veloppement sans se\u0301curite\u0301, et que la mission principale de nos arme\u0301es consiste essentiellement a\u0300 la de\u0301fense ope\u0301rationnelle de nos territoires respectifs, il nous revient alors cette lourde responsabilite\u0301 de garantir la paix et la stabilite\u0301 dans nos pays \u00bb, a indique\u0301 le chef d\u2019e\u0301tat -Major des arme\u0301es du Niger.<\/p>\n<p>Le ge\u0301ne\u0301ral de Brigade Moussa Salaou Barmou de rappeler e\u0301galement que \u00ab les re\u0301centes attaques des Groupes Arme\u0301s Terroristes dans la zone du Liptako-Gourma, et plus particulie\u0300rement celles exerce\u0301es contre les populations civiles, continuent d&rsquo;endeuiller nos paisibles citoyens \u00bb.<\/p>\n<p>En effet, explique le Chef d\u2019e\u0301tat-major des Arme\u0301es du Niger, \u00ab le contexte socio-politique actuel, caracte\u0301rise\u0301 par la recherche de la souverainete\u0301 de nos Etats, nous a amene\u0301s a\u0300 une communaute\u0301 de destin \u00bb.<\/p>\n<p>De ce fait, souligne -t-il \u00ab nous devons impe\u0301rativement coope\u0301rer pour relever les de\u0301fis se\u0301curitaires. Ceci permettra de cre\u0301er les conditions d&rsquo;un de\u0301veloppement harmonieux d&rsquo;inte\u0301gration de nos communaute\u0301s, de garantir notre inde\u0301pendance re\u0301elle et de pre\u0301server notre dignite\u0301 dans le concert des Nations \u00bb.<\/p>\n<p>Le ge\u0301ne\u0301ral de Brigade Moussa Salaou Barmou de noter qu\u2019en \u00ab de\u0301pit de toutes ces menaces auxquelles nous faisons face, il convient de noter une avance\u0301e significative que nous engrangeons dans la lutte contre le terrorisme et la criminalite\u0301 transnationale organise\u0301e \u00bb.<\/p>\n<p>Afin de maintenir cette accalmie relative constate\u0301e dans leur espace commun, le chef d\u2019e\u0301tat-major des Arme\u0301e du Niger souligne que \u00ab nous devons de\u0300s a\u0300 pre\u0301sent \u0153uvrer pour mettre en place une strate\u0301gie efficace et efficiente permettant de contenir toute sorte de menace, en mutualisant nos moyens et en coordonnant nos efforts \u00bb.<\/p>\n<p>Apre\u0300s avoir fait comprendre que \u00ab la rencontre d&rsquo;aujourd&rsquo;hui servira de plateforme pour examiner les propositions et recommandations faites par les Experts et les Ministres de nos pays respectifs, pour, in fine aboutir a\u0300 un Sche\u0301ma de Force a\u0300 ge\u0301ne\u0301rer pour la se\u0301curisation du territoire de l&rsquo;Alliance des Etats du Sahel \u00bb, le ge\u0301ne\u0301ral de Brigade Moussa Salaou Barmou de rester \u00ab convaincu qu&rsquo;a\u0300 l&rsquo;issue des e\u0301changes interactifs, un Concept des Ope\u0301rations (CONOPS) cohe\u0301rent et adapte\u0301 aux exigences de la conflictualite\u0301 de notre espace, sera soumis a\u0300 la hie\u0301rarchie pour validation \u00bb.<\/p>\n<p>L\u2019Alliance des Etats du Sahel (AES), cre\u0301e\u0301e en septembre 2023 est un pacte de de\u0301fense mutuelle conclu entre le Burkina Faso, le Mali et le Niger, rappelle-t-on.<\/p>\n<p><strong>Pour plus d&rsquo;informations et d&rsquo;analyses sur la <a href=\"https:\/\/www.africa-press.net\/niger\">Niger<\/a>, suivez <a href=\"https:\/\/www.africa-press.net\/\">Africa-Press<\/a><\/strong><\/p>\n","protected":false},"excerpt":{"rendered":"<p>Africa-Press &#8211; Niger. La premie\u0300re re\u0301union du Conseil des Chefs d\u2019Etat-Major des pays membres de l\u2019Alliance des Etats du Sahel (AES), s\u2019est ouverte, ce mercredi 06 Mars 2024 au Centre international des Confe\u0301rences Mahatma Gandhi de Niamey. Pour rappel, cette re\u0301union fait suite a\u0300 celles des Hauts Fonctionnaires et des Ministres de l&rsquo;AES tenues a\u0300 [&hellip;]<\/p>\n","protected":false},"author":82,"featured_media":59478,"comment_status":"open","ping_status":"closed","sticky":false,"template":"","format":"standard","meta":{"footnotes":""},"categories":[2,10],"tags":[55,60,29],"class_list":["post-59479","post","type-post","status-publish","format-standard","has-post-thumbnail","hentry","category-politique","category-toutes-les-actualites","tag-africa-press","tag-africa-press-niger","tag-niger"],"yoast_head":"<!-- This site is optimized with the Yoast SEO Premium plugin v26.1 (Yoast SEO v27.0) - https:\/\/yoast.com\/product\/yoast-seo-premium-wordpress\/ -->\n<title>Ouverture \u00e0 Niamey de la 1\u00e8re r\u00e9union du Conseil des Chefs d\u2019Etat- Major des pays de l\u2019AES - niger<\/title>\n<meta name=\"description\" content=\"La premie\u0300re re\u0301union du Conseil des Chefs d\u2019Etat-Major des pays membres de l\u2019Alliance des Etats du Sahel (AES), s\u2019est o ...\" \/>\n<meta name=\"robots\" content=\"index, follow, max-snippet:-1, max-image-preview:large, max-video-preview:-1\" \/>\n<link rel=\"canonical\" href=\"https:\/\/www.africa-press.net\/niger\/politique\/ouverture-a-niamey-de-la-1ere-reunion-du-conseil-des-chefs-detat-major-des-pays-de-laes\" \/>\n<meta property=\"og:locale\" content=\"fr_FR\" \/>\n<meta property=\"og:type\" content=\"article\" \/>\n<meta property=\"og:title\" content=\"Ouverture \u00e0 Niamey de la 1\u00e8re r\u00e9union du Conseil des Chefs d\u2019Etat- Major des pays de l\u2019AES\" \/>\n<meta property=\"og:description\" content=\"La premie\u0300re re\u0301union du Conseil des Chefs d\u2019Etat-Major des pays membres de l\u2019Alliance des Etats du Sahel (AES), s\u2019est o ...\" \/>\n<meta property=\"og:url\" content=\"https:\/\/www.africa-press.net\/niger\/politique\/ouverture-a-niamey-de-la-1ere-reunion-du-conseil-des-chefs-detat-major-des-pays-de-laes\" \/>\n<meta property=\"og:site_name\" content=\"niger\" \/>\n<meta property=\"article:published_time\" content=\"2024-03-06T16:01:53+00:00\" \/>\n<meta property=\"article:modified_time\" content=\"2024-03-06T17:14:37+00:00\" \/>\n<meta property=\"og:image\" content=\"https:\/\/static.africa-press.net\/niger\/sites\/40\/2024\/03\/sm_1709732528.749047.jpg\" \/>\n\t<meta property=\"og:image:width\" content=\"1728\" \/>\n\t<meta property=\"og:image:height\" content=\"1153\" \/>\n\t<meta property=\"og:image:type\" content=\"image\/jpeg\" \/>\n<meta name=\"author\" content=\"cfeditorfr\" \/>\n<meta name=\"twitter:card\" content=\"summary_large_image\" \/>\n<meta name=\"twitter:label1\" content=\"\u00c9crit par\" \/>\n\t<meta name=\"twitter:data1\" content=\"cfeditorfr\" \/>\n\t<meta name=\"twitter:label2\" content=\"Dur\u00e9e de lecture estim\u00e9e\" \/>\n\t<meta name=\"twitter:data2\" content=\"4 minutes\" \/>\n<script type=\"application\/ld+json\" class=\"yoast-schema-graph\">{\"@context\":\"https:\/\/schema.org\",\"@graph\":[{\"@type\":\"Article\",\"@id\":\"https:\/\/www.africa-press.net\/niger\/politique\/ouverture-a-niamey-de-la-1ere-reunion-du-conseil-des-chefs-detat-major-des-pays-de-laes#article\",\"isPartOf\":{\"@id\":\"https:\/\/www.africa-press.net\/niger\/politique\/ouverture-a-niamey-de-la-1ere-reunion-du-conseil-des-chefs-detat-major-des-pays-de-laes\"},\"author\":{\"name\":\"cfeditorfr\",\"@id\":\"https:\/\/www.africa-press.net\/niger\/#\/schema\/person\/2b1cf3cd81a31e3cd26889ca66d677f1\"},\"headline\":\"Ouverture \u00e0 Niamey de la 1\u00e8re r\u00e9union du Conseil des Chefs d\u2019Etat- Major des pays de l\u2019AES\",\"datePublished\":\"2024-03-06T16:01:53+00:00\",\"dateModified\":\"2024-03-06T17:14:37+00:00\",\"mainEntityOfPage\":{\"@id\":\"https:\/\/www.africa-press.net\/niger\/politique\/ouverture-a-niamey-de-la-1ere-reunion-du-conseil-des-chefs-detat-major-des-pays-de-laes\"},\"wordCount\":698,\"commentCount\":0,\"image\":{\"@id\":\"https:\/\/www.africa-press.net\/niger\/politique\/ouverture-a-niamey-de-la-1ere-reunion-du-conseil-des-chefs-detat-major-des-pays-de-laes#primaryimage\"},\"thumbnailUrl\":\"https:\/\/static.africa-press.net\/niger\/sites\/40\/2024\/03\/sm_1709732528.749047.jpg\",\"keywords\":[\"Africa Press\",\"Africa Press-Niger\",\"Niger\"],\"articleSection\":[\"Politique\",\"Toutes les actualit\u00e9s\"],\"inLanguage\":\"fr-FR\",\"potentialAction\":[{\"@type\":\"CommentAction\",\"name\":\"Comment\",\"target\":[\"https:\/\/www.africa-press.net\/niger\/politique\/ouverture-a-niamey-de-la-1ere-reunion-du-conseil-des-chefs-detat-major-des-pays-de-laes#respond\"]}]},{\"@type\":\"WebPage\",\"@id\":\"https:\/\/www.africa-press.net\/niger\/politique\/ouverture-a-niamey-de-la-1ere-reunion-du-conseil-des-chefs-detat-major-des-pays-de-laes\",\"url\":\"https:\/\/www.africa-press.net\/niger\/politique\/ouverture-a-niamey-de-la-1ere-reunion-du-conseil-des-chefs-detat-major-des-pays-de-laes\",\"name\":\"Ouverture \u00e0 Niamey de la 1\u00e8re r\u00e9union du Conseil des Chefs d\u2019Etat- Major des pays de l\u2019AES - niger\",\"isPartOf\":{\"@id\":\"https:\/\/www.africa-press.net\/niger\/#website\"},\"primaryImageOfPage\":{\"@id\":\"https:\/\/www.africa-press.net\/niger\/politique\/ouverture-a-niamey-de-la-1ere-reunion-du-conseil-des-chefs-detat-major-des-pays-de-laes#primaryimage\"},\"image\":{\"@id\":\"https:\/\/www.africa-press.net\/niger\/politique\/ouverture-a-niamey-de-la-1ere-reunion-du-conseil-des-chefs-detat-major-des-pays-de-laes#primaryimage\"},\"thumbnailUrl\":\"https:\/\/static.africa-press.net\/niger\/sites\/40\/2024\/03\/sm_1709732528.749047.jpg\",\"datePublished\":\"2024-03-06T16:01:53+00:00\",\"dateModified\":\"2024-03-06T17:14:37+00:00\",\"author\":{\"@id\":\"https:\/\/www.africa-press.net\/niger\/#\/schema\/person\/2b1cf3cd81a31e3cd26889ca66d677f1\"},\"description\":\"La premie\u0300re re\u0301union du Conseil des Chefs d\u2019Etat-Major des pays membres de l\u2019Alliance des Etats du Sahel (AES), s\u2019est o ...\",\"breadcrumb\":{\"@id\":\"https:\/\/www.africa-press.net\/niger\/politique\/ouverture-a-niamey-de-la-1ere-reunion-du-conseil-des-chefs-detat-major-des-pays-de-laes#breadcrumb\"},\"inLanguage\":\"fr-FR\",\"potentialAction\":[{\"@type\":\"ReadAction\",\"target\":[\"https:\/\/www.africa-press.net\/niger\/politique\/ouverture-a-niamey-de-la-1ere-reunion-du-conseil-des-chefs-detat-major-des-pays-de-laes\"]}]},{\"@type\":\"ImageObject\",\"inLanguage\":\"fr-FR\",\"@id\":\"https:\/\/www.africa-press.net\/niger\/politique\/ouverture-a-niamey-de-la-1ere-reunion-du-conseil-des-chefs-detat-major-des-pays-de-laes#primaryimage\",\"url\":\"https:\/\/static.africa-press.net\/niger\/sites\/40\/2024\/03\/sm_1709732528.749047.jpg\",\"contentUrl\":\"https:\/\/static.africa-press.net\/niger\/sites\/40\/2024\/03\/sm_1709732528.749047.jpg\",\"width\":1728,\"height\":1153,\"caption\":\"Ouverture \u00e0 Niamey de la 1\u00e8re r\u00e9union du Conseil des Chefs d\u2019Etat- Major des pays de l\u2019AES\"},{\"@type\":\"BreadcrumbList\",\"@id\":\"https:\/\/www.africa-press.net\/niger\/politique\/ouverture-a-niamey-de-la-1ere-reunion-du-conseil-des-chefs-detat-major-des-pays-de-laes#breadcrumb\",\"itemListElement\":[{\"@type\":\"ListItem\",\"position\":1,\"name\":\"Accueil\",\"item\":\"https:\/\/www.africa-press.net\/niger\/\"},{\"@type\":\"ListItem\",\"position\":2,\"name\":\"Ouverture \u00e0 Niamey de la 1\u00e8re r\u00e9union du Conseil des Chefs d\u2019Etat- Major des pays de l\u2019AES\"}]},{\"@type\":\"WebSite\",\"@id\":\"https:\/\/www.africa-press.net\/niger\/#website\",\"url\":\"https:\/\/www.africa-press.net\/niger\/\",\"name\":\"niger\",\"description\":\"Just another Africa News Agency Sites site\",\"potentialAction\":[{\"@type\":\"SearchAction\",\"target\":{\"@type\":\"EntryPoint\",\"urlTemplate\":\"https:\/\/www.africa-press.net\/niger\/?s={search_term_string}\"},\"query-input\":{\"@type\":\"PropertyValueSpecification\",\"valueRequired\":true,\"valueName\":\"search_term_string\"}}],\"inLanguage\":\"fr-FR\"},{\"@type\":\"Person\",\"@id\":\"https:\/\/www.africa-press.net\/niger\/#\/schema\/person\/2b1cf3cd81a31e3cd26889ca66d677f1\",\"name\":\"cfeditorfr\"}]}<\/script>\n<!-- \/ Yoast SEO Premium plugin. -->","yoast_head_json":{"title":"Ouverture \u00e0 Niamey de la 1\u00e8re r\u00e9union du Conseil des Chefs d\u2019Etat- Major des pays de l\u2019AES - niger","description":"La premie\u0300re re\u0301union du Conseil des Chefs d\u2019Etat-Major des pays membres de l\u2019Alliance des Etats du Sahel (AES), s\u2019est o ...","robots":{"index":"index","follow":"follow","max-snippet":"max-snippet:-1","max-image-preview":"max-image-preview:large","max-video-preview":"max-video-preview:-1"},"canonical":"https:\/\/www.africa-press.net\/niger\/politique\/ouverture-a-niamey-de-la-1ere-reunion-du-conseil-des-chefs-detat-major-des-pays-de-laes","og_locale":"fr_FR","og_type":"article","og_title":"Ouverture \u00e0 Niamey de la 1\u00e8re r\u00e9union du Conseil des Chefs d\u2019Etat- Major des pays de l\u2019AES","og_description":"La premie\u0300re re\u0301union du Conseil des Chefs d\u2019Etat-Major des pays membres de l\u2019Alliance des Etats du Sahel (AES), s\u2019est o ...","og_url":"https:\/\/www.africa-press.net\/niger\/politique\/ouverture-a-niamey-de-la-1ere-reunion-du-conseil-des-chefs-detat-major-des-pays-de-laes","og_site_name":"niger","article_published_time":"2024-03-06T16:01:53+00:00","article_modified_time":"2024-03-06T17:14:37+00:00","og_image":[{"width":1728,"height":1153,"url":"https:\/\/static.africa-press.net\/niger\/sites\/40\/2024\/03\/sm_1709732528.749047.jpg","type":"image\/jpeg"}],"author":"cfeditorfr","twitter_card":"summary_large_image","twitter_misc":{"\u00c9crit par":"cfeditorfr","Dur\u00e9e de lecture estim\u00e9e":"4 minutes"},"schema":{"@context":"https:\/\/schema.org","@graph":[{"@type":"Article","@id":"https:\/\/www.africa-press.net\/niger\/politique\/ouverture-a-niamey-de-la-1ere-reunion-du-conseil-des-chefs-detat-major-des-pays-de-laes#article","isPartOf":{"@id":"https:\/\/www.africa-press.net\/niger\/politique\/ouverture-a-niamey-de-la-1ere-reunion-du-conseil-des-chefs-detat-major-des-pays-de-laes"},"author":{"name":"cfeditorfr","@id":"https:\/\/www.africa-press.net\/niger\/#\/schema\/person\/2b1cf3cd81a31e3cd26889ca66d677f1"},"headline":"Ouverture \u00e0 Niamey de la 1\u00e8re r\u00e9union du Conseil des Chefs d\u2019Etat- Major des pays de l\u2019AES","datePublished":"2024-03-06T16:01:53+00:00","dateModified":"2024-03-06T17:14:37+00:00","mainEntityOfPage":{"@id":"https:\/\/www.africa-press.net\/niger\/politique\/ouverture-a-niamey-de-la-1ere-reunion-du-conseil-des-chefs-detat-major-des-pays-de-laes"},"wordCount":698,"commentCount":0,"image":{"@id":"https:\/\/www.africa-press.net\/niger\/politique\/ouverture-a-niamey-de-la-1ere-reunion-du-conseil-des-chefs-detat-major-des-pays-de-laes#primaryimage"},"thumbnailUrl":"https:\/\/static.africa-press.net\/niger\/sites\/40\/2024\/03\/sm_1709732528.749047.jpg","keywords":["Africa Press","Africa Press-Niger","Niger"],"articleSection":["Politique","Toutes les actualit\u00e9s"],"inLanguage":"fr-FR","potentialAction":[{"@type":"CommentAction","name":"Comment","target":["https:\/\/www.africa-press.net\/niger\/politique\/ouverture-a-niamey-de-la-1ere-reunion-du-conseil-des-chefs-detat-major-des-pays-de-laes#respond"]}]},{"@type":"WebPage","@id":"https:\/\/www.africa-press.net\/niger\/politique\/ouverture-a-niamey-de-la-1ere-reunion-du-conseil-des-chefs-detat-major-des-pays-de-laes","url":"https:\/\/www.africa-press.net\/niger\/politique\/ouverture-a-niamey-de-la-1ere-reunion-du-conseil-des-chefs-detat-major-des-pays-de-laes","name":"Ouverture \u00e0 Niamey de la 1\u00e8re r\u00e9union du Conseil des Chefs d\u2019Etat- Major des pays de l\u2019AES - niger","isPartOf":{"@id":"https:\/\/www.africa-press.net\/niger\/#website"},"primaryImageOfPage":{"@id":"https:\/\/www.africa-press.net\/niger\/politique\/ouverture-a-niamey-de-la-1ere-reunion-du-conseil-des-chefs-detat-major-des-pays-de-laes#primaryimage"},"image":{"@id":"https:\/\/www.africa-press.net\/niger\/politique\/ouverture-a-niamey-de-la-1ere-reunion-du-conseil-des-chefs-detat-major-des-pays-de-laes#primaryimage"},"thumbnailUrl":"https:\/\/static.africa-press.net\/niger\/sites\/40\/2024\/03\/sm_1709732528.749047.jpg","datePublished":"2024-03-06T16:01:53+00:00","dateModified":"2024-03-06T17:14:37+00:00","author":{"@id":"https:\/\/www.africa-press.net\/niger\/#\/schema\/person\/2b1cf3cd81a31e3cd26889ca66d677f1"},"description":"La premie\u0300re re\u0301union du Conseil des Chefs d\u2019Etat-Major des pays membres de l\u2019Alliance des Etats du Sahel (AES), s\u2019est o ...","breadcrumb":{"@id":"https:\/\/www.africa-press.net\/niger\/politique\/ouverture-a-niamey-de-la-1ere-reunion-du-conseil-des-chefs-detat-major-des-pays-de-laes#breadcrumb"},"inLanguage":"fr-FR","potentialAction":[{"@type":"ReadAction","target":["https:\/\/www.africa-press.net\/niger\/politique\/ouverture-a-niamey-de-la-1ere-reunion-du-conseil-des-chefs-detat-major-des-pays-de-laes"]}]},{"@type":"ImageObject","inLanguage":"fr-FR","@id":"https:\/\/www.africa-press.net\/niger\/politique\/ouverture-a-niamey-de-la-1ere-reunion-du-conseil-des-chefs-detat-major-des-pays-de-laes#primaryimage","url":"https:\/\/static.africa-press.net\/niger\/sites\/40\/2024\/03\/sm_1709732528.749047.jpg","contentUrl":"https:\/\/static.africa-press.net\/niger\/sites\/40\/2024\/03\/sm_1709732528.749047.jpg","width":1728,"height":1153,"caption":"Ouverture \u00e0 Niamey de la 1\u00e8re r\u00e9union du Conseil des Chefs d\u2019Etat- Major des pays de l\u2019AES"},{"@type":"BreadcrumbList","@id":"https:\/\/www.africa-press.net\/niger\/politique\/ouverture-a-niamey-de-la-1ere-reunion-du-conseil-des-chefs-detat-major-des-pays-de-laes#breadcrumb","itemListElement":[{"@type":"ListItem","position":1,"name":"Accueil","item":"https:\/\/www.africa-press.net\/niger\/"},{"@type":"ListItem","position":2,"name":"Ouverture \u00e0 Niamey de la 1\u00e8re r\u00e9union du Conseil des Chefs d\u2019Etat- Major des pays de l\u2019AES"}]},{"@type":"WebSite","@id":"https:\/\/www.africa-press.net\/niger\/#website","url":"https:\/\/www.africa-press.net\/niger\/","name":"niger","description":"Just another Africa News Agency Sites site","potentialAction":[{"@type":"SearchAction","target":{"@type":"EntryPoint","urlTemplate":"https:\/\/www.africa-press.net\/niger\/?s={search_term_string}"},"query-input":{"@type":"PropertyValueSpecification","valueRequired":true,"valueName":"search_term_string"}}],"inLanguage":"fr-FR"},{"@type":"Person","@id":"https:\/\/www.africa-press.net\/niger\/#\/schema\/person\/2b1cf3cd81a31e3cd26889ca66d677f1","name":"cfeditorfr"}]}},"_links":{"self":[{"href":"https:\/\/www.africa-press.net\/niger\/wp-json\/wp\/v2\/posts\/59479","targetHints":{"allow":["GET"]}}],"collection":[{"href":"https:\/\/www.africa-press.net\/niger\/wp-json\/wp\/v2\/posts"}],"about":[{"href":"https:\/\/www.africa-press.net\/niger\/wp-json\/wp\/v2\/types\/post"}],"author":[{"embeddable":true,"href":"https:\/\/www.africa-press.net\/niger\/wp-json\/wp\/v2\/users\/82"}],"replies":[{"embeddable":true,"href":"https:\/\/www.africa-press.net\/niger\/wp-json\/wp\/v2\/comments?post=59479"}],"version-history":[{"count":0,"href":"https:\/\/www.africa-press.net\/niger\/wp-json\/wp\/v2\/posts\/59479\/revisions"}],"wp:featuredmedia":[{"embeddable":true,"href":"https:\/\/www.africa-press.net\/niger\/wp-json\/wp\/v2\/media\/59478"}],"wp:attachment":[{"href":"https:\/\/www.africa-press.net\/niger\/wp-json\/wp\/v2\/media?parent=59479"}],"wp:term":[{"taxonomy":"category","embeddable":true,"href":"https:\/\/www.africa-press.net\/niger\/wp-json\/wp\/v2\/categories?post=59479"},{"taxonomy":"post_tag","embeddable":true,"href":"https:\/\/www.africa-press.net\/niger\/wp-json\/wp\/v2\/tags?post=59479"}],"curies":[{"name":"wp","href":"https:\/\/api.w.org\/{rel}","templated":true}]}}