{"id":59486,"date":"2024-03-06T15:42:56","date_gmt":"2024-03-06T15:42:56","guid":{"rendered":"https:\/\/www.africa-press.net\/niger\/politique\/ouverture-du-8eme-congres-ordinaire-de-lassociation-nigerienne-pour-lappel-a-la-solidarite-islamique-anasi-la-responsabilite-de-la-communaute-musulmane-dans-la"},"modified":"2024-03-06T17:20:24","modified_gmt":"2024-03-06T17:20:24","slug":"ouverture-du-8eme-congres-ordinaire-de-lassociation-nigerienne-pour-lappel-a-la-solidarite-islamique-anasi-la-responsabilite-de-la-communaute-musulmane-dans-la","status":"publish","type":"post","link":"https:\/\/www.africa-press.net\/niger\/photo\/ouverture-du-8eme-congres-ordinaire-de-lassociation-nigerienne-pour-lappel-a-la-solidarite-islamique-anasi-la-responsabilite-de-la-communaute-musulmane-dans-la","title":{"rendered":"Ouverture du 8\u00e8me Congr\u00e8s Ordinaire de l\u2019Association Nig\u00e9rienne pour l\u2019Appel \u00e0 la Solidarit\u00e9 Islamique (ANASI) : \u2018\u2019La responsabilit\u00e9 de la communaut\u00e9 musulmane dans la sauvegarde de la patrie\u2019\u2019, th\u00e8me du congr\u00e8s"},"content":{"rendered":"<p><span style=\"color: #ff6600\"><strong>Africa-Press &#8211; Niger. <\/strong><\/span><b>L\u2019Association Nige\u0301rienne pour l\u2019Appel a\u0300 la Solidarite\u0301 Islamique (ANASI) a tenu, le vendredi 1er Mars 2024, les assises de son 8e\u0300me Congre\u0300s Ordinaire sous le the\u0300me central: \u2018\u2019la responsabilite\u0301 de la Communaute\u0301 musulmane du Niger dans la sauvegarde de la patrie\u2019\u2019. C\u2019est le Directeur ge\u0301ne\u0301ral du Culte, Dr Zaneidou Ousmane, repre\u0301sentant du ministre de l\u2019Inte\u0301rieur, de la Se\u0301curite\u0301 Publique et de l\u2019Administration Territoriale qui a pre\u0301side\u0301 l\u2019ouverture des travaux, en pre\u0301sence du pre\u0301sident de l\u2019association, Dr Elh Hamet Mai Moussa, du maire de l\u2019arrondissement communal Niamey III, M. Hamadou Seydou, ainsi que de plusieurs participants venus des huit (8) re\u0301gions du pays.<\/b><\/p>\n<p>A l\u2019ouverture des travaux de ce 8e\u0300me congre\u0300s, le Directeur ge\u0301ne\u0301ral du Culte, Dr Zaneidou Ousmane et repre\u0301sentant du ministre de l\u2019Inte\u0301rieur, de la Se\u0301curite\u0301 Publique et de l\u2019Administration Territoriale a retrace\u0301 les liens historiques qui rattachent son de\u0301partement ministe\u0301riel a\u0300 l\u2019ANASI, de la date de sa cre\u0301ation a\u0300 aujourd\u2019hui. Au vu de l\u2019importance de cette the\u0301matique du jour, le Directeur Ge\u0301ne\u0301ral du Culte a saisi l\u2019occasion pour inviter les participants a\u0300 e\u0302tre attentifs et participatifs dans les e\u0301changes.<\/p>\n<p>Pour sa part, le pre\u0301sident de l\u2019Association Nige\u0301rienne pour l\u2019Appel a\u0300 la Solidarite\u0301 Islamique (ANASI), Dr Elh Hamet Mai Moussa a souligne\u0301 le contexte actuel marque\u0301 par une lutte permanente des Nige\u0301riens pour la dignite\u0301 et la souverainete\u0301. \u00ab Le the\u0300me choisi pour ces assises appelle aussi a\u0300 circonscrire et esquisser les strate\u0301gies par lesquelles les acquis seront consolide\u0301s au fil des ge\u0301ne\u0301rations \u00bb, a-t-il de\u0301clare\u0301. Il a appele\u0301 les de\u0301le\u0301gue\u0301s a\u0300 re\u0301fle\u0301chir avec le plus grand se\u0301rieux pour que l\u2019Islam contribue a\u0300 la re\u0301alisation des objectifs du peuple nige\u0301rien et de l\u2019ensemble des pays du Sahel. Il a par ailleurs indique\u0301 que l\u2019ANASI appelle a\u0300 une analyse profonde de la situation de la socie\u0301te\u0301 en prenant en compte ses repe\u0300res et les aspirations du peuple nige\u0301rien.<\/p>\n<p>\u00ab Le Noble Coran nous enseigne qu\u2019Allah ne change pas la condition d\u2019un peuple tant que ce peuple ne change pas son fond, c\u2019est-a\u0300-dire les ide\u0301es qui le gouvernent, les paradigmes qui le re\u0301gissent, le syste\u0300me de justice qui l\u2019anime, les politiques sociales qui prennent en charge les faibles, l\u2019ordonnancement du bien qui promeut la vertu et l\u2019interdiction du mal qui prote\u0300ge la socie\u0301te\u0301 contre les maux \u00bb, a ajoute\u0301 Dr Elh Hamet Mai Moussa.<\/p>\n<p>Quant au maire de l\u2019arrondissement communal III, M. Hamadou Seydou il a rappele\u0301 les objectifs et missions de l\u2019association tout en soulignant les socles et valeurs islamiques que pro\u0302ne l\u2019ANASI qui sont, entre autres, la culture du patriotisme et le de\u0301vouement a\u0300 la collectivite\u0301 ; le sens de l\u2019inte\u0301re\u0302t ge\u0301ne\u0301ral et la culture du civisme ; la culture de la confiance en soi, etc. Il a exhorte\u0301 les membres a\u0300 \u0153uvrer pour le progre\u0300s ; le combat contre l\u2019oisivete\u0301, l\u2019amour du travail et la promotion de la solidarite\u0301 et de la responsabilite\u0301 ; la promotion de l\u2019individu, etc.<\/p>\n<p><b>Moumouni Idrissa Abdoul Aziz (Stagiaire)<\/b><\/p>\n<p><img loading=\"lazy\" decoding=\"async\" src=\"bin\/Users\/MiladFR\/postMediaimg_3_1.jpg\" width=\"480\" height=\"319\" \/><\/p>\n\r\n                <style type=\"text\/css\">\r\n                    \r\n                    #td_uid_1_69f0855192874  .td-doubleSlider-2 .td-item1 {\r\n                        background: url(https:\/\/static.africa-press.net\/niger\/sites\/40\/2024\/03\/sm_1709732862.620164-80x60.jpg) 0 0 no-repeat;\r\n                    }\r\n                <\/style>\r\n\r\n                <div id=\"td_uid_1_69f0855192874\" class=\"td-gallery td-slide-on-2-columns\">\r\n                    <div class=\"post_td_gallery\">\r\n                        <div class=\"td-gallery-slide-top\">\r\n                           <div class=\"td-gallery-title\"><\/div>\r\n\r\n                            <div class=\"td-gallery-controls-wrapper\">\r\n                                <div class=\"td-gallery-slide-count\"><span class=\"td-gallery-slide-item-focus\">1<\/span> de 1<\/div>\r\n                                <div class=\"td-gallery-slide-prev-next-but\">\r\n                                    <i class = \"td-icon-left doubleSliderPrevButton\"><\/i>\r\n                                    <i class = \"td-icon-right doubleSliderNextButton\"><\/i>\r\n                                <\/div>\r\n                            <\/div>\r\n                        <\/div>\r\n\r\n                        <div class = \"td-doubleSlider-1 \">\r\n                            <div class = \"td-slider\">\r\n                                \r\n                    <div class = \"td-slide-item td-item1\">\r\n                        <figure class=\"td-slide-galery-figure td-slide-popup-gallery\">\r\n                            <a class=\"slide-gallery-image-link\" href=\"https:\/\/static.africa-press.net\/niger\/sites\/40\/2024\/03\/sm_1709732862.620164.jpg\" title=\"sm_1709732862.620164\"  data-caption=\"\"  data-description=\"\">\r\n                                <img decoding=\"async\" src=\"https:\/\/static.africa-press.net\/niger\/sites\/40\/2024\/03\/sm_1709732862.620164.jpg\" srcset=\"https:\/\/static.africa-press.net\/niger\/sites\/40\/2024\/03\/sm_1709732862.620164.jpg 552w, https:\/\/static.africa-press.net\/niger\/sites\/40\/2024\/03\/sm_1709732862.620164-300x168.jpg 300w\" sizes=\"(max-width: 552px) 100vw, 552px\" alt=\"\">\r\n                            <\/a>\r\n                            \r\n                        <\/figure>\r\n                    <\/div>\r\n                            <\/div>\r\n                        <\/div>\r\n\r\n                        <div class = \"td-doubleSlider-2\">\r\n                            <div class = \"td-slider\">\r\n                                \r\n                    <div class = \"td-button td-item1\">\r\n                        <div class = \"td-border\"><\/div>\r\n                    <\/div>\r\n                            <\/div>\r\n                        <\/div>\r\n\r\n                    <\/div>\r\n\r\n                <\/div>\r\n                \n<p><strong>Pour plus d&rsquo;informations et d&rsquo;analyses sur la <a href=\"https:\/\/www.africa-press.net\/niger\">Niger<\/a>, suivez <a href=\"https:\/\/www.africa-press.net\/\">Africa-Press<\/a><\/strong><\/p>\n","protected":false},"excerpt":{"rendered":"<p>Africa-Press &#8211; Niger. L\u2019Association Nige\u0301rienne pour l\u2019Appel a\u0300 la Solidarite\u0301 Islamique (ANASI) a tenu, le vendredi 1er Mars 2024, les assises de son 8e\u0300me Congre\u0300s Ordinaire sous le the\u0300me central: \u2018\u2019la responsabilite\u0301 de la Communaute\u0301 musulmane du Niger dans la sauvegarde de la patrie\u2019\u2019. C\u2019est le Directeur ge\u0301ne\u0301ral du Culte, Dr Zaneidou Ousmane, repre\u0301sentant du [&hellip;]<\/p>\n","protected":false},"author":82,"featured_media":59485,"comment_status":"open","ping_status":"closed","sticky":false,"template":"","format":"standard","meta":{"footnotes":""},"categories":[21,8,10],"tags":[55,60,29],"class_list":["post-59486","post","type-post","status-publish","format-standard","has-post-thumbnail","hentry","category-communaute","category-photo","category-toutes-les-actualites","tag-africa-press","tag-africa-press-niger","tag-niger"],"yoast_head":"<!-- This site is optimized with the Yoast SEO Premium plugin v26.1 (Yoast SEO v27.0) - https:\/\/yoast.com\/product\/yoast-seo-premium-wordpress\/ -->\n<title>Ouverture du 8\u00e8me Congr\u00e8s Ordinaire de l\u2019Association Nig\u00e9rienne pour l\u2019Appel \u00e0 la Solidarit\u00e9 Islamique (ANASI) : \u2018\u2019La responsabilit\u00e9 de la communaut\u00e9 musulmane dans la sauvegarde de la patrie\u2019\u2019, th\u00e8me du congr\u00e8s - niger<\/title>\n<meta name=\"description\" content=\"L\u2019Association Nige\u0301rienne pour l\u2019Appel a\u0300 la Solidarite\u0301 Islamique (ANASI) a tenu, le vendredi 1er Mars 2024, les ass ...\" \/>\n<meta name=\"robots\" content=\"index, follow, max-snippet:-1, max-image-preview:large, max-video-preview:-1\" \/>\n<link rel=\"canonical\" href=\"https:\/\/www.africa-press.net\/niger\/photo\/ouverture-du-8eme-congres-ordinaire-de-lassociation-nigerienne-pour-lappel-a-la-solidarite-islamique-anasi-la-responsabilite-de-la-communaute-musulmane-dans-la\" \/>\n<meta property=\"og:locale\" content=\"fr_FR\" \/>\n<meta property=\"og:type\" content=\"article\" \/>\n<meta property=\"og:title\" content=\"Ouverture du 8\u00e8me Congr\u00e8s Ordinaire de l\u2019Association Nig\u00e9rienne pour l\u2019Appel \u00e0 la Solidarit\u00e9 Islamique (ANASI) : \u2018\u2019La responsabilit\u00e9 de la communaut\u00e9 musulmane dans la sauvegarde de la patrie\u2019\u2019, th\u00e8me du congr\u00e8s\" \/>\n<meta property=\"og:description\" content=\"L\u2019Association Nige\u0301rienne pour l\u2019Appel a\u0300 la Solidarite\u0301 Islamique (ANASI) a tenu, le vendredi 1er Mars 2024, les ass ...\" \/>\n<meta property=\"og:url\" content=\"https:\/\/www.africa-press.net\/niger\/photo\/ouverture-du-8eme-congres-ordinaire-de-lassociation-nigerienne-pour-lappel-a-la-solidarite-islamique-anasi-la-responsabilite-de-la-communaute-musulmane-dans-la\" \/>\n<meta property=\"og:site_name\" content=\"niger\" \/>\n<meta property=\"article:published_time\" content=\"2024-03-06T15:42:56+00:00\" \/>\n<meta property=\"article:modified_time\" content=\"2024-03-06T17:20:24+00:00\" \/>\n<meta property=\"og:image\" content=\"https:\/\/static.africa-press.net\/niger\/sites\/40\/2024\/03\/sm_1709732919.261419.jpg\" \/>\n\t<meta property=\"og:image:width\" content=\"800\" \/>\n\t<meta property=\"og:image:height\" content=\"534\" \/>\n\t<meta property=\"og:image:type\" content=\"image\/jpeg\" \/>\n<meta name=\"author\" content=\"cfeditorfr\" \/>\n<meta name=\"twitter:card\" content=\"summary_large_image\" \/>\n<meta name=\"twitter:label1\" content=\"\u00c9crit par\" \/>\n\t<meta name=\"twitter:data1\" content=\"cfeditorfr\" \/>\n\t<meta name=\"twitter:label2\" content=\"Dur\u00e9e de lecture estim\u00e9e\" \/>\n\t<meta name=\"twitter:data2\" content=\"3 minutes\" \/>\n<script type=\"application\/ld+json\" class=\"yoast-schema-graph\">{\"@context\":\"https:\/\/schema.org\",\"@graph\":[{\"@type\":\"Article\",\"@id\":\"https:\/\/www.africa-press.net\/niger\/photo\/ouverture-du-8eme-congres-ordinaire-de-lassociation-nigerienne-pour-lappel-a-la-solidarite-islamique-anasi-la-responsabilite-de-la-communaute-musulmane-dans-la#article\",\"isPartOf\":{\"@id\":\"https:\/\/www.africa-press.net\/niger\/photo\/ouverture-du-8eme-congres-ordinaire-de-lassociation-nigerienne-pour-lappel-a-la-solidarite-islamique-anasi-la-responsabilite-de-la-communaute-musulmane-dans-la\"},\"author\":{\"name\":\"cfeditorfr\",\"@id\":\"https:\/\/www.africa-press.net\/niger\/#\/schema\/person\/2b1cf3cd81a31e3cd26889ca66d677f1\"},\"headline\":\"Ouverture du 8\u00e8me Congr\u00e8s Ordinaire de l\u2019Association Nig\u00e9rienne pour l\u2019Appel \u00e0 la Solidarit\u00e9 Islamique (ANASI) : \u2018\u2019La responsabilit\u00e9 de la communaut\u00e9 musulmane dans la sauvegarde de la patrie\u2019\u2019, th\u00e8me du congr\u00e8s\",\"datePublished\":\"2024-03-06T15:42:56+00:00\",\"dateModified\":\"2024-03-06T17:20:24+00:00\",\"mainEntityOfPage\":{\"@id\":\"https:\/\/www.africa-press.net\/niger\/photo\/ouverture-du-8eme-congres-ordinaire-de-lassociation-nigerienne-pour-lappel-a-la-solidarite-islamique-anasi-la-responsabilite-de-la-communaute-musulmane-dans-la\"},\"wordCount\":630,\"commentCount\":0,\"image\":{\"@id\":\"https:\/\/www.africa-press.net\/niger\/photo\/ouverture-du-8eme-congres-ordinaire-de-lassociation-nigerienne-pour-lappel-a-la-solidarite-islamique-anasi-la-responsabilite-de-la-communaute-musulmane-dans-la#primaryimage\"},\"thumbnailUrl\":\"https:\/\/static.africa-press.net\/niger\/sites\/40\/2024\/03\/sm_1709732919.261419.jpg\",\"keywords\":[\"Africa Press\",\"Africa Press-Niger\",\"Niger\"],\"articleSection\":[\"Communaut\u00e9\",\"Photo\",\"Toutes les actualit\u00e9s\"],\"inLanguage\":\"fr-FR\",\"potentialAction\":[{\"@type\":\"CommentAction\",\"name\":\"Comment\",\"target\":[\"https:\/\/www.africa-press.net\/niger\/photo\/ouverture-du-8eme-congres-ordinaire-de-lassociation-nigerienne-pour-lappel-a-la-solidarite-islamique-anasi-la-responsabilite-de-la-communaute-musulmane-dans-la#respond\"]}]},{\"@type\":\"WebPage\",\"@id\":\"https:\/\/www.africa-press.net\/niger\/photo\/ouverture-du-8eme-congres-ordinaire-de-lassociation-nigerienne-pour-lappel-a-la-solidarite-islamique-anasi-la-responsabilite-de-la-communaute-musulmane-dans-la\",\"url\":\"https:\/\/www.africa-press.net\/niger\/photo\/ouverture-du-8eme-congres-ordinaire-de-lassociation-nigerienne-pour-lappel-a-la-solidarite-islamique-anasi-la-responsabilite-de-la-communaute-musulmane-dans-la\",\"name\":\"Ouverture du 8\u00e8me Congr\u00e8s Ordinaire de l\u2019Association Nig\u00e9rienne pour l\u2019Appel \u00e0 la Solidarit\u00e9 Islamique (ANASI) : \u2018\u2019La responsabilit\u00e9 de la communaut\u00e9 musulmane dans la sauvegarde de la patrie\u2019\u2019, th\u00e8me du congr\u00e8s - niger\",\"isPartOf\":{\"@id\":\"https:\/\/www.africa-press.net\/niger\/#website\"},\"primaryImageOfPage\":{\"@id\":\"https:\/\/www.africa-press.net\/niger\/photo\/ouverture-du-8eme-congres-ordinaire-de-lassociation-nigerienne-pour-lappel-a-la-solidarite-islamique-anasi-la-responsabilite-de-la-communaute-musulmane-dans-la#primaryimage\"},\"image\":{\"@id\":\"https:\/\/www.africa-press.net\/niger\/photo\/ouverture-du-8eme-congres-ordinaire-de-lassociation-nigerienne-pour-lappel-a-la-solidarite-islamique-anasi-la-responsabilite-de-la-communaute-musulmane-dans-la#primaryimage\"},\"thumbnailUrl\":\"https:\/\/static.africa-press.net\/niger\/sites\/40\/2024\/03\/sm_1709732919.261419.jpg\",\"datePublished\":\"2024-03-06T15:42:56+00:00\",\"dateModified\":\"2024-03-06T17:20:24+00:00\",\"author\":{\"@id\":\"https:\/\/www.africa-press.net\/niger\/#\/schema\/person\/2b1cf3cd81a31e3cd26889ca66d677f1\"},\"description\":\"L\u2019Association Nige\u0301rienne pour l\u2019Appel a\u0300 la Solidarite\u0301 Islamique (ANASI) a tenu, le vendredi 1er Mars 2024, les ass ...\",\"breadcrumb\":{\"@id\":\"https:\/\/www.africa-press.net\/niger\/photo\/ouverture-du-8eme-congres-ordinaire-de-lassociation-nigerienne-pour-lappel-a-la-solidarite-islamique-anasi-la-responsabilite-de-la-communaute-musulmane-dans-la#breadcrumb\"},\"inLanguage\":\"fr-FR\",\"potentialAction\":[{\"@type\":\"ReadAction\",\"target\":[\"https:\/\/www.africa-press.net\/niger\/photo\/ouverture-du-8eme-congres-ordinaire-de-lassociation-nigerienne-pour-lappel-a-la-solidarite-islamique-anasi-la-responsabilite-de-la-communaute-musulmane-dans-la\"]}]},{\"@type\":\"ImageObject\",\"inLanguage\":\"fr-FR\",\"@id\":\"https:\/\/www.africa-press.net\/niger\/photo\/ouverture-du-8eme-congres-ordinaire-de-lassociation-nigerienne-pour-lappel-a-la-solidarite-islamique-anasi-la-responsabilite-de-la-communaute-musulmane-dans-la#primaryimage\",\"url\":\"https:\/\/static.africa-press.net\/niger\/sites\/40\/2024\/03\/sm_1709732919.261419.jpg\",\"contentUrl\":\"https:\/\/static.africa-press.net\/niger\/sites\/40\/2024\/03\/sm_1709732919.261419.jpg\",\"width\":800,\"height\":534,\"caption\":\"Ouverture du 8\u00e8me Congr\u00e8s Ordinaire de l\u2019Association Nig\u00e9rienne pour l\u2019Appel \u00e0 la Solidarit\u00e9 Islamique (ANASI) : \u2018\u2019La responsabilit\u00e9 de la communaut\u00e9 musulmane dans la sauvegarde de la patrie\u2019\u2019, th\u00e8me du congr\u00e8s\"},{\"@type\":\"BreadcrumbList\",\"@id\":\"https:\/\/www.africa-press.net\/niger\/photo\/ouverture-du-8eme-congres-ordinaire-de-lassociation-nigerienne-pour-lappel-a-la-solidarite-islamique-anasi-la-responsabilite-de-la-communaute-musulmane-dans-la#breadcrumb\",\"itemListElement\":[{\"@type\":\"ListItem\",\"position\":1,\"name\":\"Accueil\",\"item\":\"https:\/\/www.africa-press.net\/niger\/\"},{\"@type\":\"ListItem\",\"position\":2,\"name\":\"Ouverture du 8\u00e8me Congr\u00e8s Ordinaire de l\u2019Association Nig\u00e9rienne pour l\u2019Appel \u00e0 la Solidarit\u00e9 Islamique (ANASI) : \u2018\u2019La responsabilit\u00e9 de la communaut\u00e9 musulmane dans la sauvegarde de la patrie\u2019\u2019, th\u00e8me du congr\u00e8s\"}]},{\"@type\":\"WebSite\",\"@id\":\"https:\/\/www.africa-press.net\/niger\/#website\",\"url\":\"https:\/\/www.africa-press.net\/niger\/\",\"name\":\"niger\",\"description\":\"Just another Africa News Agency Sites site\",\"potentialAction\":[{\"@type\":\"SearchAction\",\"target\":{\"@type\":\"EntryPoint\",\"urlTemplate\":\"https:\/\/www.africa-press.net\/niger\/?s={search_term_string}\"},\"query-input\":{\"@type\":\"PropertyValueSpecification\",\"valueRequired\":true,\"valueName\":\"search_term_string\"}}],\"inLanguage\":\"fr-FR\"},{\"@type\":\"Person\",\"@id\":\"https:\/\/www.africa-press.net\/niger\/#\/schema\/person\/2b1cf3cd81a31e3cd26889ca66d677f1\",\"name\":\"cfeditorfr\"}]}<\/script>\n<!-- \/ Yoast SEO Premium plugin. -->","yoast_head_json":{"title":"Ouverture du 8\u00e8me Congr\u00e8s Ordinaire de l\u2019Association Nig\u00e9rienne pour l\u2019Appel \u00e0 la Solidarit\u00e9 Islamique (ANASI) : \u2018\u2019La responsabilit\u00e9 de la communaut\u00e9 musulmane dans la sauvegarde de la patrie\u2019\u2019, th\u00e8me du congr\u00e8s - niger","description":"L\u2019Association Nige\u0301rienne pour l\u2019Appel a\u0300 la Solidarite\u0301 Islamique (ANASI) a tenu, le vendredi 1er Mars 2024, les ass ...","robots":{"index":"index","follow":"follow","max-snippet":"max-snippet:-1","max-image-preview":"max-image-preview:large","max-video-preview":"max-video-preview:-1"},"canonical":"https:\/\/www.africa-press.net\/niger\/photo\/ouverture-du-8eme-congres-ordinaire-de-lassociation-nigerienne-pour-lappel-a-la-solidarite-islamique-anasi-la-responsabilite-de-la-communaute-musulmane-dans-la","og_locale":"fr_FR","og_type":"article","og_title":"Ouverture du 8\u00e8me Congr\u00e8s Ordinaire de l\u2019Association Nig\u00e9rienne pour l\u2019Appel \u00e0 la Solidarit\u00e9 Islamique (ANASI) : \u2018\u2019La responsabilit\u00e9 de la communaut\u00e9 musulmane dans la sauvegarde de la patrie\u2019\u2019, th\u00e8me du congr\u00e8s","og_description":"L\u2019Association Nige\u0301rienne pour l\u2019Appel a\u0300 la Solidarite\u0301 Islamique (ANASI) a tenu, le vendredi 1er Mars 2024, les ass ...","og_url":"https:\/\/www.africa-press.net\/niger\/photo\/ouverture-du-8eme-congres-ordinaire-de-lassociation-nigerienne-pour-lappel-a-la-solidarite-islamique-anasi-la-responsabilite-de-la-communaute-musulmane-dans-la","og_site_name":"niger","article_published_time":"2024-03-06T15:42:56+00:00","article_modified_time":"2024-03-06T17:20:24+00:00","og_image":[{"width":800,"height":534,"url":"https:\/\/static.africa-press.net\/niger\/sites\/40\/2024\/03\/sm_1709732919.261419.jpg","type":"image\/jpeg"}],"author":"cfeditorfr","twitter_card":"summary_large_image","twitter_misc":{"\u00c9crit par":"cfeditorfr","Dur\u00e9e de lecture estim\u00e9e":"3 minutes"},"schema":{"@context":"https:\/\/schema.org","@graph":[{"@type":"Article","@id":"https:\/\/www.africa-press.net\/niger\/photo\/ouverture-du-8eme-congres-ordinaire-de-lassociation-nigerienne-pour-lappel-a-la-solidarite-islamique-anasi-la-responsabilite-de-la-communaute-musulmane-dans-la#article","isPartOf":{"@id":"https:\/\/www.africa-press.net\/niger\/photo\/ouverture-du-8eme-congres-ordinaire-de-lassociation-nigerienne-pour-lappel-a-la-solidarite-islamique-anasi-la-responsabilite-de-la-communaute-musulmane-dans-la"},"author":{"name":"cfeditorfr","@id":"https:\/\/www.africa-press.net\/niger\/#\/schema\/person\/2b1cf3cd81a31e3cd26889ca66d677f1"},"headline":"Ouverture du 8\u00e8me Congr\u00e8s Ordinaire de l\u2019Association Nig\u00e9rienne pour l\u2019Appel \u00e0 la Solidarit\u00e9 Islamique (ANASI) : \u2018\u2019La responsabilit\u00e9 de la communaut\u00e9 musulmane dans la sauvegarde de la patrie\u2019\u2019, th\u00e8me du congr\u00e8s","datePublished":"2024-03-06T15:42:56+00:00","dateModified":"2024-03-06T17:20:24+00:00","mainEntityOfPage":{"@id":"https:\/\/www.africa-press.net\/niger\/photo\/ouverture-du-8eme-congres-ordinaire-de-lassociation-nigerienne-pour-lappel-a-la-solidarite-islamique-anasi-la-responsabilite-de-la-communaute-musulmane-dans-la"},"wordCount":630,"commentCount":0,"image":{"@id":"https:\/\/www.africa-press.net\/niger\/photo\/ouverture-du-8eme-congres-ordinaire-de-lassociation-nigerienne-pour-lappel-a-la-solidarite-islamique-anasi-la-responsabilite-de-la-communaute-musulmane-dans-la#primaryimage"},"thumbnailUrl":"https:\/\/static.africa-press.net\/niger\/sites\/40\/2024\/03\/sm_1709732919.261419.jpg","keywords":["Africa Press","Africa Press-Niger","Niger"],"articleSection":["Communaut\u00e9","Photo","Toutes les actualit\u00e9s"],"inLanguage":"fr-FR","potentialAction":[{"@type":"CommentAction","name":"Comment","target":["https:\/\/www.africa-press.net\/niger\/photo\/ouverture-du-8eme-congres-ordinaire-de-lassociation-nigerienne-pour-lappel-a-la-solidarite-islamique-anasi-la-responsabilite-de-la-communaute-musulmane-dans-la#respond"]}]},{"@type":"WebPage","@id":"https:\/\/www.africa-press.net\/niger\/photo\/ouverture-du-8eme-congres-ordinaire-de-lassociation-nigerienne-pour-lappel-a-la-solidarite-islamique-anasi-la-responsabilite-de-la-communaute-musulmane-dans-la","url":"https:\/\/www.africa-press.net\/niger\/photo\/ouverture-du-8eme-congres-ordinaire-de-lassociation-nigerienne-pour-lappel-a-la-solidarite-islamique-anasi-la-responsabilite-de-la-communaute-musulmane-dans-la","name":"Ouverture du 8\u00e8me Congr\u00e8s Ordinaire de l\u2019Association Nig\u00e9rienne pour l\u2019Appel \u00e0 la Solidarit\u00e9 Islamique (ANASI) : \u2018\u2019La responsabilit\u00e9 de la communaut\u00e9 musulmane dans la sauvegarde de la patrie\u2019\u2019, th\u00e8me du congr\u00e8s - niger","isPartOf":{"@id":"https:\/\/www.africa-press.net\/niger\/#website"},"primaryImageOfPage":{"@id":"https:\/\/www.africa-press.net\/niger\/photo\/ouverture-du-8eme-congres-ordinaire-de-lassociation-nigerienne-pour-lappel-a-la-solidarite-islamique-anasi-la-responsabilite-de-la-communaute-musulmane-dans-la#primaryimage"},"image":{"@id":"https:\/\/www.africa-press.net\/niger\/photo\/ouverture-du-8eme-congres-ordinaire-de-lassociation-nigerienne-pour-lappel-a-la-solidarite-islamique-anasi-la-responsabilite-de-la-communaute-musulmane-dans-la#primaryimage"},"thumbnailUrl":"https:\/\/static.africa-press.net\/niger\/sites\/40\/2024\/03\/sm_1709732919.261419.jpg","datePublished":"2024-03-06T15:42:56+00:00","dateModified":"2024-03-06T17:20:24+00:00","author":{"@id":"https:\/\/www.africa-press.net\/niger\/#\/schema\/person\/2b1cf3cd81a31e3cd26889ca66d677f1"},"description":"L\u2019Association Nige\u0301rienne pour l\u2019Appel a\u0300 la Solidarite\u0301 Islamique (ANASI) a tenu, le vendredi 1er Mars 2024, les ass ...","breadcrumb":{"@id":"https:\/\/www.africa-press.net\/niger\/photo\/ouverture-du-8eme-congres-ordinaire-de-lassociation-nigerienne-pour-lappel-a-la-solidarite-islamique-anasi-la-responsabilite-de-la-communaute-musulmane-dans-la#breadcrumb"},"inLanguage":"fr-FR","potentialAction":[{"@type":"ReadAction","target":["https:\/\/www.africa-press.net\/niger\/photo\/ouverture-du-8eme-congres-ordinaire-de-lassociation-nigerienne-pour-lappel-a-la-solidarite-islamique-anasi-la-responsabilite-de-la-communaute-musulmane-dans-la"]}]},{"@type":"ImageObject","inLanguage":"fr-FR","@id":"https:\/\/www.africa-press.net\/niger\/photo\/ouverture-du-8eme-congres-ordinaire-de-lassociation-nigerienne-pour-lappel-a-la-solidarite-islamique-anasi-la-responsabilite-de-la-communaute-musulmane-dans-la#primaryimage","url":"https:\/\/static.africa-press.net\/niger\/sites\/40\/2024\/03\/sm_1709732919.261419.jpg","contentUrl":"https:\/\/static.africa-press.net\/niger\/sites\/40\/2024\/03\/sm_1709732919.261419.jpg","width":800,"height":534,"caption":"Ouverture du 8\u00e8me Congr\u00e8s Ordinaire de l\u2019Association Nig\u00e9rienne pour l\u2019Appel \u00e0 la Solidarit\u00e9 Islamique (ANASI) : \u2018\u2019La responsabilit\u00e9 de la communaut\u00e9 musulmane dans la sauvegarde de la patrie\u2019\u2019, th\u00e8me du congr\u00e8s"},{"@type":"BreadcrumbList","@id":"https:\/\/www.africa-press.net\/niger\/photo\/ouverture-du-8eme-congres-ordinaire-de-lassociation-nigerienne-pour-lappel-a-la-solidarite-islamique-anasi-la-responsabilite-de-la-communaute-musulmane-dans-la#breadcrumb","itemListElement":[{"@type":"ListItem","position":1,"name":"Accueil","item":"https:\/\/www.africa-press.net\/niger\/"},{"@type":"ListItem","position":2,"name":"Ouverture du 8\u00e8me Congr\u00e8s Ordinaire de l\u2019Association Nig\u00e9rienne pour l\u2019Appel \u00e0 la Solidarit\u00e9 Islamique (ANASI) : \u2018\u2019La responsabilit\u00e9 de la communaut\u00e9 musulmane dans la sauvegarde de la patrie\u2019\u2019, th\u00e8me du congr\u00e8s"}]},{"@type":"WebSite","@id":"https:\/\/www.africa-press.net\/niger\/#website","url":"https:\/\/www.africa-press.net\/niger\/","name":"niger","description":"Just another Africa News Agency Sites site","potentialAction":[{"@type":"SearchAction","target":{"@type":"EntryPoint","urlTemplate":"https:\/\/www.africa-press.net\/niger\/?s={search_term_string}"},"query-input":{"@type":"PropertyValueSpecification","valueRequired":true,"valueName":"search_term_string"}}],"inLanguage":"fr-FR"},{"@type":"Person","@id":"https:\/\/www.africa-press.net\/niger\/#\/schema\/person\/2b1cf3cd81a31e3cd26889ca66d677f1","name":"cfeditorfr"}]}},"_links":{"self":[{"href":"https:\/\/www.africa-press.net\/niger\/wp-json\/wp\/v2\/posts\/59486","targetHints":{"allow":["GET"]}}],"collection":[{"href":"https:\/\/www.africa-press.net\/niger\/wp-json\/wp\/v2\/posts"}],"about":[{"href":"https:\/\/www.africa-press.net\/niger\/wp-json\/wp\/v2\/types\/post"}],"author":[{"embeddable":true,"href":"https:\/\/www.africa-press.net\/niger\/wp-json\/wp\/v2\/users\/82"}],"replies":[{"embeddable":true,"href":"https:\/\/www.africa-press.net\/niger\/wp-json\/wp\/v2\/comments?post=59486"}],"version-history":[{"count":0,"href":"https:\/\/www.africa-press.net\/niger\/wp-json\/wp\/v2\/posts\/59486\/revisions"}],"wp:featuredmedia":[{"embeddable":true,"href":"https:\/\/www.africa-press.net\/niger\/wp-json\/wp\/v2\/media\/59485"}],"wp:attachment":[{"href":"https:\/\/www.africa-press.net\/niger\/wp-json\/wp\/v2\/media?parent=59486"}],"wp:term":[{"taxonomy":"category","embeddable":true,"href":"https:\/\/www.africa-press.net\/niger\/wp-json\/wp\/v2\/categories?post=59486"},{"taxonomy":"post_tag","embeddable":true,"href":"https:\/\/www.africa-press.net\/niger\/wp-json\/wp\/v2\/tags?post=59486"}],"curies":[{"name":"wp","href":"https:\/\/api.w.org\/{rel}","templated":true}]}}