{"id":59490,"date":"2024-03-06T15:56:36","date_gmt":"2024-03-06T15:56:36","guid":{"rendered":"https:\/\/www.africa-press.net\/niger\/politique\/presentation-au-drapeau-du-contingent-2023-du-centre-dinstruction-de-dosso-1952-soldats-prets-a-servir-la-patrie"},"modified":"2024-03-06T17:25:19","modified_gmt":"2024-03-06T17:25:19","slug":"presentation-au-drapeau-du-contingent-2023-du-centre-dinstruction-de-dosso-1952-soldats-prets-a-servir-la-patrie","status":"publish","type":"post","link":"https:\/\/www.africa-press.net\/niger\/politique\/presentation-au-drapeau-du-contingent-2023-du-centre-dinstruction-de-dosso-1952-soldats-prets-a-servir-la-patrie","title":{"rendered":"Pr\u00e9sentation au drapeau du contingent 2023 du Centre d\u2019Instruction de Dosso : 1952 soldats pr\u00eats \u00e0 servir la patrie"},"content":{"rendered":"<p><span style=\"color: #ff6600\"><strong>Africa-Press &#8211; Niger. <\/strong><\/span><b>Le ministre d\u2019Etat, ministre de la De\u0301fense Nationale, le Ge\u0301ne\u0301ral de Corps d\u2019Arme\u0301e Salifou Mody a pre\u0301side\u0301, hier au Centre d\u2019Instruction de Dosso, la ce\u0301re\u0301monie de pre\u0301sentation au drapeau du contingent 2023 des Forces Arme\u0301es Nige\u0301riennes. Cette ce\u0301re\u0301monie marque la fin de la formation militaire de 1952 recrues 2023 tous de genre masculin qui s\u2019est de\u0301roule\u0301e du 1er octobre 2023 au 29 fe\u0301vrier 2024 au Centre d\u2019Instruction Agali de Dosso. La ce\u0301re\u0301monie a enregistre\u0301 la pre\u0301sence de plusieurs membres du CNSP, du Chef d\u2019Etat-major des arme\u0301es, des Chefs d\u2019Etat-major de l\u2019arme\u0301e de terre et de l\u2019arme\u0301e de l\u2019air, du Gouverneur de la re\u0301gion de Dosso et de plusieurs personnalite\u0301s civiles et militaires.<\/b><\/p>\n<p>Dans le discours qu\u2019il a prononce\u0301 a\u0300 cette occasion, le ministre d\u2019Etat, ministre de la De\u0301fense Nationale a indique\u0301 que cette ce\u0301re\u0301monie traduit la vision du Pre\u0301sident du Conseil National pour la Sauvegarde de la Patrie, Chef de l\u2019Etat, le Ge\u0301ne\u0301ral de Brigade Abdourahamane Tiani qui a place\u0301 la se\u0301curite\u0301 au c\u0153ur de ses pre\u0301occupations. En effet, depuis l\u2019ave\u0300nement du CNSP le 26 juillet 2023, a-t-il indique\u0301, le Niger s\u2019est re\u0301solument engage\u0301 dans la conque\u0302te de sa souverainete\u0301 et la de\u0301fense du territoire national. \u00ab Ces objectifs ne peuvent e\u0302tre atteints qu\u2019avec une arme\u0301e forte, dote\u0301e de ressources humaines suffisantes et qualifie\u0301es. C\u2019est pour cette raison qu\u2019il a e\u0301te\u0301 opte\u0301 pour la multiplication et la diversification des po\u0302les de formation \u00bb, a pre\u0301cise\u0301 le Ge\u0301ne\u0301ral de Corps d\u2019Arme\u0301e Salifou Mody.<\/p>\n<p>Le ministre de la De\u0301fense Nationale s\u2019est re\u0301joui de la mobilisation forte et spontane\u0301e des populations sur toute l\u2019e\u0301tende du territoire national pour soutenir le CNSP dans la conque\u0302te de notre souverainete\u0301 nationale. Il a saisi l\u2019opportunite\u0301 pour re\u0301ite\u0301rer, au nom du Pre\u0301sident du CNSP et de l\u2019ensemble des forces arme\u0301es, sa profonde gratitude pour cet e\u0301lan patriotique jamais e\u0301gale\u0301. La construction de notre pays, a-t-il indique\u0301, requiert la participation de toutes ses filles et de tous ses fils pour un Niger uni et prospe\u0300re. Le Ge\u0301ne\u0301ral de corps d\u2019arme\u0301e Salifou Mody a rappele\u0301 que cette ce\u0301re\u0301monie de pre\u0301sentation au drapeau du contingent 2023 constitue une e\u0301tape importante dans la vie de ces jeunes recrues. Elle symbolise d\u2019une part l\u2019engagement du contingent 2023 a\u0300 relever les nombreux de\u0301fis se\u0301curitaires auxquels notre pays est confronte\u0301 et d\u2019autre part elle traduit leur reconnaissance a\u0300 servir fide\u0300lement sous les drapeaux avec loyaute\u0301 et de\u0301sinte\u0301ressement.<\/p>\n<p>Parlant de la formation, le ministre de la De\u0301fense Nationale a souligne\u0301 que ce contingent 2023 est constitue\u0301 de soldats originaires de toutes les re\u0301gions du Niger. Ils ont e\u0301te\u0301 forme\u0301s dans un environnement caracte\u0301rise\u0301 par des menaces diverses et celles profe\u0301re\u0301es par la CEDEAO, sans compter les menaces renouvele\u0301es de de\u0301stabilisation de notre pays par la France. Ces menaces, a affirme\u0301 le Ge\u0301ne\u0301ral de Corps d\u2019Arme\u0301e Salifou Mody, n\u2019ont fait que renforcer la conviction et l\u2019engouement de ces jeunes a\u0300 apprendre davantage avec un esprit conque\u0301rant pour mieux servir leur patrie.<\/p>\n<p>S\u2019adressant aux soldats de la classe 2023, le ministre de la De\u0301fense nationale leur a signifie\u0301 que notre arme\u0301e est actuellement engage\u0301e sur plusieurs the\u0301a\u0302tres d\u2019ope\u0301rations qui se de\u0301roulent dans un environnement extre\u0302mement complexe. Aussi, il leur a demande\u0301 de garder a\u0300 l\u2019esprit le patriotisme, l\u2019abne\u0301gation et la discipline qui fait la force principale des arme\u0301es. Ils doivent alors, a-t-il souligne\u0301, faire preuve de courage, de rigueur et de professionnalisme dans l\u2019accomplissement de leur devoir. Le Ge\u0301ne\u0301ral de corps d\u2019arme\u0301e Salifou Mody a, d\u2019autre part, invite\u0301 le contingent 2023 de continuer a\u0300 cultiver l\u2019esprit militaire, la valeur de l\u2019exemple, l\u2019esprit d\u2019e\u0301quipe et le don de soi, d\u2019e\u0302tre fiers et dignes des enseignements rec\u0327us, de se montrer a\u0300 la hauteur des emplois auxquels ils seront affecte\u0301s en tout temps, en tout lieu et en toute circonstance. Au besoin, ils doivent se surpasser a\u0300 franchir leurs limites tout en les fe\u0301licitant pour les efforts consentis durant leur formation.<\/p>\n<p>Auparavant, le commandant du Centre d\u2019Instruction de Dosso, le chef de bataillon Noma Saley Abdel-Kader a pre\u0301sente\u0301 le contingent 2023 et s\u2019est longuement appesanti sur la formation rec\u0327ue. Ces jeunes recrues, a-t-il dit, ont suivi avec courage et de\u0301termination la formation initiale du combattant avec toutes les affres de l\u2019apprentissage de la tradition militaire en vue d\u2019acque\u0301rir les compe\u0301tences tactiques et techniques ne\u0301cessaires a\u0300 l\u2019exercice du me\u0301tier des armes. Ce programme axe\u0301 sur la formation physique, technique, tactique et ge\u0301ne\u0301rale s\u2019inscrit dans une perspective nouvelle, celle d\u2019e\u0301voluer vers une arme\u0301e de plus en plus professionnelle avec des soldats discipline\u0301s, aguerris, conscients et de\u0301volus au me\u0301tier des armes.<\/p>\n<p>Le commandant du Centre d\u2019Instruction de Dosso a rassure\u0301 l\u2019assistance de la qualite\u0301 de la formation de ce contingent et s\u2019est dit convaincu que les performances individuelles et collectives de ces jeunes soldats apporteront une plus-value aux capacite\u0301s ope\u0301rationnelles des Forces Arme\u0301es Nige\u0301riennes. Le chef de bataillon Noma Saley Abdel-Kader a demande\u0301 aux jeunes recrues de porter avec fierte\u0301 l\u2019uniforme qu\u2019ils ont me\u0301rite\u0301 et de se souvenir toujours des valeurs de loyaute\u0301, de bravoure et de fraternite\u0301 qu\u2019ils ont embrasse\u0301es au cours de leur formation.<\/p>\n<p>Le major de la promotion 2023, le soldat de 2e\u0300me classe Ali Guissa Chafi a e\u0301te\u0301 de\u0301core\u0301 par le ministre de la De\u0301fense Nationale, le Ge\u0301ne\u0301ral de Corps d\u2019Arme\u0301e Salifou Mody. Au programme des manifestations, le public a appre\u0301cie\u0301 un mouvement d\u2019ensemble, des de\u0301monstrations d\u2019arts martiaux et de combats. La fin de la ce\u0301re\u0301monie a e\u0301te\u0301 marque\u0301e par un de\u0301file\u0301 des 15 compagnies qui composent la promotion 2023.<\/p>\n<p><img loading=\"lazy\" decoding=\"async\" src=\"bin\/Users\/MiladFR\/postMediaimg_11_1.jpg\" width=\"480\" height=\"360\" \/><\/p>\n\r\n                <style type=\"text\/css\">\r\n                    \r\n                    #td_uid_1_69f074a50adca  .td-doubleSlider-2 .td-item1 {\r\n                        background: url(https:\/\/static.africa-press.net\/niger\/sites\/40\/2024\/03\/sm_1709733037.611313-80x60.jpg) 0 0 no-repeat;\r\n                    }\r\n                <\/style>\r\n\r\n                <div id=\"td_uid_1_69f074a50adca\" class=\"td-gallery td-slide-on-2-columns\">\r\n                    <div class=\"post_td_gallery\">\r\n                        <div class=\"td-gallery-slide-top\">\r\n                           <div class=\"td-gallery-title\"><\/div>\r\n\r\n                            <div class=\"td-gallery-controls-wrapper\">\r\n                                <div class=\"td-gallery-slide-count\"><span class=\"td-gallery-slide-item-focus\">1<\/span> de 1<\/div>\r\n                                <div class=\"td-gallery-slide-prev-next-but\">\r\n                                    <i class = \"td-icon-left doubleSliderPrevButton\"><\/i>\r\n                                    <i class = \"td-icon-right doubleSliderNextButton\"><\/i>\r\n                                <\/div>\r\n                            <\/div>\r\n                        <\/div>\r\n\r\n                        <div class = \"td-doubleSlider-1 \">\r\n                            <div class = \"td-slider\">\r\n                                \r\n                    <div class = \"td-slide-item td-item1\">\r\n                        <figure class=\"td-slide-galery-figure td-slide-popup-gallery\">\r\n                            <a class=\"slide-gallery-image-link\" href=\"https:\/\/static.africa-press.net\/niger\/sites\/40\/2024\/03\/sm_1709733037.611313.jpg\" title=\"sm_1709733037.611313\"  data-caption=\"\"  data-description=\"\">\r\n                                <img decoding=\"async\" src=\"https:\/\/static.africa-press.net\/niger\/sites\/40\/2024\/03\/sm_1709733037.611313.jpg\" srcset=\"https:\/\/static.africa-press.net\/niger\/sites\/40\/2024\/03\/sm_1709733037.611313.jpg 1024w, https:\/\/static.africa-press.net\/niger\/sites\/40\/2024\/03\/sm_1709733037.611313-300x225.jpg 300w, https:\/\/static.africa-press.net\/niger\/sites\/40\/2024\/03\/sm_1709733037.611313-768x576.jpg 768w, https:\/\/static.africa-press.net\/niger\/sites\/40\/2024\/03\/sm_1709733037.611313-80x60.jpg 80w\" sizes=\"(max-width: 1024px) 100vw, 1024px\" alt=\"\">\r\n                            <\/a>\r\n                            \r\n                        <\/figure>\r\n                    <\/div>\r\n                            <\/div>\r\n                        <\/div>\r\n\r\n                        <div class = \"td-doubleSlider-2\">\r\n                            <div class = \"td-slider\">\r\n                                \r\n                    <div class = \"td-button td-item1\">\r\n                        <div class = \"td-border\"><\/div>\r\n                    <\/div>\r\n                            <\/div>\r\n                        <\/div>\r\n\r\n                    <\/div>\r\n\r\n                <\/div>\r\n                \n<p><strong>Pour plus d&rsquo;informations et d&rsquo;analyses sur la <a href=\"https:\/\/www.africa-press.net\/niger\">Niger<\/a>, suivez <a href=\"https:\/\/www.africa-press.net\/\">Africa-Press<\/a><\/strong><\/p>\n","protected":false},"excerpt":{"rendered":"<p>Africa-Press &#8211; Niger. Le ministre d\u2019Etat, ministre de la De\u0301fense Nationale, le Ge\u0301ne\u0301ral de Corps d\u2019Arme\u0301e Salifou Mody a pre\u0301side\u0301, hier au Centre d\u2019Instruction de Dosso, la ce\u0301re\u0301monie de pre\u0301sentation au drapeau du contingent 2023 des Forces Arme\u0301es Nige\u0301riennes. Cette ce\u0301re\u0301monie marque la fin de la formation militaire de 1952 recrues 2023 tous de genre [&hellip;]<\/p>\n","protected":false},"author":82,"featured_media":59489,"comment_status":"open","ping_status":"closed","sticky":false,"template":"","format":"standard","meta":{"footnotes":""},"categories":[8,2,10],"tags":[55,60,29],"class_list":["post-59490","post","type-post","status-publish","format-standard","has-post-thumbnail","hentry","category-photo","category-politique","category-toutes-les-actualites","tag-africa-press","tag-africa-press-niger","tag-niger"],"yoast_head":"<!-- This site is optimized with the Yoast SEO Premium plugin v26.1 (Yoast SEO v27.0) - https:\/\/yoast.com\/product\/yoast-seo-premium-wordpress\/ -->\n<title>Pr\u00e9sentation au drapeau du contingent 2023 du Centre d\u2019Instruction de Dosso : 1952 soldats pr\u00eats \u00e0 servir la patrie - niger<\/title>\n<meta name=\"description\" content=\"Le ministre d\u2019Etat, ministre de la De\u0301fense Nationale, le Ge\u0301ne\u0301ral de Corps d\u2019Arme\u0301e Salifou Mody a pre\u0301side\u0301, hier ...\" \/>\n<meta name=\"robots\" content=\"index, follow, max-snippet:-1, max-image-preview:large, max-video-preview:-1\" \/>\n<link rel=\"canonical\" href=\"https:\/\/www.africa-press.net\/niger\/politique\/presentation-au-drapeau-du-contingent-2023-du-centre-dinstruction-de-dosso-1952-soldats-prets-a-servir-la-patrie\" \/>\n<meta property=\"og:locale\" content=\"fr_FR\" \/>\n<meta property=\"og:type\" content=\"article\" \/>\n<meta property=\"og:title\" content=\"Pr\u00e9sentation au drapeau du contingent 2023 du Centre d\u2019Instruction de Dosso : 1952 soldats pr\u00eats \u00e0 servir la patrie\" \/>\n<meta property=\"og:description\" content=\"Le ministre d\u2019Etat, ministre de la De\u0301fense Nationale, le Ge\u0301ne\u0301ral de Corps d\u2019Arme\u0301e Salifou Mody a pre\u0301side\u0301, hier ...\" \/>\n<meta property=\"og:url\" content=\"https:\/\/www.africa-press.net\/niger\/politique\/presentation-au-drapeau-du-contingent-2023-du-centre-dinstruction-de-dosso-1952-soldats-prets-a-servir-la-patrie\" \/>\n<meta property=\"og:site_name\" content=\"niger\" \/>\n<meta property=\"article:published_time\" content=\"2024-03-06T15:56:36+00:00\" \/>\n<meta property=\"article:modified_time\" content=\"2024-03-06T17:25:19+00:00\" \/>\n<meta property=\"og:image\" content=\"https:\/\/static.africa-press.net\/niger\/sites\/40\/2024\/03\/sm_1709733061.499237.jpg\" \/>\n\t<meta property=\"og:image:width\" content=\"1024\" \/>\n\t<meta property=\"og:image:height\" content=\"768\" \/>\n\t<meta property=\"og:image:type\" content=\"image\/jpeg\" \/>\n<meta name=\"author\" content=\"cfeditorfr\" \/>\n<meta name=\"twitter:card\" content=\"summary_large_image\" \/>\n<meta name=\"twitter:label1\" content=\"\u00c9crit par\" \/>\n\t<meta name=\"twitter:data1\" content=\"cfeditorfr\" \/>\n\t<meta name=\"twitter:label2\" content=\"Dur\u00e9e de lecture estim\u00e9e\" \/>\n\t<meta name=\"twitter:data2\" content=\"6 minutes\" \/>\n<script type=\"application\/ld+json\" class=\"yoast-schema-graph\">{\"@context\":\"https:\/\/schema.org\",\"@graph\":[{\"@type\":\"Article\",\"@id\":\"https:\/\/www.africa-press.net\/niger\/politique\/presentation-au-drapeau-du-contingent-2023-du-centre-dinstruction-de-dosso-1952-soldats-prets-a-servir-la-patrie#article\",\"isPartOf\":{\"@id\":\"https:\/\/www.africa-press.net\/niger\/politique\/presentation-au-drapeau-du-contingent-2023-du-centre-dinstruction-de-dosso-1952-soldats-prets-a-servir-la-patrie\"},\"author\":{\"name\":\"cfeditorfr\",\"@id\":\"https:\/\/www.africa-press.net\/niger\/#\/schema\/person\/2b1cf3cd81a31e3cd26889ca66d677f1\"},\"headline\":\"Pr\u00e9sentation au drapeau du contingent 2023 du Centre d\u2019Instruction de Dosso : 1952 soldats pr\u00eats \u00e0 servir la patrie\",\"datePublished\":\"2024-03-06T15:56:36+00:00\",\"dateModified\":\"2024-03-06T17:25:19+00:00\",\"mainEntityOfPage\":{\"@id\":\"https:\/\/www.africa-press.net\/niger\/politique\/presentation-au-drapeau-du-contingent-2023-du-centre-dinstruction-de-dosso-1952-soldats-prets-a-servir-la-patrie\"},\"wordCount\":1118,\"commentCount\":0,\"image\":{\"@id\":\"https:\/\/www.africa-press.net\/niger\/politique\/presentation-au-drapeau-du-contingent-2023-du-centre-dinstruction-de-dosso-1952-soldats-prets-a-servir-la-patrie#primaryimage\"},\"thumbnailUrl\":\"https:\/\/static.africa-press.net\/niger\/sites\/40\/2024\/03\/sm_1709733061.499237.jpg\",\"keywords\":[\"Africa Press\",\"Africa Press-Niger\",\"Niger\"],\"articleSection\":[\"Photo\",\"Politique\",\"Toutes les actualit\u00e9s\"],\"inLanguage\":\"fr-FR\",\"potentialAction\":[{\"@type\":\"CommentAction\",\"name\":\"Comment\",\"target\":[\"https:\/\/www.africa-press.net\/niger\/politique\/presentation-au-drapeau-du-contingent-2023-du-centre-dinstruction-de-dosso-1952-soldats-prets-a-servir-la-patrie#respond\"]}]},{\"@type\":\"WebPage\",\"@id\":\"https:\/\/www.africa-press.net\/niger\/politique\/presentation-au-drapeau-du-contingent-2023-du-centre-dinstruction-de-dosso-1952-soldats-prets-a-servir-la-patrie\",\"url\":\"https:\/\/www.africa-press.net\/niger\/politique\/presentation-au-drapeau-du-contingent-2023-du-centre-dinstruction-de-dosso-1952-soldats-prets-a-servir-la-patrie\",\"name\":\"Pr\u00e9sentation au drapeau du contingent 2023 du Centre d\u2019Instruction de Dosso : 1952 soldats pr\u00eats \u00e0 servir la patrie - niger\",\"isPartOf\":{\"@id\":\"https:\/\/www.africa-press.net\/niger\/#website\"},\"primaryImageOfPage\":{\"@id\":\"https:\/\/www.africa-press.net\/niger\/politique\/presentation-au-drapeau-du-contingent-2023-du-centre-dinstruction-de-dosso-1952-soldats-prets-a-servir-la-patrie#primaryimage\"},\"image\":{\"@id\":\"https:\/\/www.africa-press.net\/niger\/politique\/presentation-au-drapeau-du-contingent-2023-du-centre-dinstruction-de-dosso-1952-soldats-prets-a-servir-la-patrie#primaryimage\"},\"thumbnailUrl\":\"https:\/\/static.africa-press.net\/niger\/sites\/40\/2024\/03\/sm_1709733061.499237.jpg\",\"datePublished\":\"2024-03-06T15:56:36+00:00\",\"dateModified\":\"2024-03-06T17:25:19+00:00\",\"author\":{\"@id\":\"https:\/\/www.africa-press.net\/niger\/#\/schema\/person\/2b1cf3cd81a31e3cd26889ca66d677f1\"},\"description\":\"Le ministre d\u2019Etat, ministre de la De\u0301fense Nationale, le Ge\u0301ne\u0301ral de Corps d\u2019Arme\u0301e Salifou Mody a pre\u0301side\u0301, hier ...\",\"breadcrumb\":{\"@id\":\"https:\/\/www.africa-press.net\/niger\/politique\/presentation-au-drapeau-du-contingent-2023-du-centre-dinstruction-de-dosso-1952-soldats-prets-a-servir-la-patrie#breadcrumb\"},\"inLanguage\":\"fr-FR\",\"potentialAction\":[{\"@type\":\"ReadAction\",\"target\":[\"https:\/\/www.africa-press.net\/niger\/politique\/presentation-au-drapeau-du-contingent-2023-du-centre-dinstruction-de-dosso-1952-soldats-prets-a-servir-la-patrie\"]}]},{\"@type\":\"ImageObject\",\"inLanguage\":\"fr-FR\",\"@id\":\"https:\/\/www.africa-press.net\/niger\/politique\/presentation-au-drapeau-du-contingent-2023-du-centre-dinstruction-de-dosso-1952-soldats-prets-a-servir-la-patrie#primaryimage\",\"url\":\"https:\/\/static.africa-press.net\/niger\/sites\/40\/2024\/03\/sm_1709733061.499237.jpg\",\"contentUrl\":\"https:\/\/static.africa-press.net\/niger\/sites\/40\/2024\/03\/sm_1709733061.499237.jpg\",\"width\":1024,\"height\":768,\"caption\":\"Pr\u00e9sentation au drapeau du contingent 2023 du Centre d\u2019Instruction de Dosso : 1952 soldats pr\u00eats \u00e0 servir la patrie\"},{\"@type\":\"BreadcrumbList\",\"@id\":\"https:\/\/www.africa-press.net\/niger\/politique\/presentation-au-drapeau-du-contingent-2023-du-centre-dinstruction-de-dosso-1952-soldats-prets-a-servir-la-patrie#breadcrumb\",\"itemListElement\":[{\"@type\":\"ListItem\",\"position\":1,\"name\":\"Accueil\",\"item\":\"https:\/\/www.africa-press.net\/niger\/\"},{\"@type\":\"ListItem\",\"position\":2,\"name\":\"Pr\u00e9sentation au drapeau du contingent 2023 du Centre d\u2019Instruction de Dosso : 1952 soldats pr\u00eats \u00e0 servir la patrie\"}]},{\"@type\":\"WebSite\",\"@id\":\"https:\/\/www.africa-press.net\/niger\/#website\",\"url\":\"https:\/\/www.africa-press.net\/niger\/\",\"name\":\"niger\",\"description\":\"Just another Africa News Agency Sites site\",\"potentialAction\":[{\"@type\":\"SearchAction\",\"target\":{\"@type\":\"EntryPoint\",\"urlTemplate\":\"https:\/\/www.africa-press.net\/niger\/?s={search_term_string}\"},\"query-input\":{\"@type\":\"PropertyValueSpecification\",\"valueRequired\":true,\"valueName\":\"search_term_string\"}}],\"inLanguage\":\"fr-FR\"},{\"@type\":\"Person\",\"@id\":\"https:\/\/www.africa-press.net\/niger\/#\/schema\/person\/2b1cf3cd81a31e3cd26889ca66d677f1\",\"name\":\"cfeditorfr\"}]}<\/script>\n<!-- \/ Yoast SEO Premium plugin. -->","yoast_head_json":{"title":"Pr\u00e9sentation au drapeau du contingent 2023 du Centre d\u2019Instruction de Dosso : 1952 soldats pr\u00eats \u00e0 servir la patrie - niger","description":"Le ministre d\u2019Etat, ministre de la De\u0301fense Nationale, le Ge\u0301ne\u0301ral de Corps d\u2019Arme\u0301e Salifou Mody a pre\u0301side\u0301, hier ...","robots":{"index":"index","follow":"follow","max-snippet":"max-snippet:-1","max-image-preview":"max-image-preview:large","max-video-preview":"max-video-preview:-1"},"canonical":"https:\/\/www.africa-press.net\/niger\/politique\/presentation-au-drapeau-du-contingent-2023-du-centre-dinstruction-de-dosso-1952-soldats-prets-a-servir-la-patrie","og_locale":"fr_FR","og_type":"article","og_title":"Pr\u00e9sentation au drapeau du contingent 2023 du Centre d\u2019Instruction de Dosso : 1952 soldats pr\u00eats \u00e0 servir la patrie","og_description":"Le ministre d\u2019Etat, ministre de la De\u0301fense Nationale, le Ge\u0301ne\u0301ral de Corps d\u2019Arme\u0301e Salifou Mody a pre\u0301side\u0301, hier ...","og_url":"https:\/\/www.africa-press.net\/niger\/politique\/presentation-au-drapeau-du-contingent-2023-du-centre-dinstruction-de-dosso-1952-soldats-prets-a-servir-la-patrie","og_site_name":"niger","article_published_time":"2024-03-06T15:56:36+00:00","article_modified_time":"2024-03-06T17:25:19+00:00","og_image":[{"width":1024,"height":768,"url":"https:\/\/static.africa-press.net\/niger\/sites\/40\/2024\/03\/sm_1709733061.499237.jpg","type":"image\/jpeg"}],"author":"cfeditorfr","twitter_card":"summary_large_image","twitter_misc":{"\u00c9crit par":"cfeditorfr","Dur\u00e9e de lecture estim\u00e9e":"6 minutes"},"schema":{"@context":"https:\/\/schema.org","@graph":[{"@type":"Article","@id":"https:\/\/www.africa-press.net\/niger\/politique\/presentation-au-drapeau-du-contingent-2023-du-centre-dinstruction-de-dosso-1952-soldats-prets-a-servir-la-patrie#article","isPartOf":{"@id":"https:\/\/www.africa-press.net\/niger\/politique\/presentation-au-drapeau-du-contingent-2023-du-centre-dinstruction-de-dosso-1952-soldats-prets-a-servir-la-patrie"},"author":{"name":"cfeditorfr","@id":"https:\/\/www.africa-press.net\/niger\/#\/schema\/person\/2b1cf3cd81a31e3cd26889ca66d677f1"},"headline":"Pr\u00e9sentation au drapeau du contingent 2023 du Centre d\u2019Instruction de Dosso : 1952 soldats pr\u00eats \u00e0 servir la patrie","datePublished":"2024-03-06T15:56:36+00:00","dateModified":"2024-03-06T17:25:19+00:00","mainEntityOfPage":{"@id":"https:\/\/www.africa-press.net\/niger\/politique\/presentation-au-drapeau-du-contingent-2023-du-centre-dinstruction-de-dosso-1952-soldats-prets-a-servir-la-patrie"},"wordCount":1118,"commentCount":0,"image":{"@id":"https:\/\/www.africa-press.net\/niger\/politique\/presentation-au-drapeau-du-contingent-2023-du-centre-dinstruction-de-dosso-1952-soldats-prets-a-servir-la-patrie#primaryimage"},"thumbnailUrl":"https:\/\/static.africa-press.net\/niger\/sites\/40\/2024\/03\/sm_1709733061.499237.jpg","keywords":["Africa Press","Africa Press-Niger","Niger"],"articleSection":["Photo","Politique","Toutes les actualit\u00e9s"],"inLanguage":"fr-FR","potentialAction":[{"@type":"CommentAction","name":"Comment","target":["https:\/\/www.africa-press.net\/niger\/politique\/presentation-au-drapeau-du-contingent-2023-du-centre-dinstruction-de-dosso-1952-soldats-prets-a-servir-la-patrie#respond"]}]},{"@type":"WebPage","@id":"https:\/\/www.africa-press.net\/niger\/politique\/presentation-au-drapeau-du-contingent-2023-du-centre-dinstruction-de-dosso-1952-soldats-prets-a-servir-la-patrie","url":"https:\/\/www.africa-press.net\/niger\/politique\/presentation-au-drapeau-du-contingent-2023-du-centre-dinstruction-de-dosso-1952-soldats-prets-a-servir-la-patrie","name":"Pr\u00e9sentation au drapeau du contingent 2023 du Centre d\u2019Instruction de Dosso : 1952 soldats pr\u00eats \u00e0 servir la patrie - niger","isPartOf":{"@id":"https:\/\/www.africa-press.net\/niger\/#website"},"primaryImageOfPage":{"@id":"https:\/\/www.africa-press.net\/niger\/politique\/presentation-au-drapeau-du-contingent-2023-du-centre-dinstruction-de-dosso-1952-soldats-prets-a-servir-la-patrie#primaryimage"},"image":{"@id":"https:\/\/www.africa-press.net\/niger\/politique\/presentation-au-drapeau-du-contingent-2023-du-centre-dinstruction-de-dosso-1952-soldats-prets-a-servir-la-patrie#primaryimage"},"thumbnailUrl":"https:\/\/static.africa-press.net\/niger\/sites\/40\/2024\/03\/sm_1709733061.499237.jpg","datePublished":"2024-03-06T15:56:36+00:00","dateModified":"2024-03-06T17:25:19+00:00","author":{"@id":"https:\/\/www.africa-press.net\/niger\/#\/schema\/person\/2b1cf3cd81a31e3cd26889ca66d677f1"},"description":"Le ministre d\u2019Etat, ministre de la De\u0301fense Nationale, le Ge\u0301ne\u0301ral de Corps d\u2019Arme\u0301e Salifou Mody a pre\u0301side\u0301, hier ...","breadcrumb":{"@id":"https:\/\/www.africa-press.net\/niger\/politique\/presentation-au-drapeau-du-contingent-2023-du-centre-dinstruction-de-dosso-1952-soldats-prets-a-servir-la-patrie#breadcrumb"},"inLanguage":"fr-FR","potentialAction":[{"@type":"ReadAction","target":["https:\/\/www.africa-press.net\/niger\/politique\/presentation-au-drapeau-du-contingent-2023-du-centre-dinstruction-de-dosso-1952-soldats-prets-a-servir-la-patrie"]}]},{"@type":"ImageObject","inLanguage":"fr-FR","@id":"https:\/\/www.africa-press.net\/niger\/politique\/presentation-au-drapeau-du-contingent-2023-du-centre-dinstruction-de-dosso-1952-soldats-prets-a-servir-la-patrie#primaryimage","url":"https:\/\/static.africa-press.net\/niger\/sites\/40\/2024\/03\/sm_1709733061.499237.jpg","contentUrl":"https:\/\/static.africa-press.net\/niger\/sites\/40\/2024\/03\/sm_1709733061.499237.jpg","width":1024,"height":768,"caption":"Pr\u00e9sentation au drapeau du contingent 2023 du Centre d\u2019Instruction de Dosso : 1952 soldats pr\u00eats \u00e0 servir la patrie"},{"@type":"BreadcrumbList","@id":"https:\/\/www.africa-press.net\/niger\/politique\/presentation-au-drapeau-du-contingent-2023-du-centre-dinstruction-de-dosso-1952-soldats-prets-a-servir-la-patrie#breadcrumb","itemListElement":[{"@type":"ListItem","position":1,"name":"Accueil","item":"https:\/\/www.africa-press.net\/niger\/"},{"@type":"ListItem","position":2,"name":"Pr\u00e9sentation au drapeau du contingent 2023 du Centre d\u2019Instruction de Dosso : 1952 soldats pr\u00eats \u00e0 servir la patrie"}]},{"@type":"WebSite","@id":"https:\/\/www.africa-press.net\/niger\/#website","url":"https:\/\/www.africa-press.net\/niger\/","name":"niger","description":"Just another Africa News Agency Sites site","potentialAction":[{"@type":"SearchAction","target":{"@type":"EntryPoint","urlTemplate":"https:\/\/www.africa-press.net\/niger\/?s={search_term_string}"},"query-input":{"@type":"PropertyValueSpecification","valueRequired":true,"valueName":"search_term_string"}}],"inLanguage":"fr-FR"},{"@type":"Person","@id":"https:\/\/www.africa-press.net\/niger\/#\/schema\/person\/2b1cf3cd81a31e3cd26889ca66d677f1","name":"cfeditorfr"}]}},"_links":{"self":[{"href":"https:\/\/www.africa-press.net\/niger\/wp-json\/wp\/v2\/posts\/59490","targetHints":{"allow":["GET"]}}],"collection":[{"href":"https:\/\/www.africa-press.net\/niger\/wp-json\/wp\/v2\/posts"}],"about":[{"href":"https:\/\/www.africa-press.net\/niger\/wp-json\/wp\/v2\/types\/post"}],"author":[{"embeddable":true,"href":"https:\/\/www.africa-press.net\/niger\/wp-json\/wp\/v2\/users\/82"}],"replies":[{"embeddable":true,"href":"https:\/\/www.africa-press.net\/niger\/wp-json\/wp\/v2\/comments?post=59490"}],"version-history":[{"count":0,"href":"https:\/\/www.africa-press.net\/niger\/wp-json\/wp\/v2\/posts\/59490\/revisions"}],"wp:featuredmedia":[{"embeddable":true,"href":"https:\/\/www.africa-press.net\/niger\/wp-json\/wp\/v2\/media\/59489"}],"wp:attachment":[{"href":"https:\/\/www.africa-press.net\/niger\/wp-json\/wp\/v2\/media?parent=59490"}],"wp:term":[{"taxonomy":"category","embeddable":true,"href":"https:\/\/www.africa-press.net\/niger\/wp-json\/wp\/v2\/categories?post=59490"},{"taxonomy":"post_tag","embeddable":true,"href":"https:\/\/www.africa-press.net\/niger\/wp-json\/wp\/v2\/tags?post=59490"}],"curies":[{"name":"wp","href":"https:\/\/api.w.org\/{rel}","templated":true}]}}