{"id":59493,"date":"2024-03-06T15:59:40","date_gmt":"2024-03-06T15:59:40","guid":{"rendered":"https:\/\/www.africa-press.net\/niger\/politique\/une-delegation-du-fmi-recue-par-le-premier-ministre-de-la-transition-nigerienne"},"modified":"2024-03-06T18:04:35","modified_gmt":"2024-03-06T18:04:35","slug":"une-delegation-du-fmi-recue-par-le-premier-ministre-de-la-transition-nigerienne","status":"publish","type":"post","link":"https:\/\/www.africa-press.net\/niger\/economie\/une-delegation-du-fmi-recue-par-le-premier-ministre-de-la-transition-nigerienne","title":{"rendered":"Une d\u00e9l\u00e9gation du FMI re\u00e7ue par le Premier Ministre de la transition Nig\u00e9rienne"},"content":{"rendered":"<p><span style=\"color: #ff6600\"><strong>Africa-Press &#8211; Niger. <\/strong><\/span>Le Premier Ministre de la transition nige\u0301rienne, M. Ali Mahamane Zeine a rec\u0327u, en de\u0301but de matine\u0301e de ce mercredi 6 mars 2024 a\u0300 son cabinet, le Repre\u0301sentant Re\u0301sident du Fonds Mone\u0301taire international (FMI) au Niger, M. Rasmane Oue\u0301draogo et de M. Antonio David, chef de la Mission pour le Niger au de\u0301partement Afrique de l\u2019institution.<\/p>\n<p>Le chef de la mission FMI pour le Niger, M. Antonio David a, au terme des e\u0301changes entre les deux parties, indique\u0301 a\u0300 la presse e\u0302tre la presse avoir e\u0301change\u0301 avec le Premier Ministre du Niger dans le cadre d\u2019une \u2018\u2019visite de service du FMI, sur les de\u0301veloppements re\u0301cents de l\u2019e\u0301conomie nige\u0301rienne et de ces perspectives a\u0300 court et moyen termes \u2018\u2019.<\/p>\n<p>\u2018\u2019Nous avons parle\u0301 aussi de la mise en \u0153uvre des reformes et des priorite\u0301s du gouvernement nige\u0301rien dans le cadre des programmes appuye\u0301s par le FMI \u2018\u2019 a-t-il ajoute\u0301 avant de relever que \u2018\u2019la rencontre e\u0301tait tre\u0300s fructueuse\u2019\u2019.<\/p>\n<p>Il a, enfin, annonce\u0301 que les discussions techniques vont se poursuivre au cours de \u2018\u2019cette mission jusqu\u2019au vendredi prochain \u2018\u2019.<\/p>\n<p><strong>Pour plus d&rsquo;informations et d&rsquo;analyses sur la <a href=\"https:\/\/www.africa-press.net\/niger\">Niger<\/a>, suivez <a href=\"https:\/\/www.africa-press.net\/\">Africa-Press<\/a><\/strong><\/p>\n","protected":false},"excerpt":{"rendered":"<p>Africa-Press &#8211; Niger. Le Premier Ministre de la transition nige\u0301rienne, M. Ali Mahamane Zeine a rec\u0327u, en de\u0301but de matine\u0301e de ce mercredi 6 mars 2024 a\u0300 son cabinet, le Repre\u0301sentant Re\u0301sident du Fonds Mone\u0301taire international (FMI) au Niger, M. Rasmane Oue\u0301draogo et de M. Antonio David, chef de la Mission pour le Niger au [&hellip;]<\/p>\n","protected":false},"author":82,"featured_media":59492,"comment_status":"open","ping_status":"closed","sticky":false,"template":"","format":"standard","meta":{"footnotes":""},"categories":[3,10],"tags":[55,60,29],"class_list":["post-59493","post","type-post","status-publish","format-standard","has-post-thumbnail","hentry","category-economie","category-toutes-les-actualites","tag-africa-press","tag-africa-press-niger","tag-niger"],"yoast_head":"<!-- This site is optimized with the Yoast SEO Premium plugin v26.1 (Yoast SEO v27.0) - https:\/\/yoast.com\/product\/yoast-seo-premium-wordpress\/ -->\n<title>Une d\u00e9l\u00e9gation du FMI re\u00e7ue par le Premier Ministre de la transition Nig\u00e9rienne - niger<\/title>\n<meta name=\"description\" content=\"Le Premier Ministre de la transition nige\u0301rienne, M. Ali Mahamane Zeine a rec\u0327u, en de\u0301but de matine\u0301e de ce mercredi 6 ...\" \/>\n<meta name=\"robots\" content=\"index, follow, max-snippet:-1, max-image-preview:large, max-video-preview:-1\" \/>\n<link rel=\"canonical\" href=\"https:\/\/www.africa-press.net\/niger\/economie\/une-delegation-du-fmi-recue-par-le-premier-ministre-de-la-transition-nigerienne\" \/>\n<meta property=\"og:locale\" content=\"fr_FR\" \/>\n<meta property=\"og:type\" content=\"article\" \/>\n<meta property=\"og:title\" content=\"Une d\u00e9l\u00e9gation du FMI re\u00e7ue par le Premier Ministre de la transition Nig\u00e9rienne\" \/>\n<meta property=\"og:description\" content=\"Le Premier Ministre de la transition nige\u0301rienne, M. Ali Mahamane Zeine a rec\u0327u, en de\u0301but de matine\u0301e de ce mercredi 6 ...\" \/>\n<meta property=\"og:url\" content=\"https:\/\/www.africa-press.net\/niger\/economie\/une-delegation-du-fmi-recue-par-le-premier-ministre-de-la-transition-nigerienne\" \/>\n<meta property=\"og:site_name\" content=\"niger\" \/>\n<meta property=\"article:published_time\" content=\"2024-03-06T15:59:40+00:00\" \/>\n<meta property=\"article:modified_time\" content=\"2024-03-06T18:04:35+00:00\" \/>\n<meta property=\"og:image\" content=\"https:\/\/static.africa-press.net\/niger\/sites\/40\/2024\/03\/sm_1709735279.555938.jpg\" \/>\n\t<meta property=\"og:image:width\" content=\"1728\" \/>\n\t<meta property=\"og:image:height\" content=\"1153\" \/>\n\t<meta property=\"og:image:type\" content=\"image\/jpeg\" \/>\n<meta name=\"author\" content=\"cfeditorfr\" \/>\n<meta name=\"twitter:card\" content=\"summary_large_image\" \/>\n<meta name=\"twitter:label1\" content=\"\u00c9crit par\" \/>\n\t<meta name=\"twitter:data1\" content=\"cfeditorfr\" \/>\n\t<meta name=\"twitter:label2\" content=\"Dur\u00e9e de lecture estim\u00e9e\" \/>\n\t<meta name=\"twitter:data2\" content=\"2 minutes\" \/>\n<script type=\"application\/ld+json\" class=\"yoast-schema-graph\">{\"@context\":\"https:\/\/schema.org\",\"@graph\":[{\"@type\":\"Article\",\"@id\":\"https:\/\/www.africa-press.net\/niger\/economie\/une-delegation-du-fmi-recue-par-le-premier-ministre-de-la-transition-nigerienne#article\",\"isPartOf\":{\"@id\":\"https:\/\/www.africa-press.net\/niger\/economie\/une-delegation-du-fmi-recue-par-le-premier-ministre-de-la-transition-nigerienne\"},\"author\":{\"name\":\"cfeditorfr\",\"@id\":\"https:\/\/www.africa-press.net\/niger\/#\/schema\/person\/2b1cf3cd81a31e3cd26889ca66d677f1\"},\"headline\":\"Une d\u00e9l\u00e9gation du FMI re\u00e7ue par le Premier Ministre de la transition Nig\u00e9rienne\",\"datePublished\":\"2024-03-06T15:59:40+00:00\",\"dateModified\":\"2024-03-06T18:04:35+00:00\",\"mainEntityOfPage\":{\"@id\":\"https:\/\/www.africa-press.net\/niger\/economie\/une-delegation-du-fmi-recue-par-le-premier-ministre-de-la-transition-nigerienne\"},\"wordCount\":228,\"commentCount\":0,\"image\":{\"@id\":\"https:\/\/www.africa-press.net\/niger\/economie\/une-delegation-du-fmi-recue-par-le-premier-ministre-de-la-transition-nigerienne#primaryimage\"},\"thumbnailUrl\":\"https:\/\/static.africa-press.net\/niger\/sites\/40\/2024\/03\/sm_1709735279.555938.jpg\",\"keywords\":[\"Africa Press\",\"Africa Press-Niger\",\"Niger\"],\"articleSection\":[\"\u00c9conomie\",\"Toutes les actualit\u00e9s\"],\"inLanguage\":\"fr-FR\",\"potentialAction\":[{\"@type\":\"CommentAction\",\"name\":\"Comment\",\"target\":[\"https:\/\/www.africa-press.net\/niger\/economie\/une-delegation-du-fmi-recue-par-le-premier-ministre-de-la-transition-nigerienne#respond\"]}]},{\"@type\":\"WebPage\",\"@id\":\"https:\/\/www.africa-press.net\/niger\/economie\/une-delegation-du-fmi-recue-par-le-premier-ministre-de-la-transition-nigerienne\",\"url\":\"https:\/\/www.africa-press.net\/niger\/economie\/une-delegation-du-fmi-recue-par-le-premier-ministre-de-la-transition-nigerienne\",\"name\":\"Une d\u00e9l\u00e9gation du FMI re\u00e7ue par le Premier Ministre de la transition Nig\u00e9rienne - niger\",\"isPartOf\":{\"@id\":\"https:\/\/www.africa-press.net\/niger\/#website\"},\"primaryImageOfPage\":{\"@id\":\"https:\/\/www.africa-press.net\/niger\/economie\/une-delegation-du-fmi-recue-par-le-premier-ministre-de-la-transition-nigerienne#primaryimage\"},\"image\":{\"@id\":\"https:\/\/www.africa-press.net\/niger\/economie\/une-delegation-du-fmi-recue-par-le-premier-ministre-de-la-transition-nigerienne#primaryimage\"},\"thumbnailUrl\":\"https:\/\/static.africa-press.net\/niger\/sites\/40\/2024\/03\/sm_1709735279.555938.jpg\",\"datePublished\":\"2024-03-06T15:59:40+00:00\",\"dateModified\":\"2024-03-06T18:04:35+00:00\",\"author\":{\"@id\":\"https:\/\/www.africa-press.net\/niger\/#\/schema\/person\/2b1cf3cd81a31e3cd26889ca66d677f1\"},\"description\":\"Le Premier Ministre de la transition nige\u0301rienne, M. Ali Mahamane Zeine a rec\u0327u, en de\u0301but de matine\u0301e de ce mercredi 6 ...\",\"breadcrumb\":{\"@id\":\"https:\/\/www.africa-press.net\/niger\/economie\/une-delegation-du-fmi-recue-par-le-premier-ministre-de-la-transition-nigerienne#breadcrumb\"},\"inLanguage\":\"fr-FR\",\"potentialAction\":[{\"@type\":\"ReadAction\",\"target\":[\"https:\/\/www.africa-press.net\/niger\/economie\/une-delegation-du-fmi-recue-par-le-premier-ministre-de-la-transition-nigerienne\"]}]},{\"@type\":\"ImageObject\",\"inLanguage\":\"fr-FR\",\"@id\":\"https:\/\/www.africa-press.net\/niger\/economie\/une-delegation-du-fmi-recue-par-le-premier-ministre-de-la-transition-nigerienne#primaryimage\",\"url\":\"https:\/\/static.africa-press.net\/niger\/sites\/40\/2024\/03\/sm_1709735279.555938.jpg\",\"contentUrl\":\"https:\/\/static.africa-press.net\/niger\/sites\/40\/2024\/03\/sm_1709735279.555938.jpg\",\"width\":1728,\"height\":1153,\"caption\":\"Une d\u00e9l\u00e9gation du FMI re\u00e7ue par le Premier Ministre de la transition Nig\u00e9rienne\"},{\"@type\":\"BreadcrumbList\",\"@id\":\"https:\/\/www.africa-press.net\/niger\/economie\/une-delegation-du-fmi-recue-par-le-premier-ministre-de-la-transition-nigerienne#breadcrumb\",\"itemListElement\":[{\"@type\":\"ListItem\",\"position\":1,\"name\":\"Accueil\",\"item\":\"https:\/\/www.africa-press.net\/niger\/\"},{\"@type\":\"ListItem\",\"position\":2,\"name\":\"Une d\u00e9l\u00e9gation du FMI re\u00e7ue par le Premier Ministre de la transition Nig\u00e9rienne\"}]},{\"@type\":\"WebSite\",\"@id\":\"https:\/\/www.africa-press.net\/niger\/#website\",\"url\":\"https:\/\/www.africa-press.net\/niger\/\",\"name\":\"niger\",\"description\":\"Just another Africa News Agency Sites site\",\"potentialAction\":[{\"@type\":\"SearchAction\",\"target\":{\"@type\":\"EntryPoint\",\"urlTemplate\":\"https:\/\/www.africa-press.net\/niger\/?s={search_term_string}\"},\"query-input\":{\"@type\":\"PropertyValueSpecification\",\"valueRequired\":true,\"valueName\":\"search_term_string\"}}],\"inLanguage\":\"fr-FR\"},{\"@type\":\"Person\",\"@id\":\"https:\/\/www.africa-press.net\/niger\/#\/schema\/person\/2b1cf3cd81a31e3cd26889ca66d677f1\",\"name\":\"cfeditorfr\"}]}<\/script>\n<!-- \/ Yoast SEO Premium plugin. -->","yoast_head_json":{"title":"Une d\u00e9l\u00e9gation du FMI re\u00e7ue par le Premier Ministre de la transition Nig\u00e9rienne - niger","description":"Le Premier Ministre de la transition nige\u0301rienne, M. Ali Mahamane Zeine a rec\u0327u, en de\u0301but de matine\u0301e de ce mercredi 6 ...","robots":{"index":"index","follow":"follow","max-snippet":"max-snippet:-1","max-image-preview":"max-image-preview:large","max-video-preview":"max-video-preview:-1"},"canonical":"https:\/\/www.africa-press.net\/niger\/economie\/une-delegation-du-fmi-recue-par-le-premier-ministre-de-la-transition-nigerienne","og_locale":"fr_FR","og_type":"article","og_title":"Une d\u00e9l\u00e9gation du FMI re\u00e7ue par le Premier Ministre de la transition Nig\u00e9rienne","og_description":"Le Premier Ministre de la transition nige\u0301rienne, M. Ali Mahamane Zeine a rec\u0327u, en de\u0301but de matine\u0301e de ce mercredi 6 ...","og_url":"https:\/\/www.africa-press.net\/niger\/economie\/une-delegation-du-fmi-recue-par-le-premier-ministre-de-la-transition-nigerienne","og_site_name":"niger","article_published_time":"2024-03-06T15:59:40+00:00","article_modified_time":"2024-03-06T18:04:35+00:00","og_image":[{"width":1728,"height":1153,"url":"https:\/\/static.africa-press.net\/niger\/sites\/40\/2024\/03\/sm_1709735279.555938.jpg","type":"image\/jpeg"}],"author":"cfeditorfr","twitter_card":"summary_large_image","twitter_misc":{"\u00c9crit par":"cfeditorfr","Dur\u00e9e de lecture estim\u00e9e":"2 minutes"},"schema":{"@context":"https:\/\/schema.org","@graph":[{"@type":"Article","@id":"https:\/\/www.africa-press.net\/niger\/economie\/une-delegation-du-fmi-recue-par-le-premier-ministre-de-la-transition-nigerienne#article","isPartOf":{"@id":"https:\/\/www.africa-press.net\/niger\/economie\/une-delegation-du-fmi-recue-par-le-premier-ministre-de-la-transition-nigerienne"},"author":{"name":"cfeditorfr","@id":"https:\/\/www.africa-press.net\/niger\/#\/schema\/person\/2b1cf3cd81a31e3cd26889ca66d677f1"},"headline":"Une d\u00e9l\u00e9gation du FMI re\u00e7ue par le Premier Ministre de la transition Nig\u00e9rienne","datePublished":"2024-03-06T15:59:40+00:00","dateModified":"2024-03-06T18:04:35+00:00","mainEntityOfPage":{"@id":"https:\/\/www.africa-press.net\/niger\/economie\/une-delegation-du-fmi-recue-par-le-premier-ministre-de-la-transition-nigerienne"},"wordCount":228,"commentCount":0,"image":{"@id":"https:\/\/www.africa-press.net\/niger\/economie\/une-delegation-du-fmi-recue-par-le-premier-ministre-de-la-transition-nigerienne#primaryimage"},"thumbnailUrl":"https:\/\/static.africa-press.net\/niger\/sites\/40\/2024\/03\/sm_1709735279.555938.jpg","keywords":["Africa Press","Africa Press-Niger","Niger"],"articleSection":["\u00c9conomie","Toutes les actualit\u00e9s"],"inLanguage":"fr-FR","potentialAction":[{"@type":"CommentAction","name":"Comment","target":["https:\/\/www.africa-press.net\/niger\/economie\/une-delegation-du-fmi-recue-par-le-premier-ministre-de-la-transition-nigerienne#respond"]}]},{"@type":"WebPage","@id":"https:\/\/www.africa-press.net\/niger\/economie\/une-delegation-du-fmi-recue-par-le-premier-ministre-de-la-transition-nigerienne","url":"https:\/\/www.africa-press.net\/niger\/economie\/une-delegation-du-fmi-recue-par-le-premier-ministre-de-la-transition-nigerienne","name":"Une d\u00e9l\u00e9gation du FMI re\u00e7ue par le Premier Ministre de la transition Nig\u00e9rienne - niger","isPartOf":{"@id":"https:\/\/www.africa-press.net\/niger\/#website"},"primaryImageOfPage":{"@id":"https:\/\/www.africa-press.net\/niger\/economie\/une-delegation-du-fmi-recue-par-le-premier-ministre-de-la-transition-nigerienne#primaryimage"},"image":{"@id":"https:\/\/www.africa-press.net\/niger\/economie\/une-delegation-du-fmi-recue-par-le-premier-ministre-de-la-transition-nigerienne#primaryimage"},"thumbnailUrl":"https:\/\/static.africa-press.net\/niger\/sites\/40\/2024\/03\/sm_1709735279.555938.jpg","datePublished":"2024-03-06T15:59:40+00:00","dateModified":"2024-03-06T18:04:35+00:00","author":{"@id":"https:\/\/www.africa-press.net\/niger\/#\/schema\/person\/2b1cf3cd81a31e3cd26889ca66d677f1"},"description":"Le Premier Ministre de la transition nige\u0301rienne, M. Ali Mahamane Zeine a rec\u0327u, en de\u0301but de matine\u0301e de ce mercredi 6 ...","breadcrumb":{"@id":"https:\/\/www.africa-press.net\/niger\/economie\/une-delegation-du-fmi-recue-par-le-premier-ministre-de-la-transition-nigerienne#breadcrumb"},"inLanguage":"fr-FR","potentialAction":[{"@type":"ReadAction","target":["https:\/\/www.africa-press.net\/niger\/economie\/une-delegation-du-fmi-recue-par-le-premier-ministre-de-la-transition-nigerienne"]}]},{"@type":"ImageObject","inLanguage":"fr-FR","@id":"https:\/\/www.africa-press.net\/niger\/economie\/une-delegation-du-fmi-recue-par-le-premier-ministre-de-la-transition-nigerienne#primaryimage","url":"https:\/\/static.africa-press.net\/niger\/sites\/40\/2024\/03\/sm_1709735279.555938.jpg","contentUrl":"https:\/\/static.africa-press.net\/niger\/sites\/40\/2024\/03\/sm_1709735279.555938.jpg","width":1728,"height":1153,"caption":"Une d\u00e9l\u00e9gation du FMI re\u00e7ue par le Premier Ministre de la transition Nig\u00e9rienne"},{"@type":"BreadcrumbList","@id":"https:\/\/www.africa-press.net\/niger\/economie\/une-delegation-du-fmi-recue-par-le-premier-ministre-de-la-transition-nigerienne#breadcrumb","itemListElement":[{"@type":"ListItem","position":1,"name":"Accueil","item":"https:\/\/www.africa-press.net\/niger\/"},{"@type":"ListItem","position":2,"name":"Une d\u00e9l\u00e9gation du FMI re\u00e7ue par le Premier Ministre de la transition Nig\u00e9rienne"}]},{"@type":"WebSite","@id":"https:\/\/www.africa-press.net\/niger\/#website","url":"https:\/\/www.africa-press.net\/niger\/","name":"niger","description":"Just another Africa News Agency Sites site","potentialAction":[{"@type":"SearchAction","target":{"@type":"EntryPoint","urlTemplate":"https:\/\/www.africa-press.net\/niger\/?s={search_term_string}"},"query-input":{"@type":"PropertyValueSpecification","valueRequired":true,"valueName":"search_term_string"}}],"inLanguage":"fr-FR"},{"@type":"Person","@id":"https:\/\/www.africa-press.net\/niger\/#\/schema\/person\/2b1cf3cd81a31e3cd26889ca66d677f1","name":"cfeditorfr"}]}},"_links":{"self":[{"href":"https:\/\/www.africa-press.net\/niger\/wp-json\/wp\/v2\/posts\/59493","targetHints":{"allow":["GET"]}}],"collection":[{"href":"https:\/\/www.africa-press.net\/niger\/wp-json\/wp\/v2\/posts"}],"about":[{"href":"https:\/\/www.africa-press.net\/niger\/wp-json\/wp\/v2\/types\/post"}],"author":[{"embeddable":true,"href":"https:\/\/www.africa-press.net\/niger\/wp-json\/wp\/v2\/users\/82"}],"replies":[{"embeddable":true,"href":"https:\/\/www.africa-press.net\/niger\/wp-json\/wp\/v2\/comments?post=59493"}],"version-history":[{"count":0,"href":"https:\/\/www.africa-press.net\/niger\/wp-json\/wp\/v2\/posts\/59493\/revisions"}],"wp:featuredmedia":[{"embeddable":true,"href":"https:\/\/www.africa-press.net\/niger\/wp-json\/wp\/v2\/media\/59492"}],"wp:attachment":[{"href":"https:\/\/www.africa-press.net\/niger\/wp-json\/wp\/v2\/media?parent=59493"}],"wp:term":[{"taxonomy":"category","embeddable":true,"href":"https:\/\/www.africa-press.net\/niger\/wp-json\/wp\/v2\/categories?post=59493"},{"taxonomy":"post_tag","embeddable":true,"href":"https:\/\/www.africa-press.net\/niger\/wp-json\/wp\/v2\/tags?post=59493"}],"curies":[{"name":"wp","href":"https:\/\/api.w.org\/{rel}","templated":true}]}}