{"id":59496,"date":"2024-03-06T16:01:30","date_gmt":"2024-03-06T16:01:30","guid":{"rendered":"https:\/\/www.africa-press.net\/niger\/politique\/la-ministre-de-leducation-nationale-en-visite-de-travail-a-maradi"},"modified":"2024-03-06T18:06:05","modified_gmt":"2024-03-06T18:06:05","slug":"la-ministre-de-leducation-nationale-en-visite-de-travail-a-maradi","status":"publish","type":"post","link":"https:\/\/www.africa-press.net\/niger\/culture-et-art\/la-ministre-de-leducation-nationale-en-visite-de-travail-a-maradi","title":{"rendered":"La Ministre de l\u2019Education Nationale en visite de travail  \u00e0 Maradi"},"content":{"rendered":"<p><span style=\"color: #ff6600\"><strong>Africa-Press &#8211; Niger. <\/strong><\/span>La Ministre de l\u2019Education Nationale, de l\u2019Alphabe\u0301tisation, de l\u2019Enseignement Professionnel et de la Promotion des Langues Nationales, Madame Elisabeth Sherif a entame\u0301 le lundi 04 Mars 2024, une visite de travail de quatre jours a\u0300 Maradi. Accompagne\u0301e des cadres centraux de son de\u0301partement Ministe\u0301riel, l\u2019Agenda de la Ministre pre\u0301voit plusieurs visites a\u0300 Maradi et dans quelques de\u0301partements dans des e\u0301coles et centres de formation professionnels pour s\u2019enque\u0301rir des conditions de travail des enseignants et d\u2019e\u0301tude des e\u0301le\u0300ves.<\/p>\n<p>De\u0300s son arrive\u0301e le lundi, elle a rendu une visite de courtoisie au sultan de Katsina, Honorable Ahmed Ali Zaki et a\u0300 celui de Gobir, Honorable Abdou Balla Marafa.<\/p>\n<p>Dans l\u2019apre\u0300s midi, la Ministre Elizabeth Cherif a rencontre\u0301 le personnel enseignant du Lyce\u0301e Technique Dan kassaoua de Maradi et les e\u0301le\u0300ve de cet e\u0301tablissement. La Ministre a pris tout son temps dans cette rencontre pour e\u0301couter les deux parties afin aplanir les proble\u0300mes qui assaillent cet e\u0301tablissement depuis quelques mois.<\/p>\n<p>Selon ce qui a filtre\u0301 de cette re\u0301union, la Ministre a pu convaincre des deux parties de la ne\u0301cessite\u0301 d\u2019une compre\u0301hension mutuelle afin que l\u2019anne\u0301e scolaire puisse se de\u0301rouler convenablement.<\/p>\n<p><strong>Pour plus d&rsquo;informations et d&rsquo;analyses sur la <a href=\"https:\/\/www.africa-press.net\/niger\">Niger<\/a>, suivez <a href=\"https:\/\/www.africa-press.net\/\">Africa-Press<\/a><\/strong><\/p>\n","protected":false},"excerpt":{"rendered":"<p>Africa-Press &#8211; Niger. La Ministre de l\u2019Education Nationale, de l\u2019Alphabe\u0301tisation, de l\u2019Enseignement Professionnel et de la Promotion des Langues Nationales, Madame Elisabeth Sherif a entame\u0301 le lundi 04 Mars 2024, une visite de travail de quatre jours a\u0300 Maradi. Accompagne\u0301e des cadres centraux de son de\u0301partement Ministe\u0301riel, l\u2019Agenda de la Ministre pre\u0301voit plusieurs visites a\u0300 [&hellip;]<\/p>\n","protected":false},"author":82,"featured_media":59495,"comment_status":"open","ping_status":"closed","sticky":false,"template":"","format":"standard","meta":{"footnotes":""},"categories":[5,10],"tags":[55,60,29],"class_list":["post-59496","post","type-post","status-publish","format-standard","has-post-thumbnail","hentry","category-culture-et-art","category-toutes-les-actualites","tag-africa-press","tag-africa-press-niger","tag-niger"],"yoast_head":"<!-- This site is optimized with the Yoast SEO Premium plugin v26.1 (Yoast SEO v27.0) - https:\/\/yoast.com\/product\/yoast-seo-premium-wordpress\/ -->\n<title>La Ministre de l\u2019Education Nationale en visite de travail \u00e0 Maradi - niger<\/title>\n<meta name=\"description\" content=\"La Ministre de l\u2019Education Nationale, de l\u2019Alphabe\u0301tisation, de l\u2019Enseignement Professionnel et de la Promotion des Lang ...\" \/>\n<meta name=\"robots\" content=\"index, follow, max-snippet:-1, max-image-preview:large, max-video-preview:-1\" \/>\n<link rel=\"canonical\" href=\"https:\/\/www.africa-press.net\/niger\/culture-et-art\/la-ministre-de-leducation-nationale-en-visite-de-travail-a-maradi\" \/>\n<meta property=\"og:locale\" content=\"fr_FR\" \/>\n<meta property=\"og:type\" content=\"article\" \/>\n<meta property=\"og:title\" content=\"La Ministre de l\u2019Education Nationale en visite de travail \u00e0 Maradi\" \/>\n<meta property=\"og:description\" content=\"La Ministre de l\u2019Education Nationale, de l\u2019Alphabe\u0301tisation, de l\u2019Enseignement Professionnel et de la Promotion des Lang ...\" \/>\n<meta property=\"og:url\" content=\"https:\/\/www.africa-press.net\/niger\/culture-et-art\/la-ministre-de-leducation-nationale-en-visite-de-travail-a-maradi\" \/>\n<meta property=\"og:site_name\" content=\"niger\" \/>\n<meta property=\"article:published_time\" content=\"2024-03-06T16:01:30+00:00\" \/>\n<meta property=\"article:modified_time\" content=\"2024-03-06T18:06:05+00:00\" \/>\n<meta property=\"og:image\" content=\"https:\/\/static.africa-press.net\/niger\/sites\/40\/2024\/03\/sm_1709735717.43363.jpg\" \/>\n\t<meta property=\"og:image:width\" content=\"1080\" \/>\n\t<meta property=\"og:image:height\" content=\"810\" \/>\n\t<meta property=\"og:image:type\" content=\"image\/jpeg\" \/>\n<meta name=\"author\" content=\"cfeditorfr\" \/>\n<meta name=\"twitter:card\" content=\"summary_large_image\" \/>\n<meta name=\"twitter:label1\" content=\"\u00c9crit par\" \/>\n\t<meta name=\"twitter:data1\" content=\"cfeditorfr\" \/>\n\t<meta name=\"twitter:label2\" content=\"Dur\u00e9e de lecture estim\u00e9e\" \/>\n\t<meta name=\"twitter:data2\" content=\"2 minutes\" \/>\n<script type=\"application\/ld+json\" class=\"yoast-schema-graph\">{\"@context\":\"https:\/\/schema.org\",\"@graph\":[{\"@type\":\"Article\",\"@id\":\"https:\/\/www.africa-press.net\/niger\/culture-et-art\/la-ministre-de-leducation-nationale-en-visite-de-travail-a-maradi#article\",\"isPartOf\":{\"@id\":\"https:\/\/www.africa-press.net\/niger\/culture-et-art\/la-ministre-de-leducation-nationale-en-visite-de-travail-a-maradi\"},\"author\":{\"name\":\"cfeditorfr\",\"@id\":\"https:\/\/www.africa-press.net\/niger\/#\/schema\/person\/2b1cf3cd81a31e3cd26889ca66d677f1\"},\"headline\":\"La Ministre de l\u2019Education Nationale en visite de travail \u00e0 Maradi\",\"datePublished\":\"2024-03-06T16:01:30+00:00\",\"dateModified\":\"2024-03-06T18:06:05+00:00\",\"mainEntityOfPage\":{\"@id\":\"https:\/\/www.africa-press.net\/niger\/culture-et-art\/la-ministre-de-leducation-nationale-en-visite-de-travail-a-maradi\"},\"wordCount\":246,\"commentCount\":0,\"image\":{\"@id\":\"https:\/\/www.africa-press.net\/niger\/culture-et-art\/la-ministre-de-leducation-nationale-en-visite-de-travail-a-maradi#primaryimage\"},\"thumbnailUrl\":\"https:\/\/static.africa-press.net\/niger\/sites\/40\/2024\/03\/sm_1709735717.43363.jpg\",\"keywords\":[\"Africa Press\",\"Africa Press-Niger\",\"Niger\"],\"articleSection\":[\"Culture et Art\",\"Toutes les actualit\u00e9s\"],\"inLanguage\":\"fr-FR\",\"potentialAction\":[{\"@type\":\"CommentAction\",\"name\":\"Comment\",\"target\":[\"https:\/\/www.africa-press.net\/niger\/culture-et-art\/la-ministre-de-leducation-nationale-en-visite-de-travail-a-maradi#respond\"]}]},{\"@type\":\"WebPage\",\"@id\":\"https:\/\/www.africa-press.net\/niger\/culture-et-art\/la-ministre-de-leducation-nationale-en-visite-de-travail-a-maradi\",\"url\":\"https:\/\/www.africa-press.net\/niger\/culture-et-art\/la-ministre-de-leducation-nationale-en-visite-de-travail-a-maradi\",\"name\":\"La Ministre de l\u2019Education Nationale en visite de travail \u00e0 Maradi - niger\",\"isPartOf\":{\"@id\":\"https:\/\/www.africa-press.net\/niger\/#website\"},\"primaryImageOfPage\":{\"@id\":\"https:\/\/www.africa-press.net\/niger\/culture-et-art\/la-ministre-de-leducation-nationale-en-visite-de-travail-a-maradi#primaryimage\"},\"image\":{\"@id\":\"https:\/\/www.africa-press.net\/niger\/culture-et-art\/la-ministre-de-leducation-nationale-en-visite-de-travail-a-maradi#primaryimage\"},\"thumbnailUrl\":\"https:\/\/static.africa-press.net\/niger\/sites\/40\/2024\/03\/sm_1709735717.43363.jpg\",\"datePublished\":\"2024-03-06T16:01:30+00:00\",\"dateModified\":\"2024-03-06T18:06:05+00:00\",\"author\":{\"@id\":\"https:\/\/www.africa-press.net\/niger\/#\/schema\/person\/2b1cf3cd81a31e3cd26889ca66d677f1\"},\"description\":\"La Ministre de l\u2019Education Nationale, de l\u2019Alphabe\u0301tisation, de l\u2019Enseignement Professionnel et de la Promotion des Lang ...\",\"breadcrumb\":{\"@id\":\"https:\/\/www.africa-press.net\/niger\/culture-et-art\/la-ministre-de-leducation-nationale-en-visite-de-travail-a-maradi#breadcrumb\"},\"inLanguage\":\"fr-FR\",\"potentialAction\":[{\"@type\":\"ReadAction\",\"target\":[\"https:\/\/www.africa-press.net\/niger\/culture-et-art\/la-ministre-de-leducation-nationale-en-visite-de-travail-a-maradi\"]}]},{\"@type\":\"ImageObject\",\"inLanguage\":\"fr-FR\",\"@id\":\"https:\/\/www.africa-press.net\/niger\/culture-et-art\/la-ministre-de-leducation-nationale-en-visite-de-travail-a-maradi#primaryimage\",\"url\":\"https:\/\/static.africa-press.net\/niger\/sites\/40\/2024\/03\/sm_1709735717.43363.jpg\",\"contentUrl\":\"https:\/\/static.africa-press.net\/niger\/sites\/40\/2024\/03\/sm_1709735717.43363.jpg\",\"width\":1080,\"height\":810,\"caption\":\"La Ministre de l\u2019Education Nationale en visite de travail \u00e0 Maradi\"},{\"@type\":\"BreadcrumbList\",\"@id\":\"https:\/\/www.africa-press.net\/niger\/culture-et-art\/la-ministre-de-leducation-nationale-en-visite-de-travail-a-maradi#breadcrumb\",\"itemListElement\":[{\"@type\":\"ListItem\",\"position\":1,\"name\":\"Accueil\",\"item\":\"https:\/\/www.africa-press.net\/niger\/\"},{\"@type\":\"ListItem\",\"position\":2,\"name\":\"La Ministre de l\u2019Education Nationale en visite de travail \u00e0 Maradi\"}]},{\"@type\":\"WebSite\",\"@id\":\"https:\/\/www.africa-press.net\/niger\/#website\",\"url\":\"https:\/\/www.africa-press.net\/niger\/\",\"name\":\"niger\",\"description\":\"Just another Africa News Agency Sites site\",\"potentialAction\":[{\"@type\":\"SearchAction\",\"target\":{\"@type\":\"EntryPoint\",\"urlTemplate\":\"https:\/\/www.africa-press.net\/niger\/?s={search_term_string}\"},\"query-input\":{\"@type\":\"PropertyValueSpecification\",\"valueRequired\":true,\"valueName\":\"search_term_string\"}}],\"inLanguage\":\"fr-FR\"},{\"@type\":\"Person\",\"@id\":\"https:\/\/www.africa-press.net\/niger\/#\/schema\/person\/2b1cf3cd81a31e3cd26889ca66d677f1\",\"name\":\"cfeditorfr\"}]}<\/script>\n<!-- \/ Yoast SEO Premium plugin. -->","yoast_head_json":{"title":"La Ministre de l\u2019Education Nationale en visite de travail \u00e0 Maradi - niger","description":"La Ministre de l\u2019Education Nationale, de l\u2019Alphabe\u0301tisation, de l\u2019Enseignement Professionnel et de la Promotion des Lang ...","robots":{"index":"index","follow":"follow","max-snippet":"max-snippet:-1","max-image-preview":"max-image-preview:large","max-video-preview":"max-video-preview:-1"},"canonical":"https:\/\/www.africa-press.net\/niger\/culture-et-art\/la-ministre-de-leducation-nationale-en-visite-de-travail-a-maradi","og_locale":"fr_FR","og_type":"article","og_title":"La Ministre de l\u2019Education Nationale en visite de travail \u00e0 Maradi","og_description":"La Ministre de l\u2019Education Nationale, de l\u2019Alphabe\u0301tisation, de l\u2019Enseignement Professionnel et de la Promotion des Lang ...","og_url":"https:\/\/www.africa-press.net\/niger\/culture-et-art\/la-ministre-de-leducation-nationale-en-visite-de-travail-a-maradi","og_site_name":"niger","article_published_time":"2024-03-06T16:01:30+00:00","article_modified_time":"2024-03-06T18:06:05+00:00","og_image":[{"width":1080,"height":810,"url":"https:\/\/static.africa-press.net\/niger\/sites\/40\/2024\/03\/sm_1709735717.43363.jpg","type":"image\/jpeg"}],"author":"cfeditorfr","twitter_card":"summary_large_image","twitter_misc":{"\u00c9crit par":"cfeditorfr","Dur\u00e9e de lecture estim\u00e9e":"2 minutes"},"schema":{"@context":"https:\/\/schema.org","@graph":[{"@type":"Article","@id":"https:\/\/www.africa-press.net\/niger\/culture-et-art\/la-ministre-de-leducation-nationale-en-visite-de-travail-a-maradi#article","isPartOf":{"@id":"https:\/\/www.africa-press.net\/niger\/culture-et-art\/la-ministre-de-leducation-nationale-en-visite-de-travail-a-maradi"},"author":{"name":"cfeditorfr","@id":"https:\/\/www.africa-press.net\/niger\/#\/schema\/person\/2b1cf3cd81a31e3cd26889ca66d677f1"},"headline":"La Ministre de l\u2019Education Nationale en visite de travail \u00e0 Maradi","datePublished":"2024-03-06T16:01:30+00:00","dateModified":"2024-03-06T18:06:05+00:00","mainEntityOfPage":{"@id":"https:\/\/www.africa-press.net\/niger\/culture-et-art\/la-ministre-de-leducation-nationale-en-visite-de-travail-a-maradi"},"wordCount":246,"commentCount":0,"image":{"@id":"https:\/\/www.africa-press.net\/niger\/culture-et-art\/la-ministre-de-leducation-nationale-en-visite-de-travail-a-maradi#primaryimage"},"thumbnailUrl":"https:\/\/static.africa-press.net\/niger\/sites\/40\/2024\/03\/sm_1709735717.43363.jpg","keywords":["Africa Press","Africa Press-Niger","Niger"],"articleSection":["Culture et Art","Toutes les actualit\u00e9s"],"inLanguage":"fr-FR","potentialAction":[{"@type":"CommentAction","name":"Comment","target":["https:\/\/www.africa-press.net\/niger\/culture-et-art\/la-ministre-de-leducation-nationale-en-visite-de-travail-a-maradi#respond"]}]},{"@type":"WebPage","@id":"https:\/\/www.africa-press.net\/niger\/culture-et-art\/la-ministre-de-leducation-nationale-en-visite-de-travail-a-maradi","url":"https:\/\/www.africa-press.net\/niger\/culture-et-art\/la-ministre-de-leducation-nationale-en-visite-de-travail-a-maradi","name":"La Ministre de l\u2019Education Nationale en visite de travail \u00e0 Maradi - niger","isPartOf":{"@id":"https:\/\/www.africa-press.net\/niger\/#website"},"primaryImageOfPage":{"@id":"https:\/\/www.africa-press.net\/niger\/culture-et-art\/la-ministre-de-leducation-nationale-en-visite-de-travail-a-maradi#primaryimage"},"image":{"@id":"https:\/\/www.africa-press.net\/niger\/culture-et-art\/la-ministre-de-leducation-nationale-en-visite-de-travail-a-maradi#primaryimage"},"thumbnailUrl":"https:\/\/static.africa-press.net\/niger\/sites\/40\/2024\/03\/sm_1709735717.43363.jpg","datePublished":"2024-03-06T16:01:30+00:00","dateModified":"2024-03-06T18:06:05+00:00","author":{"@id":"https:\/\/www.africa-press.net\/niger\/#\/schema\/person\/2b1cf3cd81a31e3cd26889ca66d677f1"},"description":"La Ministre de l\u2019Education Nationale, de l\u2019Alphabe\u0301tisation, de l\u2019Enseignement Professionnel et de la Promotion des Lang ...","breadcrumb":{"@id":"https:\/\/www.africa-press.net\/niger\/culture-et-art\/la-ministre-de-leducation-nationale-en-visite-de-travail-a-maradi#breadcrumb"},"inLanguage":"fr-FR","potentialAction":[{"@type":"ReadAction","target":["https:\/\/www.africa-press.net\/niger\/culture-et-art\/la-ministre-de-leducation-nationale-en-visite-de-travail-a-maradi"]}]},{"@type":"ImageObject","inLanguage":"fr-FR","@id":"https:\/\/www.africa-press.net\/niger\/culture-et-art\/la-ministre-de-leducation-nationale-en-visite-de-travail-a-maradi#primaryimage","url":"https:\/\/static.africa-press.net\/niger\/sites\/40\/2024\/03\/sm_1709735717.43363.jpg","contentUrl":"https:\/\/static.africa-press.net\/niger\/sites\/40\/2024\/03\/sm_1709735717.43363.jpg","width":1080,"height":810,"caption":"La Ministre de l\u2019Education Nationale en visite de travail \u00e0 Maradi"},{"@type":"BreadcrumbList","@id":"https:\/\/www.africa-press.net\/niger\/culture-et-art\/la-ministre-de-leducation-nationale-en-visite-de-travail-a-maradi#breadcrumb","itemListElement":[{"@type":"ListItem","position":1,"name":"Accueil","item":"https:\/\/www.africa-press.net\/niger\/"},{"@type":"ListItem","position":2,"name":"La Ministre de l\u2019Education Nationale en visite de travail \u00e0 Maradi"}]},{"@type":"WebSite","@id":"https:\/\/www.africa-press.net\/niger\/#website","url":"https:\/\/www.africa-press.net\/niger\/","name":"niger","description":"Just another Africa News Agency Sites site","potentialAction":[{"@type":"SearchAction","target":{"@type":"EntryPoint","urlTemplate":"https:\/\/www.africa-press.net\/niger\/?s={search_term_string}"},"query-input":{"@type":"PropertyValueSpecification","valueRequired":true,"valueName":"search_term_string"}}],"inLanguage":"fr-FR"},{"@type":"Person","@id":"https:\/\/www.africa-press.net\/niger\/#\/schema\/person\/2b1cf3cd81a31e3cd26889ca66d677f1","name":"cfeditorfr"}]}},"_links":{"self":[{"href":"https:\/\/www.africa-press.net\/niger\/wp-json\/wp\/v2\/posts\/59496","targetHints":{"allow":["GET"]}}],"collection":[{"href":"https:\/\/www.africa-press.net\/niger\/wp-json\/wp\/v2\/posts"}],"about":[{"href":"https:\/\/www.africa-press.net\/niger\/wp-json\/wp\/v2\/types\/post"}],"author":[{"embeddable":true,"href":"https:\/\/www.africa-press.net\/niger\/wp-json\/wp\/v2\/users\/82"}],"replies":[{"embeddable":true,"href":"https:\/\/www.africa-press.net\/niger\/wp-json\/wp\/v2\/comments?post=59496"}],"version-history":[{"count":0,"href":"https:\/\/www.africa-press.net\/niger\/wp-json\/wp\/v2\/posts\/59496\/revisions"}],"wp:featuredmedia":[{"embeddable":true,"href":"https:\/\/www.africa-press.net\/niger\/wp-json\/wp\/v2\/media\/59495"}],"wp:attachment":[{"href":"https:\/\/www.africa-press.net\/niger\/wp-json\/wp\/v2\/media?parent=59496"}],"wp:term":[{"taxonomy":"category","embeddable":true,"href":"https:\/\/www.africa-press.net\/niger\/wp-json\/wp\/v2\/categories?post=59496"},{"taxonomy":"post_tag","embeddable":true,"href":"https:\/\/www.africa-press.net\/niger\/wp-json\/wp\/v2\/tags?post=59496"}],"curies":[{"name":"wp","href":"https:\/\/api.w.org\/{rel}","templated":true}]}}