{"id":59516,"date":"2024-03-07T07:42:33","date_gmt":"2024-03-07T07:42:33","guid":{"rendered":"https:\/\/www.africa-press.net\/niger\/politique\/visite-du-ministre-de-la-sante-publique-au-centre-national-de-lutte-contre-le-cancer-c-n-l-c-et-a-lhopital-general-de-reference-h-g-r-les-scanners-des-deux-formations-sanitaires-enfin-o"},"modified":"2024-03-07T08:40:58","modified_gmt":"2024-03-07T08:40:58","slug":"visite-du-ministre-de-la-sante-publique-au-centre-national-de-lutte-contre-le-cancer-c-n-l-c-et-a-lhopital-general-de-reference-h-g-r-les-scanners-des-deux-formations-sanitaires-enfin-o","status":"publish","type":"post","link":"https:\/\/www.africa-press.net\/niger\/toutes-les-actualites\/visite-du-ministre-de-la-sante-publique-au-centre-national-de-lutte-contre-le-cancer-c-n-l-c-et-a-lhopital-general-de-reference-h-g-r-les-scanners-des-deux-formations-sanitaires-enfin-o","title":{"rendered":"Visite du ministre de la Sant\u00e9 Publique au Centre National de Lutte contre le Cancer (C.N.L.C) et \u00e0 l\u2019H\u00f4pital G\u00e9n\u00e9ral de R\u00e9f\u00e9rence (H.G.R) : Les scanners des deux formations sanitaires enfin op\u00e9rationnels"},"content":{"rendered":"<p><span style=\"color: #ff6600\"><strong>Africa-Press &#8211; Niger. <\/strong><\/span><b>Le ministre de la Sante\u0301 Publique, de la Population et des Affaires Sociales, le Me\u0301decin Colonel-major Garba Hakimi a effectue\u0301, hier mercredi 06 mars 2024, une visite au Centre National de Lutte contre le Cancer (CNLC) et a\u0300 l\u2019Ho\u0302pital Ge\u0301ne\u0301ral de re\u0301fe\u0301rence. Il s\u2019est agi pour le ministre et sa de\u0301le\u0301gation de ve\u0301rifier l\u2019ope\u0301rationnalisation des scanners tombe\u0301s en panne il y a de cela plusieurs mois, et de visiter les services de sante\u0301.<\/b><\/p>\n<p>Accueillis par le Directeur Ge\u0301ne\u0301ral du Centre National de Lutte contre le Cancer, Dr. Amadou Soumaila, le ministre et sa de\u0301le\u0301gation se sont aussito\u0302t rendus au niveau du de\u0301partement de radiologie ou\u0300 est loge\u0301 le scanner qui a e\u0301te\u0301 re\u0301pare\u0301 le 23 fe\u0301vrier dernier. \u00ab Aujourd\u2019hui c\u2019est une re\u0301alite\u0301, ce scanner marche correctement et c\u2019est gra\u0302ce aux efforts du ministre et son leadership. Nous avons pu mettre en marche le scanner qui, depuis 2010, e\u0301tait de\u0301pose\u0301 au niveau du centre, mais n\u2019a jamais fonctionne\u0301. Tout le monde l\u2019a vu, on a fait un examen pour une patiente avec des images probantes et aujourd\u2019hui c\u2019est un sentiment de satisfaction \u00bb, a indique\u0301 Dr. Amadou Soumaila.<\/p>\n<p>Pour le ministre de la Sante\u0301 Publique, de la Population et des Affaires Sociales, il est inadmissible que le scanner marche qu\u2019un seul jour pendant 10 ans. \u00ab Vous e\u0302tes d\u2019accord que vu la mission qui a e\u0301te\u0301 confie\u0301e a\u0300 ce centre-la\u0300, on ne peut pas le laisser sans scanner et surtout c\u2019est le scanner le plus performant que nous avons avec 64 barets. Aujourd\u2019hui, a\u0300 la grande joie de la population et des malades, ce scanner est ope\u0301rationnel \u00bb ajoute-t-il.<\/p>\n<p>Le ministre a e\u0301galement visite\u0301 la maison de vie ou\u0300 sont hospitalise\u0301s les patients de ce centre en passant par la salle de consultation, le laboratoire re\u0301cemment installe\u0301 et e\u0301quipe\u0301 avec des machines de dernie\u0300res ge\u0301ne\u0301rations, la salle des onduleurs pour les scanners d\u2019une capacite\u0301 de 125 KVA. \u00ab Aujourd\u2019hui toutes les dispositions sont prises pour que, dans quelques semaines, nous puissions commencer les hospitalisations ; l\u2019environnement est pre\u0302t, il y a juste quelques de\u0301tails a\u0300 re\u0301gler. Et au niveau du laboratoire qui, il y a un mois ne faisait que la nume\u0301ration formule sanguine, aujourd\u2019hui tous les examens de biologie et de biochimie sont re\u0301alisables au niveau de ce centre \u00bb, a dit le Directeur Ge\u0301ne\u0301ral du CNLC.<\/p>\n<p>Le ministre de la Sante\u0301 et sa de\u0301le\u0301gation se sont ensuite rendus a\u0300 l\u2019Ho\u0302pital Ge\u0301ne\u0301ral de Re\u0301fe\u0301rence ou\u0300 ils ont e\u0301te\u0301 accueillis par le responsable, Pr. Dawou Mamane. A ce niveau, ils ont visite\u0301 le laboratoire des urgences en passant par les soins intensifs, le service de radiologie d\u2019urgence, la chambre des patients hospitalise\u0301es, le service d\u2019Imagerie par Re\u0301sonance Magne\u0301tique. Ils ont e\u0301galement visite\u0301 la salle d\u2019hospitalisation du service Neurologie et l\u2019unite\u0301 des soins intensifs neurovasculaires. Partout ou\u0300 ils se sont rendus, le ministre de la Sante\u0301 Publique et sa de\u0301le\u0301gation ont pose\u0301 des questions pour avoir d\u2019amples informations concernant le fonctionnement des services.<\/p>\n<p>La de\u0301le\u0301gation a aussi visite\u0301 la salle de contro\u0302le ou\u0300 le scanner e\u0301tait tombe\u0301 en panne il y de cela plus de 10 mois, un scanner d\u2019une capacite\u0301 de 16 barets. \u00ab Cet ho\u0302pital qui est de niveau 3 n\u2019a pas de scanner, vous avez perdu ce niveau il y a plusieurs mois. Alors, il a fallu faire quelque chose pour remettre en marche ce scanner la\u0300 pour que vous puissiez gardez votre position de niveau 3 et c\u2019est ce que nous avons fait aujourd\u2019hui. Votre scanner est ope\u0301rationnel, il est fonctionnel. Sachez que la sante\u0301 est une priorite\u0301 pour SE. Le Ge\u0301ne\u0301ral de Brigade Abdourahamane Tiani, Pre\u0301sident du Conseil National pour la Sauvegarde de la Patrie, Chef de l\u2019Etat. Il faut vraiment que la population sente que la sante\u0301 est une priorite\u0301 pour lui, mais aussi pour le gouvernement \u00bb a indique\u0301 le Colonel-major Garba Hakimi. Le ministre de la Sante\u0301 a indique\u0301 que le gouvernement va poursuivre l\u2019e\u0301quipement des ho\u0302pitaux. \u00ab C\u0327a va continuer me\u0302me avec les autres ho\u0302pitaux qui sont a\u0300 l\u2019inte\u0301rieur du pays et nous avons note\u0301 aussi qu\u2019il va falloir rehausser le niveau de performance du scanner de l\u2019ho\u0302pital ge\u0301ne\u0301ral de re\u0301fe\u0301rence de Niamey \u00bb, a souligne\u0301 le ministre.<\/p>\n<p>Le Directeur Ge\u0301ne\u0301ral de l\u2019ho\u0302pital ge\u0301ne\u0301ral de re\u0301fe\u0301rence a indique\u0301 que le scanner est actuellement ope\u0301rationnel depuis trois (3) semaines. Il a rappele\u0301 les difficulte\u0301s que le personnel avait a\u0300 soigner les patients pendant que le scanner e\u0301tait en panne durant presque 1 an. \u00ab La panne du scanner avait beaucoup d\u2019implications. Pour poser le bon diagnostic il faut le scanner pour certaines pathologies et on e\u0301tait limite\u0301 ; pour d\u2019autres, on ne peut me\u0302me pas poser le diagnostic. Pour ce type de pathologie, il faut faire de\u0301placer les malades dans d\u2019autres structures \u00bb, ajoute-t-il.<\/p>\n<p>Le Directeur Ge\u0301ne\u0301ral de l\u2019ho\u0302pital ge\u0301ne\u0301ral de re\u0301fe\u0301rence a profite\u0301 de cette occasion pour remercier les autorite\u0301s, a\u0300 commencer par le Chef de l\u2019Etat, le Ge\u0301ne\u0301ral de Brigade Abdourahmane Tiani qui a lui-me\u0302me diligente\u0301 cette e\u0301quipe pour pouvoir offrir les re\u0301parations. \u00ab Beaucoup de chose sont en train d\u2019e\u0302tre faites par exemple notre radio d\u2019urgence qui ne marche pas depuis 3 ans, est en train d\u2019e\u0302tre re\u0301pare\u0301e, l\u2019e\u0301quipe est sur place. Dans 48 a\u0300 72 h nous pensons qu\u2019elle sera ope\u0301rationnelle \u00bb, a souligne\u0301 Pr. Dawou Mamane.<\/p>\n<p>Apre\u0300s cette e\u0301tape, la de\u0301le\u0301gation s\u2019est rendue a\u0300 la salle d\u2019interpre\u0301tation de contro\u0302le radiographie, une salle ou\u0300 les donne\u0301es sont transfe\u0301re\u0301es depuis la salle d\u2019acquisition ; au bloc ope\u0301ratoire, au service de la re\u0301animation, au laboratoire ou\u0300 se situe l\u2019unite\u0301 de biochimie du service de biologie, au niveau de l\u2019unite\u0301 de biologie mole\u0301culaire du me\u0302me service, et dans bien d\u2019autres services de HGR. Le ministre et sa de\u0301le\u0301gation ont rec\u0327u des e\u0301claircissements par rapport au fonctionnement de tous ces services visite\u0301s.<\/p>\n<p>&nbsp;<\/p>\n<p><strong>Pour plus d&rsquo;informations et d&rsquo;analyses sur la <a href=\"https:\/\/www.africa-press.net\/niger\">Niger<\/a>, suivez <a href=\"https:\/\/www.africa-press.net\/\">Africa-Press<\/a><\/strong><\/p>\n","protected":false},"excerpt":{"rendered":"<p>Africa-Press &#8211; Niger. Le ministre de la Sante\u0301 Publique, de la Population et des Affaires Sociales, le Me\u0301decin Colonel-major Garba Hakimi a effectue\u0301, hier mercredi 06 mars 2024, une visite au Centre National de Lutte contre le Cancer (CNLC) et a\u0300 l\u2019Ho\u0302pital Ge\u0301ne\u0301ral de re\u0301fe\u0301rence. Il s\u2019est agi pour le ministre et sa de\u0301le\u0301gation de [&hellip;]<\/p>\n","protected":false},"author":82,"featured_media":59515,"comment_status":"open","ping_status":"closed","sticky":false,"template":"","format":"standard","meta":{"footnotes":""},"categories":[21,10],"tags":[55,60,29],"class_list":["post-59516","post","type-post","status-publish","format-standard","has-post-thumbnail","hentry","category-communaute","category-toutes-les-actualites","tag-africa-press","tag-africa-press-niger","tag-niger"],"yoast_head":"<!-- This site is optimized with the Yoast SEO Premium plugin v26.1 (Yoast SEO v27.0) - https:\/\/yoast.com\/product\/yoast-seo-premium-wordpress\/ -->\n<title>Visite du ministre de la Sant\u00e9 Publique au Centre National de Lutte contre le Cancer (C.N.L.C) et \u00e0 l\u2019H\u00f4pital G\u00e9n\u00e9ral de R\u00e9f\u00e9rence (H.G.R) : Les scanners des deux formations sanitaires enfin op\u00e9rationnels - niger<\/title>\n<meta name=\"description\" content=\"Le ministre de la Sante\u0301 Publique, de la Population et des Affaires Sociales, le Me\u0301decin Colonel-major Garba Hakimi ...\" \/>\n<meta name=\"robots\" content=\"index, follow, max-snippet:-1, max-image-preview:large, max-video-preview:-1\" \/>\n<link rel=\"canonical\" href=\"https:\/\/www.africa-press.net\/niger\/toutes-les-actualites\/visite-du-ministre-de-la-sante-publique-au-centre-national-de-lutte-contre-le-cancer-c-n-l-c-et-a-lhopital-general-de-reference-h-g-r-les-scanners-des-deux-formations-sanitaires-enfin-o\" \/>\n<meta property=\"og:locale\" content=\"fr_FR\" \/>\n<meta property=\"og:type\" content=\"article\" \/>\n<meta property=\"og:title\" content=\"Visite du ministre de la Sant\u00e9 Publique au Centre National de Lutte contre le Cancer (C.N.L.C) et \u00e0 l\u2019H\u00f4pital G\u00e9n\u00e9ral de R\u00e9f\u00e9rence (H.G.R) : Les scanners des deux formations sanitaires enfin op\u00e9rationnels\" \/>\n<meta property=\"og:description\" content=\"Le ministre de la Sante\u0301 Publique, de la Population et des Affaires Sociales, le Me\u0301decin Colonel-major Garba Hakimi ...\" \/>\n<meta property=\"og:url\" content=\"https:\/\/www.africa-press.net\/niger\/toutes-les-actualites\/visite-du-ministre-de-la-sante-publique-au-centre-national-de-lutte-contre-le-cancer-c-n-l-c-et-a-lhopital-general-de-reference-h-g-r-les-scanners-des-deux-formations-sanitaires-enfin-o\" \/>\n<meta property=\"og:site_name\" content=\"niger\" \/>\n<meta property=\"article:published_time\" content=\"2024-03-07T07:42:33+00:00\" \/>\n<meta property=\"article:modified_time\" content=\"2024-03-07T08:40:58+00:00\" \/>\n<meta property=\"og:image\" content=\"https:\/\/static.africa-press.net\/niger\/sites\/40\/2024\/03\/sm_1709787973.339619.jpg\" \/>\n\t<meta property=\"og:image:width\" content=\"800\" \/>\n\t<meta property=\"og:image:height\" content=\"533\" \/>\n\t<meta property=\"og:image:type\" content=\"image\/jpeg\" \/>\n<meta name=\"author\" content=\"cfeditorfr\" \/>\n<meta name=\"twitter:card\" content=\"summary_large_image\" \/>\n<meta name=\"twitter:label1\" content=\"\u00c9crit par\" \/>\n\t<meta name=\"twitter:data1\" content=\"cfeditorfr\" \/>\n\t<meta name=\"twitter:label2\" content=\"Dur\u00e9e de lecture estim\u00e9e\" \/>\n\t<meta name=\"twitter:data2\" content=\"6 minutes\" \/>\n<script type=\"application\/ld+json\" class=\"yoast-schema-graph\">{\"@context\":\"https:\/\/schema.org\",\"@graph\":[{\"@type\":\"Article\",\"@id\":\"https:\/\/www.africa-press.net\/niger\/toutes-les-actualites\/visite-du-ministre-de-la-sante-publique-au-centre-national-de-lutte-contre-le-cancer-c-n-l-c-et-a-lhopital-general-de-reference-h-g-r-les-scanners-des-deux-formations-sanitaires-enfin-o#article\",\"isPartOf\":{\"@id\":\"https:\/\/www.africa-press.net\/niger\/toutes-les-actualites\/visite-du-ministre-de-la-sante-publique-au-centre-national-de-lutte-contre-le-cancer-c-n-l-c-et-a-lhopital-general-de-reference-h-g-r-les-scanners-des-deux-formations-sanitaires-enfin-o\"},\"author\":{\"name\":\"cfeditorfr\",\"@id\":\"https:\/\/www.africa-press.net\/niger\/#\/schema\/person\/2b1cf3cd81a31e3cd26889ca66d677f1\"},\"headline\":\"Visite du ministre de la Sant\u00e9 Publique au Centre National de Lutte contre le Cancer (C.N.L.C) et \u00e0 l\u2019H\u00f4pital G\u00e9n\u00e9ral de R\u00e9f\u00e9rence (H.G.R) : Les scanners des deux formations sanitaires enfin op\u00e9rationnels\",\"datePublished\":\"2024-03-07T07:42:33+00:00\",\"dateModified\":\"2024-03-07T08:40:58+00:00\",\"mainEntityOfPage\":{\"@id\":\"https:\/\/www.africa-press.net\/niger\/toutes-les-actualites\/visite-du-ministre-de-la-sante-publique-au-centre-national-de-lutte-contre-le-cancer-c-n-l-c-et-a-lhopital-general-de-reference-h-g-r-les-scanners-des-deux-formations-sanitaires-enfin-o\"},\"wordCount\":1159,\"commentCount\":0,\"image\":{\"@id\":\"https:\/\/www.africa-press.net\/niger\/toutes-les-actualites\/visite-du-ministre-de-la-sante-publique-au-centre-national-de-lutte-contre-le-cancer-c-n-l-c-et-a-lhopital-general-de-reference-h-g-r-les-scanners-des-deux-formations-sanitaires-enfin-o#primaryimage\"},\"thumbnailUrl\":\"https:\/\/static.africa-press.net\/niger\/sites\/40\/2024\/03\/sm_1709787973.339619.jpg\",\"keywords\":[\"Africa Press\",\"Africa Press-Niger\",\"Niger\"],\"articleSection\":[\"Communaut\u00e9\",\"Toutes les actualit\u00e9s\"],\"inLanguage\":\"fr-FR\",\"potentialAction\":[{\"@type\":\"CommentAction\",\"name\":\"Comment\",\"target\":[\"https:\/\/www.africa-press.net\/niger\/toutes-les-actualites\/visite-du-ministre-de-la-sante-publique-au-centre-national-de-lutte-contre-le-cancer-c-n-l-c-et-a-lhopital-general-de-reference-h-g-r-les-scanners-des-deux-formations-sanitaires-enfin-o#respond\"]}]},{\"@type\":\"WebPage\",\"@id\":\"https:\/\/www.africa-press.net\/niger\/toutes-les-actualites\/visite-du-ministre-de-la-sante-publique-au-centre-national-de-lutte-contre-le-cancer-c-n-l-c-et-a-lhopital-general-de-reference-h-g-r-les-scanners-des-deux-formations-sanitaires-enfin-o\",\"url\":\"https:\/\/www.africa-press.net\/niger\/toutes-les-actualites\/visite-du-ministre-de-la-sante-publique-au-centre-national-de-lutte-contre-le-cancer-c-n-l-c-et-a-lhopital-general-de-reference-h-g-r-les-scanners-des-deux-formations-sanitaires-enfin-o\",\"name\":\"Visite du ministre de la Sant\u00e9 Publique au Centre National de Lutte contre le Cancer (C.N.L.C) et \u00e0 l\u2019H\u00f4pital G\u00e9n\u00e9ral de R\u00e9f\u00e9rence (H.G.R) : Les scanners des deux formations sanitaires enfin op\u00e9rationnels - niger\",\"isPartOf\":{\"@id\":\"https:\/\/www.africa-press.net\/niger\/#website\"},\"primaryImageOfPage\":{\"@id\":\"https:\/\/www.africa-press.net\/niger\/toutes-les-actualites\/visite-du-ministre-de-la-sante-publique-au-centre-national-de-lutte-contre-le-cancer-c-n-l-c-et-a-lhopital-general-de-reference-h-g-r-les-scanners-des-deux-formations-sanitaires-enfin-o#primaryimage\"},\"image\":{\"@id\":\"https:\/\/www.africa-press.net\/niger\/toutes-les-actualites\/visite-du-ministre-de-la-sante-publique-au-centre-national-de-lutte-contre-le-cancer-c-n-l-c-et-a-lhopital-general-de-reference-h-g-r-les-scanners-des-deux-formations-sanitaires-enfin-o#primaryimage\"},\"thumbnailUrl\":\"https:\/\/static.africa-press.net\/niger\/sites\/40\/2024\/03\/sm_1709787973.339619.jpg\",\"datePublished\":\"2024-03-07T07:42:33+00:00\",\"dateModified\":\"2024-03-07T08:40:58+00:00\",\"author\":{\"@id\":\"https:\/\/www.africa-press.net\/niger\/#\/schema\/person\/2b1cf3cd81a31e3cd26889ca66d677f1\"},\"description\":\"Le ministre de la Sante\u0301 Publique, de la Population et des Affaires Sociales, le Me\u0301decin Colonel-major Garba Hakimi ...\",\"breadcrumb\":{\"@id\":\"https:\/\/www.africa-press.net\/niger\/toutes-les-actualites\/visite-du-ministre-de-la-sante-publique-au-centre-national-de-lutte-contre-le-cancer-c-n-l-c-et-a-lhopital-general-de-reference-h-g-r-les-scanners-des-deux-formations-sanitaires-enfin-o#breadcrumb\"},\"inLanguage\":\"fr-FR\",\"potentialAction\":[{\"@type\":\"ReadAction\",\"target\":[\"https:\/\/www.africa-press.net\/niger\/toutes-les-actualites\/visite-du-ministre-de-la-sante-publique-au-centre-national-de-lutte-contre-le-cancer-c-n-l-c-et-a-lhopital-general-de-reference-h-g-r-les-scanners-des-deux-formations-sanitaires-enfin-o\"]}]},{\"@type\":\"ImageObject\",\"inLanguage\":\"fr-FR\",\"@id\":\"https:\/\/www.africa-press.net\/niger\/toutes-les-actualites\/visite-du-ministre-de-la-sante-publique-au-centre-national-de-lutte-contre-le-cancer-c-n-l-c-et-a-lhopital-general-de-reference-h-g-r-les-scanners-des-deux-formations-sanitaires-enfin-o#primaryimage\",\"url\":\"https:\/\/static.africa-press.net\/niger\/sites\/40\/2024\/03\/sm_1709787973.339619.jpg\",\"contentUrl\":\"https:\/\/static.africa-press.net\/niger\/sites\/40\/2024\/03\/sm_1709787973.339619.jpg\",\"width\":800,\"height\":533,\"caption\":\"Visite du ministre de la Sant\u00e9 Publique au Centre National de Lutte contre le Cancer (C.N.L.C) et \u00e0 l\u2019H\u00f4pital G\u00e9n\u00e9ral de R\u00e9f\u00e9rence (H.G.R) : Les scanners des deux formations sanitaires enfin op\u00e9rationnels\"},{\"@type\":\"BreadcrumbList\",\"@id\":\"https:\/\/www.africa-press.net\/niger\/toutes-les-actualites\/visite-du-ministre-de-la-sante-publique-au-centre-national-de-lutte-contre-le-cancer-c-n-l-c-et-a-lhopital-general-de-reference-h-g-r-les-scanners-des-deux-formations-sanitaires-enfin-o#breadcrumb\",\"itemListElement\":[{\"@type\":\"ListItem\",\"position\":1,\"name\":\"Accueil\",\"item\":\"https:\/\/www.africa-press.net\/niger\/\"},{\"@type\":\"ListItem\",\"position\":2,\"name\":\"Visite du ministre de la Sant\u00e9 Publique au Centre National de Lutte contre le Cancer (C.N.L.C) et \u00e0 l\u2019H\u00f4pital G\u00e9n\u00e9ral de R\u00e9f\u00e9rence (H.G.R) : Les scanners des deux formations sanitaires enfin op\u00e9rationnels\"}]},{\"@type\":\"WebSite\",\"@id\":\"https:\/\/www.africa-press.net\/niger\/#website\",\"url\":\"https:\/\/www.africa-press.net\/niger\/\",\"name\":\"niger\",\"description\":\"Just another Africa News Agency Sites site\",\"potentialAction\":[{\"@type\":\"SearchAction\",\"target\":{\"@type\":\"EntryPoint\",\"urlTemplate\":\"https:\/\/www.africa-press.net\/niger\/?s={search_term_string}\"},\"query-input\":{\"@type\":\"PropertyValueSpecification\",\"valueRequired\":true,\"valueName\":\"search_term_string\"}}],\"inLanguage\":\"fr-FR\"},{\"@type\":\"Person\",\"@id\":\"https:\/\/www.africa-press.net\/niger\/#\/schema\/person\/2b1cf3cd81a31e3cd26889ca66d677f1\",\"name\":\"cfeditorfr\"}]}<\/script>\n<!-- \/ Yoast SEO Premium plugin. -->","yoast_head_json":{"title":"Visite du ministre de la Sant\u00e9 Publique au Centre National de Lutte contre le Cancer (C.N.L.C) et \u00e0 l\u2019H\u00f4pital G\u00e9n\u00e9ral de R\u00e9f\u00e9rence (H.G.R) : Les scanners des deux formations sanitaires enfin op\u00e9rationnels - niger","description":"Le ministre de la Sante\u0301 Publique, de la Population et des Affaires Sociales, le Me\u0301decin Colonel-major Garba Hakimi ...","robots":{"index":"index","follow":"follow","max-snippet":"max-snippet:-1","max-image-preview":"max-image-preview:large","max-video-preview":"max-video-preview:-1"},"canonical":"https:\/\/www.africa-press.net\/niger\/toutes-les-actualites\/visite-du-ministre-de-la-sante-publique-au-centre-national-de-lutte-contre-le-cancer-c-n-l-c-et-a-lhopital-general-de-reference-h-g-r-les-scanners-des-deux-formations-sanitaires-enfin-o","og_locale":"fr_FR","og_type":"article","og_title":"Visite du ministre de la Sant\u00e9 Publique au Centre National de Lutte contre le Cancer (C.N.L.C) et \u00e0 l\u2019H\u00f4pital G\u00e9n\u00e9ral de R\u00e9f\u00e9rence (H.G.R) : Les scanners des deux formations sanitaires enfin op\u00e9rationnels","og_description":"Le ministre de la Sante\u0301 Publique, de la Population et des Affaires Sociales, le Me\u0301decin Colonel-major Garba Hakimi ...","og_url":"https:\/\/www.africa-press.net\/niger\/toutes-les-actualites\/visite-du-ministre-de-la-sante-publique-au-centre-national-de-lutte-contre-le-cancer-c-n-l-c-et-a-lhopital-general-de-reference-h-g-r-les-scanners-des-deux-formations-sanitaires-enfin-o","og_site_name":"niger","article_published_time":"2024-03-07T07:42:33+00:00","article_modified_time":"2024-03-07T08:40:58+00:00","og_image":[{"width":800,"height":533,"url":"https:\/\/static.africa-press.net\/niger\/sites\/40\/2024\/03\/sm_1709787973.339619.jpg","type":"image\/jpeg"}],"author":"cfeditorfr","twitter_card":"summary_large_image","twitter_misc":{"\u00c9crit par":"cfeditorfr","Dur\u00e9e de lecture estim\u00e9e":"6 minutes"},"schema":{"@context":"https:\/\/schema.org","@graph":[{"@type":"Article","@id":"https:\/\/www.africa-press.net\/niger\/toutes-les-actualites\/visite-du-ministre-de-la-sante-publique-au-centre-national-de-lutte-contre-le-cancer-c-n-l-c-et-a-lhopital-general-de-reference-h-g-r-les-scanners-des-deux-formations-sanitaires-enfin-o#article","isPartOf":{"@id":"https:\/\/www.africa-press.net\/niger\/toutes-les-actualites\/visite-du-ministre-de-la-sante-publique-au-centre-national-de-lutte-contre-le-cancer-c-n-l-c-et-a-lhopital-general-de-reference-h-g-r-les-scanners-des-deux-formations-sanitaires-enfin-o"},"author":{"name":"cfeditorfr","@id":"https:\/\/www.africa-press.net\/niger\/#\/schema\/person\/2b1cf3cd81a31e3cd26889ca66d677f1"},"headline":"Visite du ministre de la Sant\u00e9 Publique au Centre National de Lutte contre le Cancer (C.N.L.C) et \u00e0 l\u2019H\u00f4pital G\u00e9n\u00e9ral de R\u00e9f\u00e9rence (H.G.R) : Les scanners des deux formations sanitaires enfin op\u00e9rationnels","datePublished":"2024-03-07T07:42:33+00:00","dateModified":"2024-03-07T08:40:58+00:00","mainEntityOfPage":{"@id":"https:\/\/www.africa-press.net\/niger\/toutes-les-actualites\/visite-du-ministre-de-la-sante-publique-au-centre-national-de-lutte-contre-le-cancer-c-n-l-c-et-a-lhopital-general-de-reference-h-g-r-les-scanners-des-deux-formations-sanitaires-enfin-o"},"wordCount":1159,"commentCount":0,"image":{"@id":"https:\/\/www.africa-press.net\/niger\/toutes-les-actualites\/visite-du-ministre-de-la-sante-publique-au-centre-national-de-lutte-contre-le-cancer-c-n-l-c-et-a-lhopital-general-de-reference-h-g-r-les-scanners-des-deux-formations-sanitaires-enfin-o#primaryimage"},"thumbnailUrl":"https:\/\/static.africa-press.net\/niger\/sites\/40\/2024\/03\/sm_1709787973.339619.jpg","keywords":["Africa Press","Africa Press-Niger","Niger"],"articleSection":["Communaut\u00e9","Toutes les actualit\u00e9s"],"inLanguage":"fr-FR","potentialAction":[{"@type":"CommentAction","name":"Comment","target":["https:\/\/www.africa-press.net\/niger\/toutes-les-actualites\/visite-du-ministre-de-la-sante-publique-au-centre-national-de-lutte-contre-le-cancer-c-n-l-c-et-a-lhopital-general-de-reference-h-g-r-les-scanners-des-deux-formations-sanitaires-enfin-o#respond"]}]},{"@type":"WebPage","@id":"https:\/\/www.africa-press.net\/niger\/toutes-les-actualites\/visite-du-ministre-de-la-sante-publique-au-centre-national-de-lutte-contre-le-cancer-c-n-l-c-et-a-lhopital-general-de-reference-h-g-r-les-scanners-des-deux-formations-sanitaires-enfin-o","url":"https:\/\/www.africa-press.net\/niger\/toutes-les-actualites\/visite-du-ministre-de-la-sante-publique-au-centre-national-de-lutte-contre-le-cancer-c-n-l-c-et-a-lhopital-general-de-reference-h-g-r-les-scanners-des-deux-formations-sanitaires-enfin-o","name":"Visite du ministre de la Sant\u00e9 Publique au Centre National de Lutte contre le Cancer (C.N.L.C) et \u00e0 l\u2019H\u00f4pital G\u00e9n\u00e9ral de R\u00e9f\u00e9rence (H.G.R) : Les scanners des deux formations sanitaires enfin op\u00e9rationnels - niger","isPartOf":{"@id":"https:\/\/www.africa-press.net\/niger\/#website"},"primaryImageOfPage":{"@id":"https:\/\/www.africa-press.net\/niger\/toutes-les-actualites\/visite-du-ministre-de-la-sante-publique-au-centre-national-de-lutte-contre-le-cancer-c-n-l-c-et-a-lhopital-general-de-reference-h-g-r-les-scanners-des-deux-formations-sanitaires-enfin-o#primaryimage"},"image":{"@id":"https:\/\/www.africa-press.net\/niger\/toutes-les-actualites\/visite-du-ministre-de-la-sante-publique-au-centre-national-de-lutte-contre-le-cancer-c-n-l-c-et-a-lhopital-general-de-reference-h-g-r-les-scanners-des-deux-formations-sanitaires-enfin-o#primaryimage"},"thumbnailUrl":"https:\/\/static.africa-press.net\/niger\/sites\/40\/2024\/03\/sm_1709787973.339619.jpg","datePublished":"2024-03-07T07:42:33+00:00","dateModified":"2024-03-07T08:40:58+00:00","author":{"@id":"https:\/\/www.africa-press.net\/niger\/#\/schema\/person\/2b1cf3cd81a31e3cd26889ca66d677f1"},"description":"Le ministre de la Sante\u0301 Publique, de la Population et des Affaires Sociales, le Me\u0301decin Colonel-major Garba Hakimi ...","breadcrumb":{"@id":"https:\/\/www.africa-press.net\/niger\/toutes-les-actualites\/visite-du-ministre-de-la-sante-publique-au-centre-national-de-lutte-contre-le-cancer-c-n-l-c-et-a-lhopital-general-de-reference-h-g-r-les-scanners-des-deux-formations-sanitaires-enfin-o#breadcrumb"},"inLanguage":"fr-FR","potentialAction":[{"@type":"ReadAction","target":["https:\/\/www.africa-press.net\/niger\/toutes-les-actualites\/visite-du-ministre-de-la-sante-publique-au-centre-national-de-lutte-contre-le-cancer-c-n-l-c-et-a-lhopital-general-de-reference-h-g-r-les-scanners-des-deux-formations-sanitaires-enfin-o"]}]},{"@type":"ImageObject","inLanguage":"fr-FR","@id":"https:\/\/www.africa-press.net\/niger\/toutes-les-actualites\/visite-du-ministre-de-la-sante-publique-au-centre-national-de-lutte-contre-le-cancer-c-n-l-c-et-a-lhopital-general-de-reference-h-g-r-les-scanners-des-deux-formations-sanitaires-enfin-o#primaryimage","url":"https:\/\/static.africa-press.net\/niger\/sites\/40\/2024\/03\/sm_1709787973.339619.jpg","contentUrl":"https:\/\/static.africa-press.net\/niger\/sites\/40\/2024\/03\/sm_1709787973.339619.jpg","width":800,"height":533,"caption":"Visite du ministre de la Sant\u00e9 Publique au Centre National de Lutte contre le Cancer (C.N.L.C) et \u00e0 l\u2019H\u00f4pital G\u00e9n\u00e9ral de R\u00e9f\u00e9rence (H.G.R) : Les scanners des deux formations sanitaires enfin op\u00e9rationnels"},{"@type":"BreadcrumbList","@id":"https:\/\/www.africa-press.net\/niger\/toutes-les-actualites\/visite-du-ministre-de-la-sante-publique-au-centre-national-de-lutte-contre-le-cancer-c-n-l-c-et-a-lhopital-general-de-reference-h-g-r-les-scanners-des-deux-formations-sanitaires-enfin-o#breadcrumb","itemListElement":[{"@type":"ListItem","position":1,"name":"Accueil","item":"https:\/\/www.africa-press.net\/niger\/"},{"@type":"ListItem","position":2,"name":"Visite du ministre de la Sant\u00e9 Publique au Centre National de Lutte contre le Cancer (C.N.L.C) et \u00e0 l\u2019H\u00f4pital G\u00e9n\u00e9ral de R\u00e9f\u00e9rence (H.G.R) : Les scanners des deux formations sanitaires enfin op\u00e9rationnels"}]},{"@type":"WebSite","@id":"https:\/\/www.africa-press.net\/niger\/#website","url":"https:\/\/www.africa-press.net\/niger\/","name":"niger","description":"Just another Africa News Agency Sites site","potentialAction":[{"@type":"SearchAction","target":{"@type":"EntryPoint","urlTemplate":"https:\/\/www.africa-press.net\/niger\/?s={search_term_string}"},"query-input":{"@type":"PropertyValueSpecification","valueRequired":true,"valueName":"search_term_string"}}],"inLanguage":"fr-FR"},{"@type":"Person","@id":"https:\/\/www.africa-press.net\/niger\/#\/schema\/person\/2b1cf3cd81a31e3cd26889ca66d677f1","name":"cfeditorfr"}]}},"_links":{"self":[{"href":"https:\/\/www.africa-press.net\/niger\/wp-json\/wp\/v2\/posts\/59516","targetHints":{"allow":["GET"]}}],"collection":[{"href":"https:\/\/www.africa-press.net\/niger\/wp-json\/wp\/v2\/posts"}],"about":[{"href":"https:\/\/www.africa-press.net\/niger\/wp-json\/wp\/v2\/types\/post"}],"author":[{"embeddable":true,"href":"https:\/\/www.africa-press.net\/niger\/wp-json\/wp\/v2\/users\/82"}],"replies":[{"embeddable":true,"href":"https:\/\/www.africa-press.net\/niger\/wp-json\/wp\/v2\/comments?post=59516"}],"version-history":[{"count":0,"href":"https:\/\/www.africa-press.net\/niger\/wp-json\/wp\/v2\/posts\/59516\/revisions"}],"wp:featuredmedia":[{"embeddable":true,"href":"https:\/\/www.africa-press.net\/niger\/wp-json\/wp\/v2\/media\/59515"}],"wp:attachment":[{"href":"https:\/\/www.africa-press.net\/niger\/wp-json\/wp\/v2\/media?parent=59516"}],"wp:term":[{"taxonomy":"category","embeddable":true,"href":"https:\/\/www.africa-press.net\/niger\/wp-json\/wp\/v2\/categories?post=59516"},{"taxonomy":"post_tag","embeddable":true,"href":"https:\/\/www.africa-press.net\/niger\/wp-json\/wp\/v2\/tags?post=59516"}],"curies":[{"name":"wp","href":"https:\/\/api.w.org\/{rel}","templated":true}]}}